{"id":178407,"date":"2026-03-09T13:35:00","date_gmt":"2026-03-09T16:35:00","guid":{"rendered":"https:\/\/www.em.com.br\/emfoco\/?p=178407"},"modified":"2026-03-06T15:53:05","modified_gmt":"2026-03-06T18:53:05","slug":"confirmado-indenizacao-de-r-5-mil-contra-telemarketing-cliente-inscrito-no-nao-me-perturbe-continuou-recebendo-ligacoes-e-justica-reconhece-assedio","status":"publish","type":"post","link":"https:\/\/www.em.com.br\/emfoco\/2026\/03\/09\/confirmado-indenizacao-de-r-5-mil-contra-telemarketing-cliente-inscrito-no-nao-me-perturbe-continuou-recebendo-ligacoes-e-justica-reconhece-assedio\/","title":{"rendered":"Confirmado indeniza\u00e7\u00e3o de R$ 5 mil contra telemarketing: cliente inscrito no \u201cN\u00e3o Me Perturbe\u201d continuou recebendo liga\u00e7\u00f5es e Justi\u00e7a reconhece ass\u00e9dio"},"content":{"rendered":"\n<p>Telemarketing abusivo deixou de ser apenas um inc\u00f4modo cotidiano e passou a ser tratado pelo Judici\u00e1rio como uma viola\u00e7\u00e3o concreta aos direitos do consumidor. Em Minas Gerais, uma decis\u00e3o recente responsabilizou uma operadora de telefonia pelo excesso de liga\u00e7\u00f5es, mesmo ap\u00f3s o cadastro do titular em lista de bloqueio de chamadas, refor\u00e7ando a prote\u00e7\u00e3o ao sossego, ao tempo e \u00e0 privacidade do cidad\u00e3o em um cen\u00e1rio de crescente oferta de servi\u00e7os por telefone.<\/p>\n\n\n\n<h2 class=\"wp-block-heading\">O que \u00e9 telemarketing abusivo e por que afeta o consumidor?<\/h2>\n\n\n\n<p>A express\u00e3o&nbsp;<strong>telemarketing abusivo<\/strong>&nbsp;se refere a chamadas reiteradas, insistentes ou feitas em hor\u00e1rios impr\u00f3prios, sem respeito \u00e0 vontade do titular da linha. Em muitos casos, essas abordagens continuam mesmo depois de o consumidor deixar claro que n\u00e3o deseja receber ofertas comerciais.<\/p>\n\n\n\n<p>No caso julgado em Minas Gerais, o consumidor relatou verdadeiro ass\u00e9dio comercial, com liga\u00e7\u00f5es di\u00e1rias, inclusive \u00e0 noite e em fins de semana. Em um ambiente regulado por cadastros como o \u201cN\u00e3o Me Perturbe\u201d e por regras da <strong><a href=\"https:\/\/www.gov.br\/anatel\/pt-br\" target=\"_blank\" rel=\"noreferrer noopener\">Anatel<\/a><\/strong>, esse comportamento ultrapassa mero aborrecimento e viola a esfera extrapatrimonial do indiv\u00edduo, configurando desrespeito ao\u00a0<strong><a href=\"https:\/\/www.em.com.br\/emfoco\/2026\/01\/21\/justica-responsabiliza-condominio-e-construtora-apos-acidente-infantil-em-piscina-e-reforca-aplicacao-do-codigo-de-defesa-do-consumidor\/\" target=\"_blank\" rel=\"noreferrer noopener\">C\u00f3digo de Defesa do Consumidor<\/a><\/strong>.<\/p>\n\n\n\n<figure class=\"wp-block-image size-large\"><img loading=\"lazy\" decoding=\"async\" width=\"1024\" height=\"576\" src=\"https:\/\/www.em.com.br\/emfoco\/wp-content\/uploads\/2026\/03\/2-33-1024x576.jpg\" alt=\"Confirmado indeniza\u00e7\u00e3o de R$ 5 mil contra telemarketing: cliente inscrito no \u201cN\u00e3o Me Perturbe\u201d continuou recebendo liga\u00e7\u00f5es e Justi\u00e7a reconhece ass\u00e9dio\" class=\"wp-image-178419\" srcset=\"https:\/\/www.em.com.br\/emfoco\/wp-content\/uploads\/2026\/03\/2-33-1024x576.jpg 1024w, https:\/\/www.em.com.br\/emfoco\/wp-content\/uploads\/2026\/03\/2-33-300x169.jpg 300w, https:\/\/www.em.com.br\/emfoco\/wp-content\/uploads\/2026\/03\/2-33-768x432.jpg 768w, https:\/\/www.em.com.br\/emfoco\/wp-content\/uploads\/2026\/03\/2-33-750x422.jpg 750w, https:\/\/www.em.com.br\/emfoco\/wp-content\/uploads\/2026\/03\/2-33-1140x641.jpg 1140w, https:\/\/www.em.com.br\/emfoco\/wp-content\/uploads\/2026\/03\/2-33.jpg 1280w\" sizes=\"auto, (max-width: 1024px) 100vw, 1024px\" \/><figcaption class=\"wp-element-caption\">Abordagens insistentes violam a privacidade e o tempo \u00fatil de cada cidad\u00e3o<\/figcaption><\/figure>\n\n\n\n<h2 class=\"wp-block-heading\">Como a Justi\u00e7a tem reagido \u00e0s liga\u00e7\u00f5es indesejadas?<\/h2>\n\n\n\n<p>A decis\u00e3o da 12\u00aa C\u00e2mara C\u00edvel do Tribunal de Justi\u00e7a de Minas Gerais ilustra um rigor crescente nos casos de&nbsp;<strong>liga\u00e7\u00f5es indesejadas<\/strong>. A corte confirmou senten\u00e7a que determinou a cessa\u00e7\u00e3o imediata dos contatos telef\u00f4nicos, o pagamento de danos morais e multa para cada nova liga\u00e7\u00e3o indevida, como forma de desestimular a pr\u00e1tica.<\/p>\n\n\n\n<p>O tribunal tamb\u00e9m aplicou a&nbsp;<em>teoria do desvio produtivo do consumidor<\/em>, reconhecendo que o tempo gasto para atender chamadas, registrar reclama\u00e7\u00f5es em Procon, Anatel e outros canais, e ingressar com a\u00e7\u00e3o judicial constitui preju\u00edzo indeniz\u00e1vel. O uso de terceirizadas e m\u00faltiplos n\u00fameros n\u00e3o afastou a responsabilidade da operadora, que responde pelos atos de seus prepostos e parceiros comerciais.<\/p>\n\n\n\n<h2 class=\"wp-block-heading\">Quais s\u00e3o os principais direitos do consumidor contra o ass\u00e9dio de telemarketing?<\/h2>\n\n\n\n<p>Quem sofre com&nbsp;<strong>ass\u00e9dio de telemarketing<\/strong>&nbsp;conta hoje com uma rede de prote\u00e7\u00e3o formada por leis de consumo, normas da Anatel e servi\u00e7os de bloqueio. Quando esses mecanismos s\u00e3o ignorados e as liga\u00e7\u00f5es continuam de forma insistente, torna-se poss\u00edvel buscar indeniza\u00e7\u00e3o judicial por dano moral.<\/p>\n\n\n\n<p>Para fortalecer sua posi\u00e7\u00e3o e facilitar eventual a\u00e7\u00e3o na Justi\u00e7a, o consumidor pode adotar algumas medidas pr\u00e1ticas e complementares de prote\u00e7\u00e3o:<\/p>\n\n\n\n<ul class=\"wp-block-list\">\n<li><strong>Cadastrar o n\u00famero<\/strong>\u00a0em plataformas como \u201cN\u00e3o Me Perturbe\u201d e listas estaduais de bloqueio.<\/li>\n\n\n\n<li><strong>Registrar reclama\u00e7\u00f5es<\/strong>\u00a0em \u00f3rg\u00e3os oficiais, como Procon, Anatel e plataformas p\u00fablicas de solu\u00e7\u00e3o de conflitos.<\/li>\n\n\n\n<li><strong>Guardar evid\u00eancias<\/strong>\u00a0(prints, hist\u00f3rico de chamadas, grava\u00e7\u00f5es, protocolos) que demonstrem frequ\u00eancia e hor\u00e1rios das liga\u00e7\u00f5es.<\/li>\n\n\n\n<li><strong>Procurar orienta\u00e7\u00e3o jur\u00eddica<\/strong>\u00a0quando o abuso persistir, avaliando a viabilidade de a\u00e7\u00e3o por danos morais.<\/li>\n<\/ul>\n\n\n\n<figure class=\"wp-block-image size-large\"><img loading=\"lazy\" decoding=\"async\" width=\"1024\" height=\"576\" src=\"https:\/\/www.em.com.br\/emfoco\/wp-content\/uploads\/2026\/03\/1-37-1024x576.jpg\" alt=\"Confirmado indeniza\u00e7\u00e3o de R$ 5 mil contra telemarketing: cliente inscrito no \u201cN\u00e3o Me Perturbe\u201d continuou recebendo liga\u00e7\u00f5es e Justi\u00e7a reconhece ass\u00e9dio\" class=\"wp-image-178418\" srcset=\"https:\/\/www.em.com.br\/emfoco\/wp-content\/uploads\/2026\/03\/1-37-1024x576.jpg 1024w, https:\/\/www.em.com.br\/emfoco\/wp-content\/uploads\/2026\/03\/1-37-300x169.jpg 300w, https:\/\/www.em.com.br\/emfoco\/wp-content\/uploads\/2026\/03\/1-37-768x432.jpg 768w, https:\/\/www.em.com.br\/emfoco\/wp-content\/uploads\/2026\/03\/1-37-750x422.jpg 750w, https:\/\/www.em.com.br\/emfoco\/wp-content\/uploads\/2026\/03\/1-37-1140x641.jpg 1140w, https:\/\/www.em.com.br\/emfoco\/wp-content\/uploads\/2026\/03\/1-37.jpg 1280w\" sizes=\"auto, (max-width: 1024px) 100vw, 1024px\" \/><figcaption class=\"wp-element-caption\">Consumidor deve utilizar listas de bloqueio para registrar sua oposi\u00e7\u00e3o \u00e0s chamadas<\/figcaption><\/figure>\n\n\n\n<h2 class=\"wp-block-heading\">Como as empresas podem evitar pr\u00e1ticas de telemarketing abusivo?<\/h2>\n\n\n\n<p>Do ponto de vista das empresas, a decis\u00e3o mineira refor\u00e7a a urg\u00eancia de rever estrat\u00e9gias de contato com clientes e leads. Campanhas que ignoram pedidos de descadastramento, utilizam bases de dados sem consentimento ou terceirizadas sem controle tendem a ser vistas pelos tribunais como pr\u00e1ticas arriscadas e desrespeitosas.<\/p>\n\n\n\n<p>Para reduzir conflitos, preservar a imagem e evitar condena\u00e7\u00f5es, \u00e9 essencial adotar pol\u00edticas de&nbsp;<strong>compliance em telemarketing<\/strong>, como controlar cadastros de bloqueio, limitar hor\u00e1rios de contato, auditar parceiros, usar n\u00fameros identific\u00e1veis e registrar campanhas de forma rastre\u00e1vel, permitindo corre\u00e7\u00f5es r\u00e1pidas em caso de excesso.<\/p>\n\n\n\n<h2 class=\"wp-block-heading\">Por que o combate ao telemarketing abusivo exige a\u00e7\u00e3o imediata?<\/h2>\n\n\n\n<p>O reconhecimento judicial do telemarketing abusivo como causa de dano moral mostra que o tema saiu do campo do \u201cmero inc\u00f4modo\u201d e passou a integrar de forma s\u00e9ria a agenda de prote\u00e7\u00e3o ao consumidor. Cada liga\u00e7\u00e3o indevida representa n\u00e3o apenas irrita\u00e7\u00e3o, mas tamb\u00e9m perda de tempo, viola\u00e7\u00e3o de privacidade e desgaste emocional que podem e devem ser coibidos.<\/p>\n\n\n\n<p>Se voc\u00ea est\u00e1 sofrendo com liga\u00e7\u00f5es insistentes, n\u00e3o normalize o problema: registre seu n\u00famero em listas de bloqueio, guarde provas, busque os \u00f3rg\u00e3os de defesa do consumidor e, se necess\u00e1rio, acione a Justi\u00e7a. Proteger seu tempo e seu sossego \u00e9 um direito, e agir agora aumenta a chance de cessar o abuso rapidamente e obter a repara\u00e7\u00e3o que voc\u00ea merece.<\/p>\n","protected":false},"excerpt":{"rendered":"<p>Telemarketing abusivo deixou de ser apenas um inc\u00f4modo cotidiano e passou a ser tratado pelo Judici\u00e1rio como uma viola\u00e7\u00e3o concreta aos direitos do consumidor. Em Minas Gerais, uma decis\u00e3o recente responsabilizou uma operadora de telefonia pelo excesso de liga\u00e7\u00f5es, mesmo ap\u00f3s o cadastro do titular em lista de bloqueio de chamadas, refor\u00e7ando a prote\u00e7\u00e3o ao [&hellip;]<\/p>\n","protected":false},"author":13,"featured_media":178420,"comment_status":"open","ping_status":"open","sticky":false,"template":"","format":"standard","meta":{"jnews-multi-image_gallery":[],"jnews_single_post":{"format":"standard"},"jnews_primary_category":[],"jnews_social_meta":[],"jnews_override_counter":[],"footnotes":""},"categories":[28],"tags":[13845,25817,25816],"class_list":["post-178407","post","type-post","status-publish","format-standard","has-post-thumbnail","hentry","category-economia","tag-cdc","tag-propagandas-excessivas","tag-telemarketing-abusivo"],"yoast_head":"<!-- This site is optimized with the Yoast SEO plugin v23.8 - https:\/\/yoast.com\/wordpress\/plugins\/seo\/ -->\n<title>Confirmado indeniza\u00e7\u00e3o de R$ 5 mil contra telemarketing: cliente inscrito no \u201cN\u00e3o Me Perturbe\u201d continuou recebendo liga\u00e7\u00f5es e Justi\u00e7a reconhece ass\u00e9dio - Estado de Minas - Em foco<\/title>\n<meta name=\"description\" content=\"Liga\u00e7\u00f5es insistentes de telemarketing podem gerar dano moral. Justi\u00e7a manda operadora parar chamadas e indenizar consumidor.\" \/>\n<meta name=\"robots\" content=\"index, follow, max-snippet:-1, max-image-preview:large, max-video-preview:-1\" \/>\n<link rel=\"canonical\" href=\"https:\/\/www.em.com.br\/emfoco\/2026\/03\/09\/confirmado-indenizacao-de-r-5-mil-contra-telemarketing-cliente-inscrito-no-nao-me-perturbe-continuou-recebendo-ligacoes-e-justica-reconhece-assedio\/\" \/>\n<meta property=\"og:locale\" content=\"pt_BR\" \/>\n<meta property=\"og:type\" content=\"article\" \/>\n<meta property=\"og:title\" content=\"Confirmado indeniza\u00e7\u00e3o de R$ 5 mil contra telemarketing: cliente inscrito no \u201cN\u00e3o Me Perturbe\u201d continuou recebendo liga\u00e7\u00f5es e Justi\u00e7a reconhece ass\u00e9dio - Estado de Minas - Em foco\" \/>\n<meta property=\"og:description\" content=\"Liga\u00e7\u00f5es insistentes de telemarketing podem gerar dano moral. Justi\u00e7a manda operadora parar chamadas e indenizar consumidor.\" \/>\n<meta property=\"og:url\" content=\"https:\/\/www.em.com.br\/emfoco\/2026\/03\/09\/confirmado-indenizacao-de-r-5-mil-contra-telemarketing-cliente-inscrito-no-nao-me-perturbe-continuou-recebendo-ligacoes-e-justica-reconhece-assedio\/\" \/>\n<meta property=\"og:site_name\" content=\"Estado de Minas - Em foco\" \/>\n<meta property=\"article:published_time\" content=\"2026-03-09T16:35:00+00:00\" \/>\n<meta property=\"article:modified_time\" content=\"2026-03-06T18:53:05+00:00\" \/>\n<meta property=\"og:image\" content=\"https:\/\/www.em.com.br\/emfoco\/wp-content\/uploads\/2026\/03\/3-30.jpg\" \/>\n\t<meta property=\"og:image:width\" content=\"1280\" \/>\n\t<meta property=\"og:image:height\" content=\"720\" \/>\n\t<meta property=\"og:image:type\" content=\"image\/jpeg\" \/>\n<meta name=\"author\" content=\"Gabriel Martins\" \/>\n<meta name=\"twitter:card\" content=\"summary_large_image\" \/>\n<meta name=\"twitter:label1\" content=\"Escrito por\" \/>\n\t<meta name=\"twitter:data1\" content=\"Gabriel Martins\" \/>\n\t<meta name=\"twitter:label2\" content=\"Est. tempo de leitura\" \/>\n\t<meta name=\"twitter:data2\" content=\"5 minutos\" \/>\n<!-- \/ Yoast SEO plugin. -->","yoast_head_json":{"title":"Confirmado indeniza\u00e7\u00e3o de R$ 5 mil contra telemarketing: cliente inscrito no \u201cN\u00e3o Me Perturbe\u201d continuou recebendo liga\u00e7\u00f5es e Justi\u00e7a reconhece ass\u00e9dio - Estado de Minas - Em foco","description":"Liga\u00e7\u00f5es insistentes de telemarketing podem gerar dano moral. Justi\u00e7a manda operadora parar chamadas e indenizar consumidor.","robots":{"index":"index","follow":"follow","max-snippet":"max-snippet:-1","max-image-preview":"max-image-preview:large","max-video-preview":"max-video-preview:-1"},"canonical":"https:\/\/www.em.com.br\/emfoco\/2026\/03\/09\/confirmado-indenizacao-de-r-5-mil-contra-telemarketing-cliente-inscrito-no-nao-me-perturbe-continuou-recebendo-ligacoes-e-justica-reconhece-assedio\/","og_locale":"pt_BR","og_type":"article","og_title":"Confirmado indeniza\u00e7\u00e3o de R$ 5 mil contra telemarketing: cliente inscrito no \u201cN\u00e3o Me Perturbe\u201d continuou recebendo liga\u00e7\u00f5es e Justi\u00e7a reconhece ass\u00e9dio - Estado de Minas - Em foco","og_description":"Liga\u00e7\u00f5es insistentes de telemarketing podem gerar dano moral. Justi\u00e7a manda operadora parar chamadas e indenizar consumidor.","og_url":"https:\/\/www.em.com.br\/emfoco\/2026\/03\/09\/confirmado-indenizacao-de-r-5-mil-contra-telemarketing-cliente-inscrito-no-nao-me-perturbe-continuou-recebendo-ligacoes-e-justica-reconhece-assedio\/","og_site_name":"Estado de Minas - Em foco","article_published_time":"2026-03-09T16:35:00+00:00","article_modified_time":"2026-03-06T18:53:05+00:00","og_image":[{"width":1280,"height":720,"url":"https:\/\/www.em.com.br\/emfoco\/wp-content\/uploads\/2026\/03\/3-30.jpg","type":"image\/jpeg"}],"author":"Gabriel Martins","twitter_card":"summary_large_image","twitter_misc":{"Escrito por":"Gabriel Martins","Est. tempo de leitura":"5 minutos"},"schema":{"@context":"https:\/\/schema.org","@graph":[{"@type":"WebPage","@id":"https:\/\/www.em.com.br\/emfoco\/2026\/03\/09\/confirmado-indenizacao-de-r-5-mil-contra-telemarketing-cliente-inscrito-no-nao-me-perturbe-continuou-recebendo-ligacoes-e-justica-reconhece-assedio\/","url":"https:\/\/www.em.com.br\/emfoco\/2026\/03\/09\/confirmado-indenizacao-de-r-5-mil-contra-telemarketing-cliente-inscrito-no-nao-me-perturbe-continuou-recebendo-ligacoes-e-justica-reconhece-assedio\/","name":"Confirmado indeniza\u00e7\u00e3o de R$ 5 mil contra telemarketing: cliente inscrito no \u201cN\u00e3o Me Perturbe\u201d continuou recebendo liga\u00e7\u00f5es e Justi\u00e7a reconhece ass\u00e9dio - Estado de Minas - Em foco","isPartOf":{"@id":"https:\/\/www.em.com.br\/emfoco\/#website"},"primaryImageOfPage":{"@id":"https:\/\/www.em.com.br\/emfoco\/2026\/03\/09\/confirmado-indenizacao-de-r-5-mil-contra-telemarketing-cliente-inscrito-no-nao-me-perturbe-continuou-recebendo-ligacoes-e-justica-reconhece-assedio\/#primaryimage"},"image":{"@id":"https:\/\/www.em.com.br\/emfoco\/2026\/03\/09\/confirmado-indenizacao-de-r-5-mil-contra-telemarketing-cliente-inscrito-no-nao-me-perturbe-continuou-recebendo-ligacoes-e-justica-reconhece-assedio\/#primaryimage"},"thumbnailUrl":"https:\/\/www.em.com.br\/emfoco\/wp-content\/uploads\/2026\/03\/3-30.jpg","datePublished":"2026-03-09T16:35:00+00:00","dateModified":"2026-03-06T18:53:05+00:00","author":{"@id":"https:\/\/www.em.com.br\/emfoco\/#\/schema\/person\/1c9ddeab18b98abeffef834667bcf08a"},"description":"Liga\u00e7\u00f5es insistentes de telemarketing podem gerar dano moral. Justi\u00e7a manda operadora parar chamadas e indenizar consumidor.","breadcrumb":{"@id":"https:\/\/www.em.com.br\/emfoco\/2026\/03\/09\/confirmado-indenizacao-de-r-5-mil-contra-telemarketing-cliente-inscrito-no-nao-me-perturbe-continuou-recebendo-ligacoes-e-justica-reconhece-assedio\/#breadcrumb"},"inLanguage":"pt-BR","potentialAction":[{"@type":"ReadAction","target":["https:\/\/www.em.com.br\/emfoco\/2026\/03\/09\/confirmado-indenizacao-de-r-5-mil-contra-telemarketing-cliente-inscrito-no-nao-me-perturbe-continuou-recebendo-ligacoes-e-justica-reconhece-assedio\/"]}]},{"@type":"ImageObject","inLanguage":"pt-BR","@id":"https:\/\/www.em.com.br\/emfoco\/2026\/03\/09\/confirmado-indenizacao-de-r-5-mil-contra-telemarketing-cliente-inscrito-no-nao-me-perturbe-continuou-recebendo-ligacoes-e-justica-reconhece-assedio\/#primaryimage","url":"https:\/\/www.em.com.br\/emfoco\/wp-content\/uploads\/2026\/03\/3-30.jpg","contentUrl":"https:\/\/www.em.com.br\/emfoco\/wp-content\/uploads\/2026\/03\/3-30.jpg","width":1280,"height":720,"caption":"Excesso de liga\u00e7\u00f5es comerciais gera condena\u00e7\u00e3o por danos morais em Minas Gerais"},{"@type":"BreadcrumbList","@id":"https:\/\/www.em.com.br\/emfoco\/2026\/03\/09\/confirmado-indenizacao-de-r-5-mil-contra-telemarketing-cliente-inscrito-no-nao-me-perturbe-continuou-recebendo-ligacoes-e-justica-reconhece-assedio\/#breadcrumb","itemListElement":[{"@type":"ListItem","position":1,"name":"In\u00edcio","item":"https:\/\/www.em.com.br\/emfoco\/"},{"@type":"ListItem","position":2,"name":"Confirmado indeniza\u00e7\u00e3o de R$ 5 mil contra telemarketing: cliente inscrito no \u201cN\u00e3o Me Perturbe\u201d continuou recebendo liga\u00e7\u00f5es e Justi\u00e7a reconhece ass\u00e9dio"}]},{"@type":"WebSite","@id":"https:\/\/www.em.com.br\/emfoco\/#website","url":"https:\/\/www.em.com.br\/emfoco\/","name":"Estado de Minas - Em foco","description":"Acompanhe as \u00faltimas not\u00edcias e fique bem informado sobre tudo o que acontece em Minas Gerais, Brasil e no mundo.","potentialAction":[{"@type":"SearchAction","target":{"@type":"EntryPoint","urlTemplate":"https:\/\/www.em.com.br\/emfoco\/?s={search_term_string}"},"query-input":{"@type":"PropertyValueSpecification","valueRequired":true,"valueName":"search_term_string"}}],"inLanguage":"pt-BR"},{"@type":"Person","@id":"https:\/\/www.em.com.br\/emfoco\/#\/schema\/person\/1c9ddeab18b98abeffef834667bcf08a","name":"Gabriel Martins","image":{"@type":"ImageObject","inLanguage":"pt-BR","@id":"https:\/\/www.em.com.br\/emfoco\/#\/schema\/person\/image\/","url":"https:\/\/secure.gravatar.com\/avatar\/f0f1e2efdfd88f1ad2cb08c5c2731e50?s=96&d=mm&r=g","contentUrl":"https:\/\/secure.gravatar.com\/avatar\/f0f1e2efdfd88f1ad2cb08c5c2731e50?s=96&d=mm&r=g","caption":"Gabriel Martins"},"sameAs":["https:\/\/www.em.com.br\/emfoco\/"],"url":"https:\/\/www.em.com.br\/emfoco\/author\/gabrielmartinsmyth\/"}]}},"_links":{"self":[{"href":"https:\/\/www.em.com.br\/emfoco\/wp-json\/wp\/v2\/posts\/178407","targetHints":{"allow":["GET"]}}],"collection":[{"href":"https:\/\/www.em.com.br\/emfoco\/wp-json\/wp\/v2\/posts"}],"about":[{"href":"https:\/\/www.em.com.br\/emfoco\/wp-json\/wp\/v2\/types\/post"}],"author":[{"embeddable":true,"href":"https:\/\/www.em.com.br\/emfoco\/wp-json\/wp\/v2\/users\/13"}],"replies":[{"embeddable":true,"href":"https:\/\/www.em.com.br\/emfoco\/wp-json\/wp\/v2\/comments?post=178407"}],"version-history":[{"count":1,"href":"https:\/\/www.em.com.br\/emfoco\/wp-json\/wp\/v2\/posts\/178407\/revisions"}],"predecessor-version":[{"id":178431,"href":"https:\/\/www.em.com.br\/emfoco\/wp-json\/wp\/v2\/posts\/178407\/revisions\/178431"}],"wp:featuredmedia":[{"embeddable":true,"href":"https:\/\/www.em.com.br\/emfoco\/wp-json\/wp\/v2\/media\/178420"}],"wp:attachment":[{"href":"https:\/\/www.em.com.br\/emfoco\/wp-json\/wp\/v2\/media?parent=178407"}],"wp:term":[{"taxonomy":"category","embeddable":true,"href":"https:\/\/www.em.com.br\/emfoco\/wp-json\/wp\/v2\/categories?post=178407"},{"taxonomy":"post_tag","embeddable":true,"href":"https:\/\/www.em.com.br\/emfoco\/wp-json\/wp\/v2\/tags?post=178407"}],"curies":[{"name":"wp","href":"https:\/\/api.w.org\/{rel}","templated":true}]}}