{"id":178401,"date":"2026-03-11T10:25:00","date_gmt":"2026-03-11T13:25:00","guid":{"rendered":"https:\/\/www.em.com.br\/emfoco\/?p=178401"},"modified":"2026-03-10T20:24:32","modified_gmt":"2026-03-10T23:24:32","slug":"o-erro-mais-comum-e-usar-sabonete-no-corpo-todo-todos-os-dias-alerta-especialista","status":"publish","type":"post","link":"https:\/\/www.em.com.br\/emfoco\/2026\/03\/11\/o-erro-mais-comum-e-usar-sabonete-no-corpo-todo-todos-os-dias-alerta-especialista\/","title":{"rendered":"\u201cO erro mais comum \u00e9 usar sabonete no corpo todo todos os dias\u201d, alerta especialista"},"content":{"rendered":"\n<p>A obsess\u00e3o moderna pela limpeza extrema pode estar sabotando a defesa natural do seu organismo sem que voc\u00ea perceba. A renomada biom\u00e9dica finlandesa <strong>Sari Arponen<\/strong> revelou recentemente que esfregar sabonete no corpo inteiro todos os dias \u00e9 um dos piores erros para a nossa pele. A ci\u00eancia agora prova que o nosso corpo abriga trilh\u00f5es de microrganismos essenciais que atuam como um escudo invis\u00edvel contra inflama\u00e7\u00f5es e doen\u00e7as. Entender como proteger essa microbiota \u00e9 o novo segredo definitivo para garantir uma longevidade saud\u00e1vel e uma barreira imunol\u00f3gica verdadeiramente impenetr\u00e1vel.<\/p>\n\n\n\n<h2 class=\"wp-block-heading\">Por que o uso di\u00e1rio de sabonete destr\u00f3i a sua imunidade<\/h2>\n\n\n\n<p>Segundo a <a href=\"https:\/\/www.instagram.com\/drasariarponen\/\" target=\"_blank\" rel=\"noreferrer noopener\">Dra. Sari Arponen<\/a>, o <strong>excesso de higiene <\/strong>virou um problema grave nas grandes cidades, pois o uso constante de sabonetes agressivos desequilibra completamente a flora cut\u00e2nea. Essa limpeza profunda remove as bact\u00e9rias protetoras essenciais, deixando a nossa derme vulner\u00e1vel a infec\u00e7\u00f5es graves e envelhecimento precoce.<\/p>\n\n\n\n<p><strong>Tomar banho diariamente \u00e9 aceit\u00e1vel<\/strong>, mas os maiores especialistas recomendam aplicar sabonete apenas nas \u00e1reas que acumulam odor e suor intenso. Nas demais partes do corpo, a \u00e1gua pura \u00e9 suficiente para manter a limpeza sem exterminar a sua camada de prote\u00e7\u00e3o natural di\u00e1ria.<\/p>\n\n\n\n<figure class=\"wp-block-image size-large\"><img loading=\"lazy\" decoding=\"async\" width=\"1024\" height=\"576\" src=\"https:\/\/www.em.com.br\/emfoco\/wp-content\/uploads\/2026\/03\/ChatGPT-Image-10-de-mar.-de-2026-11_06_58-1-1024x576.png\" alt=\"Por que o uso di\u00e1rio de sabonete destr\u00f3i a sua imunidade\" class=\"wp-image-179706\" srcset=\"https:\/\/www.em.com.br\/emfoco\/wp-content\/uploads\/2026\/03\/ChatGPT-Image-10-de-mar.-de-2026-11_06_58-1-1024x576.png 1024w, https:\/\/www.em.com.br\/emfoco\/wp-content\/uploads\/2026\/03\/ChatGPT-Image-10-de-mar.-de-2026-11_06_58-1-300x169.png 300w, https:\/\/www.em.com.br\/emfoco\/wp-content\/uploads\/2026\/03\/ChatGPT-Image-10-de-mar.-de-2026-11_06_58-1-768x432.png 768w, https:\/\/www.em.com.br\/emfoco\/wp-content\/uploads\/2026\/03\/ChatGPT-Image-10-de-mar.-de-2026-11_06_58-1-750x422.png 750w, https:\/\/www.em.com.br\/emfoco\/wp-content\/uploads\/2026\/03\/ChatGPT-Image-10-de-mar.-de-2026-11_06_58-1-1140x641.png 1140w, https:\/\/www.em.com.br\/emfoco\/wp-content\/uploads\/2026\/03\/ChatGPT-Image-10-de-mar.-de-2026-11_06_58-1.png 1280w\" sizes=\"auto, (max-width: 1024px) 100vw, 1024px\" \/><figcaption class=\"wp-element-caption\">Por que o uso di\u00e1rio de sabonete destr\u00f3i a sua imunidade<\/figcaption><\/figure>\n\n\n\n<h2 class=\"wp-block-heading\">Como a flora bacteriana acelera a cicatriza\u00e7\u00e3o de feridas<\/h2>\n\n\n\n<p>A superf\u00edcie da nossa <a href=\"https:\/\/www.em.com.br\/emfoco\/2026\/03\/06\/como-cuidar-da-pele-depois-dos-40-anos-com-poucos-passos-e-resultados-visiveis\/\" target=\"_blank\" rel=\"noreferrer noopener\">pele <\/a>\u00e9 habitada por microrganismos inteligentes que promovem a regenera\u00e7\u00e3o celular r\u00e1pida e combatem o temido estresse oxidativo. Quando sofremos um corte, uma popula\u00e7\u00e3o bacteriana favor\u00e1vel atua imediatamente para fechar o tecido machucado e impedir inflama\u00e7\u00f5es dolorosas.<\/p>\n\n\n\n<p>O desequil\u00edbrio dessa microbiota, seja no intestino ou na epiderme, inibe perigosamente todo esse processo natural de recupera\u00e7\u00e3o e cicatriza\u00e7\u00e3o. A presen\u00e7a massiva de bact\u00e9rias patog\u00eanicas, muitas vezes causadas pelo uso de cosm\u00e9ticos qu\u00edmicos desnecess\u00e1rios, dificulta a cura e piora o aspecto das les\u00f5es.<\/p>\n\n\n\n<h2 class=\"wp-block-heading\">Quais os melhores h\u00e1bitos para fortalecer o seu microbioma<\/h2>\n\n\n\n<p>A quantidade de bact\u00e9rias boas que carregamos n\u00e3o depende apenas da gen\u00e9tica, mas reflete diretamente o nosso estilo de vida e o ambiente em que vivemos. Manter uma alimenta\u00e7\u00e3o focada na dieta mediterr\u00e2nea e passar mais tempo ao ar livre s\u00e3o atitudes maravilhosas para a sa\u00fade.<\/p>\n\n\n\n<p>Pequenas mudan\u00e7as na sua rotina de cuidados pessoais t\u00eam um impacto gigantesco na prolifera\u00e7\u00e3o desses microrganismos ben\u00e9ficos que blindam o seu organismo. Para recuperar a sua imunidade natural de forma r\u00e1pida e eficiente, adote imediatamente as seguintes pr\u00e1ticas essenciais na sua casa.<\/p>\n\n\n\n<ul class=\"wp-block-list\">\n<li><strong>Evite aplicar sabonetes fortes nos bra\u00e7os e pernas se n\u00e3o houver suor excessivo durante o seu dia de trabalho.<\/strong><\/li>\n\n\n\n<li><strong>Substitua roupas sint\u00e9ticas e abafadas por pe\u00e7as leves de fibras naturais como o algod\u00e3o puro e respir\u00e1vel.<\/strong><\/li>\n\n\n\n<li><strong>Pratique exerc\u00edcios f\u00edsicos moderados regularmente e tome banhos de sol curtos para nutrir e fortalecer a sua epiderme.<\/strong><\/li>\n\n\n\n<li><strong>Elimine cosm\u00e9ticos repletos de componentes qu\u00edmicos agressivos e prefira sempre usar produtos com ingredientes totalmente org\u00e2nicos.<\/strong><\/li>\n<\/ul>\n\n\n\n<p>Selecionamos o v\u00eddeo do <a href=\"https:\/\/www.instagram.com\/drgilberto.oliveira\/reels\/\" target=\"_blank\" rel=\"noreferrer noopener\">Dr. Gilberto Oliveira<\/a> que faz sucesso no Instagram e fala sobre como o excesso de higiene pode prejudicar a pele:<\/p>\n\n\n\n<blockquote class=\"instagram-media\" data-instgrm-captioned data-instgrm-permalink=\"https:\/\/www.instagram.com\/reel\/DTalNHfjos_\/?utm_source=ig_embed&amp;utm_campaign=loading\" data-instgrm-version=\"14\" style=\" background:#FFF; border:0; border-radius:3px; box-shadow:0 0 1px 0 rgba(0,0,0,0.5),0 1px 10px 0 rgba(0,0,0,0.15); margin: 1px; max-width:540px; min-width:326px; padding:0; width:99.375%; width:-webkit-calc(100% - 2px); width:calc(100% - 2px);\"><div style=\"padding:16px;\"> <a href=\"https:\/\/www.instagram.com\/reel\/DTalNHfjos_\/?utm_source=ig_embed&amp;utm_campaign=loading\" style=\" background:#FFFFFF; line-height:0; padding:0 0; text-align:center; text-decoration:none; width:100%;\" target=\"_blank\"> <div style=\" display: flex; flex-direction: row; align-items: center;\"> <div style=\"background-color: #F4F4F4; border-radius: 50%; flex-grow: 0; height: 40px; margin-right: 14px; width: 40px;\"><\/div> <div style=\"display: flex; flex-direction: column; flex-grow: 1; justify-content: center;\"> <div style=\" background-color: #F4F4F4; border-radius: 4px; flex-grow: 0; height: 14px; margin-bottom: 6px; width: 100px;\"><\/div> <div style=\" background-color: #F4F4F4; border-radius: 4px; flex-grow: 0; height: 14px; width: 60px;\"><\/div><\/div><\/div><div style=\"padding: 19% 0;\"><\/div> <div style=\"display:block; height:50px; margin:0 auto 12px; width:50px;\"><svg width=\"50px\" height=\"50px\" viewBox=\"0 0 60 60\" version=\"1.1\" xmlns=\"https:\/\/www.w3.org\/2000\/svg\" xmlns:xlink=\"https:\/\/www.w3.org\/1999\/xlink\"><g stroke=\"none\" stroke-width=\"1\" fill=\"none\" fill-rule=\"evenodd\"><g transform=\"translate(-511.000000, -20.000000)\" fill=\"#000000\"><g><path d=\"M556.869,30.41 C554.814,30.41 553.148,32.076 553.148,34.131 C553.148,36.186 554.814,37.852 556.869,37.852 C558.924,37.852 560.59,36.186 560.59,34.131 C560.59,32.076 558.924,30.41 556.869,30.41 M541,60.657 C535.114,60.657 530.342,55.887 530.342,50 C530.342,44.114 535.114,39.342 541,39.342 C546.887,39.342 551.658,44.114 551.658,50 C551.658,55.887 546.887,60.657 541,60.657 M541,33.886 C532.1,33.886 524.886,41.1 524.886,50 C524.886,58.899 532.1,66.113 541,66.113 C549.9,66.113 557.115,58.899 557.115,50 C557.115,41.1 549.9,33.886 541,33.886 M565.378,62.101 C565.244,65.022 564.756,66.606 564.346,67.663 C563.803,69.06 563.154,70.057 562.106,71.106 C561.058,72.155 560.06,72.803 558.662,73.347 C557.607,73.757 556.021,74.244 553.102,74.378 C549.944,74.521 548.997,74.552 541,74.552 C533.003,74.552 532.056,74.521 528.898,74.378 C525.979,74.244 524.393,73.757 523.338,73.347 C521.94,72.803 520.942,72.155 519.894,71.106 C518.846,70.057 518.197,69.06 517.654,67.663 C517.244,66.606 516.755,65.022 516.623,62.101 C516.479,58.943 516.448,57.996 516.448,50 C516.448,42.003 516.479,41.056 516.623,37.899 C516.755,34.978 517.244,33.391 517.654,32.338 C518.197,30.938 518.846,29.942 519.894,28.894 C520.942,27.846 521.94,27.196 523.338,26.654 C524.393,26.244 525.979,25.756 528.898,25.623 C532.057,25.479 533.004,25.448 541,25.448 C548.997,25.448 549.943,25.479 553.102,25.623 C556.021,25.756 557.607,26.244 558.662,26.654 C560.06,27.196 561.058,27.846 562.106,28.894 C563.154,29.942 563.803,30.938 564.346,32.338 C564.756,33.391 565.244,34.978 565.378,37.899 C565.522,41.056 565.552,42.003 565.552,50 C565.552,57.996 565.522,58.943 565.378,62.101 M570.82,37.631 C570.674,34.438 570.167,32.258 569.425,30.349 C568.659,28.377 567.633,26.702 565.965,25.035 C564.297,23.368 562.623,22.342 560.652,21.575 C558.743,20.834 556.562,20.326 553.369,20.18 C550.169,20.033 549.148,20 541,20 C532.853,20 531.831,20.033 528.631,20.18 C525.438,20.326 523.257,20.834 521.349,21.575 C519.376,22.342 517.703,23.368 516.035,25.035 C514.368,26.702 513.342,28.377 512.574,30.349 C511.834,32.258 511.326,34.438 511.181,37.631 C511.035,40.831 511,41.851 511,50 C511,58.147 511.035,59.17 511.181,62.369 C511.326,65.562 511.834,67.743 512.574,69.651 C513.342,71.625 514.368,73.296 516.035,74.965 C517.703,76.634 519.376,77.658 521.349,78.425 C523.257,79.167 525.438,79.673 528.631,79.82 C531.831,79.965 532.853,80.001 541,80.001 C549.148,80.001 550.169,79.965 553.369,79.82 C556.562,79.673 558.743,79.167 560.652,78.425 C562.623,77.658 564.297,76.634 565.965,74.965 C567.633,73.296 568.659,71.625 569.425,69.651 C570.167,67.743 570.674,65.562 570.82,62.369 C570.966,59.17 571,58.147 571,50 C571,41.851 570.966,40.831 570.82,37.631\"><\/path><\/g><\/g><\/g><\/svg><\/div><div style=\"padding-top: 8px;\"> <div style=\" color:#3897f0; font-family:Arial,sans-serif; font-size:14px; font-style:normal; font-weight:550; line-height:18px;\">Ver essa foto no Instagram<\/div><\/div><div style=\"padding: 12.5% 0;\"><\/div> <div style=\"display: flex; flex-direction: row; margin-bottom: 14px; align-items: center;\"><div> <div style=\"background-color: #F4F4F4; border-radius: 50%; height: 12.5px; width: 12.5px; transform: translateX(0px) translateY(7px);\"><\/div> <div style=\"background-color: #F4F4F4; height: 12.5px; transform: rotate(-45deg) translateX(3px) translateY(1px); width: 12.5px; flex-grow: 0; margin-right: 14px; margin-left: 2px;\"><\/div> <div style=\"background-color: #F4F4F4; border-radius: 50%; height: 12.5px; width: 12.5px; transform: translateX(9px) translateY(-18px);\"><\/div><\/div><div style=\"margin-left: 8px;\"> <div style=\" background-color: #F4F4F4; border-radius: 50%; flex-grow: 0; height: 20px; width: 20px;\"><\/div> <div style=\" width: 0; height: 0; border-top: 2px solid transparent; border-left: 6px solid #f4f4f4; border-bottom: 2px solid transparent; transform: translateX(16px) translateY(-4px) rotate(30deg)\"><\/div><\/div><div style=\"margin-left: auto;\"> <div style=\" width: 0px; border-top: 8px solid #F4F4F4; border-right: 8px solid transparent; transform: translateY(16px);\"><\/div> <div style=\" background-color: #F4F4F4; flex-grow: 0; height: 12px; width: 16px; transform: translateY(-4px);\"><\/div> <div style=\" width: 0; height: 0; border-top: 8px solid #F4F4F4; border-left: 8px solid transparent; transform: translateY(-4px) translateX(8px);\"><\/div><\/div><\/div> <div style=\"display: flex; flex-direction: column; flex-grow: 1; justify-content: center; margin-bottom: 24px;\"> <div style=\" background-color: #F4F4F4; border-radius: 4px; flex-grow: 0; height: 14px; margin-bottom: 6px; width: 224px;\"><\/div> <div style=\" background-color: #F4F4F4; border-radius: 4px; flex-grow: 0; height: 14px; width: 144px;\"><\/div><\/div><\/a><p style=\" color:#c9c8cd; font-family:Arial,sans-serif; font-size:14px; line-height:17px; margin-bottom:0; margin-top:8px; overflow:hidden; padding:8px 0 7px; text-align:center; text-overflow:ellipsis; white-space:nowrap;\"><a href=\"https:\/\/www.instagram.com\/reel\/DTalNHfjos_\/?utm_source=ig_embed&amp;utm_campaign=loading\" style=\" color:#c9c8cd; font-family:Arial,sans-serif; font-size:14px; font-style:normal; font-weight:normal; line-height:17px; text-decoration:none;\" target=\"_blank\">Um post compartilhado por Gilberto Oliveira (@drgilberto.oliveira)<\/a><\/p><\/div><\/blockquote>\n<script async src=\"\/\/www.instagram.com\/embed.js\"><\/script>\n\n\n\n<h2 class=\"wp-block-heading\">O futuro promissor dos tratamentos m\u00e9dicos personalizados<\/h2>\n\n\n\n<p>Os incr\u00edveis avan\u00e7os recentes da <strong>biologia molecular<\/strong> e da <strong>biotecnologia <\/strong>est\u00e3o permitindo que os cientistas finalmente estudem o genoma complexo desses trilh\u00f5es de bact\u00e9rias. Essa descoberta maravilhosa est\u00e1 desmistificando a velha cren\u00e7a popular de que todos os microrganismos s\u00e3o perigosos e causadores de infec\u00e7\u00f5es sist\u00eamicas.<\/p>\n\n\n\n<p>Nas pr\u00f3ximas d\u00e9cadas, a medicina utilizar\u00e1 terapias baseadas em microbiomas individualizados para curar feridas cr\u00f4nicas e inflama\u00e7\u00f5es que hoje parecem n\u00e3o ter solu\u00e7\u00e3o. O futuro da longevidade humana depender\u00e1 inteiramente da nossa incr\u00edvel capacidade de conviver em perfeita harmonia com essas formas de vida ben\u00e9ficas.<\/p>\n\n\n\n<h2 class=\"wp-block-heading\">Qual o momento exato para salvar a sa\u00fade da sua pele<\/h2>\n\n\n\n<p>Descobrir que os nossos h\u00e1bitos de higiene mais comuns est\u00e3o destruindo silenciosamente a nossa imunidade \u00e9 um choque de realidade que exige mudan\u00e7as comportamentais imediatas. Ignorar os apelos da ci\u00eancia moderna \u00e9 permitir que a sua defesa natural continue sendo corro\u00edda diariamente por escolhas erradas.<\/p>\n\n\n\n<p>O seu corpo \u00e9 um templo sagrado e precisa dessa prote\u00e7\u00e3o biol\u00f3gica maravilhosa para enfrentar os grandes desafios e as doen\u00e7as do mundo moderno! Corra agora mesmo para o seu banheiro, jogue fora os sabonetes agressivos, mude a sua rotina de banhos hoje e resgate a for\u00e7a vital da sua fam\u00edlia imediatamente!<\/p>\n\n\n\n<p><\/p>\n","protected":false},"excerpt":{"rendered":"<p>A obsess\u00e3o moderna pela limpeza extrema pode estar sabotando a defesa natural do seu organismo sem que voc\u00ea perceba. A renomada biom\u00e9dica finlandesa Sari Arponen revelou recentemente que esfregar sabonete no corpo inteiro todos os dias \u00e9 um dos piores erros para a nossa pele. A ci\u00eancia agora prova que o nosso corpo abriga trilh\u00f5es [&hellip;]<\/p>\n","protected":false},"author":11,"featured_media":179708,"comment_status":"open","ping_status":"open","sticky":false,"template":"","format":"standard","meta":{"jnews-multi-image_gallery":[],"jnews_single_post":{"format":"standard"},"jnews_primary_category":[],"jnews_social_meta":[],"jnews_override_counter":[],"footnotes":""},"categories":[1,9053],"tags":[6080,6524,12306,11279,25812],"class_list":["post-178401","post","type-post","status-publish","format-standard","has-post-thumbnail","hentry","category-noticias","category-saude","tag-higiene","tag-microbiota","tag-pele-2","tag-sabonete","tag-uso-excessivo-de-sabonete"],"yoast_head":"<!-- This site is optimized with the Yoast SEO plugin v23.8 - https:\/\/yoast.com\/wordpress\/plugins\/seo\/ -->\n<title>\u201cO erro mais comum \u00e9 usar sabonete no corpo todo todos os dias\u201d, alerta especialista - Estado de Minas - Em foco<\/title>\n<meta name=\"description\" content=\"Uso exagerado de sabonete pode afetar bact\u00e9rias ben\u00e9ficas da pele. Saiba como proteger a microbiota e cuidar melhor da pele.\" \/>\n<meta name=\"robots\" content=\"index, follow, max-snippet:-1, max-image-preview:large, max-video-preview:-1\" \/>\n<link rel=\"canonical\" href=\"https:\/\/www.em.com.br\/emfoco\/2026\/03\/11\/o-erro-mais-comum-e-usar-sabonete-no-corpo-todo-todos-os-dias-alerta-especialista\/\" \/>\n<meta property=\"og:locale\" content=\"pt_BR\" \/>\n<meta property=\"og:type\" content=\"article\" \/>\n<meta property=\"og:title\" content=\"\u201cO erro mais comum \u00e9 usar sabonete no corpo todo todos os dias\u201d, alerta especialista - Estado de Minas - Em foco\" \/>\n<meta property=\"og:description\" content=\"Uso exagerado de sabonete pode afetar bact\u00e9rias ben\u00e9ficas da pele. Saiba como proteger a microbiota e cuidar melhor da pele.\" \/>\n<meta property=\"og:url\" content=\"https:\/\/www.em.com.br\/emfoco\/2026\/03\/11\/o-erro-mais-comum-e-usar-sabonete-no-corpo-todo-todos-os-dias-alerta-especialista\/\" \/>\n<meta property=\"og:site_name\" content=\"Estado de Minas - Em foco\" \/>\n<meta property=\"article:published_time\" content=\"2026-03-11T13:25:00+00:00\" \/>\n<meta property=\"article:modified_time\" content=\"2026-03-10T23:24:32+00:00\" \/>\n<meta property=\"og:image\" content=\"https:\/\/www.em.com.br\/emfoco\/wp-content\/uploads\/2026\/03\/ChatGPT-Image-10-de-mar.-de-2026-11_12_21-1.png\" \/>\n\t<meta property=\"og:image:width\" content=\"1280\" \/>\n\t<meta property=\"og:image:height\" content=\"720\" \/>\n\t<meta property=\"og:image:type\" content=\"image\/png\" \/>\n<meta name=\"author\" content=\"Andre\u0301 Rangel\u00a0\" \/>\n<meta name=\"twitter:card\" content=\"summary_large_image\" \/>\n<meta name=\"twitter:label1\" content=\"Escrito por\" \/>\n\t<meta name=\"twitter:data1\" content=\"Andre\u0301 Rangel\u00a0\" \/>\n\t<meta name=\"twitter:label2\" content=\"Est. tempo de leitura\" \/>\n\t<meta name=\"twitter:data2\" content=\"5 minutos\" \/>\n<!-- \/ Yoast SEO plugin. -->","yoast_head_json":{"title":"\u201cO erro mais comum \u00e9 usar sabonete no corpo todo todos os dias\u201d, alerta especialista - Estado de Minas - Em foco","description":"Uso exagerado de sabonete pode afetar bact\u00e9rias ben\u00e9ficas da pele. Saiba como proteger a microbiota e cuidar melhor da pele.","robots":{"index":"index","follow":"follow","max-snippet":"max-snippet:-1","max-image-preview":"max-image-preview:large","max-video-preview":"max-video-preview:-1"},"canonical":"https:\/\/www.em.com.br\/emfoco\/2026\/03\/11\/o-erro-mais-comum-e-usar-sabonete-no-corpo-todo-todos-os-dias-alerta-especialista\/","og_locale":"pt_BR","og_type":"article","og_title":"\u201cO erro mais comum \u00e9 usar sabonete no corpo todo todos os dias\u201d, alerta especialista - Estado de Minas - Em foco","og_description":"Uso exagerado de sabonete pode afetar bact\u00e9rias ben\u00e9ficas da pele. Saiba como proteger a microbiota e cuidar melhor da pele.","og_url":"https:\/\/www.em.com.br\/emfoco\/2026\/03\/11\/o-erro-mais-comum-e-usar-sabonete-no-corpo-todo-todos-os-dias-alerta-especialista\/","og_site_name":"Estado de Minas - Em foco","article_published_time":"2026-03-11T13:25:00+00:00","article_modified_time":"2026-03-10T23:24:32+00:00","og_image":[{"width":1280,"height":720,"url":"https:\/\/www.em.com.br\/emfoco\/wp-content\/uploads\/2026\/03\/ChatGPT-Image-10-de-mar.-de-2026-11_12_21-1.png","type":"image\/png"}],"author":"Andre\u0301 Rangel\u00a0","twitter_card":"summary_large_image","twitter_misc":{"Escrito por":"Andre\u0301 Rangel\u00a0","Est. tempo de leitura":"5 minutos"},"schema":{"@context":"https:\/\/schema.org","@graph":[{"@type":"WebPage","@id":"https:\/\/www.em.com.br\/emfoco\/2026\/03\/11\/o-erro-mais-comum-e-usar-sabonete-no-corpo-todo-todos-os-dias-alerta-especialista\/","url":"https:\/\/www.em.com.br\/emfoco\/2026\/03\/11\/o-erro-mais-comum-e-usar-sabonete-no-corpo-todo-todos-os-dias-alerta-especialista\/","name":"\u201cO erro mais comum \u00e9 usar sabonete no corpo todo todos os dias\u201d, alerta especialista - Estado de Minas - Em foco","isPartOf":{"@id":"https:\/\/www.em.com.br\/emfoco\/#website"},"primaryImageOfPage":{"@id":"https:\/\/www.em.com.br\/emfoco\/2026\/03\/11\/o-erro-mais-comum-e-usar-sabonete-no-corpo-todo-todos-os-dias-alerta-especialista\/#primaryimage"},"image":{"@id":"https:\/\/www.em.com.br\/emfoco\/2026\/03\/11\/o-erro-mais-comum-e-usar-sabonete-no-corpo-todo-todos-os-dias-alerta-especialista\/#primaryimage"},"thumbnailUrl":"https:\/\/www.em.com.br\/emfoco\/wp-content\/uploads\/2026\/03\/ChatGPT-Image-10-de-mar.-de-2026-11_12_21-1.png","datePublished":"2026-03-11T13:25:00+00:00","dateModified":"2026-03-10T23:24:32+00:00","author":{"@id":"https:\/\/www.em.com.br\/emfoco\/#\/schema\/person\/60eda09c1fedf0d6891f4cef4b60b8b8"},"description":"Uso exagerado de sabonete pode afetar bact\u00e9rias ben\u00e9ficas da pele. Saiba como proteger a microbiota e cuidar melhor da pele.","breadcrumb":{"@id":"https:\/\/www.em.com.br\/emfoco\/2026\/03\/11\/o-erro-mais-comum-e-usar-sabonete-no-corpo-todo-todos-os-dias-alerta-especialista\/#breadcrumb"},"inLanguage":"pt-BR","potentialAction":[{"@type":"ReadAction","target":["https:\/\/www.em.com.br\/emfoco\/2026\/03\/11\/o-erro-mais-comum-e-usar-sabonete-no-corpo-todo-todos-os-dias-alerta-especialista\/"]}]},{"@type":"ImageObject","inLanguage":"pt-BR","@id":"https:\/\/www.em.com.br\/emfoco\/2026\/03\/11\/o-erro-mais-comum-e-usar-sabonete-no-corpo-todo-todos-os-dias-alerta-especialista\/#primaryimage","url":"https:\/\/www.em.com.br\/emfoco\/wp-content\/uploads\/2026\/03\/ChatGPT-Image-10-de-mar.-de-2026-11_12_21-1.png","contentUrl":"https:\/\/www.em.com.br\/emfoco\/wp-content\/uploads\/2026\/03\/ChatGPT-Image-10-de-mar.-de-2026-11_12_21-1.png","width":1280,"height":720,"caption":"Por que o uso di\u00e1rio de sabonete destr\u00f3i a sua imunidade"},{"@type":"BreadcrumbList","@id":"https:\/\/www.em.com.br\/emfoco\/2026\/03\/11\/o-erro-mais-comum-e-usar-sabonete-no-corpo-todo-todos-os-dias-alerta-especialista\/#breadcrumb","itemListElement":[{"@type":"ListItem","position":1,"name":"In\u00edcio","item":"https:\/\/www.em.com.br\/emfoco\/"},{"@type":"ListItem","position":2,"name":"\u201cO erro mais comum \u00e9 usar sabonete no corpo todo todos os dias\u201d, alerta especialista"}]},{"@type":"WebSite","@id":"https:\/\/www.em.com.br\/emfoco\/#website","url":"https:\/\/www.em.com.br\/emfoco\/","name":"Estado de Minas - Em foco","description":"Acompanhe as \u00faltimas not\u00edcias e fique bem informado sobre tudo o que acontece em Minas Gerais, Brasil e no mundo.","potentialAction":[{"@type":"SearchAction","target":{"@type":"EntryPoint","urlTemplate":"https:\/\/www.em.com.br\/emfoco\/?s={search_term_string}"},"query-input":{"@type":"PropertyValueSpecification","valueRequired":true,"valueName":"search_term_string"}}],"inLanguage":"pt-BR"},{"@type":"Person","@id":"https:\/\/www.em.com.br\/emfoco\/#\/schema\/person\/60eda09c1fedf0d6891f4cef4b60b8b8","name":"Andre\u0301 Rangel\u00a0","image":{"@type":"ImageObject","inLanguage":"pt-BR","@id":"https:\/\/www.em.com.br\/emfoco\/#\/schema\/person\/image\/","url":"https:\/\/secure.gravatar.com\/avatar\/6234dc814c77c8ef6d8bba622c787efc?s=96&d=mm&r=g","contentUrl":"https:\/\/secure.gravatar.com\/avatar\/6234dc814c77c8ef6d8bba622c787efc?s=96&d=mm&r=g","caption":"Andre\u0301 Rangel\u00a0"},"url":"https:\/\/www.em.com.br\/emfoco\/author\/luizmyth\/"}]}},"_links":{"self":[{"href":"https:\/\/www.em.com.br\/emfoco\/wp-json\/wp\/v2\/posts\/178401","targetHints":{"allow":["GET"]}}],"collection":[{"href":"https:\/\/www.em.com.br\/emfoco\/wp-json\/wp\/v2\/posts"}],"about":[{"href":"https:\/\/www.em.com.br\/emfoco\/wp-json\/wp\/v2\/types\/post"}],"author":[{"embeddable":true,"href":"https:\/\/www.em.com.br\/emfoco\/wp-json\/wp\/v2\/users\/11"}],"replies":[{"embeddable":true,"href":"https:\/\/www.em.com.br\/emfoco\/wp-json\/wp\/v2\/comments?post=178401"}],"version-history":[{"count":5,"href":"https:\/\/www.em.com.br\/emfoco\/wp-json\/wp\/v2\/posts\/178401\/revisions"}],"predecessor-version":[{"id":179709,"href":"https:\/\/www.em.com.br\/emfoco\/wp-json\/wp\/v2\/posts\/178401\/revisions\/179709"}],"wp:featuredmedia":[{"embeddable":true,"href":"https:\/\/www.em.com.br\/emfoco\/wp-json\/wp\/v2\/media\/179708"}],"wp:attachment":[{"href":"https:\/\/www.em.com.br\/emfoco\/wp-json\/wp\/v2\/media?parent=178401"}],"wp:term":[{"taxonomy":"category","embeddable":true,"href":"https:\/\/www.em.com.br\/emfoco\/wp-json\/wp\/v2\/categories?post=178401"},{"taxonomy":"post_tag","embeddable":true,"href":"https:\/\/www.em.com.br\/emfoco\/wp-json\/wp\/v2\/tags?post=178401"}],"curies":[{"name":"wp","href":"https:\/\/api.w.org\/{rel}","templated":true}]}}