{"id":178399,"date":"2026-03-11T07:55:00","date_gmt":"2026-03-11T10:55:00","guid":{"rendered":"https:\/\/www.em.com.br\/emfoco\/?p=178399"},"modified":"2026-03-10T20:23:36","modified_gmt":"2026-03-10T23:23:36","slug":"dona-de-confeitaria-revela-decisao-surpreendente-demitiu-15-funcionarios-passou-a-trabalhar-sozinha-e-hoje-ganha-o-dobro","status":"publish","type":"post","link":"https:\/\/www.em.com.br\/emfoco\/2026\/03\/11\/dona-de-confeitaria-revela-decisao-surpreendente-demitiu-15-funcionarios-passou-a-trabalhar-sozinha-e-hoje-ganha-o-dobro\/","title":{"rendered":"Dona de confeitaria revela decis\u00e3o surpreendente: demitiu 15 funcion\u00e1rios, passou a trabalhar sozinha e hoje ganha o dobro"},"content":{"rendered":"\n<p>A febre de escalar neg\u00f3cios a qualquer custo est\u00e1 adoecendo milhares de empreendedores, mas a confeiteira espanhola <strong>Noelia Tom\u00e9<\/strong> provou que o verdadeiro sucesso financeiro pode estar no enxugamento radical da sua opera\u00e7\u00e3o. Ap\u00f3s construir um imp\u00e9rio com quinze funcion\u00e1rios e faturar meio milh\u00e3o de euros anuais, a empres\u00e1ria percebeu que a exaust\u00e3o f\u00edsica e mental estava devorando seus lucros e sua paix\u00e3o pela culin\u00e1ria. Ao decidir fechar as portas f\u00edsicas, demitir a equipe e focar no universo digital, ela dobrou a pr\u00f3pria renda, lan\u00e7ou um livro de sucesso e resgatou a sua qualidade de vida.<\/p>\n\n\n\n<h2 class=\"wp-block-heading\">Por que o crescimento descontrolado da confeitaria destruiu os lucros<\/h2>\n\n\n\n<p>A jornada de Noelia come\u00e7ou aos vinte e quatro anos com uma charmosa loja f\u00edsica em <strong>Viladecans<\/strong>, onde a produ\u00e7\u00e3o artesanal rapidamente conquistou uma clientela gigantesca e extremamente fiel. O sucesso imediato nas vendas exigiu a contrata\u00e7\u00e3o acelerada de padeiros e atendentes para dar conta da alta demanda di\u00e1ria.<\/p>\n\n\n\n<p>No entanto, faturar quinhentos mil euros em um \u00fanico ano mascarou uma realidade financeira assustadora, j\u00e1 que o lucro real n\u00e3o passava de vinte mil euros ap\u00f3s quitar todos os custos operacionais. A necessidade imensa de m\u00e3o de obra devorava o faturamento bruto, transformando o sonho empresarial em um pesado fardo.<\/p>\n\n\n\n<figure class=\"wp-block-image size-large\"><img loading=\"lazy\" decoding=\"async\" width=\"1024\" height=\"576\" src=\"https:\/\/www.em.com.br\/emfoco\/wp-content\/uploads\/2026\/03\/ChatGPT-Image-10-de-mar.-de-2026-15_43_12-1-1024x576.png\" alt=\" O sucesso da sua nova rotina criativa nas redes sociais a inspirou\" class=\"wp-image-179778\" srcset=\"https:\/\/www.em.com.br\/emfoco\/wp-content\/uploads\/2026\/03\/ChatGPT-Image-10-de-mar.-de-2026-15_43_12-1-1024x576.png 1024w, https:\/\/www.em.com.br\/emfoco\/wp-content\/uploads\/2026\/03\/ChatGPT-Image-10-de-mar.-de-2026-15_43_12-1-300x169.png 300w, https:\/\/www.em.com.br\/emfoco\/wp-content\/uploads\/2026\/03\/ChatGPT-Image-10-de-mar.-de-2026-15_43_12-1-768x432.png 768w, https:\/\/www.em.com.br\/emfoco\/wp-content\/uploads\/2026\/03\/ChatGPT-Image-10-de-mar.-de-2026-15_43_12-1-750x422.png 750w, https:\/\/www.em.com.br\/emfoco\/wp-content\/uploads\/2026\/03\/ChatGPT-Image-10-de-mar.-de-2026-15_43_12-1-1140x641.png 1140w, https:\/\/www.em.com.br\/emfoco\/wp-content\/uploads\/2026\/03\/ChatGPT-Image-10-de-mar.-de-2026-15_43_12-1.png 1280w\" sizes=\"auto, (max-width: 1024px) 100vw, 1024px\" \/><figcaption class=\"wp-element-caption\"> O sucesso da sua nova rotina criativa nas redes sociais a inspirou<\/figcaption><\/figure>\n\n\n\n<h2 class=\"wp-block-heading\">Os bastidores sombrios de gerenciar uma grande equipe culin\u00e1ria<\/h2>\n\n\n\n<p>O \u00e1pice do esgotamento surgiu com a sobrecarga log\u00edstica de administrar duas <a href=\"https:\/\/www.em.com.br\/emfoco\/2026\/03\/06\/a-loja-de-roupas-mais-popular-do-pais-se-despede-mais-de-25-lojas-fecham-as-portas-e-surpreende-os-clientes\/\" target=\"_blank\" rel=\"noreferrer noopener\">lojas <\/a>simultaneamente, perdendo o controle absoluto sobre o padr\u00e3o de qualidade das suas famosas receitas artesanais. A rotina matinal era dominada pelo medo constante de faltas inesperadas dos funcion\u00e1rios, o que atrasava dezenas de entregas agendadas.<\/p>\n\n\n\n<p>Para compreender a gravidade dessa exaust\u00e3o invis\u00edvel e os motivos que levaram a confeiteira a repensar toda a sua rota profissional de forma dr\u00e1stica, precisamos observar os problemas estruturais di\u00e1rios. Confira os principais obst\u00e1culos enfrentados por quem tenta escalar um neg\u00f3cio dependendo excessivamente de uma grande equipe presencial.<\/p>\n\n\n\n<ul class=\"wp-block-list\">\n<li>Constantes imprevistos com a sa\u00fade e a pontualidade dos funcion\u00e1rios nas primeiras horas da manh\u00e3.<\/li>\n\n\n\n<li>Aumento exponencial dos custos fixos com mat\u00e9rias-primas e sal\u00e1rios que esmagavam a margem de lucro.<\/li>\n\n\n\n<li>Perda da liberdade criativa e do controle de qualidade r\u00edgido na execu\u00e7\u00e3o das receitas mais complexas.<\/li>\n\n\n\n<li>N\u00edveis alt\u00edssimos de ansiedade e estresse cr\u00f4nico ao gerenciar conflitos de m\u00faltiplas lojas simultaneamente.<\/li>\n<\/ul>\n\n\n\n<h2 class=\"wp-block-heading\">Como a estrat\u00e9gia digital salvou a sa\u00fade mental da empres\u00e1ria<\/h2>\n\n\n\n<p>A virada de chave aconteceu quando Noelia percebeu que o ambiente digital oferecia uma vitrine infinita e muito mais barata do que manter um espa\u00e7o f\u00edsico com atendentes ociosos. Ela fechou a cafeteria e passou a utilizar o enorme poder da internet para encontrar clientes ideais, vendendo apenas sob encomenda.<\/p>\n\n\n\n<p>Essa <a href=\"https:\/\/sebrae.com.br\/sites\/PortalSebrae\/ufs\/pe\/artigos\/revisao-de-modelo-de-negocio-como-fazer-nesta-retomada,5797825d69624710VgnVCM1000004c00210aRCRD\" target=\"_blank\" rel=\"noreferrer noopener\">mudan\u00e7a dr\u00e1stica de modelo de neg\u00f3cios<\/a> eliminou os custos com alugu\u00e9is caros e folha de pagamento, devolvendo a paz de esp\u00edrito vital para focar na culin\u00e1ria inteligente e rent\u00e1vel. Ao trabalhar sozinha, ela recuperou o prazer aut\u00eantico de cozinhar e viu a sua rentabilidade disparar de forma impressionante e imediata.<\/p>\n\n\n\n<figure class=\"wp-block-image size-large\"><img loading=\"lazy\" decoding=\"async\" width=\"1024\" height=\"576\" src=\"https:\/\/www.em.com.br\/emfoco\/wp-content\/uploads\/2026\/03\/ChatGPT-Image-10-de-mar.-de-2026-15_44_21-1-1024x576.png\" alt=\" O sucesso da sua nova rotina criativa nas redes sociais a inspirou\" class=\"wp-image-179779\" srcset=\"https:\/\/www.em.com.br\/emfoco\/wp-content\/uploads\/2026\/03\/ChatGPT-Image-10-de-mar.-de-2026-15_44_21-1-1024x576.png 1024w, https:\/\/www.em.com.br\/emfoco\/wp-content\/uploads\/2026\/03\/ChatGPT-Image-10-de-mar.-de-2026-15_44_21-1-300x169.png 300w, https:\/\/www.em.com.br\/emfoco\/wp-content\/uploads\/2026\/03\/ChatGPT-Image-10-de-mar.-de-2026-15_44_21-1-768x432.png 768w, https:\/\/www.em.com.br\/emfoco\/wp-content\/uploads\/2026\/03\/ChatGPT-Image-10-de-mar.-de-2026-15_44_21-1-750x422.png 750w, https:\/\/www.em.com.br\/emfoco\/wp-content\/uploads\/2026\/03\/ChatGPT-Image-10-de-mar.-de-2026-15_44_21-1-1140x641.png 1140w, https:\/\/www.em.com.br\/emfoco\/wp-content\/uploads\/2026\/03\/ChatGPT-Image-10-de-mar.-de-2026-15_44_21-1.png 1280w\" sizes=\"auto, (max-width: 1024px) 100vw, 1024px\" \/><figcaption class=\"wp-element-caption\"> O sucesso da sua nova rotina criativa nas redes sociais a inspirou<\/figcaption><\/figure>\n\n\n\n<h2 class=\"wp-block-heading\">O poder da diversifica\u00e7\u00e3o de conte\u00fado e a publica\u00e7\u00e3o de um livro<\/h2>\n\n\n\n<p>Em vez de vender apenas bolos f\u00edsicos, a confeiteira transformou a sua expertise em um modelo escal\u00e1vel atrav\u00e9s da cria\u00e7\u00e3o de cursos e pe\u00e7as de publicidade digital muito bem elaboradas. O sucesso da sua nova rotina criativa nas redes sociais a inspirou a escrever e lan\u00e7ar o seu pr\u00f3prio livro de confeitaria.<\/p>\n\n\n\n<p>O dom\u00ednio da escrita persuasiva e a produ\u00e7\u00e3o de conte\u00fado educacional permitiram que ela monetizasse o pr\u00f3prio conhecimento de forma inteligente, sem depender de esfor\u00e7o f\u00edsico exaustivo e horas na cozinha. Essa transi\u00e7\u00e3o brilhante para a economia criativa prova que o planejamento estrat\u00e9gico e a auditoria de processos valem muito mais do que o trabalho bra\u00e7al.<\/p>\n\n\n\n<h2 class=\"wp-block-heading\">Qual o momento exato para reinventar a sua rota profissional<\/h2>\n\n\n\n<p>O relato corajoso desta empres\u00e1ria \u00e9 um alerta poderoso para quem vive aprisionado em neg\u00f3cios que faturam milh\u00f5es, mas que destroem a sa\u00fade f\u00edsica, a sanidade mental e a harmonia familiar. Reduzir o tamanho da sua opera\u00e7\u00e3o e focar no digital \u00e9 uma atitude de extrema intelig\u00eancia financeira e um ato de sobreviv\u00eancia.<\/p>\n\n\n\n<p>N\u00e3o permita que o orgulho ou o medo da mudan\u00e7a mantenham voc\u00ea ref\u00e9m de uma rotina profissional exaustiva que suga a sua energia vital e afasta voc\u00ea da sua fam\u00edlia! Resgate a sua coragem interior agora mesmo, audite os n\u00fameros da sua vida hoje, enxugue a sua opera\u00e7\u00e3o com urg\u00eancia e liberte-se para voltar a brilhar!<\/p>\n\n\n\n<p><\/p>\n","protected":false},"excerpt":{"rendered":"<p>A febre de escalar neg\u00f3cios a qualquer custo est\u00e1 adoecendo milhares de empreendedores, mas a confeiteira espanhola Noelia Tom\u00e9 provou que o verdadeiro sucesso financeiro pode estar no enxugamento radical da sua opera\u00e7\u00e3o. Ap\u00f3s construir um imp\u00e9rio com quinze funcion\u00e1rios e faturar meio milh\u00e3o de euros anuais, a empres\u00e1ria percebeu que a exaust\u00e3o f\u00edsica e [&hellip;]<\/p>\n","protected":false},"author":11,"featured_media":179777,"comment_status":"open","ping_status":"open","sticky":false,"template":"","format":"standard","meta":{"jnews-multi-image_gallery":[],"jnews_single_post":{"format":"standard"},"jnews_primary_category":[],"jnews_social_meta":[],"jnews_override_counter":[],"footnotes":""},"categories":[28,1],"tags":[25808,13010,337,25809,25810],"class_list":["post-178399","post","type-post","status-publish","format-standard","has-post-thumbnail","hentry","category-economia","category-noticias","tag-fechou-lojas-fisicas","tag-lucros","tag-negocios","tag-reduzir-o-negocio","tag-trabalhar-online"],"yoast_head":"<!-- This site is optimized with the Yoast SEO plugin v23.8 - https:\/\/yoast.com\/wordpress\/plugins\/seo\/ -->\n<title>Dona de confeitaria revela decis\u00e3o surpreendente: demitiu 15 funcion\u00e1rios, passou a trabalhar sozinha e hoje ganha o dobro - Estado de Minas - Em foco<\/title>\n<meta name=\"description\" content=\"Confeiteira espanhola fechou lojas f\u00edsicas e dobrou sua renda ao focar no digital. A hist\u00f3ria revela uma nova forma de empreender.\" \/>\n<meta name=\"robots\" content=\"index, follow, max-snippet:-1, max-image-preview:large, max-video-preview:-1\" \/>\n<link rel=\"canonical\" href=\"https:\/\/www.em.com.br\/emfoco\/2026\/03\/11\/dona-de-confeitaria-revela-decisao-surpreendente-demitiu-15-funcionarios-passou-a-trabalhar-sozinha-e-hoje-ganha-o-dobro\/\" \/>\n<meta property=\"og:locale\" content=\"pt_BR\" \/>\n<meta property=\"og:type\" content=\"article\" \/>\n<meta property=\"og:title\" content=\"Dona de confeitaria revela decis\u00e3o surpreendente: demitiu 15 funcion\u00e1rios, passou a trabalhar sozinha e hoje ganha o dobro - Estado de Minas - Em foco\" \/>\n<meta property=\"og:description\" content=\"Confeiteira espanhola fechou lojas f\u00edsicas e dobrou sua renda ao focar no digital. A hist\u00f3ria revela uma nova forma de empreender.\" \/>\n<meta property=\"og:url\" content=\"https:\/\/www.em.com.br\/emfoco\/2026\/03\/11\/dona-de-confeitaria-revela-decisao-surpreendente-demitiu-15-funcionarios-passou-a-trabalhar-sozinha-e-hoje-ganha-o-dobro\/\" \/>\n<meta property=\"og:site_name\" content=\"Estado de Minas - Em foco\" \/>\n<meta property=\"article:published_time\" content=\"2026-03-11T10:55:00+00:00\" \/>\n<meta property=\"article:modified_time\" content=\"2026-03-10T23:23:36+00:00\" \/>\n<meta property=\"og:image\" content=\"https:\/\/www.em.com.br\/emfoco\/wp-content\/uploads\/2026\/03\/ChatGPT-Image-10-de-mar.-de-2026-15_41_13-1.png\" \/>\n\t<meta property=\"og:image:width\" content=\"1280\" \/>\n\t<meta property=\"og:image:height\" content=\"720\" \/>\n\t<meta property=\"og:image:type\" content=\"image\/png\" \/>\n<meta name=\"author\" content=\"Andre\u0301 Rangel\u00a0\" \/>\n<meta name=\"twitter:card\" content=\"summary_large_image\" \/>\n<meta name=\"twitter:label1\" content=\"Escrito por\" \/>\n\t<meta name=\"twitter:data1\" content=\"Andre\u0301 Rangel\u00a0\" \/>\n\t<meta name=\"twitter:label2\" content=\"Est. tempo de leitura\" \/>\n\t<meta name=\"twitter:data2\" content=\"5 minutos\" \/>\n<!-- \/ Yoast SEO plugin. -->","yoast_head_json":{"title":"Dona de confeitaria revela decis\u00e3o surpreendente: demitiu 15 funcion\u00e1rios, passou a trabalhar sozinha e hoje ganha o dobro - Estado de Minas - Em foco","description":"Confeiteira espanhola fechou lojas f\u00edsicas e dobrou sua renda ao focar no digital. A hist\u00f3ria revela uma nova forma de empreender.","robots":{"index":"index","follow":"follow","max-snippet":"max-snippet:-1","max-image-preview":"max-image-preview:large","max-video-preview":"max-video-preview:-1"},"canonical":"https:\/\/www.em.com.br\/emfoco\/2026\/03\/11\/dona-de-confeitaria-revela-decisao-surpreendente-demitiu-15-funcionarios-passou-a-trabalhar-sozinha-e-hoje-ganha-o-dobro\/","og_locale":"pt_BR","og_type":"article","og_title":"Dona de confeitaria revela decis\u00e3o surpreendente: demitiu 15 funcion\u00e1rios, passou a trabalhar sozinha e hoje ganha o dobro - Estado de Minas - Em foco","og_description":"Confeiteira espanhola fechou lojas f\u00edsicas e dobrou sua renda ao focar no digital. A hist\u00f3ria revela uma nova forma de empreender.","og_url":"https:\/\/www.em.com.br\/emfoco\/2026\/03\/11\/dona-de-confeitaria-revela-decisao-surpreendente-demitiu-15-funcionarios-passou-a-trabalhar-sozinha-e-hoje-ganha-o-dobro\/","og_site_name":"Estado de Minas - Em foco","article_published_time":"2026-03-11T10:55:00+00:00","article_modified_time":"2026-03-10T23:23:36+00:00","og_image":[{"width":1280,"height":720,"url":"https:\/\/www.em.com.br\/emfoco\/wp-content\/uploads\/2026\/03\/ChatGPT-Image-10-de-mar.-de-2026-15_41_13-1.png","type":"image\/png"}],"author":"Andre\u0301 Rangel\u00a0","twitter_card":"summary_large_image","twitter_misc":{"Escrito por":"Andre\u0301 Rangel\u00a0","Est. tempo de leitura":"5 minutos"},"schema":{"@context":"https:\/\/schema.org","@graph":[{"@type":"WebPage","@id":"https:\/\/www.em.com.br\/emfoco\/2026\/03\/11\/dona-de-confeitaria-revela-decisao-surpreendente-demitiu-15-funcionarios-passou-a-trabalhar-sozinha-e-hoje-ganha-o-dobro\/","url":"https:\/\/www.em.com.br\/emfoco\/2026\/03\/11\/dona-de-confeitaria-revela-decisao-surpreendente-demitiu-15-funcionarios-passou-a-trabalhar-sozinha-e-hoje-ganha-o-dobro\/","name":"Dona de confeitaria revela decis\u00e3o surpreendente: demitiu 15 funcion\u00e1rios, passou a trabalhar sozinha e hoje ganha o dobro - Estado de Minas - Em foco","isPartOf":{"@id":"https:\/\/www.em.com.br\/emfoco\/#website"},"primaryImageOfPage":{"@id":"https:\/\/www.em.com.br\/emfoco\/2026\/03\/11\/dona-de-confeitaria-revela-decisao-surpreendente-demitiu-15-funcionarios-passou-a-trabalhar-sozinha-e-hoje-ganha-o-dobro\/#primaryimage"},"image":{"@id":"https:\/\/www.em.com.br\/emfoco\/2026\/03\/11\/dona-de-confeitaria-revela-decisao-surpreendente-demitiu-15-funcionarios-passou-a-trabalhar-sozinha-e-hoje-ganha-o-dobro\/#primaryimage"},"thumbnailUrl":"https:\/\/www.em.com.br\/emfoco\/wp-content\/uploads\/2026\/03\/ChatGPT-Image-10-de-mar.-de-2026-15_41_13-1.png","datePublished":"2026-03-11T10:55:00+00:00","dateModified":"2026-03-10T23:23:36+00:00","author":{"@id":"https:\/\/www.em.com.br\/emfoco\/#\/schema\/person\/60eda09c1fedf0d6891f4cef4b60b8b8"},"description":"Confeiteira espanhola fechou lojas f\u00edsicas e dobrou sua renda ao focar no digital. A hist\u00f3ria revela uma nova forma de empreender.","breadcrumb":{"@id":"https:\/\/www.em.com.br\/emfoco\/2026\/03\/11\/dona-de-confeitaria-revela-decisao-surpreendente-demitiu-15-funcionarios-passou-a-trabalhar-sozinha-e-hoje-ganha-o-dobro\/#breadcrumb"},"inLanguage":"pt-BR","potentialAction":[{"@type":"ReadAction","target":["https:\/\/www.em.com.br\/emfoco\/2026\/03\/11\/dona-de-confeitaria-revela-decisao-surpreendente-demitiu-15-funcionarios-passou-a-trabalhar-sozinha-e-hoje-ganha-o-dobro\/"]}]},{"@type":"ImageObject","inLanguage":"pt-BR","@id":"https:\/\/www.em.com.br\/emfoco\/2026\/03\/11\/dona-de-confeitaria-revela-decisao-surpreendente-demitiu-15-funcionarios-passou-a-trabalhar-sozinha-e-hoje-ganha-o-dobro\/#primaryimage","url":"https:\/\/www.em.com.br\/emfoco\/wp-content\/uploads\/2026\/03\/ChatGPT-Image-10-de-mar.-de-2026-15_41_13-1.png","contentUrl":"https:\/\/www.em.com.br\/emfoco\/wp-content\/uploads\/2026\/03\/ChatGPT-Image-10-de-mar.-de-2026-15_41_13-1.png","width":1280,"height":720,"caption":"O sucesso da sua nova rotina criativa nas redes sociais a inspirou"},{"@type":"BreadcrumbList","@id":"https:\/\/www.em.com.br\/emfoco\/2026\/03\/11\/dona-de-confeitaria-revela-decisao-surpreendente-demitiu-15-funcionarios-passou-a-trabalhar-sozinha-e-hoje-ganha-o-dobro\/#breadcrumb","itemListElement":[{"@type":"ListItem","position":1,"name":"In\u00edcio","item":"https:\/\/www.em.com.br\/emfoco\/"},{"@type":"ListItem","position":2,"name":"Dona de confeitaria revela decis\u00e3o surpreendente: demitiu 15 funcion\u00e1rios, passou a trabalhar sozinha e hoje ganha o dobro"}]},{"@type":"WebSite","@id":"https:\/\/www.em.com.br\/emfoco\/#website","url":"https:\/\/www.em.com.br\/emfoco\/","name":"Estado de Minas - Em foco","description":"Acompanhe as \u00faltimas not\u00edcias e fique bem informado sobre tudo o que acontece em Minas Gerais, Brasil e no mundo.","potentialAction":[{"@type":"SearchAction","target":{"@type":"EntryPoint","urlTemplate":"https:\/\/www.em.com.br\/emfoco\/?s={search_term_string}"},"query-input":{"@type":"PropertyValueSpecification","valueRequired":true,"valueName":"search_term_string"}}],"inLanguage":"pt-BR"},{"@type":"Person","@id":"https:\/\/www.em.com.br\/emfoco\/#\/schema\/person\/60eda09c1fedf0d6891f4cef4b60b8b8","name":"Andre\u0301 Rangel\u00a0","image":{"@type":"ImageObject","inLanguage":"pt-BR","@id":"https:\/\/www.em.com.br\/emfoco\/#\/schema\/person\/image\/","url":"https:\/\/secure.gravatar.com\/avatar\/6234dc814c77c8ef6d8bba622c787efc?s=96&d=mm&r=g","contentUrl":"https:\/\/secure.gravatar.com\/avatar\/6234dc814c77c8ef6d8bba622c787efc?s=96&d=mm&r=g","caption":"Andre\u0301 Rangel\u00a0"},"url":"https:\/\/www.em.com.br\/emfoco\/author\/luizmyth\/"}]}},"_links":{"self":[{"href":"https:\/\/www.em.com.br\/emfoco\/wp-json\/wp\/v2\/posts\/178399","targetHints":{"allow":["GET"]}}],"collection":[{"href":"https:\/\/www.em.com.br\/emfoco\/wp-json\/wp\/v2\/posts"}],"about":[{"href":"https:\/\/www.em.com.br\/emfoco\/wp-json\/wp\/v2\/types\/post"}],"author":[{"embeddable":true,"href":"https:\/\/www.em.com.br\/emfoco\/wp-json\/wp\/v2\/users\/11"}],"replies":[{"embeddable":true,"href":"https:\/\/www.em.com.br\/emfoco\/wp-json\/wp\/v2\/comments?post=178399"}],"version-history":[{"count":4,"href":"https:\/\/www.em.com.br\/emfoco\/wp-json\/wp\/v2\/posts\/178399\/revisions"}],"predecessor-version":[{"id":179780,"href":"https:\/\/www.em.com.br\/emfoco\/wp-json\/wp\/v2\/posts\/178399\/revisions\/179780"}],"wp:featuredmedia":[{"embeddable":true,"href":"https:\/\/www.em.com.br\/emfoco\/wp-json\/wp\/v2\/media\/179777"}],"wp:attachment":[{"href":"https:\/\/www.em.com.br\/emfoco\/wp-json\/wp\/v2\/media?parent=178399"}],"wp:term":[{"taxonomy":"category","embeddable":true,"href":"https:\/\/www.em.com.br\/emfoco\/wp-json\/wp\/v2\/categories?post=178399"},{"taxonomy":"post_tag","embeddable":true,"href":"https:\/\/www.em.com.br\/emfoco\/wp-json\/wp\/v2\/tags?post=178399"}],"curies":[{"name":"wp","href":"https:\/\/api.w.org\/{rel}","templated":true}]}}