{"id":178396,"date":"2026-03-11T06:05:00","date_gmt":"2026-03-11T09:05:00","guid":{"rendered":"https:\/\/www.em.com.br\/emfoco\/?p=178396"},"modified":"2026-03-10T20:22:36","modified_gmt":"2026-03-10T23:22:36","slug":"empresario-espanhol-dispara-o-acougueiro-da-esquina-vale-mais-do-que-muitos-empreendedores-das-redes-sociais","status":"publish","type":"post","link":"https:\/\/www.em.com.br\/emfoco\/2026\/03\/11\/empresario-espanhol-dispara-o-acougueiro-da-esquina-vale-mais-do-que-muitos-empreendedores-das-redes-sociais\/","title":{"rendered":"Empres\u00e1rio espanhol dispara: \u201cO a\u00e7ougueiro da esquina vale mais do que muitos empreendedores das redes sociais\u201d"},"content":{"rendered":"\n<p>A febre de ostentar um sucesso irreal na internet criou uma ilus\u00e3o perigosa sobre o que significa ter o pr\u00f3prio neg\u00f3cio em 2026. Enquanto influenciadores digitais exibem um luxo fabricado, o verdadeiro motor financeiro da sociedade luta diariamente nos bairros de forma invis\u00edvel, silenciosa e exaustiva. O desabafo contundente do bilion\u00e1rio espanhol <strong>Jos\u00e9 El\u00edas <\/strong>joga luz sobre os guerreiros da vida real: padeiros, a\u00e7ougueiros e encanadores que arriscam o patrim\u00f4nio da fam\u00edlia para manter as portas abertas.<\/p>\n\n\n\n<h2 class=\"wp-block-heading\">Quem s\u00e3o os verdadeiros her\u00f3is da economia local<\/h2>\n\n\n\n<p>Para o experiente CEO da <strong>Audax Renovables<\/strong>, o brilho artificial das revistas de neg\u00f3cios ofusca severamente quem faz a roda da sociedade girar com dignidade. Os aut\u00eanticos empreendedores n\u00e3o s\u00e3o aqueles que vendem f\u00f3rmulas m\u00e1gicas de enriquecimento online, mas sim os dedicados comerciantes locais que acordam de madrugada para trabalhar pesadamente.<\/p>\n\n\n\n<p>S\u00e3o os donos de pequenos neg\u00f3cios que hipotecam a pr\u00f3pria casa sem hesitar e investem as economias de uma vida inteira para abrir uma loja. Essa coragem de enfrentar um mercado feroz tem um valor infinitamente maior do que qualquer discurso motivacional vazio das redes sociais atuais.<\/p>\n\n\n\n<figure class=\"wp-block-image size-large\"><img loading=\"lazy\" decoding=\"async\" width=\"1024\" height=\"576\" src=\"https:\/\/www.em.com.br\/emfoco\/wp-content\/uploads\/2026\/03\/ChatGPT-Image-10-de-mar.-de-2026-15_50_13-1-1024x576.png\" alt=\"As injusti\u00e7as de um sistema que pune quem trabalha por conta pr\u00f3pria\" class=\"wp-image-179783\" srcset=\"https:\/\/www.em.com.br\/emfoco\/wp-content\/uploads\/2026\/03\/ChatGPT-Image-10-de-mar.-de-2026-15_50_13-1-1024x576.png 1024w, https:\/\/www.em.com.br\/emfoco\/wp-content\/uploads\/2026\/03\/ChatGPT-Image-10-de-mar.-de-2026-15_50_13-1-300x169.png 300w, https:\/\/www.em.com.br\/emfoco\/wp-content\/uploads\/2026\/03\/ChatGPT-Image-10-de-mar.-de-2026-15_50_13-1-768x432.png 768w, https:\/\/www.em.com.br\/emfoco\/wp-content\/uploads\/2026\/03\/ChatGPT-Image-10-de-mar.-de-2026-15_50_13-1-750x422.png 750w, https:\/\/www.em.com.br\/emfoco\/wp-content\/uploads\/2026\/03\/ChatGPT-Image-10-de-mar.-de-2026-15_50_13-1-1140x641.png 1140w, https:\/\/www.em.com.br\/emfoco\/wp-content\/uploads\/2026\/03\/ChatGPT-Image-10-de-mar.-de-2026-15_50_13-1.png 1280w\" sizes=\"auto, (max-width: 1024px) 100vw, 1024px\" \/><figcaption class=\"wp-element-caption\">As injusti\u00e7as de um sistema que pune quem trabalha por conta pr\u00f3pria<\/figcaption><\/figure>\n\n\n\n<h2 class=\"wp-block-heading\">Por que a realidade do trabalhador aut\u00f4nomo \u00e9 t\u00e3o dura<\/h2>\n\n\n\n<p>Longe do glamour digital vendido por falsos gurus, os pequenos empres\u00e1rios enfrentam um cen\u00e1rio macroecon\u00f4mico esmagador que afeta diretamente a seguran\u00e7a de suas fam\u00edlias. Dados oficiais revelam que setenta e tr\u00eas por cento dos <a href=\"https:\/\/www.em.com.br\/emfoco\/2026\/01\/26\/autonomos-ganham-isencao-total-de-ir-ate-r-5-mil-por-mes-em-2026-mas-quem-nao-se-adaptar-as-novas-regras-pode-cair-na-malha-fina\/\" target=\"_blank\" rel=\"noreferrer noopener\">aut\u00f4nomos <\/a>enxergam a economia com extremo pessimismo, sofrendo amargamente com quedas bruscas no faturamento mensal.<\/p>\n\n\n\n<p>O lucro apertado do m\u00eas n\u00e3o serve para comprar carros esportivos importados, mas sim para garantir a sobreviv\u00eancia cont\u00ednua do pr\u00f3prio neg\u00f3cio. Todo o dinheiro arrecadado \u00e9 imediatamente repassado para honrar compromissos inadi\u00e1veis, como o pagamento vital de fornecedores e os sal\u00e1rios da equipe.<\/p>\n\n\n\n<h2 class=\"wp-block-heading\">As injusti\u00e7as de um sistema que pune quem trabalha por conta pr\u00f3pria<\/h2>\n\n\n\n<p>O grande drama do pequeno comerciante \u00e9 tentar sobreviver a uma legisla\u00e7\u00e3o tribut\u00e1ria cega, que o trata da mesma forma que uma gigantesca multinacional. Um profissional que fatura trinta mil euros por ano sofre as mesm\u00edssimas press\u00f5es burocr\u00e1ticas de empresas milion\u00e1rias, sufocando sua capacidade de inova\u00e7\u00e3o.<\/p>\n\n\n\n<p>A extenuante rotina de quem empreende \u00e9 marcada pela completa aus\u00eancia de garantias trabalhistas e por uma vulnerabilidade financeira cr\u00f4nica. Para compreender a real dimens\u00e3o desse sacrif\u00edcio que permanece invis\u00edvel aos olhos do governo, veja as principais dificuldades enfrentadas por esses profissionais locais essenciais.<\/p>\n\n\n\n<ul class=\"wp-block-list\">\n<li>Impossibilidade absoluta de tirar uma licen\u00e7a m\u00e9dica para cuidar da sa\u00fade sem perder a renda do m\u00eas.<\/li>\n\n\n\n<li>Aus\u00eancia do direito b\u00e1sico de usufruir de uma licen\u00e7a-maternidade ou paternidade digna com a fam\u00edlia.<\/li>\n\n\n\n<li>Margens de lucro sufocadas e espremidas impiedosamente pelos alt\u00edssimos custos comerciais e contas de luz.<\/li>\n\n\n\n<li>Depend\u00eancia arriscada e constante de poucos clientes fi\u00e9is para conseguir garantir o sustento do lar.<\/li>\n<\/ul>\n\n\n\n<figure class=\"wp-block-image size-large\"><img loading=\"lazy\" decoding=\"async\" width=\"1024\" height=\"576\" src=\"https:\/\/www.em.com.br\/emfoco\/wp-content\/uploads\/2026\/03\/ChatGPT-Image-10-de-mar.-de-2026-15_52_45-1-1024x576.png\" alt=\"As injusti\u00e7as de um sistema que pune quem trabalha por conta pr\u00f3pria\" class=\"wp-image-179784\" srcset=\"https:\/\/www.em.com.br\/emfoco\/wp-content\/uploads\/2026\/03\/ChatGPT-Image-10-de-mar.-de-2026-15_52_45-1-1024x576.png 1024w, https:\/\/www.em.com.br\/emfoco\/wp-content\/uploads\/2026\/03\/ChatGPT-Image-10-de-mar.-de-2026-15_52_45-1-300x169.png 300w, https:\/\/www.em.com.br\/emfoco\/wp-content\/uploads\/2026\/03\/ChatGPT-Image-10-de-mar.-de-2026-15_52_45-1-768x432.png 768w, https:\/\/www.em.com.br\/emfoco\/wp-content\/uploads\/2026\/03\/ChatGPT-Image-10-de-mar.-de-2026-15_52_45-1-750x422.png 750w, https:\/\/www.em.com.br\/emfoco\/wp-content\/uploads\/2026\/03\/ChatGPT-Image-10-de-mar.-de-2026-15_52_45-1-1140x641.png 1140w, https:\/\/www.em.com.br\/emfoco\/wp-content\/uploads\/2026\/03\/ChatGPT-Image-10-de-mar.-de-2026-15_52_45-1.png 1280w\" sizes=\"auto, (max-width: 1024px) 100vw, 1024px\" \/><figcaption class=\"wp-element-caption\">As injusti\u00e7as de um sistema que pune quem trabalha por conta pr\u00f3pria<\/figcaption><\/figure>\n\n\n\n<h2 class=\"wp-block-heading\">Como as pol\u00edticas de outros pa\u00edses protegem os pequenos neg\u00f3cios<\/h2>\n\n\n\n<p><a href=\"https:\/\/www.linkedin.com\/posts\/jose-elias-navarro_los-empresarios-de-verdad-no-salen-en-forbes-activity-7383499314360123393-HYHv\/?utm_source=share&amp;utm_medium=member_desktop&amp;rcm=ACoAADUa_rYBY6VIEJh9x3Vu3WiporomsQDODfw\" target=\"_blank\" rel=\"noreferrer noopener\">O desabafo de Jos\u00e9 El\u00edas em sua conta do Linkedin<\/a>, ele levanta um debate social urgente sobre a necessidade de adaptar a cobran\u00e7a de impostos ao tamanho de cada empresa. Especialistas apontam que aplicar a mesma r\u00e9gua tribut\u00e1ria para todos \u00e9 uma covardia que acelera drasticamente a fal\u00eancia precoce de padarias e oficinas mec\u00e2nicas.<\/p>\n\n\n\n<p>Pa\u00edses desenvolvidos, como Alemanha e Fran\u00e7a, j\u00e1 entenderam claramente que oferecer incentivos e criar pol\u00edticas fiscais diferenciadas \u00e9 o segredo para fortalecer a economia interna. Proteger ativamente o trabalhador aut\u00f4nomo eleva a competitividade nacional e garante a sobreviv\u00eancia de neg\u00f3cios que geram empregos nas nossas comunidades.<\/p>\n\n\n\n<h2 class=\"wp-block-heading\">Qual o momento de valorizar quem constr\u00f3i a nossa comunidade<\/h2>\n\n\n\n<p>Reconhecer o esfor\u00e7o colossal do a\u00e7ougueiro da esquina e da dona do sal\u00e3o de beleza \u00e9 um dever \u00e9tico de todos n\u00f3s como consumidores conscientes. O verdadeiro e louv\u00e1vel empreendedorismo \u00e9 forjado diariamente no suor do trabalho honesto e na resili\u00eancia inabal\u00e1vel de quem n\u00e3o desiste diante de tantas barreiras burocr\u00e1ticas e injustas.<\/p>\n\n\n\n<p>N\u00e3o deixe que o com\u00e9rcio local do seu bairro desapare\u00e7a para sempre, engolido pelas crises e pelas grandes corpora\u00e7\u00f5es sem rosto e empatia! Levante-se agora mesmo, apoie financeiramente o pequeno empres\u00e1rio da sua rua, valorize quem trabalha de verdade e ajude a fortalecer a sua comunidade hoje mesmo!<\/p>\n\n\n\n<p><\/p>\n","protected":false},"excerpt":{"rendered":"<p>A febre de ostentar um sucesso irreal na internet criou uma ilus\u00e3o perigosa sobre o que significa ter o pr\u00f3prio neg\u00f3cio em 2026. Enquanto influenciadores digitais exibem um luxo fabricado, o verdadeiro motor financeiro da sociedade luta diariamente nos bairros de forma invis\u00edvel, silenciosa e exaustiva. O desabafo contundente do bilion\u00e1rio espanhol Jos\u00e9 El\u00edas joga [&hellip;]<\/p>\n","protected":false},"author":11,"featured_media":179782,"comment_status":"open","ping_status":"open","sticky":false,"template":"","format":"standard","meta":{"jnews-multi-image_gallery":[],"jnews_single_post":{"format":"standard"},"jnews_primary_category":[],"jnews_social_meta":[],"jnews_override_counter":[],"footnotes":""},"categories":[28,1],"tags":[4932,160,738,25811,337],"class_list":["post-178396","post","type-post","status-publish","format-standard","has-post-thumbnail","hentry","category-economia","category-noticias","tag-autonomos","tag-economia","tag-empreendedorismo","tag-empresarios","tag-negocios"],"yoast_head":"<!-- This site is optimized with the Yoast SEO plugin v23.8 - https:\/\/yoast.com\/wordpress\/plugins\/seo\/ -->\n<title>Empres\u00e1rio espanhol dispara: \u201cO a\u00e7ougueiro da esquina vale mais do que muitos empreendedores das redes sociais\u201d - Estado de Minas - Em foco<\/title>\n<meta name=\"description\" content=\"Desabafo de bilion\u00e1rio espanhol reacende debate sobre a realidade dos pequenos neg\u00f3cios e aut\u00f4nomos que sustentam a economia.\" \/>\n<meta name=\"robots\" content=\"index, follow, max-snippet:-1, max-image-preview:large, max-video-preview:-1\" \/>\n<link rel=\"canonical\" href=\"https:\/\/www.em.com.br\/emfoco\/2026\/03\/11\/empresario-espanhol-dispara-o-acougueiro-da-esquina-vale-mais-do-que-muitos-empreendedores-das-redes-sociais\/\" \/>\n<meta property=\"og:locale\" content=\"pt_BR\" \/>\n<meta property=\"og:type\" content=\"article\" \/>\n<meta property=\"og:title\" content=\"Empres\u00e1rio espanhol dispara: \u201cO a\u00e7ougueiro da esquina vale mais do que muitos empreendedores das redes sociais\u201d - Estado de Minas - Em foco\" \/>\n<meta property=\"og:description\" content=\"Desabafo de bilion\u00e1rio espanhol reacende debate sobre a realidade dos pequenos neg\u00f3cios e aut\u00f4nomos que sustentam a economia.\" \/>\n<meta property=\"og:url\" content=\"https:\/\/www.em.com.br\/emfoco\/2026\/03\/11\/empresario-espanhol-dispara-o-acougueiro-da-esquina-vale-mais-do-que-muitos-empreendedores-das-redes-sociais\/\" \/>\n<meta property=\"og:site_name\" content=\"Estado de Minas - Em foco\" \/>\n<meta property=\"article:published_time\" content=\"2026-03-11T09:05:00+00:00\" \/>\n<meta property=\"article:modified_time\" content=\"2026-03-10T23:22:36+00:00\" \/>\n<meta property=\"og:image\" content=\"https:\/\/www.em.com.br\/emfoco\/wp-content\/uploads\/2026\/03\/ChatGPT-Image-10-de-mar.-de-2026-15_48_52-1.png\" \/>\n\t<meta property=\"og:image:width\" content=\"1280\" \/>\n\t<meta property=\"og:image:height\" content=\"720\" \/>\n\t<meta property=\"og:image:type\" content=\"image\/png\" \/>\n<meta name=\"author\" content=\"Andre\u0301 Rangel\u00a0\" \/>\n<meta name=\"twitter:card\" content=\"summary_large_image\" \/>\n<meta name=\"twitter:label1\" content=\"Escrito por\" \/>\n\t<meta name=\"twitter:data1\" content=\"Andre\u0301 Rangel\u00a0\" \/>\n\t<meta name=\"twitter:label2\" content=\"Est. tempo de leitura\" \/>\n\t<meta name=\"twitter:data2\" content=\"5 minutos\" \/>\n<!-- \/ Yoast SEO plugin. -->","yoast_head_json":{"title":"Empres\u00e1rio espanhol dispara: \u201cO a\u00e7ougueiro da esquina vale mais do que muitos empreendedores das redes sociais\u201d - Estado de Minas - Em foco","description":"Desabafo de bilion\u00e1rio espanhol reacende debate sobre a realidade dos pequenos neg\u00f3cios e aut\u00f4nomos que sustentam a economia.","robots":{"index":"index","follow":"follow","max-snippet":"max-snippet:-1","max-image-preview":"max-image-preview:large","max-video-preview":"max-video-preview:-1"},"canonical":"https:\/\/www.em.com.br\/emfoco\/2026\/03\/11\/empresario-espanhol-dispara-o-acougueiro-da-esquina-vale-mais-do-que-muitos-empreendedores-das-redes-sociais\/","og_locale":"pt_BR","og_type":"article","og_title":"Empres\u00e1rio espanhol dispara: \u201cO a\u00e7ougueiro da esquina vale mais do que muitos empreendedores das redes sociais\u201d - Estado de Minas - Em foco","og_description":"Desabafo de bilion\u00e1rio espanhol reacende debate sobre a realidade dos pequenos neg\u00f3cios e aut\u00f4nomos que sustentam a economia.","og_url":"https:\/\/www.em.com.br\/emfoco\/2026\/03\/11\/empresario-espanhol-dispara-o-acougueiro-da-esquina-vale-mais-do-que-muitos-empreendedores-das-redes-sociais\/","og_site_name":"Estado de Minas - Em foco","article_published_time":"2026-03-11T09:05:00+00:00","article_modified_time":"2026-03-10T23:22:36+00:00","og_image":[{"width":1280,"height":720,"url":"https:\/\/www.em.com.br\/emfoco\/wp-content\/uploads\/2026\/03\/ChatGPT-Image-10-de-mar.-de-2026-15_48_52-1.png","type":"image\/png"}],"author":"Andre\u0301 Rangel\u00a0","twitter_card":"summary_large_image","twitter_misc":{"Escrito por":"Andre\u0301 Rangel\u00a0","Est. tempo de leitura":"5 minutos"},"schema":{"@context":"https:\/\/schema.org","@graph":[{"@type":"WebPage","@id":"https:\/\/www.em.com.br\/emfoco\/2026\/03\/11\/empresario-espanhol-dispara-o-acougueiro-da-esquina-vale-mais-do-que-muitos-empreendedores-das-redes-sociais\/","url":"https:\/\/www.em.com.br\/emfoco\/2026\/03\/11\/empresario-espanhol-dispara-o-acougueiro-da-esquina-vale-mais-do-que-muitos-empreendedores-das-redes-sociais\/","name":"Empres\u00e1rio espanhol dispara: \u201cO a\u00e7ougueiro da esquina vale mais do que muitos empreendedores das redes sociais\u201d - Estado de Minas - Em foco","isPartOf":{"@id":"https:\/\/www.em.com.br\/emfoco\/#website"},"primaryImageOfPage":{"@id":"https:\/\/www.em.com.br\/emfoco\/2026\/03\/11\/empresario-espanhol-dispara-o-acougueiro-da-esquina-vale-mais-do-que-muitos-empreendedores-das-redes-sociais\/#primaryimage"},"image":{"@id":"https:\/\/www.em.com.br\/emfoco\/2026\/03\/11\/empresario-espanhol-dispara-o-acougueiro-da-esquina-vale-mais-do-que-muitos-empreendedores-das-redes-sociais\/#primaryimage"},"thumbnailUrl":"https:\/\/www.em.com.br\/emfoco\/wp-content\/uploads\/2026\/03\/ChatGPT-Image-10-de-mar.-de-2026-15_48_52-1.png","datePublished":"2026-03-11T09:05:00+00:00","dateModified":"2026-03-10T23:22:36+00:00","author":{"@id":"https:\/\/www.em.com.br\/emfoco\/#\/schema\/person\/60eda09c1fedf0d6891f4cef4b60b8b8"},"description":"Desabafo de bilion\u00e1rio espanhol reacende debate sobre a realidade dos pequenos neg\u00f3cios e aut\u00f4nomos que sustentam a economia.","breadcrumb":{"@id":"https:\/\/www.em.com.br\/emfoco\/2026\/03\/11\/empresario-espanhol-dispara-o-acougueiro-da-esquina-vale-mais-do-que-muitos-empreendedores-das-redes-sociais\/#breadcrumb"},"inLanguage":"pt-BR","potentialAction":[{"@type":"ReadAction","target":["https:\/\/www.em.com.br\/emfoco\/2026\/03\/11\/empresario-espanhol-dispara-o-acougueiro-da-esquina-vale-mais-do-que-muitos-empreendedores-das-redes-sociais\/"]}]},{"@type":"ImageObject","inLanguage":"pt-BR","@id":"https:\/\/www.em.com.br\/emfoco\/2026\/03\/11\/empresario-espanhol-dispara-o-acougueiro-da-esquina-vale-mais-do-que-muitos-empreendedores-das-redes-sociais\/#primaryimage","url":"https:\/\/www.em.com.br\/emfoco\/wp-content\/uploads\/2026\/03\/ChatGPT-Image-10-de-mar.-de-2026-15_48_52-1.png","contentUrl":"https:\/\/www.em.com.br\/emfoco\/wp-content\/uploads\/2026\/03\/ChatGPT-Image-10-de-mar.-de-2026-15_48_52-1.png","width":1280,"height":720,"caption":"As injusti\u00e7as de um sistema que pune quem trabalha por conta pr\u00f3pria"},{"@type":"BreadcrumbList","@id":"https:\/\/www.em.com.br\/emfoco\/2026\/03\/11\/empresario-espanhol-dispara-o-acougueiro-da-esquina-vale-mais-do-que-muitos-empreendedores-das-redes-sociais\/#breadcrumb","itemListElement":[{"@type":"ListItem","position":1,"name":"In\u00edcio","item":"https:\/\/www.em.com.br\/emfoco\/"},{"@type":"ListItem","position":2,"name":"Empres\u00e1rio espanhol dispara: \u201cO a\u00e7ougueiro da esquina vale mais do que muitos empreendedores das redes sociais\u201d"}]},{"@type":"WebSite","@id":"https:\/\/www.em.com.br\/emfoco\/#website","url":"https:\/\/www.em.com.br\/emfoco\/","name":"Estado de Minas - Em foco","description":"Acompanhe as \u00faltimas not\u00edcias e fique bem informado sobre tudo o que acontece em Minas Gerais, Brasil e no mundo.","potentialAction":[{"@type":"SearchAction","target":{"@type":"EntryPoint","urlTemplate":"https:\/\/www.em.com.br\/emfoco\/?s={search_term_string}"},"query-input":{"@type":"PropertyValueSpecification","valueRequired":true,"valueName":"search_term_string"}}],"inLanguage":"pt-BR"},{"@type":"Person","@id":"https:\/\/www.em.com.br\/emfoco\/#\/schema\/person\/60eda09c1fedf0d6891f4cef4b60b8b8","name":"Andre\u0301 Rangel\u00a0","image":{"@type":"ImageObject","inLanguage":"pt-BR","@id":"https:\/\/www.em.com.br\/emfoco\/#\/schema\/person\/image\/","url":"https:\/\/secure.gravatar.com\/avatar\/6234dc814c77c8ef6d8bba622c787efc?s=96&d=mm&r=g","contentUrl":"https:\/\/secure.gravatar.com\/avatar\/6234dc814c77c8ef6d8bba622c787efc?s=96&d=mm&r=g","caption":"Andre\u0301 Rangel\u00a0"},"url":"https:\/\/www.em.com.br\/emfoco\/author\/luizmyth\/"}]}},"_links":{"self":[{"href":"https:\/\/www.em.com.br\/emfoco\/wp-json\/wp\/v2\/posts\/178396","targetHints":{"allow":["GET"]}}],"collection":[{"href":"https:\/\/www.em.com.br\/emfoco\/wp-json\/wp\/v2\/posts"}],"about":[{"href":"https:\/\/www.em.com.br\/emfoco\/wp-json\/wp\/v2\/types\/post"}],"author":[{"embeddable":true,"href":"https:\/\/www.em.com.br\/emfoco\/wp-json\/wp\/v2\/users\/11"}],"replies":[{"embeddable":true,"href":"https:\/\/www.em.com.br\/emfoco\/wp-json\/wp\/v2\/comments?post=178396"}],"version-history":[{"count":4,"href":"https:\/\/www.em.com.br\/emfoco\/wp-json\/wp\/v2\/posts\/178396\/revisions"}],"predecessor-version":[{"id":179785,"href":"https:\/\/www.em.com.br\/emfoco\/wp-json\/wp\/v2\/posts\/178396\/revisions\/179785"}],"wp:featuredmedia":[{"embeddable":true,"href":"https:\/\/www.em.com.br\/emfoco\/wp-json\/wp\/v2\/media\/179782"}],"wp:attachment":[{"href":"https:\/\/www.em.com.br\/emfoco\/wp-json\/wp\/v2\/media?parent=178396"}],"wp:term":[{"taxonomy":"category","embeddable":true,"href":"https:\/\/www.em.com.br\/emfoco\/wp-json\/wp\/v2\/categories?post=178396"},{"taxonomy":"post_tag","embeddable":true,"href":"https:\/\/www.em.com.br\/emfoco\/wp-json\/wp\/v2\/tags?post=178396"}],"curies":[{"name":"wp","href":"https:\/\/api.w.org\/{rel}","templated":true}]}}