{"id":178366,"date":"2026-03-09T12:55:00","date_gmt":"2026-03-09T15:55:00","guid":{"rendered":"https:\/\/www.em.com.br\/emfoco\/?p=178366"},"modified":"2026-03-06T12:38:11","modified_gmt":"2026-03-06T15:38:11","slug":"essa-mistura-facil-com-aveia-ajuda-a-acalmar-pele-sensivel-e-acabar-com-a-vermelhidao","status":"publish","type":"post","link":"https:\/\/www.em.com.br\/emfoco\/2026\/03\/09\/essa-mistura-facil-com-aveia-ajuda-a-acalmar-pele-sensivel-e-acabar-com-a-vermelhidao\/","title":{"rendered":"Essa mistura f\u00e1cil com aveia ajuda a acalmar pele sens\u00edvel e acabar com a vermelhid\u00e3o"},"content":{"rendered":"\n<p>Entre as muitas f\u00f3rmulas caseiras que circulam hoje, a \u00e1gua de aveia para o rosto ganhou espa\u00e7o entre quem busca rotinas simples, com poucos ingredientes e baixo custo, para lidar com pele sens\u00edvel, ressecada ou acneica. Especialistas lembram que esse preparo deve ser visto apenas como apoio, sempre ao lado de h\u00e1bitos essenciais, como limpeza suave, hidrata\u00e7\u00e3o adequada e uso di\u00e1rio de protetor solar, respeitando a individualidade de cada pele.<\/p>\n\n\n\n<h2 class=\"wp-block-heading\">O que \u00e9 a \u00e1gua de aveia para o rosto<\/h2>\n\n\n\n<p>A \u00e1gua de aveia para o rosto \u00e9 o l\u00edquido obtido quando o cereal fica em contato com \u00e1gua por algum tempo, liberando parte de suas subst\u00e2ncias. A mistura, feita com aveia em flocos ou farinha e \u00e1gua filtrada, fica levemente esbranqui\u00e7ada e um pouco mais encorpada do que a \u00e1gua comum.<\/p>\n\n\n\n<p>Usada apenas de forma externa, essa \u00e1gua forma um filme fino e quase impercept\u00edvel sobre a pele. Fibras sol\u00faveis, a\u00e7\u00facares, <strong><a href=\"https:\/\/www.em.com.br\/emfoco\/2026\/02\/25\/as-gorduras-boas-da-chia-que-aumentam-a-saciedade-e-ajudam-no-controle-de-peso-depois-dos-50\/\" target=\"_blank\" rel=\"noreferrer noopener\">gorduras vegetais<\/a><\/strong> leves e antioxidantes ajudam a reter umidade na superf\u00edcie, colaborando com a sensa\u00e7\u00e3o de maciez e conforto, sem substituir produtos prescritos pelo dermatologista.<\/p>\n\n\n\n<figure class=\"wp-block-image size-large\"><img loading=\"lazy\" decoding=\"async\" width=\"1024\" height=\"576\" src=\"https:\/\/www.em.com.br\/emfoco\/wp-content\/uploads\/2026\/03\/1-34-1024x576.jpg\" alt=\"Essa mistura f\u00e1cil com aveia ajuda a acalmar pele sens\u00edvel e acabar com a vermelhid\u00e3o \" class=\"wp-image-178374\" srcset=\"https:\/\/www.em.com.br\/emfoco\/wp-content\/uploads\/2026\/03\/1-34-1024x576.jpg 1024w, https:\/\/www.em.com.br\/emfoco\/wp-content\/uploads\/2026\/03\/1-34-300x169.jpg 300w, https:\/\/www.em.com.br\/emfoco\/wp-content\/uploads\/2026\/03\/1-34-768x432.jpg 768w, https:\/\/www.em.com.br\/emfoco\/wp-content\/uploads\/2026\/03\/1-34-750x422.jpg 750w, https:\/\/www.em.com.br\/emfoco\/wp-content\/uploads\/2026\/03\/1-34-1140x641.jpg 1140w, https:\/\/www.em.com.br\/emfoco\/wp-content\/uploads\/2026\/03\/1-34.jpg 1280w\" sizes=\"auto, (max-width: 1024px) 100vw, 1024px\" \/><figcaption class=\"wp-element-caption\">Subst\u00e2ncia natural cria pel\u00edcula protetora que mant\u00e9m a umidade cut\u00e2nea<\/figcaption><\/figure>\n\n\n\n<h2 class=\"wp-block-heading\">Quais s\u00e3o os principais efeitos da \u00e1gua de aveia na pele<\/h2>\n\n\n\n<p>O uso de \u00e1gua de aveia costuma ser associado a conforto, hidrata\u00e7\u00e3o leve e limpeza delicada, principalmente em peles facilmente irritadas. Pode trazer al\u00edvio em situa\u00e7\u00f5es de ressecamento, clima seco ou vermelhid\u00e3o passageira, apoiando a fun\u00e7\u00e3o de barreira cut\u00e2nea.<\/p>\n\n\n\n<p>Al\u00e9m disso, ajuda a refor\u00e7ar a umidade sem pesar, sendo bem aceita por peles oleosas ou com acne, e pode auxiliar na remo\u00e7\u00e3o de res\u00edduos de sabonete e polui\u00e7\u00e3o. Ainda assim, n\u00e3o trata quadros mais complexos, como dermatites intensas ou acne inflamada, que exigem acompanhamento m\u00e9dico.<\/p>\n\n\n\n<h2 class=\"wp-block-heading\">Como preparar \u00e1gua de aveia em casa de forma segura<\/h2>\n\n\n\n<p>O preparo \u00e9 simples, mas a higiene \u00e9 essencial: use recipientes bem lavados, colher limpa e \u00e1gua filtrada para reduzir o risco de contamina\u00e7\u00e3o. A propor\u00e7\u00e3o mais usada \u00e9 uma medida de aveia para tr\u00eas ou quatro de \u00e1gua, podendo ajustar a consist\u00eancia conforme a prefer\u00eancia.<\/p>\n\n\n\n<ul class=\"wp-block-list\">\n<li>Colocar a aveia em um copo ou pote higienizado.<\/li>\n\n\n\n<li>Adicionar a \u00e1gua filtrada em temperatura ambiente.<\/li>\n\n\n\n<li>Misturar e deixar descansar por cerca de 15 minutos.<\/li>\n\n\n\n<li>Coar com pano fino, gaze ou peneira, pressionando para extrair o l\u00edquido.<\/li>\n\n\n\n<li>Transferir a \u00e1gua levemente leitosa para um frasco bem limpo, com tampa.<\/li>\n<\/ul>\n\n\n\n<p>Sem conservantes, a \u00e1gua de aveia dura pouco tempo. O ideal \u00e9 mant\u00ea-la na geladeira e descartar ap\u00f3s um a tr\u00eas dias, observando qualquer mudan\u00e7a de cor, cheiro ou textura. A aplica\u00e7\u00e3o pode ser feita com algod\u00e3o, borrifador ou compressas r\u00e1pidas, sempre sobre a pele limpa e antes do hidratante.<\/p>\n\n\n\n<h2 class=\"wp-block-heading\">Para quais tipos de pele a \u00e1gua de aveia \u00e9 indicada<\/h2>\n\n\n\n<p>A \u00e1gua de aveia costuma ser bem aceita por peles secas, mistas e oleosas, proporcionando sensa\u00e7\u00e3o de maciez e redu\u00e7\u00e3o do repuxamento ap\u00f3s o banho. Quem tem pele oleosa ou acneica tende a valorizar a textura fluida, que traz conforto sem deixar filme gorduroso.<\/p>\n\n\n\n<p>Em peles sens\u00edveis ou com hist\u00f3rico de alergia \u00e0 aveia, o teste de contato \u00e9 indispens\u00e1vel antes do uso facial. Se surgirem coceira intensa, vermelhid\u00e3o ou incha\u00e7o, a aplica\u00e7\u00e3o deve ser interrompida e um dermatologista consultado, j\u00e1 que a receita n\u00e3o substitui medicamentos, hidratantes espec\u00edficos ou protetor solar.<\/p>\n\n\n\n<p>Confira o v\u00eddeo compartilhado pelo especialista do canal do YouTube <strong><a href=\"https:\/\/www.youtube.com\/@LuizGameiro\" target=\"_blank\" rel=\"noreferrer noopener\">Luiz Gameiro<\/a><\/strong> falando sobre como surge a coceira na nossa pele e a maneira correta de lidar e cuidar.<\/p>\n\n\n\n<figure class=\"wp-block-embed is-type-video is-provider-youtube wp-block-embed-youtube wp-embed-aspect-16-9 wp-has-aspect-ratio\"><div class=\"wp-block-embed__wrapper\">\n<div class=\"jeg_video_container jeg_video_content\"><iframe loading=\"lazy\" title=\"COCEIRA - De onde vem? Como aliviar? Por Luiz Gameiro, dermatologista\" width=\"500\" height=\"281\" src=\"https:\/\/www.youtube.com\/embed\/K_rtHV7mMv4?feature=oembed\" frameborder=\"0\" allow=\"accelerometer; autoplay; clipboard-write; encrypted-media; gyroscope; picture-in-picture; web-share\" referrerpolicy=\"strict-origin-when-cross-origin\" allowfullscreen><\/iframe><\/div>\n<\/div><\/figure>\n\n\n\n<h2 class=\"wp-block-heading\">Como incluir a \u00e1gua de aveia na rotina de skincare com seguran\u00e7a<\/h2>\n\n\n\n<p>De modo geral, a \u00e1gua de aveia entra entre a limpeza e a hidrata\u00e7\u00e3o, funcionando como um passo intermedi\u00e1rio que reduz a sensa\u00e7\u00e3o de ressecamento. Em peles em tratamento para acne, ros\u00e1cea ou outras condi\u00e7\u00f5es, a inclus\u00e3o deve seguir orienta\u00e7\u00e3o dermatol\u00f3gica para n\u00e3o interferir nos produtos em uso.<\/p>\n\n\n\n<p>Uma rotina simples que inclua esse recurso pode seguir a sequ\u00eancia abaixo, adaptando produtos ao seu tipo de pele e \u00e0 recomenda\u00e7\u00e3o profissional:<\/p>\n\n\n\n<ul class=\"wp-block-list\">\n<li>Higienizar o rosto com sabonete adequado.<\/li>\n\n\n\n<li>Aplicar a \u00e1gua de aveia e deixar secar naturalmente.<\/li>\n\n\n\n<li>Usar hidratante em gel, lo\u00e7\u00e3o ou creme, conforme a necessidade.<\/li>\n\n\n\n<li>Durante o dia, finalizar com protetor solar de fator apropriado.<\/li>\n<\/ul>\n\n\n\n<p>Use a \u00e1gua de aveia como aliada pontual, principalmente em fases de maior sensibilidade ou ressecamento, sem abandonar cuidados essenciais nem adiar consultas. Se sua pele anda irritada ou desconfort\u00e1vel, converse com um dermatologista o quanto antes e ajuste sua rotina hoje, para evitar que um quadro simples evolua para algo mais s\u00e9rio amanh\u00e3.<\/p>\n","protected":false},"excerpt":{"rendered":"<p>Entre as muitas f\u00f3rmulas caseiras que circulam hoje, a \u00e1gua de aveia para o rosto ganhou espa\u00e7o entre quem busca rotinas simples, com poucos ingredientes e baixo custo, para lidar com pele sens\u00edvel, ressecada ou acneica. Especialistas lembram que esse preparo deve ser visto apenas como apoio, sempre ao lado de h\u00e1bitos essenciais, como limpeza [&hellip;]<\/p>\n","protected":false},"author":13,"featured_media":178375,"comment_status":"open","ping_status":"open","sticky":false,"template":"","format":"standard","meta":{"jnews-multi-image_gallery":[],"jnews_single_post":{"format":"standard"},"jnews_primary_category":[],"jnews_social_meta":[],"jnews_override_counter":[],"footnotes":""},"categories":[8819],"tags":[25806,712,21796],"class_list":["post-178366","post","type-post","status-publish","format-standard","has-post-thumbnail","hentry","category-curiosidades","tag-agua-de-aveia","tag-autocuidado","tag-cuidados-com-o-rosto"],"yoast_head":"<!-- This site is optimized with the Yoast SEO plugin v23.8 - https:\/\/yoast.com\/wordpress\/plugins\/seo\/ -->\n<title>Essa mistura f\u00e1cil com aveia ajuda a acalmar pele sens\u00edvel e acabar com a vermelhid\u00e3o - Estado de Minas - Em foco<\/title>\n<meta name=\"description\" content=\"Mistura simples com aveia ajuda a acalmar a pele sens\u00edvel e aliviar ressecamento. Saiba como preparar em casa e incluir no cuidado di\u00e1rio.\" \/>\n<meta name=\"robots\" content=\"index, follow, max-snippet:-1, max-image-preview:large, max-video-preview:-1\" \/>\n<link rel=\"canonical\" href=\"https:\/\/www.em.com.br\/emfoco\/2026\/03\/09\/essa-mistura-facil-com-aveia-ajuda-a-acalmar-pele-sensivel-e-acabar-com-a-vermelhidao\/\" \/>\n<meta property=\"og:locale\" content=\"pt_BR\" \/>\n<meta property=\"og:type\" content=\"article\" \/>\n<meta property=\"og:title\" content=\"Essa mistura f\u00e1cil com aveia ajuda a acalmar pele sens\u00edvel e acabar com a vermelhid\u00e3o - Estado de Minas - Em foco\" \/>\n<meta property=\"og:description\" content=\"Mistura simples com aveia ajuda a acalmar a pele sens\u00edvel e aliviar ressecamento. Saiba como preparar em casa e incluir no cuidado di\u00e1rio.\" \/>\n<meta property=\"og:url\" content=\"https:\/\/www.em.com.br\/emfoco\/2026\/03\/09\/essa-mistura-facil-com-aveia-ajuda-a-acalmar-pele-sensivel-e-acabar-com-a-vermelhidao\/\" \/>\n<meta property=\"og:site_name\" content=\"Estado de Minas - Em foco\" \/>\n<meta property=\"article:published_time\" content=\"2026-03-09T15:55:00+00:00\" \/>\n<meta property=\"article:modified_time\" content=\"2026-03-06T15:38:11+00:00\" \/>\n<meta property=\"og:image\" content=\"https:\/\/www.em.com.br\/emfoco\/wp-content\/uploads\/2026\/03\/2-30.jpg\" \/>\n\t<meta property=\"og:image:width\" content=\"1280\" \/>\n\t<meta property=\"og:image:height\" content=\"720\" \/>\n\t<meta property=\"og:image:type\" content=\"image\/jpeg\" \/>\n<meta name=\"author\" content=\"Gabriel Martins\" \/>\n<meta name=\"twitter:card\" content=\"summary_large_image\" \/>\n<meta name=\"twitter:label1\" content=\"Escrito por\" \/>\n\t<meta name=\"twitter:data1\" content=\"Gabriel Martins\" \/>\n\t<meta name=\"twitter:label2\" content=\"Est. tempo de leitura\" \/>\n\t<meta name=\"twitter:data2\" content=\"5 minutos\" \/>\n<!-- \/ Yoast SEO plugin. -->","yoast_head_json":{"title":"Essa mistura f\u00e1cil com aveia ajuda a acalmar pele sens\u00edvel e acabar com a vermelhid\u00e3o - Estado de Minas - Em foco","description":"Mistura simples com aveia ajuda a acalmar a pele sens\u00edvel e aliviar ressecamento. Saiba como preparar em casa e incluir no cuidado di\u00e1rio.","robots":{"index":"index","follow":"follow","max-snippet":"max-snippet:-1","max-image-preview":"max-image-preview:large","max-video-preview":"max-video-preview:-1"},"canonical":"https:\/\/www.em.com.br\/emfoco\/2026\/03\/09\/essa-mistura-facil-com-aveia-ajuda-a-acalmar-pele-sensivel-e-acabar-com-a-vermelhidao\/","og_locale":"pt_BR","og_type":"article","og_title":"Essa mistura f\u00e1cil com aveia ajuda a acalmar pele sens\u00edvel e acabar com a vermelhid\u00e3o - Estado de Minas - Em foco","og_description":"Mistura simples com aveia ajuda a acalmar a pele sens\u00edvel e aliviar ressecamento. Saiba como preparar em casa e incluir no cuidado di\u00e1rio.","og_url":"https:\/\/www.em.com.br\/emfoco\/2026\/03\/09\/essa-mistura-facil-com-aveia-ajuda-a-acalmar-pele-sensivel-e-acabar-com-a-vermelhidao\/","og_site_name":"Estado de Minas - Em foco","article_published_time":"2026-03-09T15:55:00+00:00","article_modified_time":"2026-03-06T15:38:11+00:00","og_image":[{"width":1280,"height":720,"url":"https:\/\/www.em.com.br\/emfoco\/wp-content\/uploads\/2026\/03\/2-30.jpg","type":"image\/jpeg"}],"author":"Gabriel Martins","twitter_card":"summary_large_image","twitter_misc":{"Escrito por":"Gabriel Martins","Est. tempo de leitura":"5 minutos"},"schema":{"@context":"https:\/\/schema.org","@graph":[{"@type":"WebPage","@id":"https:\/\/www.em.com.br\/emfoco\/2026\/03\/09\/essa-mistura-facil-com-aveia-ajuda-a-acalmar-pele-sensivel-e-acabar-com-a-vermelhidao\/","url":"https:\/\/www.em.com.br\/emfoco\/2026\/03\/09\/essa-mistura-facil-com-aveia-ajuda-a-acalmar-pele-sensivel-e-acabar-com-a-vermelhidao\/","name":"Essa mistura f\u00e1cil com aveia ajuda a acalmar pele sens\u00edvel e acabar com a vermelhid\u00e3o - Estado de Minas - Em foco","isPartOf":{"@id":"https:\/\/www.em.com.br\/emfoco\/#website"},"primaryImageOfPage":{"@id":"https:\/\/www.em.com.br\/emfoco\/2026\/03\/09\/essa-mistura-facil-com-aveia-ajuda-a-acalmar-pele-sensivel-e-acabar-com-a-vermelhidao\/#primaryimage"},"image":{"@id":"https:\/\/www.em.com.br\/emfoco\/2026\/03\/09\/essa-mistura-facil-com-aveia-ajuda-a-acalmar-pele-sensivel-e-acabar-com-a-vermelhidao\/#primaryimage"},"thumbnailUrl":"https:\/\/www.em.com.br\/emfoco\/wp-content\/uploads\/2026\/03\/2-30.jpg","datePublished":"2026-03-09T15:55:00+00:00","dateModified":"2026-03-06T15:38:11+00:00","author":{"@id":"https:\/\/www.em.com.br\/emfoco\/#\/schema\/person\/1c9ddeab18b98abeffef834667bcf08a"},"description":"Mistura simples com aveia ajuda a acalmar a pele sens\u00edvel e aliviar ressecamento. Saiba como preparar em casa e incluir no cuidado di\u00e1rio.","breadcrumb":{"@id":"https:\/\/www.em.com.br\/emfoco\/2026\/03\/09\/essa-mistura-facil-com-aveia-ajuda-a-acalmar-pele-sensivel-e-acabar-com-a-vermelhidao\/#breadcrumb"},"inLanguage":"pt-BR","potentialAction":[{"@type":"ReadAction","target":["https:\/\/www.em.com.br\/emfoco\/2026\/03\/09\/essa-mistura-facil-com-aveia-ajuda-a-acalmar-pele-sensivel-e-acabar-com-a-vermelhidao\/"]}]},{"@type":"ImageObject","inLanguage":"pt-BR","@id":"https:\/\/www.em.com.br\/emfoco\/2026\/03\/09\/essa-mistura-facil-com-aveia-ajuda-a-acalmar-pele-sensivel-e-acabar-com-a-vermelhidao\/#primaryimage","url":"https:\/\/www.em.com.br\/emfoco\/wp-content\/uploads\/2026\/03\/2-30.jpg","contentUrl":"https:\/\/www.em.com.br\/emfoco\/wp-content\/uploads\/2026\/03\/2-30.jpg","width":1280,"height":720,"caption":"Gel de babosa promove hidrata\u00e7\u00e3o suave e frescor para a pele"},{"@type":"BreadcrumbList","@id":"https:\/\/www.em.com.br\/emfoco\/2026\/03\/09\/essa-mistura-facil-com-aveia-ajuda-a-acalmar-pele-sensivel-e-acabar-com-a-vermelhidao\/#breadcrumb","itemListElement":[{"@type":"ListItem","position":1,"name":"In\u00edcio","item":"https:\/\/www.em.com.br\/emfoco\/"},{"@type":"ListItem","position":2,"name":"Essa mistura f\u00e1cil com aveia ajuda a acalmar pele sens\u00edvel e acabar com a vermelhid\u00e3o"}]},{"@type":"WebSite","@id":"https:\/\/www.em.com.br\/emfoco\/#website","url":"https:\/\/www.em.com.br\/emfoco\/","name":"Estado de Minas - Em foco","description":"Acompanhe as \u00faltimas not\u00edcias e fique bem informado sobre tudo o que acontece em Minas Gerais, Brasil e no mundo.","potentialAction":[{"@type":"SearchAction","target":{"@type":"EntryPoint","urlTemplate":"https:\/\/www.em.com.br\/emfoco\/?s={search_term_string}"},"query-input":{"@type":"PropertyValueSpecification","valueRequired":true,"valueName":"search_term_string"}}],"inLanguage":"pt-BR"},{"@type":"Person","@id":"https:\/\/www.em.com.br\/emfoco\/#\/schema\/person\/1c9ddeab18b98abeffef834667bcf08a","name":"Gabriel Martins","image":{"@type":"ImageObject","inLanguage":"pt-BR","@id":"https:\/\/www.em.com.br\/emfoco\/#\/schema\/person\/image\/","url":"https:\/\/secure.gravatar.com\/avatar\/f0f1e2efdfd88f1ad2cb08c5c2731e50?s=96&d=mm&r=g","contentUrl":"https:\/\/secure.gravatar.com\/avatar\/f0f1e2efdfd88f1ad2cb08c5c2731e50?s=96&d=mm&r=g","caption":"Gabriel Martins"},"sameAs":["https:\/\/www.em.com.br\/emfoco\/"],"url":"https:\/\/www.em.com.br\/emfoco\/author\/gabrielmartinsmyth\/"}]}},"_links":{"self":[{"href":"https:\/\/www.em.com.br\/emfoco\/wp-json\/wp\/v2\/posts\/178366","targetHints":{"allow":["GET"]}}],"collection":[{"href":"https:\/\/www.em.com.br\/emfoco\/wp-json\/wp\/v2\/posts"}],"about":[{"href":"https:\/\/www.em.com.br\/emfoco\/wp-json\/wp\/v2\/types\/post"}],"author":[{"embeddable":true,"href":"https:\/\/www.em.com.br\/emfoco\/wp-json\/wp\/v2\/users\/13"}],"replies":[{"embeddable":true,"href":"https:\/\/www.em.com.br\/emfoco\/wp-json\/wp\/v2\/comments?post=178366"}],"version-history":[{"count":1,"href":"https:\/\/www.em.com.br\/emfoco\/wp-json\/wp\/v2\/posts\/178366\/revisions"}],"predecessor-version":[{"id":178376,"href":"https:\/\/www.em.com.br\/emfoco\/wp-json\/wp\/v2\/posts\/178366\/revisions\/178376"}],"wp:featuredmedia":[{"embeddable":true,"href":"https:\/\/www.em.com.br\/emfoco\/wp-json\/wp\/v2\/media\/178375"}],"wp:attachment":[{"href":"https:\/\/www.em.com.br\/emfoco\/wp-json\/wp\/v2\/media?parent=178366"}],"wp:term":[{"taxonomy":"category","embeddable":true,"href":"https:\/\/www.em.com.br\/emfoco\/wp-json\/wp\/v2\/categories?post=178366"},{"taxonomy":"post_tag","embeddable":true,"href":"https:\/\/www.em.com.br\/emfoco\/wp-json\/wp\/v2\/tags?post=178366"}],"curies":[{"name":"wp","href":"https:\/\/api.w.org\/{rel}","templated":true}]}}