{"id":178335,"date":"2026-03-06T11:50:00","date_gmt":"2026-03-06T14:50:00","guid":{"rendered":"https:\/\/www.em.com.br\/emfoco\/?p=178335"},"modified":"2026-03-06T10:50:23","modified_gmt":"2026-03-06T13:50:23","slug":"relogios-adiantam-neste-domingo-quando-comeca-o-horario-de-verao-e-como-afeta-os-brasileiros","status":"publish","type":"post","link":"https:\/\/www.em.com.br\/emfoco\/2026\/03\/06\/relogios-adiantam-neste-domingo-quando-comeca-o-horario-de-verao-e-como-afeta-os-brasileiros\/","title":{"rendered":"Rel\u00f3gios adiantam neste domingo: quando come\u00e7a o hor\u00e1rio de ver\u00e3o e como afeta os brasileiros"},"content":{"rendered":"\n<p>O mundo digital exige que estejamos sempre conectados, e a grande mudan\u00e7a do fuso hor\u00e1rio internacional afeta diretamente a nossa rotina corporativa aqui no <strong>Brasil<\/strong>. Neste domingo, oito de mar\u00e7o, grande parte da <strong>Am\u00e9rica do Norte<\/strong> adianta os seus rel\u00f3gios para o hor\u00e1rio de ver\u00e3o, reduzindo a diferen\u00e7a de horas em rela\u00e7\u00e3o a <strong>Bras\u00edlia<\/strong>. Entender essa transi\u00e7\u00e3o sazonal \u00e9 absolutamente fundamental para quem trabalha remotamente, investe na bolsa de valores ou possui viagens internacionais programadas para os pr\u00f3ximos meses deste ano.<\/p>\n\n\n\n<h2 class=\"wp-block-heading\">Quando os rel\u00f3gios mudam na Am\u00e9rica do Norte e na Europa<\/h2>\n\n\n\n<p>Nos<strong> Estados Unidos<\/strong> e no <strong>Canad\u00e1<\/strong>, a transi\u00e7\u00e3o oficial ocorre na madrugada deste domingo, exigindo que os moradores adiantem os ponteiros em exata uma hora. Esse novo fuso permanece em vigor at\u00e9 o primeiro dia de novembro, garantindo noites muito mais longas durante as esta\u00e7\u00f5es quentes e movimentando bastante a economia local.<\/p>\n\n\n\n<p>J\u00e1 no <strong>Reino Unido <\/strong>e na maior parte do continente europeu, essa altera\u00e7\u00e3o temporal acontece apenas no final do m\u00eas, especificamente no dia vinte e nove de mar\u00e7o. \u00c9 importante notar que regi\u00f5es muito espec\u00edficas, como o estado norte-americano do <strong>Arizona <\/strong>e o <strong>Hava\u00ed<\/strong>, rejeitam e n\u00e3o adotam essa mudan\u00e7a sazonal anualmente.<\/p>\n\n\n\n<figure class=\"wp-block-image\"><img decoding=\"async\" src=\"https:\/\/www.em.com.br\/emfoco\/wp-content\/uploads\/2025\/08\/horario-de-verao_1755093616147-1024x576.jpg\" alt=\"\"\/><figcaption class=\"wp-element-caption\">Hor\u00e1rio de ver\u00e3o muda rotina &#8211; Cr\u00e9ditos: depositphotos.com \/ lucidwaters<\/figcaption><\/figure>\n\n\n\n<h2 class=\"wp-block-heading\">O que motiva a manuten\u00e7\u00e3o do hor\u00e1rio de ver\u00e3o mundialmente<\/h2>\n\n\n\n<p>A ado\u00e7\u00e3o dessa estrat\u00e9gia secular em mais de setenta pa\u00edses foi inicialmente desenhada para otimizar a luz solar no final da tarde e reduzir drasticamente o consumo de energia el\u00e9trica. Defensores dessa pr\u00e1tica garantem que a medida impulsiona fortemente o com\u00e9rcio local e proporciona muito mais tempo de lazer ao ar livre para as fam\u00edlias.<\/p>\n\n\n\n<p>No entanto, especialistas em sa\u00fade questionam constantemente os impactos invis\u00edveis e negativos dessa altera\u00e7\u00e3o abrupta no nosso ritmo circadiano e na qualidade geral do sono. Apesar de debates e vota\u00e7\u00f5es frequentes sobre a perman\u00eancia de um hor\u00e1rio fixo o ano todo, a tradicional troca semestral continua valendo legalmente na maior parte do hemisf\u00e9rio norte.<\/p>\n\n\n\n<h2 class=\"wp-block-heading\">Como essa transi\u00e7\u00e3o internacional afeta os trabalhadores brasileiros<\/h2>\n\n\n\n<p>Embora o territ\u00f3rio brasileiro n\u00e3o aplique mais o hor\u00e1rio de ver\u00e3o, a nossa rotina corporativa e a engrenagem financeira sofrem impactos diretos com a mudan\u00e7a dos nossos vizinhos norte-americanos. A diferen\u00e7a de fuso hor\u00e1rio entre Nova York e Bras\u00edlia, por exemplo, cai imediatamente para apenas uma hora de dist\u00e2ncia a partir deste pr\u00f3ximo domingo.<\/p>\n\n\n\n<p>Essa forte aproxima\u00e7\u00e3o de hor\u00e1rios exige uma adapta\u00e7\u00e3o r\u00e1pida e inteligente para profissionais que atuam em empresas estrangeiras ou que dependem fortemente do mercado exterior. Ignorar essa altera\u00e7\u00e3o de rel\u00f3gio pode resultar em atrasos graves em compromissos vitais, gerando desgastes profissionais desnecess\u00e1rios e atritos logo no in\u00edcio da sua nova semana de trabalho.<\/p>\n\n\n\n<figure class=\"wp-block-image\"><img decoding=\"async\" src=\"https:\/\/www.em.com.br\/emfoco\/wp-content\/uploads\/2026\/02\/ChatGPT-Image-27-de-fev.-de-2026-18_53_11-1-1024x576.png\" alt=\"\"\/><figcaption class=\"wp-element-caption\">Como a mudan\u00e7a de hor\u00e1rio mexe com sua rotina<\/figcaption><\/figure>\n\n\n\n<h2 class=\"wp-block-heading\">Quais as principais mudan\u00e7as pr\u00e1ticas para a sua organiza\u00e7\u00e3o<\/h2>\n\n\n\n<p>Adaptar a sua rotina di\u00e1ria a essa nova realidade internacional \u00e9 o primeiro passo para evitar contratempos profissionais e garantir uma comunica\u00e7\u00e3o corporativa sempre eficiente. Para facilitar a sua organiza\u00e7\u00e3o imediata e proteger a sua produtividade, reunimos as principais \u00e1reas da sua vida que sofrer\u00e3o impactos diretos com essa dr\u00e1stica redu\u00e7\u00e3o de fuso hor\u00e1rio.<\/p>\n\n\n\n<ul class=\"wp-block-list\">\n<li>Reuni\u00f5es remotas e alinhamentos di\u00e1rios com equipes norte-americanas precisar\u00e3o ser adiantados em uma hora no seu calend\u00e1rio.<\/li>\n\n\n\n<li>O preg\u00e3o da bolsa de valores brasileira ajusta o seu fechamento rigorosamente para acompanhar o ritmo din\u00e2mico de Wall Street.<\/li>\n\n\n\n<li>Chegadas e partidas de voos internacionais exigem confer\u00eancia dupla dos hor\u00e1rios locais para evitar perdas dolorosas de escalas ou conex\u00f5es.<\/li>\n<\/ul>\n\n\n\n<h2 class=\"wp-block-heading\">Qual o momento exato para reorganizar a sua agenda<\/h2>\n\n\n\n<p>Manter o controle absoluto sobre os seus compromissos internacionais \u00e9 uma atitude de extremo profissionalismo que protege a sua carreira e valoriza os seus investimentos. N\u00e3o permita que uma simples mudan\u00e7a de fuso hor\u00e1rio internacional desestruture o seu planejamento semanal com a fam\u00edlia ou cause preju\u00edzos financeiros que seriam totalmente evit\u00e1veis com um pouco de aten\u00e7\u00e3o.<\/p>\n\n\n\n<p>A nova din\u00e2mica global de hor\u00e1rios j\u00e1 entra em vigor neste domingo, ent\u00e3o voc\u00ea n\u00e3o tem mais nenhum minuto a perder com distra\u00e7\u00f5es desnecess\u00e1rias! Abra a sua agenda eletr\u00f4nica agora mesmo, atualize os hor\u00e1rios de todas as suas reuni\u00f5es internacionais e avise a sua equipe imediatamente antes que a ca\u00f3tica segunda-feira comece e voc\u00ea perca grandes neg\u00f3cios!<\/p>\n\n\n\n<p><\/p>\n","protected":false},"excerpt":{"rendered":"<p>O mundo digital exige que estejamos sempre conectados, e a grande mudan\u00e7a do fuso hor\u00e1rio internacional afeta diretamente a nossa rotina corporativa aqui no Brasil. Neste domingo, oito de mar\u00e7o, grande parte da Am\u00e9rica do Norte adianta os seus rel\u00f3gios para o hor\u00e1rio de ver\u00e3o, reduzindo a diferen\u00e7a de horas em rela\u00e7\u00e3o a Bras\u00edlia. Entender [&hellip;]<\/p>\n","protected":false},"author":11,"featured_media":178336,"comment_status":"open","ping_status":"open","sticky":false,"template":"","format":"standard","meta":{"jnews-multi-image_gallery":[],"jnews_single_post":{"format":"standard"},"jnews_primary_category":[],"jnews_social_meta":[],"jnews_override_counter":[],"footnotes":""},"categories":[28,1],"tags":[2174,2175,25801,6603,8758],"class_list":["post-178335","post","type-post","status-publish","format-standard","has-post-thumbnail","hentry","category-economia","category-noticias","tag-fuso-horario","tag-horario-de-verao","tag-mudanca-de-fuso","tag-mudanca-de-horario","tag-relogio"],"yoast_head":"<!-- This site is optimized with the Yoast SEO plugin v23.8 - https:\/\/yoast.com\/wordpress\/plugins\/seo\/ -->\n<title>Rel\u00f3gios adiantam neste domingo: quando come\u00e7a o hor\u00e1rio de ver\u00e3o e como afeta os brasileiros - Estado de Minas - Em foco<\/title>\n<meta name=\"description\" content=\"Hor\u00e1rio de ver\u00e3o no hemisf\u00e9rio norte muda o fuso com o Brasil. Saiba como essa altera\u00e7\u00e3o pode afetar reuni\u00f5es e viagens.\" \/>\n<meta name=\"robots\" content=\"index, follow, max-snippet:-1, max-image-preview:large, max-video-preview:-1\" \/>\n<link rel=\"canonical\" href=\"https:\/\/www.em.com.br\/emfoco\/2026\/03\/06\/relogios-adiantam-neste-domingo-quando-comeca-o-horario-de-verao-e-como-afeta-os-brasileiros\/\" \/>\n<meta property=\"og:locale\" content=\"pt_BR\" \/>\n<meta property=\"og:type\" content=\"article\" \/>\n<meta property=\"og:title\" content=\"Rel\u00f3gios adiantam neste domingo: quando come\u00e7a o hor\u00e1rio de ver\u00e3o e como afeta os brasileiros - Estado de Minas - Em foco\" \/>\n<meta property=\"og:description\" content=\"Hor\u00e1rio de ver\u00e3o no hemisf\u00e9rio norte muda o fuso com o Brasil. Saiba como essa altera\u00e7\u00e3o pode afetar reuni\u00f5es e viagens.\" \/>\n<meta property=\"og:url\" content=\"https:\/\/www.em.com.br\/emfoco\/2026\/03\/06\/relogios-adiantam-neste-domingo-quando-comeca-o-horario-de-verao-e-como-afeta-os-brasileiros\/\" \/>\n<meta property=\"og:site_name\" content=\"Estado de Minas - Em foco\" \/>\n<meta property=\"article:published_time\" content=\"2026-03-06T14:50:00+00:00\" \/>\n<meta property=\"article:modified_time\" content=\"2026-03-06T13:50:23+00:00\" \/>\n<meta property=\"og:image\" content=\"https:\/\/www.em.com.br\/emfoco\/wp-content\/uploads\/2026\/03\/Gemini_Generated_Image_3jxz2y3jxz2y3jxz-1.png\" \/>\n\t<meta property=\"og:image:width\" content=\"1280\" \/>\n\t<meta property=\"og:image:height\" content=\"720\" \/>\n\t<meta property=\"og:image:type\" content=\"image\/png\" \/>\n<meta name=\"author\" content=\"Andre\u0301 Rangel\u00a0\" \/>\n<meta name=\"twitter:card\" content=\"summary_large_image\" \/>\n<meta name=\"twitter:label1\" content=\"Escrito por\" \/>\n\t<meta name=\"twitter:data1\" content=\"Andre\u0301 Rangel\u00a0\" \/>\n\t<meta name=\"twitter:label2\" content=\"Est. tempo de leitura\" \/>\n\t<meta name=\"twitter:data2\" content=\"5 minutos\" \/>\n<!-- \/ Yoast SEO plugin. -->","yoast_head_json":{"title":"Rel\u00f3gios adiantam neste domingo: quando come\u00e7a o hor\u00e1rio de ver\u00e3o e como afeta os brasileiros - Estado de Minas - Em foco","description":"Hor\u00e1rio de ver\u00e3o no hemisf\u00e9rio norte muda o fuso com o Brasil. Saiba como essa altera\u00e7\u00e3o pode afetar reuni\u00f5es e viagens.","robots":{"index":"index","follow":"follow","max-snippet":"max-snippet:-1","max-image-preview":"max-image-preview:large","max-video-preview":"max-video-preview:-1"},"canonical":"https:\/\/www.em.com.br\/emfoco\/2026\/03\/06\/relogios-adiantam-neste-domingo-quando-comeca-o-horario-de-verao-e-como-afeta-os-brasileiros\/","og_locale":"pt_BR","og_type":"article","og_title":"Rel\u00f3gios adiantam neste domingo: quando come\u00e7a o hor\u00e1rio de ver\u00e3o e como afeta os brasileiros - Estado de Minas - Em foco","og_description":"Hor\u00e1rio de ver\u00e3o no hemisf\u00e9rio norte muda o fuso com o Brasil. Saiba como essa altera\u00e7\u00e3o pode afetar reuni\u00f5es e viagens.","og_url":"https:\/\/www.em.com.br\/emfoco\/2026\/03\/06\/relogios-adiantam-neste-domingo-quando-comeca-o-horario-de-verao-e-como-afeta-os-brasileiros\/","og_site_name":"Estado de Minas - Em foco","article_published_time":"2026-03-06T14:50:00+00:00","article_modified_time":"2026-03-06T13:50:23+00:00","og_image":[{"width":1280,"height":720,"url":"https:\/\/www.em.com.br\/emfoco\/wp-content\/uploads\/2026\/03\/Gemini_Generated_Image_3jxz2y3jxz2y3jxz-1.png","type":"image\/png"}],"author":"Andre\u0301 Rangel\u00a0","twitter_card":"summary_large_image","twitter_misc":{"Escrito por":"Andre\u0301 Rangel\u00a0","Est. tempo de leitura":"5 minutos"},"schema":{"@context":"https:\/\/schema.org","@graph":[{"@type":"WebPage","@id":"https:\/\/www.em.com.br\/emfoco\/2026\/03\/06\/relogios-adiantam-neste-domingo-quando-comeca-o-horario-de-verao-e-como-afeta-os-brasileiros\/","url":"https:\/\/www.em.com.br\/emfoco\/2026\/03\/06\/relogios-adiantam-neste-domingo-quando-comeca-o-horario-de-verao-e-como-afeta-os-brasileiros\/","name":"Rel\u00f3gios adiantam neste domingo: quando come\u00e7a o hor\u00e1rio de ver\u00e3o e como afeta os brasileiros - Estado de Minas - Em foco","isPartOf":{"@id":"https:\/\/www.em.com.br\/emfoco\/#website"},"primaryImageOfPage":{"@id":"https:\/\/www.em.com.br\/emfoco\/2026\/03\/06\/relogios-adiantam-neste-domingo-quando-comeca-o-horario-de-verao-e-como-afeta-os-brasileiros\/#primaryimage"},"image":{"@id":"https:\/\/www.em.com.br\/emfoco\/2026\/03\/06\/relogios-adiantam-neste-domingo-quando-comeca-o-horario-de-verao-e-como-afeta-os-brasileiros\/#primaryimage"},"thumbnailUrl":"https:\/\/www.em.com.br\/emfoco\/wp-content\/uploads\/2026\/03\/Gemini_Generated_Image_3jxz2y3jxz2y3jxz-1.png","datePublished":"2026-03-06T14:50:00+00:00","dateModified":"2026-03-06T13:50:23+00:00","author":{"@id":"https:\/\/www.em.com.br\/emfoco\/#\/schema\/person\/60eda09c1fedf0d6891f4cef4b60b8b8"},"description":"Hor\u00e1rio de ver\u00e3o no hemisf\u00e9rio norte muda o fuso com o Brasil. Saiba como essa altera\u00e7\u00e3o pode afetar reuni\u00f5es e viagens.","breadcrumb":{"@id":"https:\/\/www.em.com.br\/emfoco\/2026\/03\/06\/relogios-adiantam-neste-domingo-quando-comeca-o-horario-de-verao-e-como-afeta-os-brasileiros\/#breadcrumb"},"inLanguage":"pt-BR","potentialAction":[{"@type":"ReadAction","target":["https:\/\/www.em.com.br\/emfoco\/2026\/03\/06\/relogios-adiantam-neste-domingo-quando-comeca-o-horario-de-verao-e-como-afeta-os-brasileiros\/"]}]},{"@type":"ImageObject","inLanguage":"pt-BR","@id":"https:\/\/www.em.com.br\/emfoco\/2026\/03\/06\/relogios-adiantam-neste-domingo-quando-comeca-o-horario-de-verao-e-como-afeta-os-brasileiros\/#primaryimage","url":"https:\/\/www.em.com.br\/emfoco\/wp-content\/uploads\/2026\/03\/Gemini_Generated_Image_3jxz2y3jxz2y3jxz-1.png","contentUrl":"https:\/\/www.em.com.br\/emfoco\/wp-content\/uploads\/2026\/03\/Gemini_Generated_Image_3jxz2y3jxz2y3jxz-1.png","width":1280,"height":720,"caption":"Hor\u00e1rio de ver\u00e3o internacional altera rotina de quem trabalha com exterior"},{"@type":"BreadcrumbList","@id":"https:\/\/www.em.com.br\/emfoco\/2026\/03\/06\/relogios-adiantam-neste-domingo-quando-comeca-o-horario-de-verao-e-como-afeta-os-brasileiros\/#breadcrumb","itemListElement":[{"@type":"ListItem","position":1,"name":"In\u00edcio","item":"https:\/\/www.em.com.br\/emfoco\/"},{"@type":"ListItem","position":2,"name":"Rel\u00f3gios adiantam neste domingo: quando come\u00e7a o hor\u00e1rio de ver\u00e3o e como afeta os brasileiros"}]},{"@type":"WebSite","@id":"https:\/\/www.em.com.br\/emfoco\/#website","url":"https:\/\/www.em.com.br\/emfoco\/","name":"Estado de Minas - Em foco","description":"Acompanhe as \u00faltimas not\u00edcias e fique bem informado sobre tudo o que acontece em Minas Gerais, Brasil e no mundo.","potentialAction":[{"@type":"SearchAction","target":{"@type":"EntryPoint","urlTemplate":"https:\/\/www.em.com.br\/emfoco\/?s={search_term_string}"},"query-input":{"@type":"PropertyValueSpecification","valueRequired":true,"valueName":"search_term_string"}}],"inLanguage":"pt-BR"},{"@type":"Person","@id":"https:\/\/www.em.com.br\/emfoco\/#\/schema\/person\/60eda09c1fedf0d6891f4cef4b60b8b8","name":"Andre\u0301 Rangel\u00a0","image":{"@type":"ImageObject","inLanguage":"pt-BR","@id":"https:\/\/www.em.com.br\/emfoco\/#\/schema\/person\/image\/","url":"https:\/\/secure.gravatar.com\/avatar\/6234dc814c77c8ef6d8bba622c787efc?s=96&d=mm&r=g","contentUrl":"https:\/\/secure.gravatar.com\/avatar\/6234dc814c77c8ef6d8bba622c787efc?s=96&d=mm&r=g","caption":"Andre\u0301 Rangel\u00a0"},"url":"https:\/\/www.em.com.br\/emfoco\/author\/luizmyth\/"}]}},"_links":{"self":[{"href":"https:\/\/www.em.com.br\/emfoco\/wp-json\/wp\/v2\/posts\/178335","targetHints":{"allow":["GET"]}}],"collection":[{"href":"https:\/\/www.em.com.br\/emfoco\/wp-json\/wp\/v2\/posts"}],"about":[{"href":"https:\/\/www.em.com.br\/emfoco\/wp-json\/wp\/v2\/types\/post"}],"author":[{"embeddable":true,"href":"https:\/\/www.em.com.br\/emfoco\/wp-json\/wp\/v2\/users\/11"}],"replies":[{"embeddable":true,"href":"https:\/\/www.em.com.br\/emfoco\/wp-json\/wp\/v2\/comments?post=178335"}],"version-history":[{"count":1,"href":"https:\/\/www.em.com.br\/emfoco\/wp-json\/wp\/v2\/posts\/178335\/revisions"}],"predecessor-version":[{"id":178337,"href":"https:\/\/www.em.com.br\/emfoco\/wp-json\/wp\/v2\/posts\/178335\/revisions\/178337"}],"wp:featuredmedia":[{"embeddable":true,"href":"https:\/\/www.em.com.br\/emfoco\/wp-json\/wp\/v2\/media\/178336"}],"wp:attachment":[{"href":"https:\/\/www.em.com.br\/emfoco\/wp-json\/wp\/v2\/media?parent=178335"}],"wp:term":[{"taxonomy":"category","embeddable":true,"href":"https:\/\/www.em.com.br\/emfoco\/wp-json\/wp\/v2\/categories?post=178335"},{"taxonomy":"post_tag","embeddable":true,"href":"https:\/\/www.em.com.br\/emfoco\/wp-json\/wp\/v2\/tags?post=178335"}],"curies":[{"name":"wp","href":"https:\/\/api.w.org\/{rel}","templated":true}]}}