{"id":178333,"date":"2026-03-09T07:45:00","date_gmt":"2026-03-09T10:45:00","guid":{"rendered":"https:\/\/www.em.com.br\/emfoco\/?p=178333"},"modified":"2026-03-06T11:27:02","modified_gmt":"2026-03-06T14:27:02","slug":"motoristas-com-mais-de-65-anos-enfrentam-novas-regras-para-renovar-a-carteira-de-habilitacao","status":"publish","type":"post","link":"https:\/\/www.em.com.br\/emfoco\/2026\/03\/09\/motoristas-com-mais-de-65-anos-enfrentam-novas-regras-para-renovar-a-carteira-de-habilitacao\/","title":{"rendered":"Motoristas com mais de 65 anos enfrentam novas regras para renovar a carteira de habilita\u00e7\u00e3o"},"content":{"rendered":"\n<p>Motoristas com mais de 65 anos na <strong>Col\u00f4mbia <\/strong>passaram a lidar, nos \u00faltimos anos, com regras bem mais r\u00edgidas para manter a carteira de habilita\u00e7\u00e3o ativa. As mudan\u00e7as, impulsionadas pelo Minist\u00e9rio dos Transportes e regulamentadas por normas espec\u00edficas, n\u00e3o estabelecem um limite m\u00e1ximo de idade, mas condicionam a renova\u00e7\u00e3o do documento \u00e0 comprova\u00e7\u00e3o atualizada de aptid\u00e3o f\u00edsica e mental e ao correto registro dessas informa\u00e7\u00f5es em sistemas oficiais.<\/p>\n\n\n\n<h2 class=\"wp-block-heading\">Como funciona a renova\u00e7\u00e3o da carteira de habilita\u00e7\u00e3o para maiores de 65 anos?<\/h2>\n\n\n\n<p>Na pr\u00e1tica, a renova\u00e7\u00e3o da carteira para condutores idosos deixou de ser um simples tr\u00e2mite burocr\u00e1tico. O processo depende de laudos m\u00e9dicos emitidos por centros autorizados, do registro no<strong><a href=\"https:\/\/mintransporte.gov.co\/publicaciones\/11445\/wwwruntgovco-unico-portal-disponible-del-runt\/\" target=\"_blank\" rel=\"noreferrer noopener\">\u00a0RUNT\u00a0(Registro Nacional \u00danico de Tr\u00e2nsito)<\/a><\/strong> e da aus\u00eancia de pend\u00eancias como multas n\u00e3o pagas.<\/p>\n\n\n\n<p>A legisla\u00e7\u00e3o colombiana determina que, a partir dos 65 anos, o foco passa a ser a capacidade do <strong><a href=\"https:\/\/www.em.com.br\/emfoco\/2026\/01\/24\/condutora-denuncia-operacao-stop-em-grupo-de-telegram-aviso-sobre-blitz-nas-redes-pode-render-multa-de-ate-30-mil\/\" target=\"_blank\" rel=\"noreferrer noopener\">condutor <\/a><\/strong>para dirigir em seguran\u00e7a. Para isso, s\u00e3o exigidos exames que avaliam vis\u00e3o, audi\u00e7\u00e3o, coordena\u00e7\u00e3o motora, condi\u00e7\u00e3o f\u00edsica geral e aspectos mentais, e sem o cumprimento desses requisitos a autoriza\u00e7\u00e3o para dirigir n\u00e3o \u00e9 renovada.<\/p>\n\n\n\n<figure class=\"wp-block-image size-large\"><img loading=\"lazy\" decoding=\"async\" width=\"1024\" height=\"576\" src=\"https:\/\/www.em.com.br\/emfoco\/wp-content\/uploads\/2026\/03\/2-28-1024x576.jpg\" alt=\"Motoristas com mais de 65 anos enfrentam novas regras para renovar a carteira de habilita\u00e7\u00e3o\" class=\"wp-image-178355\" srcset=\"https:\/\/www.em.com.br\/emfoco\/wp-content\/uploads\/2026\/03\/2-28-1024x576.jpg 1024w, https:\/\/www.em.com.br\/emfoco\/wp-content\/uploads\/2026\/03\/2-28-300x169.jpg 300w, https:\/\/www.em.com.br\/emfoco\/wp-content\/uploads\/2026\/03\/2-28-768x432.jpg 768w, https:\/\/www.em.com.br\/emfoco\/wp-content\/uploads\/2026\/03\/2-28-750x422.jpg 750w, https:\/\/www.em.com.br\/emfoco\/wp-content\/uploads\/2026\/03\/2-28-1140x641.jpg 1140w, https:\/\/www.em.com.br\/emfoco\/wp-content\/uploads\/2026\/03\/2-28.jpg 1280w\" sizes=\"auto, (max-width: 1024px) 100vw, 1024px\" \/><figcaption class=\"wp-element-caption\">Processo depende de laudos m\u00e9dicos registrados em sistemas oficiais de tr\u00e2nsito<\/figcaption><\/figure>\n\n\n\n<h2 class=\"wp-block-heading\">Por que o certificado m\u00e9dico no RUNT \u00e9 obrigat\u00f3rio para idosos?<\/h2>\n\n\n\n<p>O certificado m\u00e9dico de aptid\u00e3o \u00e9 hoje o elemento central para a renova\u00e7\u00e3o da habilita\u00e7\u00e3o de condutores com mais de 65 anos. Esse laudo s\u00f3 pode ser emitido por um Centro de Reconhecimento de Condutores (CRC) autorizado e precisa ser registrado no sistema SICOV, que se integra ao RUNT, permitindo que o \u00f3rg\u00e3o de tr\u00e2nsito valide a real capacidade do motorista.<\/p>\n\n\n\n<p>Esse exame costuma incluir uma avalia\u00e7\u00e3o ampla da sa\u00fade do condutor. Entre os principais pontos analisados, destacam-se:<\/p>\n\n\n\n<ul class=\"wp-block-list\">\n<li><strong>Avalia\u00e7\u00e3o visual<\/strong>: verifica\u00e7\u00e3o de acuidade, uso de \u00f3culos ou lentes e campo de vis\u00e3o;<\/li>\n\n\n\n<li><strong>Avalia\u00e7\u00e3o auditiva<\/strong>: checagem da capacidade de perceber sons relevantes ao tr\u00e2nsito;<\/li>\n\n\n\n<li><strong>Coordena\u00e7\u00e3o motora<\/strong>: testes de reflexos, movimentos e tempo de rea\u00e7\u00e3o;<\/li>\n\n\n\n<li><strong>Condi\u00e7\u00e3o f\u00edsica<\/strong>: an\u00e1lise de doen\u00e7as ou limita\u00e7\u00f5es que possam interferir na dire\u00e7\u00e3o;<\/li>\n\n\n\n<li><strong>Estado mental<\/strong>: aten\u00e7\u00e3o, mem\u00f3ria e compreens\u00e3o de situa\u00e7\u00f5es de tr\u00e2nsito.<\/li>\n<\/ul>\n\n\n\n<h2 class=\"wp-block-heading\">Com que frequ\u00eancia a carteira deve ser renovada ap\u00f3s os 65 anos?<\/h2>\n\n\n\n<p>A periodicidade para renovar a carteira de habilita\u00e7\u00e3o de idosos varia de acordo com o tipo de servi\u00e7o prestado \u2014 privado ou p\u00fablico \u2014 e com a idade do condutor. A regra n\u00e3o impede automaticamente que algu\u00e9m com idade avan\u00e7ada renove a carteira, mas reduz os intervalos para revisar a aptid\u00e3o com mais frequ\u00eancia.<\/p>\n\n\n\n<p>No servi\u00e7o privado (categorias A e B), motoristas com menos de 60 anos renovam a cada 10 anos; entre 60 e 80 anos, a cada 5 anos; e acima de 80 anos, anualmente. J\u00e1 no servi\u00e7o p\u00fablico (categoria C), a renova\u00e7\u00e3o \u00e9 a cada 3 anos para menores de 60 anos e anual para quem tem mais de 60, sempre condicionada \u00e0 aptid\u00e3o registrada corretamente no RUNT.<\/p>\n\n\n\n<figure class=\"wp-block-image size-large\"><img loading=\"lazy\" decoding=\"async\" width=\"1024\" height=\"576\" src=\"https:\/\/www.em.com.br\/emfoco\/wp-content\/uploads\/2026\/03\/1-32-1024x576.jpg\" alt=\"Motoristas com mais de 65 anos enfrentam novas regras para renovar a carteira de habilita\u00e7\u00e3o\" class=\"wp-image-178354\" srcset=\"https:\/\/www.em.com.br\/emfoco\/wp-content\/uploads\/2026\/03\/1-32-1024x576.jpg 1024w, https:\/\/www.em.com.br\/emfoco\/wp-content\/uploads\/2026\/03\/1-32-300x169.jpg 300w, https:\/\/www.em.com.br\/emfoco\/wp-content\/uploads\/2026\/03\/1-32-768x432.jpg 768w, https:\/\/www.em.com.br\/emfoco\/wp-content\/uploads\/2026\/03\/1-32-750x422.jpg 750w, https:\/\/www.em.com.br\/emfoco\/wp-content\/uploads\/2026\/03\/1-32-1140x641.jpg 1140w, https:\/\/www.em.com.br\/emfoco\/wp-content\/uploads\/2026\/03\/1-32.jpg 1280w\" sizes=\"auto, (max-width: 1024px) 100vw, 1024px\" \/><figcaption class=\"wp-element-caption\">Periodicidade da renova\u00e7\u00e3o diminui conforme o aumento da idade do condutor<\/figcaption><\/figure>\n\n\n\n<h2 class=\"wp-block-heading\">Qual \u00e9 o passo a passo para renovar a CNH de idosos em 2026?<\/h2>\n\n\n\n<p>O processo para renovar a carteira de habilita\u00e7\u00e3o para maiores de 65 anos em 2026 segue etapas que, se ignoradas, podem atrasar ou impedir a emiss\u00e3o do novo documento. Em grandes cidades, como Bogot\u00e1, muitas fases podem ser iniciadas pela internet, mas a presen\u00e7a f\u00edsica continua obrigat\u00f3ria para os exames m\u00e9dicos.<\/p>\n\n\n\n<p>De forma geral, o roteiro inclui cadastro atualizado no RUNT, realiza\u00e7\u00e3o do exame f\u00edsico, mental e de coordena\u00e7\u00e3o motora em CRC autorizado, confirma\u00e7\u00e3o do envio do certificado ao SICOV, quita\u00e7\u00e3o ou acordo de multas, agendamento junto ao organismo de tr\u00e2nsito e pagamento das taxas vigentes. Respeitar o prazo de validade de at\u00e9 seis meses do laudo m\u00e9dico \u00e9 essencial para n\u00e3o ter de repetir todo o processo.<\/p>\n\n\n\n<h2 class=\"wp-block-heading\">O que pode interromper a renova\u00e7\u00e3o e por que agir agora?<\/h2>\n\n\n\n<p>A carteira de habilita\u00e7\u00e3o de condutores com mais de 65 anos deixa de ser renovada quando os requisitos m\u00ednimos n\u00e3o s\u00e3o cumpridos. Isso pode ocorrer por reprova\u00e7\u00e3o no exame m\u00e9dico, aus\u00eancia de registro do certificado no RUNT, vencimento do laudo antes da conclus\u00e3o do processo ou pend\u00eancias legais e financeiras ligadas a infra\u00e7\u00f5es de tr\u00e2nsito.<\/p>\n\n\n\n<p>Em alguns casos, o profissional de sa\u00fade pode impor medidas compensat\u00f3rias, como uso obrigat\u00f3rio de \u00f3culos, aparelhos auditivos ou tratamentos espec\u00edficos, que devem ser seguidos e registrados. Se voc\u00ea est\u00e1 perto de renovar, n\u00e3o espere o documento vencer: atualize seus dados, agende o exame e regularize poss\u00edveis multas agora, garantindo o direito de continuar dirigindo com seguran\u00e7a e dentro da lei nos pr\u00f3ximos anos.<\/p>\n","protected":false},"excerpt":{"rendered":"<p>Motoristas com mais de 65 anos na Col\u00f4mbia passaram a lidar, nos \u00faltimos anos, com regras bem mais r\u00edgidas para manter a carteira de habilita\u00e7\u00e3o ativa. As mudan\u00e7as, impulsionadas pelo Minist\u00e9rio dos Transportes e regulamentadas por normas espec\u00edficas, n\u00e3o estabelecem um limite m\u00e1ximo de idade, mas condicionam a renova\u00e7\u00e3o do documento \u00e0 comprova\u00e7\u00e3o atualizada de [&hellip;]<\/p>\n","protected":false},"author":13,"featured_media":178356,"comment_status":"open","ping_status":"open","sticky":false,"template":"","format":"standard","meta":{"jnews-multi-image_gallery":[],"jnews_single_post":{"format":"standard"},"jnews_primary_category":[],"jnews_social_meta":[],"jnews_override_counter":[],"footnotes":""},"categories":[28],"tags":[1244,4472,15176,25805],"class_list":["post-178333","post","type-post","status-publish","format-standard","has-post-thumbnail","hentry","category-economia","tag-carteira-de-habilitacao","tag-colombia","tag-renovacao-da-cnh","tag-runt"],"yoast_head":"<!-- This site is optimized with the Yoast SEO plugin v23.8 - https:\/\/yoast.com\/wordpress\/plugins\/seo\/ -->\n<title>Motoristas com mais de 65 anos enfrentam novas regras para renovar a carteira de habilita\u00e7\u00e3o - Estado de Minas - Em foco<\/title>\n<meta name=\"description\" content=\"Motoristas com mais de 65 anos enfrentam regras mais r\u00edgidas para renovar a carteira. Veja exames e exig\u00eancias.\" \/>\n<meta name=\"robots\" content=\"index, follow, max-snippet:-1, max-image-preview:large, max-video-preview:-1\" \/>\n<link rel=\"canonical\" href=\"https:\/\/www.em.com.br\/emfoco\/2026\/03\/09\/motoristas-com-mais-de-65-anos-enfrentam-novas-regras-para-renovar-a-carteira-de-habilitacao\/\" \/>\n<meta property=\"og:locale\" content=\"pt_BR\" \/>\n<meta property=\"og:type\" content=\"article\" \/>\n<meta property=\"og:title\" content=\"Motoristas com mais de 65 anos enfrentam novas regras para renovar a carteira de habilita\u00e7\u00e3o - Estado de Minas - Em foco\" \/>\n<meta property=\"og:description\" content=\"Motoristas com mais de 65 anos enfrentam regras mais r\u00edgidas para renovar a carteira. Veja exames e exig\u00eancias.\" \/>\n<meta property=\"og:url\" content=\"https:\/\/www.em.com.br\/emfoco\/2026\/03\/09\/motoristas-com-mais-de-65-anos-enfrentam-novas-regras-para-renovar-a-carteira-de-habilitacao\/\" \/>\n<meta property=\"og:site_name\" content=\"Estado de Minas - Em foco\" \/>\n<meta property=\"article:published_time\" content=\"2026-03-09T10:45:00+00:00\" \/>\n<meta property=\"article:modified_time\" content=\"2026-03-06T14:27:02+00:00\" \/>\n<meta property=\"og:image\" content=\"https:\/\/www.em.com.br\/emfoco\/wp-content\/uploads\/2026\/03\/3-27.jpg\" \/>\n\t<meta property=\"og:image:width\" content=\"1280\" \/>\n\t<meta property=\"og:image:height\" content=\"720\" \/>\n\t<meta property=\"og:image:type\" content=\"image\/jpeg\" \/>\n<meta name=\"author\" content=\"Gabriel Martins\" \/>\n<meta name=\"twitter:card\" content=\"summary_large_image\" \/>\n<meta name=\"twitter:label1\" content=\"Escrito por\" \/>\n\t<meta name=\"twitter:data1\" content=\"Gabriel Martins\" \/>\n\t<meta name=\"twitter:label2\" content=\"Est. tempo de leitura\" \/>\n\t<meta name=\"twitter:data2\" content=\"5 minutos\" \/>\n<!-- \/ Yoast SEO plugin. -->","yoast_head_json":{"title":"Motoristas com mais de 65 anos enfrentam novas regras para renovar a carteira de habilita\u00e7\u00e3o - Estado de Minas - Em foco","description":"Motoristas com mais de 65 anos enfrentam regras mais r\u00edgidas para renovar a carteira. Veja exames e exig\u00eancias.","robots":{"index":"index","follow":"follow","max-snippet":"max-snippet:-1","max-image-preview":"max-image-preview:large","max-video-preview":"max-video-preview:-1"},"canonical":"https:\/\/www.em.com.br\/emfoco\/2026\/03\/09\/motoristas-com-mais-de-65-anos-enfrentam-novas-regras-para-renovar-a-carteira-de-habilitacao\/","og_locale":"pt_BR","og_type":"article","og_title":"Motoristas com mais de 65 anos enfrentam novas regras para renovar a carteira de habilita\u00e7\u00e3o - Estado de Minas - Em foco","og_description":"Motoristas com mais de 65 anos enfrentam regras mais r\u00edgidas para renovar a carteira. Veja exames e exig\u00eancias.","og_url":"https:\/\/www.em.com.br\/emfoco\/2026\/03\/09\/motoristas-com-mais-de-65-anos-enfrentam-novas-regras-para-renovar-a-carteira-de-habilitacao\/","og_site_name":"Estado de Minas - Em foco","article_published_time":"2026-03-09T10:45:00+00:00","article_modified_time":"2026-03-06T14:27:02+00:00","og_image":[{"width":1280,"height":720,"url":"https:\/\/www.em.com.br\/emfoco\/wp-content\/uploads\/2026\/03\/3-27.jpg","type":"image\/jpeg"}],"author":"Gabriel Martins","twitter_card":"summary_large_image","twitter_misc":{"Escrito por":"Gabriel Martins","Est. tempo de leitura":"5 minutos"},"schema":{"@context":"https:\/\/schema.org","@graph":[{"@type":"WebPage","@id":"https:\/\/www.em.com.br\/emfoco\/2026\/03\/09\/motoristas-com-mais-de-65-anos-enfrentam-novas-regras-para-renovar-a-carteira-de-habilitacao\/","url":"https:\/\/www.em.com.br\/emfoco\/2026\/03\/09\/motoristas-com-mais-de-65-anos-enfrentam-novas-regras-para-renovar-a-carteira-de-habilitacao\/","name":"Motoristas com mais de 65 anos enfrentam novas regras para renovar a carteira de habilita\u00e7\u00e3o - Estado de Minas - Em foco","isPartOf":{"@id":"https:\/\/www.em.com.br\/emfoco\/#website"},"primaryImageOfPage":{"@id":"https:\/\/www.em.com.br\/emfoco\/2026\/03\/09\/motoristas-com-mais-de-65-anos-enfrentam-novas-regras-para-renovar-a-carteira-de-habilitacao\/#primaryimage"},"image":{"@id":"https:\/\/www.em.com.br\/emfoco\/2026\/03\/09\/motoristas-com-mais-de-65-anos-enfrentam-novas-regras-para-renovar-a-carteira-de-habilitacao\/#primaryimage"},"thumbnailUrl":"https:\/\/www.em.com.br\/emfoco\/wp-content\/uploads\/2026\/03\/3-27.jpg","datePublished":"2026-03-09T10:45:00+00:00","dateModified":"2026-03-06T14:27:02+00:00","author":{"@id":"https:\/\/www.em.com.br\/emfoco\/#\/schema\/person\/1c9ddeab18b98abeffef834667bcf08a"},"description":"Motoristas com mais de 65 anos enfrentam regras mais r\u00edgidas para renovar a carteira. Veja exames e exig\u00eancias.","breadcrumb":{"@id":"https:\/\/www.em.com.br\/emfoco\/2026\/03\/09\/motoristas-com-mais-de-65-anos-enfrentam-novas-regras-para-renovar-a-carteira-de-habilitacao\/#breadcrumb"},"inLanguage":"pt-BR","potentialAction":[{"@type":"ReadAction","target":["https:\/\/www.em.com.br\/emfoco\/2026\/03\/09\/motoristas-com-mais-de-65-anos-enfrentam-novas-regras-para-renovar-a-carteira-de-habilitacao\/"]}]},{"@type":"ImageObject","inLanguage":"pt-BR","@id":"https:\/\/www.em.com.br\/emfoco\/2026\/03\/09\/motoristas-com-mais-de-65-anos-enfrentam-novas-regras-para-renovar-a-carteira-de-habilitacao\/#primaryimage","url":"https:\/\/www.em.com.br\/emfoco\/wp-content\/uploads\/2026\/03\/3-27.jpg","contentUrl":"https:\/\/www.em.com.br\/emfoco\/wp-content\/uploads\/2026\/03\/3-27.jpg","width":1280,"height":720,"caption":"Renova\u00e7\u00e3o de habilita\u00e7\u00e3o para idosos na Col\u00f4mbia exige comprova\u00e7\u00e3o de aptid\u00e3o"},{"@type":"BreadcrumbList","@id":"https:\/\/www.em.com.br\/emfoco\/2026\/03\/09\/motoristas-com-mais-de-65-anos-enfrentam-novas-regras-para-renovar-a-carteira-de-habilitacao\/#breadcrumb","itemListElement":[{"@type":"ListItem","position":1,"name":"In\u00edcio","item":"https:\/\/www.em.com.br\/emfoco\/"},{"@type":"ListItem","position":2,"name":"Motoristas com mais de 65 anos enfrentam novas regras para renovar a carteira de habilita\u00e7\u00e3o"}]},{"@type":"WebSite","@id":"https:\/\/www.em.com.br\/emfoco\/#website","url":"https:\/\/www.em.com.br\/emfoco\/","name":"Estado de Minas - Em foco","description":"Acompanhe as \u00faltimas not\u00edcias e fique bem informado sobre tudo o que acontece em Minas Gerais, Brasil e no mundo.","potentialAction":[{"@type":"SearchAction","target":{"@type":"EntryPoint","urlTemplate":"https:\/\/www.em.com.br\/emfoco\/?s={search_term_string}"},"query-input":{"@type":"PropertyValueSpecification","valueRequired":true,"valueName":"search_term_string"}}],"inLanguage":"pt-BR"},{"@type":"Person","@id":"https:\/\/www.em.com.br\/emfoco\/#\/schema\/person\/1c9ddeab18b98abeffef834667bcf08a","name":"Gabriel Martins","image":{"@type":"ImageObject","inLanguage":"pt-BR","@id":"https:\/\/www.em.com.br\/emfoco\/#\/schema\/person\/image\/","url":"https:\/\/secure.gravatar.com\/avatar\/f0f1e2efdfd88f1ad2cb08c5c2731e50?s=96&d=mm&r=g","contentUrl":"https:\/\/secure.gravatar.com\/avatar\/f0f1e2efdfd88f1ad2cb08c5c2731e50?s=96&d=mm&r=g","caption":"Gabriel Martins"},"sameAs":["https:\/\/www.em.com.br\/emfoco\/"],"url":"https:\/\/www.em.com.br\/emfoco\/author\/gabrielmartinsmyth\/"}]}},"_links":{"self":[{"href":"https:\/\/www.em.com.br\/emfoco\/wp-json\/wp\/v2\/posts\/178333","targetHints":{"allow":["GET"]}}],"collection":[{"href":"https:\/\/www.em.com.br\/emfoco\/wp-json\/wp\/v2\/posts"}],"about":[{"href":"https:\/\/www.em.com.br\/emfoco\/wp-json\/wp\/v2\/types\/post"}],"author":[{"embeddable":true,"href":"https:\/\/www.em.com.br\/emfoco\/wp-json\/wp\/v2\/users\/13"}],"replies":[{"embeddable":true,"href":"https:\/\/www.em.com.br\/emfoco\/wp-json\/wp\/v2\/comments?post=178333"}],"version-history":[{"count":1,"href":"https:\/\/www.em.com.br\/emfoco\/wp-json\/wp\/v2\/posts\/178333\/revisions"}],"predecessor-version":[{"id":178364,"href":"https:\/\/www.em.com.br\/emfoco\/wp-json\/wp\/v2\/posts\/178333\/revisions\/178364"}],"wp:featuredmedia":[{"embeddable":true,"href":"https:\/\/www.em.com.br\/emfoco\/wp-json\/wp\/v2\/media\/178356"}],"wp:attachment":[{"href":"https:\/\/www.em.com.br\/emfoco\/wp-json\/wp\/v2\/media?parent=178333"}],"wp:term":[{"taxonomy":"category","embeddable":true,"href":"https:\/\/www.em.com.br\/emfoco\/wp-json\/wp\/v2\/categories?post=178333"},{"taxonomy":"post_tag","embeddable":true,"href":"https:\/\/www.em.com.br\/emfoco\/wp-json\/wp\/v2\/tags?post=178333"}],"curies":[{"name":"wp","href":"https:\/\/api.w.org\/{rel}","templated":true}]}}