{"id":178331,"date":"2026-03-09T11:55:00","date_gmt":"2026-03-09T14:55:00","guid":{"rendered":"https:\/\/www.em.com.br\/emfoco\/?p=178331"},"modified":"2026-03-08T16:35:06","modified_gmt":"2026-03-08T19:35:06","slug":"saque-aniversario-do-fgts-em-2026-veja-como-funciona-e-quando-o-dinheiro-pode-ser-liberado","status":"publish","type":"post","link":"https:\/\/www.em.com.br\/emfoco\/2026\/03\/09\/saque-aniversario-do-fgts-em-2026-veja-como-funciona-e-quando-o-dinheiro-pode-ser-liberado\/","title":{"rendered":"Saque-anivers\u00e1rio do FGTS em 2026! Veja como funciona e quando o dinheiro pode ser liberado"},"content":{"rendered":"\n<p>O saque-anivers\u00e1rio do FGTS em 2026 exige aten\u00e7\u00e3o redobrada de quem usa o Fundo de Garantia como reserva financeira: a modalidade segue permitindo retiradas anuais no m\u00eas de nascimento, mas limita o acesso ao saldo em caso de demiss\u00e3o sem justa causa, o que obriga muitos trabalhadores a reavaliar se vale a pena abrir m\u00e3o do saque integral em troca de uma renda extra recorrente.<\/p>\n\n\n\n<h2 class=\"wp-block-heading\">O que \u00e9 o saque-anivers\u00e1rio do FGTS em 2026<\/h2>\n\n\n\n<p>O saque-anivers\u00e1rio do FGTS permite retirar anualmente uma parte do saldo das contas do Fundo de Garantia, sempre no m\u00eas de anivers\u00e1rio do trabalhador. O valor liberado segue uma tabela de faixas, baseada no montante acumulado, combinando um percentual do saldo com uma parcela adicional fixa.<\/p>\n\n\n\n<p>Nessa l\u00f3gica, quem tem saldo menor recebe um percentual proporcionalmente maior, enquanto saldos elevados contam com percentuais menores. Isso transforma o FGTS em uma fonte de renda peri\u00f3dica, e n\u00e3o em uma reserva totalmente dispon\u00edvel para emerg\u00eancias trabalhistas.<\/p>\n\n\n\n<figure class=\"wp-block-image size-large\"><img loading=\"lazy\" decoding=\"async\" width=\"1024\" height=\"576\" src=\"https:\/\/www.em.com.br\/emfoco\/wp-content\/uploads\/2026\/03\/7-17-1024x576.jpg\" alt=\"Saque-anivers\u00e1rio do FGTS em 2026: veja como funciona e quando o dinheiro pode ser liberado\" class=\"wp-image-178360\" srcset=\"https:\/\/www.em.com.br\/emfoco\/wp-content\/uploads\/2026\/03\/7-17-1024x576.jpg 1024w, https:\/\/www.em.com.br\/emfoco\/wp-content\/uploads\/2026\/03\/7-17-300x169.jpg 300w, https:\/\/www.em.com.br\/emfoco\/wp-content\/uploads\/2026\/03\/7-17-768x432.jpg 768w, https:\/\/www.em.com.br\/emfoco\/wp-content\/uploads\/2026\/03\/7-17-750x422.jpg 750w, https:\/\/www.em.com.br\/emfoco\/wp-content\/uploads\/2026\/03\/7-17-1140x641.jpg 1140w, https:\/\/www.em.com.br\/emfoco\/wp-content\/uploads\/2026\/03\/7-17.jpg 1280w\" sizes=\"auto, (max-width: 1024px) 100vw, 1024px\" \/><figcaption class=\"wp-element-caption\">Retirada de parte do saldo ocorre sempre no m\u00eas de nascimento<\/figcaption><\/figure>\n\n\n\n<h2 class=\"wp-block-heading\">Como funciona o saque em caso de demiss\u00e3o sem justa causa<\/h2>\n\n\n\n<p>Ao optar pelo saque-anivers\u00e1rio, o trabalhador mant\u00e9m o direito \u00e0 multa rescis\u00f3ria de 40% em caso de demiss\u00e3o sem justa causa, mas perde o acesso imediato ao valor total dispon\u00edvel na conta do FGTS. O restante do dinheiro s\u00f3 pode ser retirado nas janelas anuais do m\u00eas de anivers\u00e1rio.<\/p>\n\n\n\n<p>Essa din\u00e2mica torna a decis\u00e3o mais estrat\u00e9gica: quem depende do FGTS como prote\u00e7\u00e3o em crises profissionais precisa avaliar se consegue ficar sem o saque integral na rescis\u00e3o. Em muitos casos, isso exige combinar o FGTS com outras reservas e investimentos para n\u00e3o ficar vulner\u00e1vel.<\/p>\n\n\n\n<h2 class=\"wp-block-heading\">Como funcionam as regras e a antecipa\u00e7\u00e3o do saque-anivers\u00e1rio<\/h2>\n\n\n\n<p>Em 2026, as mudan\u00e7as se concentraram principalmente na forma de contratar e fiscalizar a antecipa\u00e7\u00e3o do saque-anivers\u00e1rio. A antecipa\u00e7\u00e3o funciona como um cr\u00e9dito: o trabalhador recebe de uma vez os valores que seriam liberados ao longo dos pr\u00f3ximos anos, e o saldo do FGTS fica vinculado como garantia.<\/p>\n\n\n\n<p>Com regras mais r\u00edgidas, os contratos precisam deixar muito claros os juros, o custo efetivo total da opera\u00e7\u00e3o e o prazo de comprometimento do saldo. Para avaliar melhor, vale observar alguns pontos essenciais ao decidir pela antecipa\u00e7\u00e3o:<\/p>\n\n\n\n<ul class=\"wp-block-list\">\n<li>Comparar a taxa de juros da antecipa\u00e7\u00e3o com a dos empr\u00e9stimos e d\u00edvidas atuais.<\/li>\n\n\n\n<li>Medir a estabilidade no emprego e o risco de precisar do saque integral em breve.<\/li>\n\n\n\n<li>Verificar se h\u00e1 outras reservas de emerg\u00eancia fora do <strong><a href=\"https:\/\/www.em.com.br\/emfoco\/2026\/03\/05\/fgts-libera-saque-calamidade-de-ate-r-6-220-veja-quem-pode-receber-e-como-solicitar\/\" target=\"_blank\" rel=\"noreferrer noopener\">FGTS<\/a><\/strong>.<\/li>\n\n\n\n<li>Entender por quanto tempo o saldo ficar\u00e1 travado como garantia.<\/li>\n<\/ul>\n\n\n\n<p>Confira o v\u00eddeo compartilhado pelo canal do YouTube <strong><a href=\"https:\/\/www.youtube.com\/@alexandredebarrosrodrigues\" target=\"_blank\" rel=\"noreferrer noopener\">Alexandre de Barros Rodrigues | Tax e Corporate<\/a><\/strong> falando sobre as mudan\u00e7as do saque-anivers\u00e1rio do FGTS em 2026.<\/p>\n\n\n\n<figure class=\"wp-block-embed is-type-video is-provider-youtube wp-block-embed-youtube wp-embed-aspect-16-9 wp-has-aspect-ratio\"><div class=\"wp-block-embed__wrapper\">\n<div class=\"jeg_video_container jeg_video_content\"><iframe loading=\"lazy\" title=\"SAQUE-ANIVERS\u00c1RIO DO FGTS 2026: MUDOU TUDO! Novas regras, calend\u00e1rio e empr\u00e9stimo. Vale a pena?\" width=\"500\" height=\"281\" src=\"https:\/\/www.youtube.com\/embed\/xsYlxl3Z8yo?feature=oembed\" frameborder=\"0\" allow=\"accelerometer; autoplay; clipboard-write; encrypted-media; gyroscope; picture-in-picture; web-share\" referrerpolicy=\"strict-origin-when-cross-origin\" allowfullscreen><\/iframe><\/div>\n<\/div><\/figure>\n\n\n\n<h2 class=\"wp-block-heading\">O saque-anivers\u00e1rio do FGTS ainda vale a pena em 2026<\/h2>\n\n\n\n<p>A decis\u00e3o de aderir ao saque-anivers\u00e1rio em 2026 depende do perfil de renda, do setor de atua\u00e7\u00e3o e do n\u00edvel de seguran\u00e7a no emprego. Em geral, a modalidade tende a combinar melhor com quem tem estabilidade profissional e usa o valor anual como refor\u00e7o planejado de or\u00e7amento, e n\u00e3o como \u00fanica prote\u00e7\u00e3o.<\/p>\n\n\n\n<p>Para quem j\u00e1 est\u00e1 endividado, antecipar o saque pode ser \u00fatil para quitar d\u00edvidas caras, desde que o custo do cr\u00e9dito seja realmente menor. Por outro lado, quem trabalha em \u00e1reas com alta rotatividade pode sentir falta do saque integral em caso de demiss\u00e3o, o que torna importante diversificar reservas em outras aplica\u00e7\u00f5es al\u00e9m do FGTS.<\/p>\n\n\n\n<h2 class=\"wp-block-heading\">Como aderir, mudar de modalidade e se planejar melhor<\/h2>\n\n\n\n<p>A ades\u00e3o ao saque-anivers\u00e1rio continua sendo feita pelo aplicativo FGTS ou pelos canais digitais da Caixa Econ\u00f4mica Federal. O processo inclui consultar o saldo, verificar simula\u00e7\u00f5es de saque, analisar condi\u00e7\u00f5es de antecipa\u00e7\u00e3o e ent\u00e3o confirmar a op\u00e7\u00e3o, lembrando que o retorno ao saque-rescis\u00e3o n\u00e3o \u00e9 imediato.<\/p>\n\n\n\n<p>Para quem deseja voltar ao saque-rescis\u00e3o, h\u00e1 car\u00eancia de 24 meses a partir da solicita\u00e7\u00e3o, per\u00edodo em que o trabalhador permanece nas regras do saque-anivers\u00e1rio. Se voc\u00ea depende do FGTS como prote\u00e7\u00e3o, n\u00e3o espere a crise chegar: revise sua modalidade ainda hoje, simule cen\u00e1rios de demiss\u00e3o e organize uma reserva de emerg\u00eancia fora do Fundo para garantir mais seguran\u00e7a e liberdade financeira.<\/p>\n","protected":false},"excerpt":{"rendered":"<p>O saque-anivers\u00e1rio do FGTS em 2026 exige aten\u00e7\u00e3o redobrada de quem usa o Fundo de Garantia como reserva financeira: a modalidade segue permitindo retiradas anuais no m\u00eas de nascimento, mas limita o acesso ao saldo em caso de demiss\u00e3o sem justa causa, o que obriga muitos trabalhadores a reavaliar se vale a pena abrir m\u00e3o [&hellip;]<\/p>\n","protected":false},"author":13,"featured_media":178361,"comment_status":"open","ping_status":"open","sticky":false,"template":"","format":"standard","meta":{"jnews-multi-image_gallery":[],"jnews_single_post":{"format":"standard"},"jnews_primary_category":[],"jnews_social_meta":[],"jnews_override_counter":[],"footnotes":""},"categories":[28],"tags":[1036,25627,1038],"class_list":["post-178331","post","type-post","status-publish","format-standard","has-post-thumbnail","hentry","category-economia","tag-fgts","tag-fundo-de-garantia","tag-saque-aniversario"],"yoast_head":"<!-- This site is optimized with the Yoast SEO plugin v23.8 - https:\/\/yoast.com\/wordpress\/plugins\/seo\/ -->\n<title>Saque-anivers\u00e1rio do FGTS em 2026! Veja como funciona e quando o dinheiro pode ser liberado - Estado de Minas - Em foco<\/title>\n<meta name=\"description\" content=\"Saque-anivers\u00e1rio do FGTS em 2026 permite retiradas anuais no m\u00eas de nascimento. Veja regras e impactos em caso de demiss\u00e3o.\" \/>\n<meta name=\"robots\" content=\"index, follow, max-snippet:-1, max-image-preview:large, max-video-preview:-1\" \/>\n<link rel=\"canonical\" href=\"https:\/\/www.em.com.br\/emfoco\/2026\/03\/09\/saque-aniversario-do-fgts-em-2026-veja-como-funciona-e-quando-o-dinheiro-pode-ser-liberado\/\" \/>\n<meta property=\"og:locale\" content=\"pt_BR\" \/>\n<meta property=\"og:type\" content=\"article\" \/>\n<meta property=\"og:title\" content=\"Saque-anivers\u00e1rio do FGTS em 2026! Veja como funciona e quando o dinheiro pode ser liberado - Estado de Minas - Em foco\" \/>\n<meta property=\"og:description\" content=\"Saque-anivers\u00e1rio do FGTS em 2026 permite retiradas anuais no m\u00eas de nascimento. Veja regras e impactos em caso de demiss\u00e3o.\" \/>\n<meta property=\"og:url\" content=\"https:\/\/www.em.com.br\/emfoco\/2026\/03\/09\/saque-aniversario-do-fgts-em-2026-veja-como-funciona-e-quando-o-dinheiro-pode-ser-liberado\/\" \/>\n<meta property=\"og:site_name\" content=\"Estado de Minas - Em foco\" \/>\n<meta property=\"article:published_time\" content=\"2026-03-09T14:55:00+00:00\" \/>\n<meta property=\"article:modified_time\" content=\"2026-03-08T19:35:06+00:00\" \/>\n<meta property=\"og:image\" content=\"https:\/\/www.em.com.br\/emfoco\/wp-content\/uploads\/2026\/03\/8-17.jpg\" \/>\n\t<meta property=\"og:image:width\" content=\"1280\" \/>\n\t<meta property=\"og:image:height\" content=\"720\" \/>\n\t<meta property=\"og:image:type\" content=\"image\/jpeg\" \/>\n<meta name=\"author\" content=\"Gabriel Martins\" \/>\n<meta name=\"twitter:card\" content=\"summary_large_image\" \/>\n<meta name=\"twitter:label1\" content=\"Escrito por\" \/>\n\t<meta name=\"twitter:data1\" content=\"Gabriel Martins\" \/>\n\t<meta name=\"twitter:label2\" content=\"Est. tempo de leitura\" \/>\n\t<meta name=\"twitter:data2\" content=\"5 minutos\" \/>\n<!-- \/ Yoast SEO plugin. -->","yoast_head_json":{"title":"Saque-anivers\u00e1rio do FGTS em 2026! Veja como funciona e quando o dinheiro pode ser liberado - Estado de Minas - Em foco","description":"Saque-anivers\u00e1rio do FGTS em 2026 permite retiradas anuais no m\u00eas de nascimento. Veja regras e impactos em caso de demiss\u00e3o.","robots":{"index":"index","follow":"follow","max-snippet":"max-snippet:-1","max-image-preview":"max-image-preview:large","max-video-preview":"max-video-preview:-1"},"canonical":"https:\/\/www.em.com.br\/emfoco\/2026\/03\/09\/saque-aniversario-do-fgts-em-2026-veja-como-funciona-e-quando-o-dinheiro-pode-ser-liberado\/","og_locale":"pt_BR","og_type":"article","og_title":"Saque-anivers\u00e1rio do FGTS em 2026! Veja como funciona e quando o dinheiro pode ser liberado - Estado de Minas - Em foco","og_description":"Saque-anivers\u00e1rio do FGTS em 2026 permite retiradas anuais no m\u00eas de nascimento. Veja regras e impactos em caso de demiss\u00e3o.","og_url":"https:\/\/www.em.com.br\/emfoco\/2026\/03\/09\/saque-aniversario-do-fgts-em-2026-veja-como-funciona-e-quando-o-dinheiro-pode-ser-liberado\/","og_site_name":"Estado de Minas - Em foco","article_published_time":"2026-03-09T14:55:00+00:00","article_modified_time":"2026-03-08T19:35:06+00:00","og_image":[{"width":1280,"height":720,"url":"https:\/\/www.em.com.br\/emfoco\/wp-content\/uploads\/2026\/03\/8-17.jpg","type":"image\/jpeg"}],"author":"Gabriel Martins","twitter_card":"summary_large_image","twitter_misc":{"Escrito por":"Gabriel Martins","Est. tempo de leitura":"5 minutos"},"schema":{"@context":"https:\/\/schema.org","@graph":[{"@type":"WebPage","@id":"https:\/\/www.em.com.br\/emfoco\/2026\/03\/09\/saque-aniversario-do-fgts-em-2026-veja-como-funciona-e-quando-o-dinheiro-pode-ser-liberado\/","url":"https:\/\/www.em.com.br\/emfoco\/2026\/03\/09\/saque-aniversario-do-fgts-em-2026-veja-como-funciona-e-quando-o-dinheiro-pode-ser-liberado\/","name":"Saque-anivers\u00e1rio do FGTS em 2026! Veja como funciona e quando o dinheiro pode ser liberado - Estado de Minas - Em foco","isPartOf":{"@id":"https:\/\/www.em.com.br\/emfoco\/#website"},"primaryImageOfPage":{"@id":"https:\/\/www.em.com.br\/emfoco\/2026\/03\/09\/saque-aniversario-do-fgts-em-2026-veja-como-funciona-e-quando-o-dinheiro-pode-ser-liberado\/#primaryimage"},"image":{"@id":"https:\/\/www.em.com.br\/emfoco\/2026\/03\/09\/saque-aniversario-do-fgts-em-2026-veja-como-funciona-e-quando-o-dinheiro-pode-ser-liberado\/#primaryimage"},"thumbnailUrl":"https:\/\/www.em.com.br\/emfoco\/wp-content\/uploads\/2026\/03\/8-17.jpg","datePublished":"2026-03-09T14:55:00+00:00","dateModified":"2026-03-08T19:35:06+00:00","author":{"@id":"https:\/\/www.em.com.br\/emfoco\/#\/schema\/person\/1c9ddeab18b98abeffef834667bcf08a"},"description":"Saque-anivers\u00e1rio do FGTS em 2026 permite retiradas anuais no m\u00eas de nascimento. Veja regras e impactos em caso de demiss\u00e3o.","breadcrumb":{"@id":"https:\/\/www.em.com.br\/emfoco\/2026\/03\/09\/saque-aniversario-do-fgts-em-2026-veja-como-funciona-e-quando-o-dinheiro-pode-ser-liberado\/#breadcrumb"},"inLanguage":"pt-BR","potentialAction":[{"@type":"ReadAction","target":["https:\/\/www.em.com.br\/emfoco\/2026\/03\/09\/saque-aniversario-do-fgts-em-2026-veja-como-funciona-e-quando-o-dinheiro-pode-ser-liberado\/"]}]},{"@type":"ImageObject","inLanguage":"pt-BR","@id":"https:\/\/www.em.com.br\/emfoco\/2026\/03\/09\/saque-aniversario-do-fgts-em-2026-veja-como-funciona-e-quando-o-dinheiro-pode-ser-liberado\/#primaryimage","url":"https:\/\/www.em.com.br\/emfoco\/wp-content\/uploads\/2026\/03\/8-17.jpg","contentUrl":"https:\/\/www.em.com.br\/emfoco\/wp-content\/uploads\/2026\/03\/8-17.jpg","width":1280,"height":720,"caption":"Modalidade de saque anual do FGTS exige planejamento para evitar vulnerabilidade"},{"@type":"BreadcrumbList","@id":"https:\/\/www.em.com.br\/emfoco\/2026\/03\/09\/saque-aniversario-do-fgts-em-2026-veja-como-funciona-e-quando-o-dinheiro-pode-ser-liberado\/#breadcrumb","itemListElement":[{"@type":"ListItem","position":1,"name":"In\u00edcio","item":"https:\/\/www.em.com.br\/emfoco\/"},{"@type":"ListItem","position":2,"name":"Saque-anivers\u00e1rio do FGTS em 2026! Veja como funciona e quando o dinheiro pode ser liberado"}]},{"@type":"WebSite","@id":"https:\/\/www.em.com.br\/emfoco\/#website","url":"https:\/\/www.em.com.br\/emfoco\/","name":"Estado de Minas - Em foco","description":"Acompanhe as \u00faltimas not\u00edcias e fique bem informado sobre tudo o que acontece em Minas Gerais, Brasil e no mundo.","potentialAction":[{"@type":"SearchAction","target":{"@type":"EntryPoint","urlTemplate":"https:\/\/www.em.com.br\/emfoco\/?s={search_term_string}"},"query-input":{"@type":"PropertyValueSpecification","valueRequired":true,"valueName":"search_term_string"}}],"inLanguage":"pt-BR"},{"@type":"Person","@id":"https:\/\/www.em.com.br\/emfoco\/#\/schema\/person\/1c9ddeab18b98abeffef834667bcf08a","name":"Gabriel Martins","image":{"@type":"ImageObject","inLanguage":"pt-BR","@id":"https:\/\/www.em.com.br\/emfoco\/#\/schema\/person\/image\/","url":"https:\/\/secure.gravatar.com\/avatar\/f0f1e2efdfd88f1ad2cb08c5c2731e50?s=96&d=mm&r=g","contentUrl":"https:\/\/secure.gravatar.com\/avatar\/f0f1e2efdfd88f1ad2cb08c5c2731e50?s=96&d=mm&r=g","caption":"Gabriel Martins"},"sameAs":["https:\/\/www.em.com.br\/emfoco\/"],"url":"https:\/\/www.em.com.br\/emfoco\/author\/gabrielmartinsmyth\/"}]}},"_links":{"self":[{"href":"https:\/\/www.em.com.br\/emfoco\/wp-json\/wp\/v2\/posts\/178331","targetHints":{"allow":["GET"]}}],"collection":[{"href":"https:\/\/www.em.com.br\/emfoco\/wp-json\/wp\/v2\/posts"}],"about":[{"href":"https:\/\/www.em.com.br\/emfoco\/wp-json\/wp\/v2\/types\/post"}],"author":[{"embeddable":true,"href":"https:\/\/www.em.com.br\/emfoco\/wp-json\/wp\/v2\/users\/13"}],"replies":[{"embeddable":true,"href":"https:\/\/www.em.com.br\/emfoco\/wp-json\/wp\/v2\/comments?post=178331"}],"version-history":[{"count":2,"href":"https:\/\/www.em.com.br\/emfoco\/wp-json\/wp\/v2\/posts\/178331\/revisions"}],"predecessor-version":[{"id":179220,"href":"https:\/\/www.em.com.br\/emfoco\/wp-json\/wp\/v2\/posts\/178331\/revisions\/179220"}],"wp:featuredmedia":[{"embeddable":true,"href":"https:\/\/www.em.com.br\/emfoco\/wp-json\/wp\/v2\/media\/178361"}],"wp:attachment":[{"href":"https:\/\/www.em.com.br\/emfoco\/wp-json\/wp\/v2\/media?parent=178331"}],"wp:term":[{"taxonomy":"category","embeddable":true,"href":"https:\/\/www.em.com.br\/emfoco\/wp-json\/wp\/v2\/categories?post=178331"},{"taxonomy":"post_tag","embeddable":true,"href":"https:\/\/www.em.com.br\/emfoco\/wp-json\/wp\/v2\/tags?post=178331"}],"curies":[{"name":"wp","href":"https:\/\/api.w.org\/{rel}","templated":true}]}}