{"id":178330,"date":"2026-03-09T14:05:00","date_gmt":"2026-03-09T17:05:00","guid":{"rendered":"https:\/\/www.em.com.br\/emfoco\/?p=178330"},"modified":"2026-03-08T16:38:41","modified_gmt":"2026-03-08T19:38:41","slug":"declaracao-do-imposto-de-renda-2026-comeca-com-novidades-entenda-as-mudancas-para-nao-cair-na-malha-fina","status":"publish","type":"post","link":"https:\/\/www.em.com.br\/emfoco\/2026\/03\/09\/declaracao-do-imposto-de-renda-2026-comeca-com-novidades-entenda-as-mudancas-para-nao-cair-na-malha-fina\/","title":{"rendered":"Declara\u00e7\u00e3o do Imposto de Renda 2026 come\u00e7a com novidades, entenda as mudan\u00e7as para n\u00e3o cair na malha fina"},"content":{"rendered":"\n<p>Quem recebeu renda em 2025 e se enquadra nas regras da <strong>Receita Federal <\/strong>precisar\u00e1 lidar com a declara\u00e7\u00e3o do <strong>Imposto de Renda 2026<\/strong>, que continua sendo um compromisso anual e cada vez mais digital, exigindo aten\u00e7\u00e3o a limites atualizados, prazos, cruzamento de dados e uso de ferramentas como a declara\u00e7\u00e3o pr\u00e9-preenchida para evitar problemas com o Fisco.<\/p>\n\n\n\n<h2 class=\"wp-block-heading\">Quem \u00e9 obrigado a declarar o Imposto de Renda 2026<\/h2>\n\n\n\n<p>A obrigatoriedade n\u00e3o atinge apenas quem ganha sal\u00e1rios altos: ela considera renda tribut\u00e1vel, rendimentos isentos, patrim\u00f4nio em 31 de dezembro de 2025 e tipos de opera\u00e7\u00f5es financeiras realizadas ao longo do ano. Assim, algu\u00e9m com renda mensal moderada pode ter de declarar apenas por possuir um im\u00f3vel de alto valor ou ter feito opera\u00e7\u00f5es relevantes na bolsa.<\/p>\n\n\n\n<p>Entre as situa\u00e7\u00f5es mais comuns est\u00e3o rendimentos tribut\u00e1veis acima do limite para 2025, valores isentos ou tributados exclusivamente na fonte acima do teto anual e posse de bens e direitos acima de determinado montante. Quem iniciou resid\u00eancia fiscal no <strong>Brasil <\/strong>em 2025 e aqui permaneceu at\u00e9 o fim do ano, bem como quem teve ganho de capital com venda de bens ou receita expressiva com atividade rural, tamb\u00e9m costuma entrar na lista.<\/p>\n\n\n\n<p>Confira o v\u00eddeo compartilhado pelo canal do YouTube <strong><a href=\"https:\/\/www.youtube.com\/@institutomontanari\" target=\"_blank\" rel=\"noreferrer noopener\">Instituto Montanari<\/a><\/strong> falando sobre a tabela do imposto de renda em 2026 e quem poder\u00e1 ficar isento de impostos.<\/p>\n\n\n\n<figure class=\"wp-block-embed is-type-video is-provider-youtube wp-block-embed-youtube wp-embed-aspect-16-9 wp-has-aspect-ratio\"><div class=\"wp-block-embed__wrapper\">\n<div class=\"jeg_video_container jeg_video_content\"><iframe loading=\"lazy\" title=\"TABELA DO IMPOSTO DE RENDA 2026 QUEM FICA ISENTO E O QUE MUDA NA PR\u00c1TICA\" width=\"500\" height=\"281\" src=\"https:\/\/www.youtube.com\/embed\/1MH_YEJlbg0?feature=oembed\" frameborder=\"0\" allow=\"accelerometer; autoplay; clipboard-write; encrypted-media; gyroscope; picture-in-picture; web-share\" referrerpolicy=\"strict-origin-when-cross-origin\" allowfullscreen><\/iframe><\/div>\n<\/div><\/figure>\n\n\n\n<h2 class=\"wp-block-heading\">Como funciona a isen\u00e7\u00e3o do Imposto de Renda 2026<\/h2>\n\n\n\n<p>A isen\u00e7\u00e3o do Imposto de Renda 2026 gera d\u00favidas porque a tabela foi revisada, mas a declara\u00e7\u00e3o ainda usa como base os ganhos de 2025. A faixa oficial de isen\u00e7\u00e3o \u00e9 menor do que a anunciada para rendimentos futuros, por\u00e9m mecanismos como o desconto simplificado e dedu\u00e7\u00f5es espec\u00edficas ampliam, na pr\u00e1tica, a renda que fica sem imposto.<\/p>\n\n\n\n<p>Estar na faixa isenta n\u00e3o significa estar dispensado de declarar: patrim\u00f4nio elevado, venda de im\u00f3veis, opera\u00e7\u00f5es em bolsa ou recebimento de valores altos isentos podem gerar obriga\u00e7\u00e3o. Por isso, \u00e9 fundamental analisar o conjunto das regras, n\u00e3o apenas o holerite ou o extrato de benef\u00edcio, antes de concluir se \u00e9 preciso ou n\u00e3o entregar a declara\u00e7\u00e3o em 2026.<\/p>\n\n\n\n<h2 class=\"wp-block-heading\">Como usar informes de rendimentos e Pix no IR 2026<\/h2>\n\n\n\n<p>O informe de rendimentos re\u00fane sal\u00e1rios, contribui\u00e7\u00f5es previdenci\u00e1rias, imposto retido, saldos de investimentos, juros e outros dados essenciais fornecidos por empresas, bancos, corretoras e \u00f3rg\u00e3os p\u00fablicos. Em geral, ele \u00e9 disponibilizado at\u00e9 o fim de fevereiro, facilitando a organiza\u00e7\u00e3o da declara\u00e7\u00e3o e reduzindo riscos de diverg\u00eancias com o que foi informado \u00e0 Receita.<\/p>\n\n\n\n<ul class=\"wp-block-list\">\n<li>Sal\u00e1rios, aposentadorias e pens\u00f5es pagos em 2025;<\/li>\n\n\n\n<li>Imposto de renda retido na fonte e contribui\u00e7\u00f5es ao INSS;<\/li>\n\n\n\n<li>Rendimentos de aplica\u00e7\u00f5es financeiras e saldo de investimentos;<\/li>\n\n\n\n<li>Pagamentos de previd\u00eancia privada e previd\u00eancia social oficial.<\/li>\n<\/ul>\n\n\n\n<figure class=\"wp-block-image size-large\"><img loading=\"lazy\" decoding=\"async\" width=\"1024\" height=\"576\" src=\"https:\/\/www.em.com.br\/emfoco\/wp-content\/uploads\/2026\/03\/1-31-1024x576.jpg\" alt=\"Declara\u00e7\u00e3o do Imposto de Renda 2026 come\u00e7a com novidades: entenda as mudan\u00e7as para n\u00e3o cair na malha fina\" class=\"wp-image-178341\" srcset=\"https:\/\/www.em.com.br\/emfoco\/wp-content\/uploads\/2026\/03\/1-31-1024x576.jpg 1024w, https:\/\/www.em.com.br\/emfoco\/wp-content\/uploads\/2026\/03\/1-31-300x169.jpg 300w, https:\/\/www.em.com.br\/emfoco\/wp-content\/uploads\/2026\/03\/1-31-768x432.jpg 768w, https:\/\/www.em.com.br\/emfoco\/wp-content\/uploads\/2026\/03\/1-31-750x422.jpg 750w, https:\/\/www.em.com.br\/emfoco\/wp-content\/uploads\/2026\/03\/1-31-1140x641.jpg 1140w, https:\/\/www.em.com.br\/emfoco\/wp-content\/uploads\/2026\/03\/1-31.jpg 1280w\" sizes=\"auto, (max-width: 1024px) 100vw, 1024px\" \/><figcaption class=\"wp-element-caption\">Informes de rendimentos s\u00e3o fundamentais para evitar diverg\u00eancias com o fisco federal<\/figcaption><\/figure>\n\n\n\n<p>O Pix n\u00e3o cria um novo <strong><a href=\"https:\/\/www.em.com.br\/emfoco\/2026\/03\/05\/meis-comemoram-mudanca-no-ir-que-pode-reduzir-impostos-e-trazer-folego-ao-setor-de-servicos\/\" target=\"_blank\" rel=\"noreferrer noopener\">imposto<\/a><\/strong>, mas torna mais vis\u00edvel a origem do dinheiro que circula nas contas. Valores recebidos por Pix como sal\u00e1rio, aluguel, honor\u00e1rios, servi\u00e7os ou venda de bens seguem as mesmas regras de tributa\u00e7\u00e3o de qualquer outra forma de pagamento e, quando enquadrados nas normas gerais, devem ser informados na declara\u00e7\u00e3o e refletidos na ficha de bens e direitos.<\/p>\n\n\n\n<h2 class=\"wp-block-heading\">Qual \u00e9 o prazo para declarar o Imposto de Renda 2026<\/h2>\n\n\n\n<p>O sistema do Imposto de Renda 2026 deve abrir no in\u00edcio de mar\u00e7o e ficar dispon\u00edvel at\u00e9 o \u00faltimo dia \u00fatil de maio, com envio pelo programa de computador, portal on-line ou aplicativo oficial. Nesse per\u00edodo, o cronograma de restitui\u00e7\u00f5es j\u00e1 come\u00e7a a rodar em lotes mensais, priorizando alguns grupos, como idosos e pessoas com determinadas doen\u00e7as.<\/p>\n\n\n\n<p>Organizar documentos com anteced\u00eancia \u2014 como informes de rendimentos, comprovantes de compra e venda de bens, despesas dedut\u00edveis e dados de opera\u00e7\u00f5es em bolsa ou no exterior \u2014 reduz erros e evita correrias perto do fim do prazo. Quem entrega cedo e sem inconsist\u00eancias tende a receber a restitui\u00e7\u00e3o nos primeiros lotes, enquanto atrasos geram multa, juros e CPF irregular at\u00e9 a regulariza\u00e7\u00e3o.<\/p>\n\n\n\n<h2 class=\"wp-block-heading\">Por que o IR 2026 impacta seu planejamento financeiro<\/h2>\n\n\n\n<p>A restitui\u00e7\u00e3o do Imposto de Renda 2026 devolve o que foi pago a mais em 2025, via reten\u00e7\u00e3o na fonte ou carn\u00ea-le\u00e3o, com corre\u00e7\u00e3o pela taxa b\u00e1sica de juros e cr\u00e9dito em conta indicada na declara\u00e7\u00e3o. Ao mesmo tempo, as mudan\u00e7as graduais na tabela e na faixa de isen\u00e7\u00e3o tornam o acompanhamento das regras ainda mais importante para quem tem renda vari\u00e1vel, lucros de empresas, pr\u00f3-labore ou ganhos com investimentos.<\/p>\n\n\n\n<p>N\u00e3o espere o prazo apertar para agir: comece hoje a reunir documentos, revisar suas fontes de renda e entender se voc\u00ea \u00e9 obrigado a declarar em 2026. Uma declara\u00e7\u00e3o bem-feita protege seu CPF, evita malha fina e ainda pode liberar um dinheiro extra na restitui\u00e7\u00e3o \u2014 use essa janela para organizar suas finan\u00e7as e tomar decis\u00f5es mais inteligentes para os pr\u00f3ximos anos.<\/p>\n","protected":false},"excerpt":{"rendered":"<p>Quem recebeu renda em 2025 e se enquadra nas regras da Receita Federal precisar\u00e1 lidar com a declara\u00e7\u00e3o do Imposto de Renda 2026, que continua sendo um compromisso anual e cada vez mais digital, exigindo aten\u00e7\u00e3o a limites atualizados, prazos, cruzamento de dados e uso de ferramentas como a declara\u00e7\u00e3o pr\u00e9-preenchida para evitar problemas com [&hellip;]<\/p>\n","protected":false},"author":13,"featured_media":178342,"comment_status":"open","ping_status":"open","sticky":false,"template":"","format":"standard","meta":{"jnews-multi-image_gallery":[],"jnews_single_post":{"format":"standard"},"jnews_primary_category":[],"jnews_social_meta":[],"jnews_override_counter":[],"footnotes":""},"categories":[28],"tags":[713,25803,2208],"class_list":["post-178330","post","type-post","status-publish","format-standard","has-post-thumbnail","hentry","category-economia","tag-imposto-de-renda","tag-isencao-de-imposto-de-renda","tag-receita-federal"],"yoast_head":"<!-- This site is optimized with the Yoast SEO plugin v23.8 - https:\/\/yoast.com\/wordpress\/plugins\/seo\/ -->\n<title>Declara\u00e7\u00e3o do Imposto de Renda 2026 come\u00e7a com novidades, entenda as mudan\u00e7as para n\u00e3o cair na malha fina - Estado de Minas - Em foco<\/title>\n<meta name=\"description\" content=\"Receita Federal prepara regras do Imposto de Renda 2026. Entenda quem precisa declarar e quais rendimentos entram na obriga\u00e7\u00e3o.\" \/>\n<meta name=\"robots\" content=\"index, follow, max-snippet:-1, max-image-preview:large, max-video-preview:-1\" \/>\n<link rel=\"canonical\" href=\"https:\/\/www.em.com.br\/emfoco\/2026\/03\/09\/declaracao-do-imposto-de-renda-2026-comeca-com-novidades-entenda-as-mudancas-para-nao-cair-na-malha-fina\/\" \/>\n<meta property=\"og:locale\" content=\"pt_BR\" \/>\n<meta property=\"og:type\" content=\"article\" \/>\n<meta property=\"og:title\" content=\"Declara\u00e7\u00e3o do Imposto de Renda 2026 come\u00e7a com novidades, entenda as mudan\u00e7as para n\u00e3o cair na malha fina - Estado de Minas - Em foco\" \/>\n<meta property=\"og:description\" content=\"Receita Federal prepara regras do Imposto de Renda 2026. Entenda quem precisa declarar e quais rendimentos entram na obriga\u00e7\u00e3o.\" \/>\n<meta property=\"og:url\" content=\"https:\/\/www.em.com.br\/emfoco\/2026\/03\/09\/declaracao-do-imposto-de-renda-2026-comeca-com-novidades-entenda-as-mudancas-para-nao-cair-na-malha-fina\/\" \/>\n<meta property=\"og:site_name\" content=\"Estado de Minas - Em foco\" \/>\n<meta property=\"article:published_time\" content=\"2026-03-09T17:05:00+00:00\" \/>\n<meta property=\"article:modified_time\" content=\"2026-03-08T19:38:41+00:00\" \/>\n<meta property=\"og:image\" content=\"https:\/\/www.em.com.br\/emfoco\/wp-content\/uploads\/2026\/03\/2-27.jpg\" \/>\n\t<meta property=\"og:image:width\" content=\"1280\" \/>\n\t<meta property=\"og:image:height\" content=\"720\" \/>\n\t<meta property=\"og:image:type\" content=\"image\/jpeg\" \/>\n<meta name=\"author\" content=\"Gabriel Martins\" \/>\n<meta name=\"twitter:card\" content=\"summary_large_image\" \/>\n<meta name=\"twitter:label1\" content=\"Escrito por\" \/>\n\t<meta name=\"twitter:data1\" content=\"Gabriel Martins\" \/>\n\t<meta name=\"twitter:label2\" content=\"Est. tempo de leitura\" \/>\n\t<meta name=\"twitter:data2\" content=\"5 minutos\" \/>\n<!-- \/ Yoast SEO plugin. -->","yoast_head_json":{"title":"Declara\u00e7\u00e3o do Imposto de Renda 2026 come\u00e7a com novidades, entenda as mudan\u00e7as para n\u00e3o cair na malha fina - Estado de Minas - Em foco","description":"Receita Federal prepara regras do Imposto de Renda 2026. Entenda quem precisa declarar e quais rendimentos entram na obriga\u00e7\u00e3o.","robots":{"index":"index","follow":"follow","max-snippet":"max-snippet:-1","max-image-preview":"max-image-preview:large","max-video-preview":"max-video-preview:-1"},"canonical":"https:\/\/www.em.com.br\/emfoco\/2026\/03\/09\/declaracao-do-imposto-de-renda-2026-comeca-com-novidades-entenda-as-mudancas-para-nao-cair-na-malha-fina\/","og_locale":"pt_BR","og_type":"article","og_title":"Declara\u00e7\u00e3o do Imposto de Renda 2026 come\u00e7a com novidades, entenda as mudan\u00e7as para n\u00e3o cair na malha fina - Estado de Minas - Em foco","og_description":"Receita Federal prepara regras do Imposto de Renda 2026. Entenda quem precisa declarar e quais rendimentos entram na obriga\u00e7\u00e3o.","og_url":"https:\/\/www.em.com.br\/emfoco\/2026\/03\/09\/declaracao-do-imposto-de-renda-2026-comeca-com-novidades-entenda-as-mudancas-para-nao-cair-na-malha-fina\/","og_site_name":"Estado de Minas - Em foco","article_published_time":"2026-03-09T17:05:00+00:00","article_modified_time":"2026-03-08T19:38:41+00:00","og_image":[{"width":1280,"height":720,"url":"https:\/\/www.em.com.br\/emfoco\/wp-content\/uploads\/2026\/03\/2-27.jpg","type":"image\/jpeg"}],"author":"Gabriel Martins","twitter_card":"summary_large_image","twitter_misc":{"Escrito por":"Gabriel Martins","Est. tempo de leitura":"5 minutos"},"schema":{"@context":"https:\/\/schema.org","@graph":[{"@type":"WebPage","@id":"https:\/\/www.em.com.br\/emfoco\/2026\/03\/09\/declaracao-do-imposto-de-renda-2026-comeca-com-novidades-entenda-as-mudancas-para-nao-cair-na-malha-fina\/","url":"https:\/\/www.em.com.br\/emfoco\/2026\/03\/09\/declaracao-do-imposto-de-renda-2026-comeca-com-novidades-entenda-as-mudancas-para-nao-cair-na-malha-fina\/","name":"Declara\u00e7\u00e3o do Imposto de Renda 2026 come\u00e7a com novidades, entenda as mudan\u00e7as para n\u00e3o cair na malha fina - Estado de Minas - Em foco","isPartOf":{"@id":"https:\/\/www.em.com.br\/emfoco\/#website"},"primaryImageOfPage":{"@id":"https:\/\/www.em.com.br\/emfoco\/2026\/03\/09\/declaracao-do-imposto-de-renda-2026-comeca-com-novidades-entenda-as-mudancas-para-nao-cair-na-malha-fina\/#primaryimage"},"image":{"@id":"https:\/\/www.em.com.br\/emfoco\/2026\/03\/09\/declaracao-do-imposto-de-renda-2026-comeca-com-novidades-entenda-as-mudancas-para-nao-cair-na-malha-fina\/#primaryimage"},"thumbnailUrl":"https:\/\/www.em.com.br\/emfoco\/wp-content\/uploads\/2026\/03\/2-27.jpg","datePublished":"2026-03-09T17:05:00+00:00","dateModified":"2026-03-08T19:38:41+00:00","author":{"@id":"https:\/\/www.em.com.br\/emfoco\/#\/schema\/person\/1c9ddeab18b98abeffef834667bcf08a"},"description":"Receita Federal prepara regras do Imposto de Renda 2026. Entenda quem precisa declarar e quais rendimentos entram na obriga\u00e7\u00e3o.","breadcrumb":{"@id":"https:\/\/www.em.com.br\/emfoco\/2026\/03\/09\/declaracao-do-imposto-de-renda-2026-comeca-com-novidades-entenda-as-mudancas-para-nao-cair-na-malha-fina\/#breadcrumb"},"inLanguage":"pt-BR","potentialAction":[{"@type":"ReadAction","target":["https:\/\/www.em.com.br\/emfoco\/2026\/03\/09\/declaracao-do-imposto-de-renda-2026-comeca-com-novidades-entenda-as-mudancas-para-nao-cair-na-malha-fina\/"]}]},{"@type":"ImageObject","inLanguage":"pt-BR","@id":"https:\/\/www.em.com.br\/emfoco\/2026\/03\/09\/declaracao-do-imposto-de-renda-2026-comeca-com-novidades-entenda-as-mudancas-para-nao-cair-na-malha-fina\/#primaryimage","url":"https:\/\/www.em.com.br\/emfoco\/wp-content\/uploads\/2026\/03\/2-27.jpg","contentUrl":"https:\/\/www.em.com.br\/emfoco\/wp-content\/uploads\/2026\/03\/2-27.jpg","width":1280,"height":720,"caption":"Contribuintes devem organizar documentos para a entrega da declara\u00e7\u00e3o em 2026"},{"@type":"BreadcrumbList","@id":"https:\/\/www.em.com.br\/emfoco\/2026\/03\/09\/declaracao-do-imposto-de-renda-2026-comeca-com-novidades-entenda-as-mudancas-para-nao-cair-na-malha-fina\/#breadcrumb","itemListElement":[{"@type":"ListItem","position":1,"name":"In\u00edcio","item":"https:\/\/www.em.com.br\/emfoco\/"},{"@type":"ListItem","position":2,"name":"Declara\u00e7\u00e3o do Imposto de Renda 2026 come\u00e7a com novidades, entenda as mudan\u00e7as para n\u00e3o cair na malha fina"}]},{"@type":"WebSite","@id":"https:\/\/www.em.com.br\/emfoco\/#website","url":"https:\/\/www.em.com.br\/emfoco\/","name":"Estado de Minas - Em foco","description":"Acompanhe as \u00faltimas not\u00edcias e fique bem informado sobre tudo o que acontece em Minas Gerais, Brasil e no mundo.","potentialAction":[{"@type":"SearchAction","target":{"@type":"EntryPoint","urlTemplate":"https:\/\/www.em.com.br\/emfoco\/?s={search_term_string}"},"query-input":{"@type":"PropertyValueSpecification","valueRequired":true,"valueName":"search_term_string"}}],"inLanguage":"pt-BR"},{"@type":"Person","@id":"https:\/\/www.em.com.br\/emfoco\/#\/schema\/person\/1c9ddeab18b98abeffef834667bcf08a","name":"Gabriel Martins","image":{"@type":"ImageObject","inLanguage":"pt-BR","@id":"https:\/\/www.em.com.br\/emfoco\/#\/schema\/person\/image\/","url":"https:\/\/secure.gravatar.com\/avatar\/f0f1e2efdfd88f1ad2cb08c5c2731e50?s=96&d=mm&r=g","contentUrl":"https:\/\/secure.gravatar.com\/avatar\/f0f1e2efdfd88f1ad2cb08c5c2731e50?s=96&d=mm&r=g","caption":"Gabriel Martins"},"sameAs":["https:\/\/www.em.com.br\/emfoco\/"],"url":"https:\/\/www.em.com.br\/emfoco\/author\/gabrielmartinsmyth\/"}]}},"_links":{"self":[{"href":"https:\/\/www.em.com.br\/emfoco\/wp-json\/wp\/v2\/posts\/178330","targetHints":{"allow":["GET"]}}],"collection":[{"href":"https:\/\/www.em.com.br\/emfoco\/wp-json\/wp\/v2\/posts"}],"about":[{"href":"https:\/\/www.em.com.br\/emfoco\/wp-json\/wp\/v2\/types\/post"}],"author":[{"embeddable":true,"href":"https:\/\/www.em.com.br\/emfoco\/wp-json\/wp\/v2\/users\/13"}],"replies":[{"embeddable":true,"href":"https:\/\/www.em.com.br\/emfoco\/wp-json\/wp\/v2\/comments?post=178330"}],"version-history":[{"count":3,"href":"https:\/\/www.em.com.br\/emfoco\/wp-json\/wp\/v2\/posts\/178330\/revisions"}],"predecessor-version":[{"id":179223,"href":"https:\/\/www.em.com.br\/emfoco\/wp-json\/wp\/v2\/posts\/178330\/revisions\/179223"}],"wp:featuredmedia":[{"embeddable":true,"href":"https:\/\/www.em.com.br\/emfoco\/wp-json\/wp\/v2\/media\/178342"}],"wp:attachment":[{"href":"https:\/\/www.em.com.br\/emfoco\/wp-json\/wp\/v2\/media?parent=178330"}],"wp:term":[{"taxonomy":"category","embeddable":true,"href":"https:\/\/www.em.com.br\/emfoco\/wp-json\/wp\/v2\/categories?post=178330"},{"taxonomy":"post_tag","embeddable":true,"href":"https:\/\/www.em.com.br\/emfoco\/wp-json\/wp\/v2\/tags?post=178330"}],"curies":[{"name":"wp","href":"https:\/\/api.w.org\/{rel}","templated":true}]}}