{"id":178328,"date":"2026-03-09T20:25:00","date_gmt":"2026-03-09T23:25:00","guid":{"rendered":"https:\/\/www.em.com.br\/emfoco\/?p=178328"},"modified":"2026-03-06T11:16:08","modified_gmt":"2026-03-06T14:16:08","slug":"13o-dos-aposentados-pode-ser-adiantado-veja-o-que-o-governo-esta-analisando","status":"publish","type":"post","link":"https:\/\/www.em.com.br\/emfoco\/2026\/03\/09\/13o-dos-aposentados-pode-ser-adiantado-veja-o-que-o-governo-esta-analisando\/","title":{"rendered":"13\u00ba dos aposentados pode ser adiantado: veja o que o governo est\u00e1 analisando"},"content":{"rendered":"\n<p>O adiantamento do d\u00e9cimo terceiro sal\u00e1rio do INSS em 2026 est\u00e1 no centro das discuss\u00f5es econ\u00f4micas e sociais do pa\u00eds, pois a possibilidade de antecipar essa renda extra para aposentados e pensionistas pode aliviar o or\u00e7amento de milh\u00f5es de fam\u00edlias e impulsionar o com\u00e9rcio e o setor de servi\u00e7os, desde que o governo formalize a medida e siga as regras espec\u00edficas de pagamento.<\/p>\n\n\n\n<h2 class=\"wp-block-heading\">O que \u00e9 o 13\u00ba sal\u00e1rio do INSS 2026 e como funciona essa gratifica\u00e7\u00e3o?<\/h2>\n\n\n\n<p>O d\u00e9cimo terceiro do <strong><a href=\"https:\/\/www.em.com.br\/emfoco\/2026\/03\/06\/aposentados-comemoram-antecipacao-do-13o-do-inss-e-um-detalhe-pode-aumentar-seu-pagamento\/\" target=\"_blank\" rel=\"noreferrer noopener\">INSS <\/a><\/strong>\u00e9 uma gratifica\u00e7\u00e3o natalina paga anualmente a quem recebe benef\u00edcios previdenci\u00e1rios, como aposentadorias e pens\u00f5es, calculada com base no valor mensal do segurado. Em geral, esse pagamento \u00e9 dividido em duas parcelas ao longo do ano, tradicionalmente concentradas no segundo semestre.<\/p>\n\n\n\n<p>A antecipa\u00e7\u00e3o em 2026 significa trazer essas parcelas para meses mais pr\u00f3ximos do in\u00edcio do ano, com um novo calend\u00e1rio definido pelo governo federal. Com isso, o 13\u00ba pode ser usado em momentos estrat\u00e9gicos, como pagamento de d\u00edvidas, despesas escolares e organiza\u00e7\u00e3o do or\u00e7amento dom\u00e9stico, gerando grande expectativa entre segurados e especialistas.<\/p>\n\n\n\n<p>Confira o v\u00eddeo compartilhado pelo canal do YouTube <strong><a href=\"https:\/\/www.youtube.com\/@joaofinanceiraOficial\">Jo\u00e3o Financeira<\/a><\/strong> falando sobre o 13\u00b0 sal\u00e1rio dos aposentados que poder\u00e1 ser adiantado em 2026.<\/p>\n\n\n\n<figure class=\"wp-block-embed is-type-video is-provider-youtube wp-block-embed-youtube wp-embed-aspect-16-9 wp-has-aspect-ratio\"><div class=\"wp-block-embed__wrapper\">\n<div class=\"jeg_video_container jeg_video_content\"><iframe loading=\"lazy\" title=\"\ud83d\udea813\u00ba SAL\u00c1RIO dos APOSENTADOS: O FIM da ANSIEDADE CHEGOU! VEJA AGORA\" width=\"500\" height=\"281\" src=\"https:\/\/www.youtube.com\/embed\/2Y6xvlfVSds?feature=oembed\" frameborder=\"0\" allow=\"accelerometer; autoplay; clipboard-write; encrypted-media; gyroscope; picture-in-picture; web-share\" referrerpolicy=\"strict-origin-when-cross-origin\" allowfullscreen><\/iframe><\/div>\n<\/div><\/figure>\n\n\n\n<h2 class=\"wp-block-heading\">Como funciona a antecipa\u00e7\u00e3o do 13\u00ba sal\u00e1rio do INSS 2026 na pr\u00e1tica?<\/h2>\n\n\n\n<p>Para que o adiantamento do 13\u00ba sal\u00e1rio do INSS 2026 ocorra, \u00e9 obrigat\u00f3rio um decreto presidencial autorizando a mudan\u00e7a de datas. Sem esse ato oficial, o pagamento continua no modelo tradicional, entre agosto e dezembro, conforme o cronograma anual de dep\u00f3sitos elaborado pelo INSS.<\/p>\n\n\n\n<p>Quando a antecipa\u00e7\u00e3o \u00e9 confirmada, o valor costuma ser dividido em duas parcelas pagas junto com o benef\u00edcio mensal, sendo a primeira de at\u00e9 50% e a segunda com o acerto final, incluindo eventuais descontos de Imposto de Renda. Em muitos anos recentes, o governo tem concentrado esses pagamentos entre abril e maio para injetar recursos rapidamente na economia.<\/p>\n\n\n\n<h2 class=\"wp-block-heading\">Quem tem direito ao 13\u00ba sal\u00e1rio do INSS 2026 antecipado?<\/h2>\n\n\n\n<p>O direito ao 13\u00ba sal\u00e1rio do INSS 2026 depende do tipo de benef\u00edcio recebido, pois apenas benef\u00edcios previdenci\u00e1rios est\u00e3o aptos a receber a gratifica\u00e7\u00e3o. Benef\u00edcios assistenciais, como o BPC, ficam de fora justamente por n\u00e3o exigirem contribui\u00e7\u00e3o pr\u00e9via \u00e0 Previd\u00eancia Social.<\/p>\n\n\n\n<p>Entre os grupos que, em geral, podem ser contemplados com o 13\u00ba e com o adiantamento, est\u00e3o:<\/p>\n\n\n\n<ul class=\"wp-block-list\">\n<li><strong>Aposentados<\/strong>\u00a0que recebem benef\u00edcio previdenci\u00e1rio mensal;<\/li>\n\n\n\n<li><strong>Pensionistas<\/strong>\u00a0por morte, com pens\u00e3o paga pelo INSS;<\/li>\n\n\n\n<li>Benefici\u00e1rios de\u00a0<strong>aux\u00edlio-acidente<\/strong>\u00a0e\u00a0<strong>aux\u00edlio-reclus\u00e3o<\/strong>;<\/li>\n\n\n\n<li>Segurados em\u00a0<strong>sal\u00e1rio-maternidade<\/strong>\u00a0e\u00a0<strong>aux\u00edlio por incapacidade tempor\u00e1ria<\/strong>.<\/li>\n<\/ul>\n\n\n\n<h2 class=\"wp-block-heading\">Por que o adiantamento do 13\u00ba sal\u00e1rio do INSS \u00e9 relevante em 2026?<\/h2>\n\n\n\n<p>Em 2026, o or\u00e7amento apertado de muitas fam\u00edlias torna a antecipa\u00e7\u00e3o do d\u00e9cimo terceiro do INSS ainda mais importante. Receber parte desse valor nos primeiros meses do ano pode permitir a quita\u00e7\u00e3o ou renegocia\u00e7\u00e3o de d\u00edvidas, reduzindo a necessidade de recorrer a linhas de cr\u00e9dito com juros elevados.<\/p>\n\n\n\n<p>Al\u00e9m do impacto direto na renda dos segurados, o dinheiro liberado tende a ser gasto em itens essenciais, como alimenta\u00e7\u00e3o, sa\u00fade, contas de casa e servi\u00e7os b\u00e1sicos. Isso fortalece o com\u00e9rcio local, movimenta pequenos neg\u00f3cios e aumenta a circula\u00e7\u00e3o de dinheiro em bairros e munic\u00edpios de todos os portes.<\/p>\n\n\n\n<figure class=\"wp-block-image size-large\"><img loading=\"lazy\" decoding=\"async\" width=\"1024\" height=\"576\" src=\"https:\/\/www.em.com.br\/emfoco\/wp-content\/uploads\/2026\/03\/6-22-1024x576.jpg\" alt=\"13\u00ba dos aposentados pode ser adiantado: veja o que o governo est\u00e1 analisando\" class=\"wp-image-178346\" srcset=\"https:\/\/www.em.com.br\/emfoco\/wp-content\/uploads\/2026\/03\/6-22-1024x576.jpg 1024w, https:\/\/www.em.com.br\/emfoco\/wp-content\/uploads\/2026\/03\/6-22-300x169.jpg 300w, https:\/\/www.em.com.br\/emfoco\/wp-content\/uploads\/2026\/03\/6-22-768x432.jpg 768w, https:\/\/www.em.com.br\/emfoco\/wp-content\/uploads\/2026\/03\/6-22-750x422.jpg 750w, https:\/\/www.em.com.br\/emfoco\/wp-content\/uploads\/2026\/03\/6-22-1140x641.jpg 1140w, https:\/\/www.em.com.br\/emfoco\/wp-content\/uploads\/2026\/03\/6-22.jpg 1280w\" sizes=\"auto, (max-width: 1024px) 100vw, 1024px\" \/><figcaption class=\"wp-element-caption\">Libera\u00e7\u00e3o de recursos no primeiro semestre impulsiona o com\u00e9rcio e servi\u00e7os<\/figcaption><\/figure>\n\n\n\n<h2 class=\"wp-block-heading\">Qual a import\u00e2ncia do 13\u00ba do INSS 2026 e o que fazer agora?<\/h2>\n\n\n\n<p>O 13\u00ba sal\u00e1rio do INSS 2026, especialmente se antecipado, segue como uma das principais fontes de refor\u00e7o financeiro para milh\u00f5es de brasileiros que dependem da Previd\u00eancia. A defini\u00e7\u00e3o oficial do calend\u00e1rio e da eventual antecipa\u00e7\u00e3o ainda depende dos pr\u00f3ximos passos do governo federal, enquanto aposentados e pensionistas acompanham cada novidade para ajustar seu planejamento.<\/p>\n\n\n\n<p>Se voc\u00ea \u00e9 segurado do INSS, comece desde j\u00e1 a organizar suas contas e simular cen\u00e1rios com e sem antecipa\u00e7\u00e3o, priorizando a quita\u00e7\u00e3o de d\u00edvidas caras e a reserva para emerg\u00eancias. Fique atento \u00e0s not\u00edcias oficiais, consulte regularmente o Meu INSS e n\u00e3o deixe para reagir na \u00faltima hora: o momento de planejar seu or\u00e7amento para aproveitar ao m\u00e1ximo o 13\u00ba de 2026 \u00e9 agora.<\/p>\n","protected":false},"excerpt":{"rendered":"<p>O adiantamento do d\u00e9cimo terceiro sal\u00e1rio do INSS em 2026 est\u00e1 no centro das discuss\u00f5es econ\u00f4micas e sociais do pa\u00eds, pois a possibilidade de antecipar essa renda extra para aposentados e pensionistas pode aliviar o or\u00e7amento de milh\u00f5es de fam\u00edlias e impulsionar o com\u00e9rcio e o setor de servi\u00e7os, desde que o governo formalize a [&hellip;]<\/p>\n","protected":false},"author":13,"featured_media":178347,"comment_status":"open","ping_status":"open","sticky":false,"template":"","format":"standard","meta":{"jnews-multi-image_gallery":[],"jnews_single_post":{"format":"standard"},"jnews_primary_category":[],"jnews_social_meta":[],"jnews_override_counter":[],"footnotes":""},"categories":[28],"tags":[560,529,174,561],"class_list":["post-178328","post","type-post","status-publish","format-standard","has-post-thumbnail","hentry","category-economia","tag-13-salario","tag-aposentados","tag-inss","tag-pensionistas"],"yoast_head":"<!-- This site is optimized with the Yoast SEO plugin v23.8 - https:\/\/yoast.com\/wordpress\/plugins\/seo\/ -->\n<title>13\u00ba dos aposentados pode ser adiantado: veja o que o governo est\u00e1 analisando - Estado de Minas - Em foco<\/title>\n<meta name=\"description\" content=\"Aposentados e pensionistas aguardam decis\u00e3o sobre poss\u00edvel antecipa\u00e7\u00e3o do 13\u00ba sal\u00e1rio do INSS em 2026. Veja o que j\u00e1 se sabe.\" \/>\n<meta name=\"robots\" content=\"index, follow, max-snippet:-1, max-image-preview:large, max-video-preview:-1\" \/>\n<link rel=\"canonical\" href=\"https:\/\/www.em.com.br\/emfoco\/2026\/03\/09\/13o-dos-aposentados-pode-ser-adiantado-veja-o-que-o-governo-esta-analisando\/\" \/>\n<meta property=\"og:locale\" content=\"pt_BR\" \/>\n<meta property=\"og:type\" content=\"article\" \/>\n<meta property=\"og:title\" content=\"13\u00ba dos aposentados pode ser adiantado: veja o que o governo est\u00e1 analisando - Estado de Minas - Em foco\" \/>\n<meta property=\"og:description\" content=\"Aposentados e pensionistas aguardam decis\u00e3o sobre poss\u00edvel antecipa\u00e7\u00e3o do 13\u00ba sal\u00e1rio do INSS em 2026. Veja o que j\u00e1 se sabe.\" \/>\n<meta property=\"og:url\" content=\"https:\/\/www.em.com.br\/emfoco\/2026\/03\/09\/13o-dos-aposentados-pode-ser-adiantado-veja-o-que-o-governo-esta-analisando\/\" \/>\n<meta property=\"og:site_name\" content=\"Estado de Minas - Em foco\" \/>\n<meta property=\"article:published_time\" content=\"2026-03-09T23:25:00+00:00\" \/>\n<meta property=\"article:modified_time\" content=\"2026-03-06T14:16:08+00:00\" \/>\n<meta property=\"og:image\" content=\"https:\/\/www.em.com.br\/emfoco\/wp-content\/uploads\/2026\/03\/7-16.jpg\" \/>\n\t<meta property=\"og:image:width\" content=\"1280\" \/>\n\t<meta property=\"og:image:height\" content=\"720\" \/>\n\t<meta property=\"og:image:type\" content=\"image\/jpeg\" \/>\n<meta name=\"author\" content=\"Gabriel Martins\" \/>\n<meta name=\"twitter:card\" content=\"summary_large_image\" \/>\n<meta name=\"twitter:label1\" content=\"Escrito por\" \/>\n\t<meta name=\"twitter:data1\" content=\"Gabriel Martins\" \/>\n\t<meta name=\"twitter:label2\" content=\"Est. tempo de leitura\" \/>\n\t<meta name=\"twitter:data2\" content=\"5 minutos\" \/>\n<!-- \/ Yoast SEO plugin. -->","yoast_head_json":{"title":"13\u00ba dos aposentados pode ser adiantado: veja o que o governo est\u00e1 analisando - Estado de Minas - Em foco","description":"Aposentados e pensionistas aguardam decis\u00e3o sobre poss\u00edvel antecipa\u00e7\u00e3o do 13\u00ba sal\u00e1rio do INSS em 2026. Veja o que j\u00e1 se sabe.","robots":{"index":"index","follow":"follow","max-snippet":"max-snippet:-1","max-image-preview":"max-image-preview:large","max-video-preview":"max-video-preview:-1"},"canonical":"https:\/\/www.em.com.br\/emfoco\/2026\/03\/09\/13o-dos-aposentados-pode-ser-adiantado-veja-o-que-o-governo-esta-analisando\/","og_locale":"pt_BR","og_type":"article","og_title":"13\u00ba dos aposentados pode ser adiantado: veja o que o governo est\u00e1 analisando - Estado de Minas - Em foco","og_description":"Aposentados e pensionistas aguardam decis\u00e3o sobre poss\u00edvel antecipa\u00e7\u00e3o do 13\u00ba sal\u00e1rio do INSS em 2026. Veja o que j\u00e1 se sabe.","og_url":"https:\/\/www.em.com.br\/emfoco\/2026\/03\/09\/13o-dos-aposentados-pode-ser-adiantado-veja-o-que-o-governo-esta-analisando\/","og_site_name":"Estado de Minas - Em foco","article_published_time":"2026-03-09T23:25:00+00:00","article_modified_time":"2026-03-06T14:16:08+00:00","og_image":[{"width":1280,"height":720,"url":"https:\/\/www.em.com.br\/emfoco\/wp-content\/uploads\/2026\/03\/7-16.jpg","type":"image\/jpeg"}],"author":"Gabriel Martins","twitter_card":"summary_large_image","twitter_misc":{"Escrito por":"Gabriel Martins","Est. tempo de leitura":"5 minutos"},"schema":{"@context":"https:\/\/schema.org","@graph":[{"@type":"WebPage","@id":"https:\/\/www.em.com.br\/emfoco\/2026\/03\/09\/13o-dos-aposentados-pode-ser-adiantado-veja-o-que-o-governo-esta-analisando\/","url":"https:\/\/www.em.com.br\/emfoco\/2026\/03\/09\/13o-dos-aposentados-pode-ser-adiantado-veja-o-que-o-governo-esta-analisando\/","name":"13\u00ba dos aposentados pode ser adiantado: veja o que o governo est\u00e1 analisando - Estado de Minas - Em foco","isPartOf":{"@id":"https:\/\/www.em.com.br\/emfoco\/#website"},"primaryImageOfPage":{"@id":"https:\/\/www.em.com.br\/emfoco\/2026\/03\/09\/13o-dos-aposentados-pode-ser-adiantado-veja-o-que-o-governo-esta-analisando\/#primaryimage"},"image":{"@id":"https:\/\/www.em.com.br\/emfoco\/2026\/03\/09\/13o-dos-aposentados-pode-ser-adiantado-veja-o-que-o-governo-esta-analisando\/#primaryimage"},"thumbnailUrl":"https:\/\/www.em.com.br\/emfoco\/wp-content\/uploads\/2026\/03\/7-16.jpg","datePublished":"2026-03-09T23:25:00+00:00","dateModified":"2026-03-06T14:16:08+00:00","author":{"@id":"https:\/\/www.em.com.br\/emfoco\/#\/schema\/person\/1c9ddeab18b98abeffef834667bcf08a"},"description":"Aposentados e pensionistas aguardam decis\u00e3o sobre poss\u00edvel antecipa\u00e7\u00e3o do 13\u00ba sal\u00e1rio do INSS em 2026. Veja o que j\u00e1 se sabe.","breadcrumb":{"@id":"https:\/\/www.em.com.br\/emfoco\/2026\/03\/09\/13o-dos-aposentados-pode-ser-adiantado-veja-o-que-o-governo-esta-analisando\/#breadcrumb"},"inLanguage":"pt-BR","potentialAction":[{"@type":"ReadAction","target":["https:\/\/www.em.com.br\/emfoco\/2026\/03\/09\/13o-dos-aposentados-pode-ser-adiantado-veja-o-que-o-governo-esta-analisando\/"]}]},{"@type":"ImageObject","inLanguage":"pt-BR","@id":"https:\/\/www.em.com.br\/emfoco\/2026\/03\/09\/13o-dos-aposentados-pode-ser-adiantado-veja-o-que-o-governo-esta-analisando\/#primaryimage","url":"https:\/\/www.em.com.br\/emfoco\/wp-content\/uploads\/2026\/03\/7-16.jpg","contentUrl":"https:\/\/www.em.com.br\/emfoco\/wp-content\/uploads\/2026\/03\/7-16.jpg","width":1280,"height":720,"caption":"Poss\u00edvel antecipa\u00e7\u00e3o do d\u00e9cimo terceiro alivia o or\u00e7amento de aposentados brasileiros"},{"@type":"BreadcrumbList","@id":"https:\/\/www.em.com.br\/emfoco\/2026\/03\/09\/13o-dos-aposentados-pode-ser-adiantado-veja-o-que-o-governo-esta-analisando\/#breadcrumb","itemListElement":[{"@type":"ListItem","position":1,"name":"In\u00edcio","item":"https:\/\/www.em.com.br\/emfoco\/"},{"@type":"ListItem","position":2,"name":"13\u00ba dos aposentados pode ser adiantado: veja o que o governo est\u00e1 analisando"}]},{"@type":"WebSite","@id":"https:\/\/www.em.com.br\/emfoco\/#website","url":"https:\/\/www.em.com.br\/emfoco\/","name":"Estado de Minas - Em foco","description":"Acompanhe as \u00faltimas not\u00edcias e fique bem informado sobre tudo o que acontece em Minas Gerais, Brasil e no mundo.","potentialAction":[{"@type":"SearchAction","target":{"@type":"EntryPoint","urlTemplate":"https:\/\/www.em.com.br\/emfoco\/?s={search_term_string}"},"query-input":{"@type":"PropertyValueSpecification","valueRequired":true,"valueName":"search_term_string"}}],"inLanguage":"pt-BR"},{"@type":"Person","@id":"https:\/\/www.em.com.br\/emfoco\/#\/schema\/person\/1c9ddeab18b98abeffef834667bcf08a","name":"Gabriel Martins","image":{"@type":"ImageObject","inLanguage":"pt-BR","@id":"https:\/\/www.em.com.br\/emfoco\/#\/schema\/person\/image\/","url":"https:\/\/secure.gravatar.com\/avatar\/f0f1e2efdfd88f1ad2cb08c5c2731e50?s=96&d=mm&r=g","contentUrl":"https:\/\/secure.gravatar.com\/avatar\/f0f1e2efdfd88f1ad2cb08c5c2731e50?s=96&d=mm&r=g","caption":"Gabriel Martins"},"sameAs":["https:\/\/www.em.com.br\/emfoco\/"],"url":"https:\/\/www.em.com.br\/emfoco\/author\/gabrielmartinsmyth\/"}]}},"_links":{"self":[{"href":"https:\/\/www.em.com.br\/emfoco\/wp-json\/wp\/v2\/posts\/178328","targetHints":{"allow":["GET"]}}],"collection":[{"href":"https:\/\/www.em.com.br\/emfoco\/wp-json\/wp\/v2\/posts"}],"about":[{"href":"https:\/\/www.em.com.br\/emfoco\/wp-json\/wp\/v2\/types\/post"}],"author":[{"embeddable":true,"href":"https:\/\/www.em.com.br\/emfoco\/wp-json\/wp\/v2\/users\/13"}],"replies":[{"embeddable":true,"href":"https:\/\/www.em.com.br\/emfoco\/wp-json\/wp\/v2\/comments?post=178328"}],"version-history":[{"count":1,"href":"https:\/\/www.em.com.br\/emfoco\/wp-json\/wp\/v2\/posts\/178328\/revisions"}],"predecessor-version":[{"id":178351,"href":"https:\/\/www.em.com.br\/emfoco\/wp-json\/wp\/v2\/posts\/178328\/revisions\/178351"}],"wp:featuredmedia":[{"embeddable":true,"href":"https:\/\/www.em.com.br\/emfoco\/wp-json\/wp\/v2\/media\/178347"}],"wp:attachment":[{"href":"https:\/\/www.em.com.br\/emfoco\/wp-json\/wp\/v2\/media?parent=178328"}],"wp:term":[{"taxonomy":"category","embeddable":true,"href":"https:\/\/www.em.com.br\/emfoco\/wp-json\/wp\/v2\/categories?post=178328"},{"taxonomy":"post_tag","embeddable":true,"href":"https:\/\/www.em.com.br\/emfoco\/wp-json\/wp\/v2\/tags?post=178328"}],"curies":[{"name":"wp","href":"https:\/\/api.w.org\/{rel}","templated":true}]}}