{"id":178327,"date":"2026-03-09T21:45:00","date_gmt":"2026-03-10T00:45:00","guid":{"rendered":"https:\/\/www.em.com.br\/emfoco\/?p=178327"},"modified":"2026-03-06T11:15:18","modified_gmt":"2026-03-06T14:15:18","slug":"bolsa-familia-pode-ganhar-13o-pagamento-veja-como-funcionaria-a-proposta","status":"publish","type":"post","link":"https:\/\/www.em.com.br\/emfoco\/2026\/03\/09\/bolsa-familia-pode-ganhar-13o-pagamento-veja-como-funcionaria-a-proposta\/","title":{"rendered":"Bolsa Fam\u00edlia pode ganhar 13\u00ba pagamento: veja como funcionaria a proposta"},"content":{"rendered":"\n<p>Benefici\u00e1rios do Bolsa Fam\u00edlia est\u00e3o atentos \u00e0 poss\u00edvel cria\u00e7\u00e3o de um 13\u00ba sal\u00e1rio em 2026, j\u00e1 que um projeto em an\u00e1lise no Congresso pretende garantir um pagamento extra no fim do ano para as fam\u00edlias cadastradas. Apesar do debate em alta, o programa segue hoje com 12 parcelas anuais, valor m\u00ednimo de R$ 600 por fam\u00edlia e sem qualquer mudan\u00e7a oficial na legisla\u00e7\u00e3o, o que torna essencial acompanhar o calend\u00e1rio de repasses e as atualiza\u00e7\u00f5es que podem surgir.<\/p>\n\n\n\n<h2 class=\"wp-block-heading\">Benefici\u00e1rios do Bolsa Fam\u00edlia v\u00e3o receber 13\u00ba sal\u00e1rio em 2026?<\/h2>\n\n\n\n<p>Ainda n\u00e3o h\u00e1 confirma\u00e7\u00e3o de que o 13\u00ba do Bolsa Fam\u00edlia ser\u00e1 pago em 2026. O que existe \u00e9 um <strong>projeto de lei<\/strong> que prev\u00ea um abono anual em dezembro para todos os benefici\u00e1rios ativos, funcionando como um extra semelhante ao 13\u00ba de trabalhadores com <strong><a href=\"https:\/\/www.em.com.br\/emfoco\/2026\/03\/03\/quem-ja-trabalhou-com-carteira-assinada-tem-direito-a-esse-beneficio-em-2026\/\" target=\"_blank\" rel=\"noreferrer noopener\">carteira assinada<\/a><\/strong>.<\/p>\n\n\n\n<p>Para sair do papel, a proposta precisa ser aprovada pelo Congresso e encaixada no or\u00e7amento federal. At\u00e9 que isso aconte\u00e7a e seja sancionada pelo Executivo, o programa permanece com 12 parcelas mensais e sem previs\u00e3o oficial de 13\u00aa parcela para o pr\u00f3ximo ano.<\/p>\n\n\n\n<p>Confira o v\u00eddeo compartilhado pelo canal do YouTube <strong><a href=\"https:\/\/www.youtube.com\/@experimentoenoticia\" target=\"_blank\" rel=\"noreferrer noopener\">Experimento e Not\u00edcia<\/a><\/strong> falando sobre o abono natalino que poder\u00e1 ser pago em 2026 para benefici\u00e1rios.<\/p>\n\n\n\n<figure class=\"wp-block-embed is-type-video is-provider-youtube wp-block-embed-youtube wp-embed-aspect-16-9 wp-has-aspect-ratio\"><div class=\"wp-block-embed__wrapper\">\n<div class=\"jeg_video_container jeg_video_content\"><iframe loading=\"lazy\" title=\"13\u00b0 SAL\u00c1RIO ABONO NATALINO VAI SER PAGO no BOLSA FAM\u00cdLIA pra TODOS em 2026? Saiba Agora\" width=\"500\" height=\"281\" src=\"https:\/\/www.youtube.com\/embed\/689auo-7hHI?feature=oembed\" frameborder=\"0\" allow=\"accelerometer; autoplay; clipboard-write; encrypted-media; gyroscope; picture-in-picture; web-share\" referrerpolicy=\"strict-origin-when-cross-origin\" allowfullscreen><\/iframe><\/div>\n<\/div><\/figure>\n\n\n\n<h2 class=\"wp-block-heading\">Como poder\u00e1 funcionar o 13\u00ba do Bolsa Fam\u00edlia se o projeto for aprovado?<\/h2>\n\n\n\n<p>O texto em discuss\u00e3o sugere que o pagamento extra seja feito uma vez por ano, preferencialmente em dezembro, junto com a parcela regular do m\u00eas. A fam\u00edlia receberia o valor habitual do benef\u00edcio acrescido de uma quantia adicional, calculada com base no que j\u00e1 \u00e9 pago mensalmente.<\/p>\n\n\n\n<p>Para ficar mais claro como esse abono poderia ser estruturado, o projeto aponta possibilidades como:<\/p>\n\n\n\n<ul class=\"wp-block-list\">\n<li>abono equivalente \u00e0 m\u00e9dia do benef\u00edcio mensal recebido ao longo do ano;<\/li>\n\n\n\n<li>pagamento de uma parcela adicional igual ao valor recebido naquele m\u00eas;<\/li>\n\n\n\n<li>manuten\u00e7\u00e3o das mesmas regras de elegibilidade j\u00e1 adotadas no Bolsa Fam\u00edlia.<\/li>\n<\/ul>\n\n\n\n<h2 class=\"wp-block-heading\">Em que etapa est\u00e1 o projeto do 13\u00ba sal\u00e1rio do Bolsa Fam\u00edlia?<\/h2>\n\n\n\n<p>O projeto que cria o 13\u00ba sal\u00e1rio para benefici\u00e1rios do Bolsa Fam\u00edlia ainda est\u00e1 na fase inicial de tramita\u00e7\u00e3o na C\u00e2mara dos Deputados. Nas comiss\u00f5es tem\u00e1ticas, s\u00e3o avaliados impacto financeiro, compatibilidade or\u00e7ament\u00e1ria e efeitos sociais da medida proposta.<\/p>\n\n\n\n<p>Depois de passar pelas comiss\u00f5es, o texto ainda precisa ser votado no plen\u00e1rio da C\u00e2mara e, em seguida, analisado pelo Senado. S\u00f3 ap\u00f3s aprova\u00e7\u00e3o nas duas Casas e san\u00e7\u00e3o presidencial \u00e9 que a nova regra poder\u00e1 entrar em vigor, o que significa que, por enquanto, qualquer pagamento garantido em 2026 \u00e9 apenas especula\u00e7\u00e3o.<\/p>\n\n\n\n<figure class=\"wp-block-image size-large\"><img loading=\"lazy\" decoding=\"async\" width=\"1024\" height=\"576\" src=\"https:\/\/www.em.com.br\/emfoco\/wp-content\/uploads\/2026\/03\/8-16-1024x576.jpg\" alt=\"Bolsa Fam\u00edlia pode ganhar 13\u00ba pagamento: veja como funcionaria a proposta\" class=\"wp-image-178348\" srcset=\"https:\/\/www.em.com.br\/emfoco\/wp-content\/uploads\/2026\/03\/8-16-1024x576.jpg 1024w, https:\/\/www.em.com.br\/emfoco\/wp-content\/uploads\/2026\/03\/8-16-300x169.jpg 300w, https:\/\/www.em.com.br\/emfoco\/wp-content\/uploads\/2026\/03\/8-16-768x432.jpg 768w, https:\/\/www.em.com.br\/emfoco\/wp-content\/uploads\/2026\/03\/8-16-750x422.jpg 750w, https:\/\/www.em.com.br\/emfoco\/wp-content\/uploads\/2026\/03\/8-16-1140x641.jpg 1140w, https:\/\/www.em.com.br\/emfoco\/wp-content\/uploads\/2026\/03\/8-16.jpg 1280w\" sizes=\"auto, (max-width: 1024px) 100vw, 1024px\" \/><figcaption class=\"wp-element-caption\">Texto aguarda vota\u00e7\u00e3o nas comiss\u00f5es antes de seguir para o plen\u00e1rio<\/figcaption><\/figure>\n\n\n\n<h2 class=\"wp-block-heading\">Como fica o calend\u00e1rio do Bolsa Fam\u00edlia 2026 para os pagamentos de mar\u00e7o?<\/h2>\n\n\n\n<p>Enquanto o 13\u00ba n\u00e3o \u00e9 definido, o calend\u00e1rio do Bolsa Fam\u00edlia 2026 segue o padr\u00e3o dos anos anteriores, com pagamentos mensais escalonados conforme o final do N\u00famero de Identifica\u00e7\u00e3o Social (NIS). Para mar\u00e7o de 2026, est\u00e3o previstos dep\u00f3sitos entre os dias 18 e 31, come\u00e7ando pelo NIS final 1 e encerrando no final 0.<\/p>\n\n\n\n<h3 class=\"wp-block-heading\">Calend\u00e1rio Bolsa Fam\u00edlia \u2013 Mar\u00e7o de 2026<\/h3>\n\n\n\n<p>Pagamentos liberados de forma escalonada, de acordo com o \u00faltimo d\u00edgito do NIS.<\/p>\n\n\n\n<div style=\"display: flex; justify-content: center; align-items: center; padding: 20px;\">\n<table style=\"border-collapse: collapse; font-family: sans-serif; border: 2px solid #003399; width: 400px; text-align: center; box-shadow: 0 4px 8px rgba(0,0,0,0.1);\">\n<thead>\n<tr style=\"background-color: #003399; color: white;\">\n<th style=\"padding: 12px; border: 1px solid #ddd;\">Final do NIS<\/th>\n<th style=\"padding: 12px; border: 1px solid #ddd;\">Data (Mar\u00e7o\/2026)<\/th>\n<\/tr>\n<\/thead>\n<tbody>\n<tr style=\"background-color: #f9f9f9;\">\n<td style=\"padding: 8px; border: 1px solid #ddd; font-weight: bold;\">1<\/td>\n<td style=\"padding: 8px; border: 1px solid #ddd;\">18\/03\/2026<\/td>\n<\/tr>\n<tr>\n<td style=\"padding: 8px; border: 1px solid #ddd; font-weight: bold;\">2<\/td>\n<td style=\"padding: 8px; border: 1px solid #ddd;\">19\/03\/2026<\/td>\n<\/tr>\n<tr style=\"background-color: #f9f9f9;\">\n<td style=\"padding: 8px; border: 1px solid #ddd; font-weight: bold;\">3<\/td>\n<td style=\"padding: 8px; border: 1px solid #ddd;\">20\/03\/2026<\/td>\n<\/tr>\n<tr>\n<td style=\"padding: 8px; border: 1px solid #ddd; font-weight: bold;\">4<\/td>\n<td style=\"padding: 8px; border: 1px solid #ddd;\">23\/03\/2026<\/td>\n<\/tr>\n<tr style=\"background-color: #f9f9f9;\">\n<td style=\"padding: 8px; border: 1px solid #ddd; font-weight: bold;\">5<\/td>\n<td style=\"padding: 8px; border: 1px solid #ddd;\">24\/03\/2026<\/td>\n<\/tr>\n<tr>\n<td style=\"padding: 8px; border: 1px solid #ddd; font-weight: bold;\">6<\/td>\n<td style=\"padding: 8px; border: 1px solid #ddd;\">25\/03\/2026<\/td>\n<\/tr>\n<tr style=\"background-color: #f9f9f9;\">\n<td style=\"padding: 8px; border: 1px solid #ddd; font-weight: bold;\">7<\/td>\n<td style=\"padding: 8px; border: 1px solid #ddd;\">26\/03\/2026<\/td>\n<\/tr>\n<tr>\n<td style=\"padding: 8px; border: 1px solid #ddd; font-weight: bold;\">8<\/td>\n<td style=\"padding: 8px; border: 1px solid #ddd;\">27\/03\/2026<\/td>\n<\/tr>\n<tr style=\"background-color: #f9f9f9;\">\n<td style=\"padding: 8px; border: 1px solid #ddd; font-weight: bold;\">9<\/td>\n<td style=\"padding: 8px; border: 1px solid #ddd;\">30\/03\/2026<\/td>\n<\/tr>\n<tr>\n<td style=\"padding: 8px; border: 1px solid #ddd; font-weight: bold;\">0<\/td>\n<td style=\"padding: 8px; border: 1px solid #ddd;\">31\/03\/2026<\/td>\n<\/tr>\n<\/tbody>\n<\/table>\n<\/div>\n\n\n\n<p>As datas acima seguem o padr\u00e3o normalmente adotado pelo governo federal, mas podem ser ajustadas por portarias oficiais. Sempre confirme no aplicativo&nbsp;<strong>Bolsa Fam\u00edlia<\/strong>,&nbsp;<strong>Caixa Tem<\/strong>&nbsp;ou no site do governo antes de se deslocar para o saque.<\/p>\n\n\n\n<p>Os valores s\u00e3o liberados diretamente na conta do programa, acess\u00edvel pelo aplicativo Caixa Tem, cart\u00e3o do Bolsa Fam\u00edlia ou canais eletr\u00f4nicos. A orienta\u00e7\u00e3o \u00e9 sempre conferir as datas oficiais em comunicados do governo federal e aplicativos de benef\u00edcios sociais para evitar desencontros e golpes.<\/p>\n\n\n\n<h2 class=\"wp-block-heading\">Por que \u00e9 importante acompanhar o calend\u00e1rio e o debate sobre o 13\u00ba?<\/h2>\n\n\n\n<p>Para fam\u00edlias que dependem do programa, entender o calend\u00e1rio do Bolsa Fam\u00edlia e acompanhar o debate sobre o 13\u00ba \u00e9 fundamental para organizar despesas b\u00e1sicas como alimenta\u00e7\u00e3o, transporte e contas dom\u00e9sticas. Manter o cadastro atualizado no Cad\u00danico e checar apenas fontes oficiais ajuda a garantir o recebimento sem imprevistos.<\/p>\n\n\n\n<p>N\u00e3o espere a decis\u00e3o sair para se informar: acompanhe de perto as not\u00edcias sobre o projeto no Congresso, revise seus dados e consulte regularmente o calend\u00e1rio oficial. Esse cuidado pode fazer diferen\u00e7a no seu or\u00e7amento j\u00e1 nos pr\u00f3ximos meses, especialmente se o 13\u00ba for aprovado de \u00faltima hora para 2026.<\/p>\n","protected":false},"excerpt":{"rendered":"<p>Benefici\u00e1rios do Bolsa Fam\u00edlia est\u00e3o atentos \u00e0 poss\u00edvel cria\u00e7\u00e3o de um 13\u00ba sal\u00e1rio em 2026, j\u00e1 que um projeto em an\u00e1lise no Congresso pretende garantir um pagamento extra no fim do ano para as fam\u00edlias cadastradas. Apesar do debate em alta, o programa segue hoje com 12 parcelas anuais, valor m\u00ednimo de R$ 600 por [&hellip;]<\/p>\n","protected":false},"author":13,"featured_media":178349,"comment_status":"open","ping_status":"open","sticky":false,"template":"","format":"standard","meta":{"jnews-multi-image_gallery":[],"jnews_single_post":{"format":"standard"},"jnews_primary_category":[],"jnews_social_meta":[],"jnews_override_counter":[],"footnotes":""},"categories":[1],"tags":[560,209,992],"class_list":["post-178327","post","type-post","status-publish","format-standard","has-post-thumbnail","hentry","category-noticias","tag-13-salario","tag-bolsa-familia","tag-projeto-de-lei"],"yoast_head":"<!-- This site is optimized with the Yoast SEO plugin v23.8 - https:\/\/yoast.com\/wordpress\/plugins\/seo\/ -->\n<title>Bolsa Fam\u00edlia pode ganhar 13\u00ba pagamento: veja como funcionaria a proposta - Estado de Minas - Em foco<\/title>\n<meta name=\"description\" content=\"Projeto no Congresso discute a cria\u00e7\u00e3o do 13\u00ba sal\u00e1rio do Bolsa Fam\u00edlia. Veja o que pode mudar para os benefici\u00e1rios.\" \/>\n<meta name=\"robots\" content=\"index, follow, max-snippet:-1, max-image-preview:large, max-video-preview:-1\" \/>\n<link rel=\"canonical\" href=\"https:\/\/www.em.com.br\/emfoco\/2026\/03\/09\/bolsa-familia-pode-ganhar-13o-pagamento-veja-como-funcionaria-a-proposta\/\" \/>\n<meta property=\"og:locale\" content=\"pt_BR\" \/>\n<meta property=\"og:type\" content=\"article\" \/>\n<meta property=\"og:title\" content=\"Bolsa Fam\u00edlia pode ganhar 13\u00ba pagamento: veja como funcionaria a proposta - Estado de Minas - Em foco\" \/>\n<meta property=\"og:description\" content=\"Projeto no Congresso discute a cria\u00e7\u00e3o do 13\u00ba sal\u00e1rio do Bolsa Fam\u00edlia. Veja o que pode mudar para os benefici\u00e1rios.\" \/>\n<meta property=\"og:url\" content=\"https:\/\/www.em.com.br\/emfoco\/2026\/03\/09\/bolsa-familia-pode-ganhar-13o-pagamento-veja-como-funcionaria-a-proposta\/\" \/>\n<meta property=\"og:site_name\" content=\"Estado de Minas - Em foco\" \/>\n<meta property=\"article:published_time\" content=\"2026-03-10T00:45:00+00:00\" \/>\n<meta property=\"article:modified_time\" content=\"2026-03-06T14:15:18+00:00\" \/>\n<meta property=\"og:image\" content=\"https:\/\/www.em.com.br\/emfoco\/wp-content\/uploads\/2026\/03\/9-16.jpg\" \/>\n\t<meta property=\"og:image:width\" content=\"1280\" \/>\n\t<meta property=\"og:image:height\" content=\"720\" \/>\n\t<meta property=\"og:image:type\" content=\"image\/jpeg\" \/>\n<meta name=\"author\" content=\"Gabriel Martins\" \/>\n<meta name=\"twitter:card\" content=\"summary_large_image\" \/>\n<meta name=\"twitter:label1\" content=\"Escrito por\" \/>\n\t<meta name=\"twitter:data1\" content=\"Gabriel Martins\" \/>\n\t<meta name=\"twitter:label2\" content=\"Est. tempo de leitura\" \/>\n\t<meta name=\"twitter:data2\" content=\"5 minutos\" \/>\n<!-- \/ Yoast SEO plugin. -->","yoast_head_json":{"title":"Bolsa Fam\u00edlia pode ganhar 13\u00ba pagamento: veja como funcionaria a proposta - Estado de Minas - Em foco","description":"Projeto no Congresso discute a cria\u00e7\u00e3o do 13\u00ba sal\u00e1rio do Bolsa Fam\u00edlia. Veja o que pode mudar para os benefici\u00e1rios.","robots":{"index":"index","follow":"follow","max-snippet":"max-snippet:-1","max-image-preview":"max-image-preview:large","max-video-preview":"max-video-preview:-1"},"canonical":"https:\/\/www.em.com.br\/emfoco\/2026\/03\/09\/bolsa-familia-pode-ganhar-13o-pagamento-veja-como-funcionaria-a-proposta\/","og_locale":"pt_BR","og_type":"article","og_title":"Bolsa Fam\u00edlia pode ganhar 13\u00ba pagamento: veja como funcionaria a proposta - Estado de Minas - Em foco","og_description":"Projeto no Congresso discute a cria\u00e7\u00e3o do 13\u00ba sal\u00e1rio do Bolsa Fam\u00edlia. Veja o que pode mudar para os benefici\u00e1rios.","og_url":"https:\/\/www.em.com.br\/emfoco\/2026\/03\/09\/bolsa-familia-pode-ganhar-13o-pagamento-veja-como-funcionaria-a-proposta\/","og_site_name":"Estado de Minas - Em foco","article_published_time":"2026-03-10T00:45:00+00:00","article_modified_time":"2026-03-06T14:15:18+00:00","og_image":[{"width":1280,"height":720,"url":"https:\/\/www.em.com.br\/emfoco\/wp-content\/uploads\/2026\/03\/9-16.jpg","type":"image\/jpeg"}],"author":"Gabriel Martins","twitter_card":"summary_large_image","twitter_misc":{"Escrito por":"Gabriel Martins","Est. tempo de leitura":"5 minutos"},"schema":{"@context":"https:\/\/schema.org","@graph":[{"@type":"WebPage","@id":"https:\/\/www.em.com.br\/emfoco\/2026\/03\/09\/bolsa-familia-pode-ganhar-13o-pagamento-veja-como-funcionaria-a-proposta\/","url":"https:\/\/www.em.com.br\/emfoco\/2026\/03\/09\/bolsa-familia-pode-ganhar-13o-pagamento-veja-como-funcionaria-a-proposta\/","name":"Bolsa Fam\u00edlia pode ganhar 13\u00ba pagamento: veja como funcionaria a proposta - Estado de Minas - Em foco","isPartOf":{"@id":"https:\/\/www.em.com.br\/emfoco\/#website"},"primaryImageOfPage":{"@id":"https:\/\/www.em.com.br\/emfoco\/2026\/03\/09\/bolsa-familia-pode-ganhar-13o-pagamento-veja-como-funcionaria-a-proposta\/#primaryimage"},"image":{"@id":"https:\/\/www.em.com.br\/emfoco\/2026\/03\/09\/bolsa-familia-pode-ganhar-13o-pagamento-veja-como-funcionaria-a-proposta\/#primaryimage"},"thumbnailUrl":"https:\/\/www.em.com.br\/emfoco\/wp-content\/uploads\/2026\/03\/9-16.jpg","datePublished":"2026-03-10T00:45:00+00:00","dateModified":"2026-03-06T14:15:18+00:00","author":{"@id":"https:\/\/www.em.com.br\/emfoco\/#\/schema\/person\/1c9ddeab18b98abeffef834667bcf08a"},"description":"Projeto no Congresso discute a cria\u00e7\u00e3o do 13\u00ba sal\u00e1rio do Bolsa Fam\u00edlia. Veja o que pode mudar para os benefici\u00e1rios.","breadcrumb":{"@id":"https:\/\/www.em.com.br\/emfoco\/2026\/03\/09\/bolsa-familia-pode-ganhar-13o-pagamento-veja-como-funcionaria-a-proposta\/#breadcrumb"},"inLanguage":"pt-BR","potentialAction":[{"@type":"ReadAction","target":["https:\/\/www.em.com.br\/emfoco\/2026\/03\/09\/bolsa-familia-pode-ganhar-13o-pagamento-veja-como-funcionaria-a-proposta\/"]}]},{"@type":"ImageObject","inLanguage":"pt-BR","@id":"https:\/\/www.em.com.br\/emfoco\/2026\/03\/09\/bolsa-familia-pode-ganhar-13o-pagamento-veja-como-funcionaria-a-proposta\/#primaryimage","url":"https:\/\/www.em.com.br\/emfoco\/wp-content\/uploads\/2026\/03\/9-16.jpg","contentUrl":"https:\/\/www.em.com.br\/emfoco\/wp-content\/uploads\/2026\/03\/9-16.jpg","width":1280,"height":720,"caption":"Discuss\u00e3o sobre abono extra no Bolsa Fam\u00edlia segue em an\u00e1lise legislativa"},{"@type":"BreadcrumbList","@id":"https:\/\/www.em.com.br\/emfoco\/2026\/03\/09\/bolsa-familia-pode-ganhar-13o-pagamento-veja-como-funcionaria-a-proposta\/#breadcrumb","itemListElement":[{"@type":"ListItem","position":1,"name":"In\u00edcio","item":"https:\/\/www.em.com.br\/emfoco\/"},{"@type":"ListItem","position":2,"name":"Bolsa Fam\u00edlia pode ganhar 13\u00ba pagamento: veja como funcionaria a proposta"}]},{"@type":"WebSite","@id":"https:\/\/www.em.com.br\/emfoco\/#website","url":"https:\/\/www.em.com.br\/emfoco\/","name":"Estado de Minas - Em foco","description":"Acompanhe as \u00faltimas not\u00edcias e fique bem informado sobre tudo o que acontece em Minas Gerais, Brasil e no mundo.","potentialAction":[{"@type":"SearchAction","target":{"@type":"EntryPoint","urlTemplate":"https:\/\/www.em.com.br\/emfoco\/?s={search_term_string}"},"query-input":{"@type":"PropertyValueSpecification","valueRequired":true,"valueName":"search_term_string"}}],"inLanguage":"pt-BR"},{"@type":"Person","@id":"https:\/\/www.em.com.br\/emfoco\/#\/schema\/person\/1c9ddeab18b98abeffef834667bcf08a","name":"Gabriel Martins","image":{"@type":"ImageObject","inLanguage":"pt-BR","@id":"https:\/\/www.em.com.br\/emfoco\/#\/schema\/person\/image\/","url":"https:\/\/secure.gravatar.com\/avatar\/f0f1e2efdfd88f1ad2cb08c5c2731e50?s=96&d=mm&r=g","contentUrl":"https:\/\/secure.gravatar.com\/avatar\/f0f1e2efdfd88f1ad2cb08c5c2731e50?s=96&d=mm&r=g","caption":"Gabriel Martins"},"sameAs":["https:\/\/www.em.com.br\/emfoco\/"],"url":"https:\/\/www.em.com.br\/emfoco\/author\/gabrielmartinsmyth\/"}]}},"_links":{"self":[{"href":"https:\/\/www.em.com.br\/emfoco\/wp-json\/wp\/v2\/posts\/178327","targetHints":{"allow":["GET"]}}],"collection":[{"href":"https:\/\/www.em.com.br\/emfoco\/wp-json\/wp\/v2\/posts"}],"about":[{"href":"https:\/\/www.em.com.br\/emfoco\/wp-json\/wp\/v2\/types\/post"}],"author":[{"embeddable":true,"href":"https:\/\/www.em.com.br\/emfoco\/wp-json\/wp\/v2\/users\/13"}],"replies":[{"embeddable":true,"href":"https:\/\/www.em.com.br\/emfoco\/wp-json\/wp\/v2\/comments?post=178327"}],"version-history":[{"count":1,"href":"https:\/\/www.em.com.br\/emfoco\/wp-json\/wp\/v2\/posts\/178327\/revisions"}],"predecessor-version":[{"id":178350,"href":"https:\/\/www.em.com.br\/emfoco\/wp-json\/wp\/v2\/posts\/178327\/revisions\/178350"}],"wp:featuredmedia":[{"embeddable":true,"href":"https:\/\/www.em.com.br\/emfoco\/wp-json\/wp\/v2\/media\/178349"}],"wp:attachment":[{"href":"https:\/\/www.em.com.br\/emfoco\/wp-json\/wp\/v2\/media?parent=178327"}],"wp:term":[{"taxonomy":"category","embeddable":true,"href":"https:\/\/www.em.com.br\/emfoco\/wp-json\/wp\/v2\/categories?post=178327"},{"taxonomy":"post_tag","embeddable":true,"href":"https:\/\/www.em.com.br\/emfoco\/wp-json\/wp\/v2\/tags?post=178327"}],"curies":[{"name":"wp","href":"https:\/\/api.w.org\/{rel}","templated":true}]}}