{"id":178324,"date":"2026-03-08T21:35:00","date_gmt":"2026-03-09T00:35:00","guid":{"rendered":"https:\/\/www.em.com.br\/emfoco\/?p=178324"},"modified":"2026-03-07T20:46:55","modified_gmt":"2026-03-07T23:46:55","slug":"se-eu-tivesse-um-filho-diria-para-pensar-duas-vezes-antes-de-virar-empresario-diz-uma-empresaria-famosa","status":"publish","type":"post","link":"https:\/\/www.em.com.br\/emfoco\/2026\/03\/08\/se-eu-tivesse-um-filho-diria-para-pensar-duas-vezes-antes-de-virar-empresario-diz-uma-empresaria-famosa\/","title":{"rendered":"&#8220;Se eu tivesse um filho, diria para pensar duas vezes antes de virar empres\u00e1rio&#8221;, diz uma empres\u00e1ria famosa"},"content":{"rendered":"\n<p>O sonho de abrir o pr\u00f3prio neg\u00f3cio domina a mente de milhares de pessoas, mas a realidade dos bastidores passa longe do glamour das redes sociais. A empres\u00e1ria <strong>Yaiza Canosa<\/strong>, fundadora de uma gigante log\u00edstica, chocou o mercado ao desaconselhar o caminho do empreendedorismo. Com sinceridade brutal, ela exp\u00f5e os sacrif\u00edcios invis\u00edveis e os riscos de fal\u00eancia que ningu\u00e9m ousa contar.<\/p>\n\n\n\n<h2 class=\"wp-block-heading\">Como a jornada empreendedora exige sacrif\u00edcios silenciosos e di\u00e1rios<\/h2>\n\n\n\n<p><a href=\"https:\/\/www.em.com.br\/emfoco\/2026\/02\/11\/mae-de-crianca-de-3-anos-fecha-a-propria-loja-e-faz-desabafo-ser-autonoma-e-trabalhar-24-horas-por-dia-7-dias-por-semana\/\" target=\"_blank\" rel=\"noreferrer noopener\">Trabalhar por conta pr\u00f3pria<\/a> \u00e9 frequentemente romantizado como a solu\u00e7\u00e3o definitiva para n\u00e3o ter chefes, mas na pr\u00e1tica exige uma dedica\u00e7\u00e3o integral absurda. A profissionaliza\u00e7\u00e3o cobra um pre\u00e7o alto, transformando o desejo de independ\u00eancia em uma verdadeira maratona de incertezas, cobran\u00e7as e boletos di\u00e1rios.<\/p>\n\n\n\n<p>Mesmo com o sucesso absoluto batendo \u00e0 porta, quem vive essa rotina entende perfeitamente que a motiva\u00e7\u00e3o precisa superar o cansa\u00e7o extremo. \u00c9 um caminho solit\u00e1rio onde o esfor\u00e7o se torna a \u00fanica ferramenta capaz de transformar uma ideia promissora em um projeto lucrativo.<\/p>\n\n\n\n<h2 class=\"wp-block-heading\">O segredo pr\u00e1tico que transformou uma necessidade em uma empresa gigante<\/h2>\n\n\n\n<p>A hist\u00f3ria de Yaiza provou que as melhores ideias de neg\u00f3cios surgem das frustra\u00e7\u00f5es rotineiras e da falta de servi\u00e7os adequados no mercado. Ao se mudar para a <strong>Galiza<\/strong>, ela percebeu a aus\u00eancia total de operadoras log\u00edsticas focadas no transporte e na montagem de produtos volumosos.<\/p>\n\n\n\n<p>Mesmo sem entender absolutamente nada sobre o setor de transportes na \u00e9poca, a jovem empres\u00e1ria abra\u00e7ou essa lacuna comercial com uma ousadia impressionante. Ela transformou a simples dificuldade de receber encomendas da sua fam\u00edlia em um imp\u00e9rio log\u00edstico que hoje domina o cen\u00e1rio espanhol.<\/p>\n\n\n\n<p>Selecionamos o v\u00eddeo do <a href=\"https:\/\/www.tiktok.com\/@nudeprojectpodcast\" target=\"_blank\" rel=\"noreferrer noopener\">Nude Project Podcast <\/a>que faz sucesso no TikTok com seus <strong>516.8K<\/strong> de seguidores, onde Yaiza d\u00e1 sua entrevista:<\/p>\n\n\n\n<figure class=\"wp-block-embed is-type-video is-provider-tiktok wp-block-embed-tiktok\"><div class=\"wp-block-embed__wrapper\">\n<blockquote class=\"tiktok-embed\" cite=\"https:\/\/www.tiktok.com\/@nudeprojectpodcast\/video\/7314617610967076128\" data-video-id=\"7314617610967076128\" data-embed-from=\"oembed\" style=\"max-width:605px; min-width:325px;\"> <section> <a target=\"_blank\" title=\"@nudeprojectpodcast\" href=\"https:\/\/www.tiktok.com\/@nudeprojectpodcast?refer=embed\">@nudeprojectpodcast<\/a> <p>&#8220;Trabajar es mi proyecto vital&#8221; \ud83d\udc69\u200d\ud83d\udcbb Yaiza Canosa | Nude Project Podcast <a title=\"nudeproject\" target=\"_blank\" href=\"https:\/\/www.tiktok.com\/tag\/nudeproject?refer=embed\">#nudeproject<\/a> <a title=\"podcast\" target=\"_blank\" href=\"https:\/\/www.tiktok.com\/tag\/podcast?refer=embed\">#podcast<\/a> <a title=\"empresa\" target=\"_blank\" href=\"https:\/\/www.tiktok.com\/tag\/empresa?refer=embed\">#empresa<\/a> <a title=\"motivacion\" target=\"_blank\" href=\"https:\/\/www.tiktok.com\/tag\/motivacion?refer=embed\">#motivacion<\/a> <a title=\"negocio\" target=\"_blank\" href=\"https:\/\/www.tiktok.com\/tag\/negocio?refer=embed\">#negocio<\/a> <\/p> <a target=\"_blank\" title=\"\u266c sonido original - Nude Project Podcast\" href=\"https:\/\/www.tiktok.com\/music\/sonido-original-7314617662250781472?refer=embed\">\u266c sonido original &#8211; Nude Project Podcast<\/a> <\/section> <\/blockquote> <script async src=\"https:\/\/www.tiktok.com\/embed.js\"><\/script>\n<\/div><\/figure>\n\n\n\n<h2 class=\"wp-block-heading\">Os perigos reais e os fantasmas financeiros que ningu\u00e9m ousa revelar<\/h2>\n\n\n\n<p>Por tr\u00e1s das grandes margens de lucro e do sucesso estrondoso de hoje, existe um passado sombrio marcado pelo medo constante de perder tudo. Para que voc\u00ea compreenda a gravidade desse cen\u00e1rio e os riscos ocultos da vida empresarial, listamos os principais alertas feitos pela pr\u00f3pria fundadora.<\/p>\n\n\n\n<ul class=\"wp-block-list\">\n<li>A possibilidade real e iminente de declarar fal\u00eancia nos primeiros meses de opera\u00e7\u00e3o.<\/li>\n\n\n\n<li>A necessidade desesperadora de assumir empr\u00e9stimos banc\u00e1rios e hipotecar os pr\u00f3prios bens materiais.<\/li>\n\n\n\n<li>A press\u00e3o psicol\u00f3gica absurda de viver constantemente no limite do fracasso financeiro e mental.<\/li>\n\n\n\n<li>O sil\u00eancio t\u00f3xico do mercado que apenas divulga os sucessos e oculta as trag\u00e9dias.<\/li>\n<\/ul>\n\n\n\n<figure class=\"wp-block-image size-large\"><img loading=\"lazy\" decoding=\"async\" width=\"1024\" height=\"576\" src=\"https:\/\/www.em.com.br\/emfoco\/wp-content\/uploads\/2026\/03\/ChatGPT-Image-7-de-mar.-de-2026-17_53_52-1-1024x576.png\" alt=\"Uma empres\u00e1ria de sucesso surpreendeu ao alertar sobre os riscos do empreendedorismo\" class=\"wp-image-179021\" srcset=\"https:\/\/www.em.com.br\/emfoco\/wp-content\/uploads\/2026\/03\/ChatGPT-Image-7-de-mar.-de-2026-17_53_52-1-1024x576.png 1024w, https:\/\/www.em.com.br\/emfoco\/wp-content\/uploads\/2026\/03\/ChatGPT-Image-7-de-mar.-de-2026-17_53_52-1-300x169.png 300w, https:\/\/www.em.com.br\/emfoco\/wp-content\/uploads\/2026\/03\/ChatGPT-Image-7-de-mar.-de-2026-17_53_52-1-768x432.png 768w, https:\/\/www.em.com.br\/emfoco\/wp-content\/uploads\/2026\/03\/ChatGPT-Image-7-de-mar.-de-2026-17_53_52-1-750x422.png 750w, https:\/\/www.em.com.br\/emfoco\/wp-content\/uploads\/2026\/03\/ChatGPT-Image-7-de-mar.-de-2026-17_53_52-1-1140x641.png 1140w, https:\/\/www.em.com.br\/emfoco\/wp-content\/uploads\/2026\/03\/ChatGPT-Image-7-de-mar.-de-2026-17_53_52-1.png 1280w\" sizes=\"auto, (max-width: 1024px) 100vw, 1024px\" \/><figcaption class=\"wp-element-caption\">Uma empres\u00e1ria de sucesso surpreendeu ao alertar sobre os riscos do empreendedorismo<\/figcaption><\/figure>\n\n\n\n<h2 class=\"wp-block-heading\">Por que a fundadora implora para que voc\u00ea n\u00e3o abra o seu neg\u00f3cio<\/h2>\n\n\n\n<p>Com uma clareza chocante, Yaiza afirma que se tivesse um filho, faria absolutamente de tudo para impedi-lo de seguir a carreira empresarial. Ela classifica a decis\u00e3o de empreender como uma atitude imprudente e arriscada, recomendando alternativas muito mais seguras para garantir o sustento da fam\u00edlia.<\/p>\n\n\n\n<p>Apesar dessa vis\u00e3o extremamente cr\u00edtica e protetora, a empres\u00e1ria reconhece que o seu esp\u00edrito realizador \u00e9 uma for\u00e7a inata e imposs\u00edvel de ser contida. Ela admite que \u00e9 a pessoa mais feliz do mundo no seu projeto, provando que o empreendedorismo \u00e9 uma voca\u00e7\u00e3o muito intensa.<\/p>\n\n\n\n<h2 class=\"wp-block-heading\">Qual o momento exato para assumir o controle do seu destino financeiro<\/h2>\n\n\n\n<p>Encarar os riscos de construir o seu pr\u00f3prio imp\u00e9rio exige uma resili\u00eancia feroz e uma paix\u00e3o que pulsa mais forte do que qualquer medo. N\u00e3o permita que as dificuldades do percurso roubem a sua capacidade de sonhar gigante, mas tenha a sabedoria para entrar no campo de batalha com estrat\u00e9gia.<\/p>\n\n\n\n<p>A sua independ\u00eancia financeira est\u00e1 do outro lado da sua zona de conforto esperando por uma atitude ousada, definitiva e cheia de coragem! Levante a cabe\u00e7a agora mesmo, estude o mercado com unhas e dentes, planeje o seu neg\u00f3cio hoje e lute para transformar a sua realidade antes que seja tarde!<\/p>\n\n\n\n<p><\/p>\n","protected":false},"excerpt":{"rendered":"<p>O sonho de abrir o pr\u00f3prio neg\u00f3cio domina a mente de milhares de pessoas, mas a realidade dos bastidores passa longe do glamour das redes sociais. A empres\u00e1ria Yaiza Canosa, fundadora de uma gigante log\u00edstica, chocou o mercado ao desaconselhar o caminho do empreendedorismo. Com sinceridade brutal, ela exp\u00f5e os sacrif\u00edcios invis\u00edveis e os riscos [&hellip;]<\/p>\n","protected":false},"author":11,"featured_media":179022,"comment_status":"open","ping_status":"open","sticky":false,"template":"","format":"standard","meta":{"jnews-multi-image_gallery":[],"jnews_single_post":{"format":"standard"},"jnews_primary_category":[],"jnews_social_meta":[],"jnews_override_counter":[],"footnotes":""},"categories":[28,1],"tags":[738,4350,4351,377],"class_list":["post-178324","post","type-post","status-publish","format-standard","has-post-thumbnail","hentry","category-economia","category-noticias","tag-empreendedorismo","tag-empresa","tag-negocio","tag-sucesso"],"yoast_head":"<!-- This site is optimized with the Yoast SEO plugin v23.8 - https:\/\/yoast.com\/wordpress\/plugins\/seo\/ -->\n<title>&quot;Se eu tivesse um filho, diria para pensar duas vezes antes de virar empres\u00e1rio&quot;, diz uma empres\u00e1ria famosa - Estado de Minas - Em foco<\/title>\n<meta name=\"description\" content=\"Uma empres\u00e1ria de sucesso surpreendeu ao alertar sobre os riscos do empreendedorismo. Veja por que ela desaconselha abrir um neg\u00f3cio.\" \/>\n<meta name=\"robots\" content=\"index, follow, max-snippet:-1, max-image-preview:large, max-video-preview:-1\" \/>\n<link rel=\"canonical\" href=\"https:\/\/www.em.com.br\/emfoco\/2026\/03\/08\/se-eu-tivesse-um-filho-diria-para-pensar-duas-vezes-antes-de-virar-empresario-diz-uma-empresaria-famosa\/\" \/>\n<meta property=\"og:locale\" content=\"pt_BR\" \/>\n<meta property=\"og:type\" content=\"article\" \/>\n<meta property=\"og:title\" content=\"&quot;Se eu tivesse um filho, diria para pensar duas vezes antes de virar empres\u00e1rio&quot;, diz uma empres\u00e1ria famosa - Estado de Minas - Em foco\" \/>\n<meta property=\"og:description\" content=\"Uma empres\u00e1ria de sucesso surpreendeu ao alertar sobre os riscos do empreendedorismo. Veja por que ela desaconselha abrir um neg\u00f3cio.\" \/>\n<meta property=\"og:url\" content=\"https:\/\/www.em.com.br\/emfoco\/2026\/03\/08\/se-eu-tivesse-um-filho-diria-para-pensar-duas-vezes-antes-de-virar-empresario-diz-uma-empresaria-famosa\/\" \/>\n<meta property=\"og:site_name\" content=\"Estado de Minas - Em foco\" \/>\n<meta property=\"article:published_time\" content=\"2026-03-09T00:35:00+00:00\" \/>\n<meta property=\"article:modified_time\" content=\"2026-03-07T23:46:55+00:00\" \/>\n<meta property=\"og:image\" content=\"https:\/\/www.em.com.br\/emfoco\/wp-content\/uploads\/2026\/03\/Gemini_Generated_Image_spa3pispa3pispa3-1.png\" \/>\n\t<meta property=\"og:image:width\" content=\"1280\" \/>\n\t<meta property=\"og:image:height\" content=\"720\" \/>\n\t<meta property=\"og:image:type\" content=\"image\/png\" \/>\n<meta name=\"author\" content=\"Andre\u0301 Rangel\u00a0\" \/>\n<meta name=\"twitter:card\" content=\"summary_large_image\" \/>\n<meta name=\"twitter:label1\" content=\"Escrito por\" \/>\n\t<meta name=\"twitter:data1\" content=\"Andre\u0301 Rangel\u00a0\" \/>\n\t<meta name=\"twitter:label2\" content=\"Est. tempo de leitura\" \/>\n\t<meta name=\"twitter:data2\" content=\"4 minutos\" \/>\n<!-- \/ Yoast SEO plugin. -->","yoast_head_json":{"title":"\"Se eu tivesse um filho, diria para pensar duas vezes antes de virar empres\u00e1rio\", diz uma empres\u00e1ria famosa - Estado de Minas - Em foco","description":"Uma empres\u00e1ria de sucesso surpreendeu ao alertar sobre os riscos do empreendedorismo. Veja por que ela desaconselha abrir um neg\u00f3cio.","robots":{"index":"index","follow":"follow","max-snippet":"max-snippet:-1","max-image-preview":"max-image-preview:large","max-video-preview":"max-video-preview:-1"},"canonical":"https:\/\/www.em.com.br\/emfoco\/2026\/03\/08\/se-eu-tivesse-um-filho-diria-para-pensar-duas-vezes-antes-de-virar-empresario-diz-uma-empresaria-famosa\/","og_locale":"pt_BR","og_type":"article","og_title":"\"Se eu tivesse um filho, diria para pensar duas vezes antes de virar empres\u00e1rio\", diz uma empres\u00e1ria famosa - Estado de Minas - Em foco","og_description":"Uma empres\u00e1ria de sucesso surpreendeu ao alertar sobre os riscos do empreendedorismo. Veja por que ela desaconselha abrir um neg\u00f3cio.","og_url":"https:\/\/www.em.com.br\/emfoco\/2026\/03\/08\/se-eu-tivesse-um-filho-diria-para-pensar-duas-vezes-antes-de-virar-empresario-diz-uma-empresaria-famosa\/","og_site_name":"Estado de Minas - Em foco","article_published_time":"2026-03-09T00:35:00+00:00","article_modified_time":"2026-03-07T23:46:55+00:00","og_image":[{"width":1280,"height":720,"url":"https:\/\/www.em.com.br\/emfoco\/wp-content\/uploads\/2026\/03\/Gemini_Generated_Image_spa3pispa3pispa3-1.png","type":"image\/png"}],"author":"Andre\u0301 Rangel\u00a0","twitter_card":"summary_large_image","twitter_misc":{"Escrito por":"Andre\u0301 Rangel\u00a0","Est. tempo de leitura":"4 minutos"},"schema":{"@context":"https:\/\/schema.org","@graph":[{"@type":"WebPage","@id":"https:\/\/www.em.com.br\/emfoco\/2026\/03\/08\/se-eu-tivesse-um-filho-diria-para-pensar-duas-vezes-antes-de-virar-empresario-diz-uma-empresaria-famosa\/","url":"https:\/\/www.em.com.br\/emfoco\/2026\/03\/08\/se-eu-tivesse-um-filho-diria-para-pensar-duas-vezes-antes-de-virar-empresario-diz-uma-empresaria-famosa\/","name":"\"Se eu tivesse um filho, diria para pensar duas vezes antes de virar empres\u00e1rio\", diz uma empres\u00e1ria famosa - Estado de Minas - Em foco","isPartOf":{"@id":"https:\/\/www.em.com.br\/emfoco\/#website"},"primaryImageOfPage":{"@id":"https:\/\/www.em.com.br\/emfoco\/2026\/03\/08\/se-eu-tivesse-um-filho-diria-para-pensar-duas-vezes-antes-de-virar-empresario-diz-uma-empresaria-famosa\/#primaryimage"},"image":{"@id":"https:\/\/www.em.com.br\/emfoco\/2026\/03\/08\/se-eu-tivesse-um-filho-diria-para-pensar-duas-vezes-antes-de-virar-empresario-diz-uma-empresaria-famosa\/#primaryimage"},"thumbnailUrl":"https:\/\/www.em.com.br\/emfoco\/wp-content\/uploads\/2026\/03\/Gemini_Generated_Image_spa3pispa3pispa3-1.png","datePublished":"2026-03-09T00:35:00+00:00","dateModified":"2026-03-07T23:46:55+00:00","author":{"@id":"https:\/\/www.em.com.br\/emfoco\/#\/schema\/person\/60eda09c1fedf0d6891f4cef4b60b8b8"},"description":"Uma empres\u00e1ria de sucesso surpreendeu ao alertar sobre os riscos do empreendedorismo. Veja por que ela desaconselha abrir um neg\u00f3cio.","breadcrumb":{"@id":"https:\/\/www.em.com.br\/emfoco\/2026\/03\/08\/se-eu-tivesse-um-filho-diria-para-pensar-duas-vezes-antes-de-virar-empresario-diz-uma-empresaria-famosa\/#breadcrumb"},"inLanguage":"pt-BR","potentialAction":[{"@type":"ReadAction","target":["https:\/\/www.em.com.br\/emfoco\/2026\/03\/08\/se-eu-tivesse-um-filho-diria-para-pensar-duas-vezes-antes-de-virar-empresario-diz-uma-empresaria-famosa\/"]}]},{"@type":"ImageObject","inLanguage":"pt-BR","@id":"https:\/\/www.em.com.br\/emfoco\/2026\/03\/08\/se-eu-tivesse-um-filho-diria-para-pensar-duas-vezes-antes-de-virar-empresario-diz-uma-empresaria-famosa\/#primaryimage","url":"https:\/\/www.em.com.br\/emfoco\/wp-content\/uploads\/2026\/03\/Gemini_Generated_Image_spa3pispa3pispa3-1.png","contentUrl":"https:\/\/www.em.com.br\/emfoco\/wp-content\/uploads\/2026\/03\/Gemini_Generated_Image_spa3pispa3pispa3-1.png","width":1280,"height":720,"caption":"Uma empres\u00e1ria de sucesso surpreendeu ao alertar sobre os riscos do empreendedorismo"},{"@type":"BreadcrumbList","@id":"https:\/\/www.em.com.br\/emfoco\/2026\/03\/08\/se-eu-tivesse-um-filho-diria-para-pensar-duas-vezes-antes-de-virar-empresario-diz-uma-empresaria-famosa\/#breadcrumb","itemListElement":[{"@type":"ListItem","position":1,"name":"In\u00edcio","item":"https:\/\/www.em.com.br\/emfoco\/"},{"@type":"ListItem","position":2,"name":"&#8220;Se eu tivesse um filho, diria para pensar duas vezes antes de virar empres\u00e1rio&#8221;, diz uma empres\u00e1ria famosa"}]},{"@type":"WebSite","@id":"https:\/\/www.em.com.br\/emfoco\/#website","url":"https:\/\/www.em.com.br\/emfoco\/","name":"Estado de Minas - Em foco","description":"Acompanhe as \u00faltimas not\u00edcias e fique bem informado sobre tudo o que acontece em Minas Gerais, Brasil e no mundo.","potentialAction":[{"@type":"SearchAction","target":{"@type":"EntryPoint","urlTemplate":"https:\/\/www.em.com.br\/emfoco\/?s={search_term_string}"},"query-input":{"@type":"PropertyValueSpecification","valueRequired":true,"valueName":"search_term_string"}}],"inLanguage":"pt-BR"},{"@type":"Person","@id":"https:\/\/www.em.com.br\/emfoco\/#\/schema\/person\/60eda09c1fedf0d6891f4cef4b60b8b8","name":"Andre\u0301 Rangel\u00a0","image":{"@type":"ImageObject","inLanguage":"pt-BR","@id":"https:\/\/www.em.com.br\/emfoco\/#\/schema\/person\/image\/","url":"https:\/\/secure.gravatar.com\/avatar\/6234dc814c77c8ef6d8bba622c787efc?s=96&d=mm&r=g","contentUrl":"https:\/\/secure.gravatar.com\/avatar\/6234dc814c77c8ef6d8bba622c787efc?s=96&d=mm&r=g","caption":"Andre\u0301 Rangel\u00a0"},"url":"https:\/\/www.em.com.br\/emfoco\/author\/luizmyth\/"}]}},"_links":{"self":[{"href":"https:\/\/www.em.com.br\/emfoco\/wp-json\/wp\/v2\/posts\/178324","targetHints":{"allow":["GET"]}}],"collection":[{"href":"https:\/\/www.em.com.br\/emfoco\/wp-json\/wp\/v2\/posts"}],"about":[{"href":"https:\/\/www.em.com.br\/emfoco\/wp-json\/wp\/v2\/types\/post"}],"author":[{"embeddable":true,"href":"https:\/\/www.em.com.br\/emfoco\/wp-json\/wp\/v2\/users\/11"}],"replies":[{"embeddable":true,"href":"https:\/\/www.em.com.br\/emfoco\/wp-json\/wp\/v2\/comments?post=178324"}],"version-history":[{"count":5,"href":"https:\/\/www.em.com.br\/emfoco\/wp-json\/wp\/v2\/posts\/178324\/revisions"}],"predecessor-version":[{"id":179092,"href":"https:\/\/www.em.com.br\/emfoco\/wp-json\/wp\/v2\/posts\/178324\/revisions\/179092"}],"wp:featuredmedia":[{"embeddable":true,"href":"https:\/\/www.em.com.br\/emfoco\/wp-json\/wp\/v2\/media\/179022"}],"wp:attachment":[{"href":"https:\/\/www.em.com.br\/emfoco\/wp-json\/wp\/v2\/media?parent=178324"}],"wp:term":[{"taxonomy":"category","embeddable":true,"href":"https:\/\/www.em.com.br\/emfoco\/wp-json\/wp\/v2\/categories?post=178324"},{"taxonomy":"post_tag","embeddable":true,"href":"https:\/\/www.em.com.br\/emfoco\/wp-json\/wp\/v2\/tags?post=178324"}],"curies":[{"name":"wp","href":"https:\/\/api.w.org\/{rel}","templated":true}]}}