{"id":178319,"date":"2026-03-08T17:45:00","date_gmt":"2026-03-08T20:45:00","guid":{"rendered":"https:\/\/www.em.com.br\/emfoco\/?p=178319"},"modified":"2026-03-07T20:44:57","modified_gmt":"2026-03-07T23:44:57","slug":"ele-comecou-a-vender-eletrodomesticos-em-combos-baratos-e-agora-atrai-filas-gigantes-de-clientes","status":"publish","type":"post","link":"https:\/\/www.em.com.br\/emfoco\/2026\/03\/08\/ele-comecou-a-vender-eletrodomesticos-em-combos-baratos-e-agora-atrai-filas-gigantes-de-clientes\/","title":{"rendered":"Ele come\u00e7ou a vender eletrodom\u00e9sticos em combos baratos e agora atrai filas gigantes de clientes"},"content":{"rendered":"\n<p>Mobiliar a casa ou renovar os eletrodom\u00e9sticos antigos virou um verdadeiro desafio financeiro, mas uma liquida\u00e7\u00e3o surpreendente est\u00e1 mudando essa realidade radicalmente. Na cidade de <strong>Burzaco<\/strong>, <strong>David<\/strong>, um empres\u00e1rio vision\u00e1rio criou combos de produtos t\u00e3o baratos que as filas chegam a dobrar seis quarteir\u00f5es aos s\u00e1bados. Essa estrat\u00e9gia de vendas agressiva prova que \u00e9 poss\u00edvel unir qualidade superior, garantia e pre\u00e7os acess\u00edveis para aliviar o or\u00e7amento de milhares de fam\u00edlias.<\/p>\n\n\n\n<h2 class=\"wp-block-heading\">Como o combo de eletrodom\u00e9sticos alivia o or\u00e7amento dom\u00e9stico<\/h2>\n\n\n\n<p>O grande atrativo dessa loja fenomenal \u00e9 o pacote promocional que entrega diversos aparelhos essenciais pelo pre\u00e7o que voc\u00ea pagaria em um \u00fanico item no mercado tradicional. Com um investimento inteligente, o consumidor consegue mobiliar praticamente a casa inteira sem assumir d\u00edvidas abusivas ou financiamentos intermin\u00e1veis nos cart\u00f5es de cr\u00e9dito.<\/p>\n\n\n\n<p>O destaque absoluto \u00e9 o pacote completo que inclui geladeira de marca, fog\u00e3o em a\u00e7o inoxid\u00e1vel, televis\u00e3o de tela grande, ar-condicionado, cafeteira e micro-ondas. Para melhorar essa oferta imperd\u00edvel, o cliente leva brindes exclusivos para a divers\u00e3o da fam\u00edlia, provando que o foco da loja \u00e9 realmente encantar o p\u00fablico consumidor.<\/p>\n\n\n\n<p>Selecionamos abaixo o v\u00eddeo do programa de TV <a href=\"https:\/\/www.instagram.com\/telenoche\/reels\/\" target=\"_blank\" rel=\"noreferrer noopener\">Telenoche <\/a>que faz sucesso no Instagram com seus mais de 554 mil seguidores, e onde o empres\u00e1rio David fala sobre sua ideia e seu sucesso:<\/p>\n\n\n\n<blockquote class=\"instagram-media\" data-instgrm-captioned data-instgrm-permalink=\"https:\/\/www.instagram.com\/reel\/DVgeuO7jD7T\/?utm_source=ig_embed&amp;utm_campaign=loading\" data-instgrm-version=\"14\" style=\" background:#FFF; border:0; border-radius:3px; box-shadow:0 0 1px 0 rgba(0,0,0,0.5),0 1px 10px 0 rgba(0,0,0,0.15); margin: 1px; max-width:540px; min-width:326px; padding:0; width:99.375%; width:-webkit-calc(100% - 2px); width:calc(100% - 2px);\"><div style=\"padding:16px;\"> <a href=\"https:\/\/www.instagram.com\/reel\/DVgeuO7jD7T\/?utm_source=ig_embed&amp;utm_campaign=loading\" style=\" background:#FFFFFF; line-height:0; padding:0 0; text-align:center; text-decoration:none; width:100%;\" target=\"_blank\"> <div style=\" display: flex; flex-direction: row; align-items: center;\"> <div style=\"background-color: #F4F4F4; border-radius: 50%; flex-grow: 0; height: 40px; margin-right: 14px; width: 40px;\"><\/div> <div style=\"display: flex; flex-direction: column; flex-grow: 1; justify-content: center;\"> <div style=\" background-color: #F4F4F4; border-radius: 4px; flex-grow: 0; height: 14px; margin-bottom: 6px; width: 100px;\"><\/div> <div style=\" background-color: #F4F4F4; border-radius: 4px; flex-grow: 0; height: 14px; width: 60px;\"><\/div><\/div><\/div><div style=\"padding: 19% 0;\"><\/div> <div style=\"display:block; height:50px; margin:0 auto 12px; width:50px;\"><svg width=\"50px\" height=\"50px\" viewBox=\"0 0 60 60\" version=\"1.1\" xmlns=\"https:\/\/www.w3.org\/2000\/svg\" xmlns:xlink=\"https:\/\/www.w3.org\/1999\/xlink\"><g stroke=\"none\" stroke-width=\"1\" fill=\"none\" fill-rule=\"evenodd\"><g transform=\"translate(-511.000000, -20.000000)\" fill=\"#000000\"><g><path d=\"M556.869,30.41 C554.814,30.41 553.148,32.076 553.148,34.131 C553.148,36.186 554.814,37.852 556.869,37.852 C558.924,37.852 560.59,36.186 560.59,34.131 C560.59,32.076 558.924,30.41 556.869,30.41 M541,60.657 C535.114,60.657 530.342,55.887 530.342,50 C530.342,44.114 535.114,39.342 541,39.342 C546.887,39.342 551.658,44.114 551.658,50 C551.658,55.887 546.887,60.657 541,60.657 M541,33.886 C532.1,33.886 524.886,41.1 524.886,50 C524.886,58.899 532.1,66.113 541,66.113 C549.9,66.113 557.115,58.899 557.115,50 C557.115,41.1 549.9,33.886 541,33.886 M565.378,62.101 C565.244,65.022 564.756,66.606 564.346,67.663 C563.803,69.06 563.154,70.057 562.106,71.106 C561.058,72.155 560.06,72.803 558.662,73.347 C557.607,73.757 556.021,74.244 553.102,74.378 C549.944,74.521 548.997,74.552 541,74.552 C533.003,74.552 532.056,74.521 528.898,74.378 C525.979,74.244 524.393,73.757 523.338,73.347 C521.94,72.803 520.942,72.155 519.894,71.106 C518.846,70.057 518.197,69.06 517.654,67.663 C517.244,66.606 516.755,65.022 516.623,62.101 C516.479,58.943 516.448,57.996 516.448,50 C516.448,42.003 516.479,41.056 516.623,37.899 C516.755,34.978 517.244,33.391 517.654,32.338 C518.197,30.938 518.846,29.942 519.894,28.894 C520.942,27.846 521.94,27.196 523.338,26.654 C524.393,26.244 525.979,25.756 528.898,25.623 C532.057,25.479 533.004,25.448 541,25.448 C548.997,25.448 549.943,25.479 553.102,25.623 C556.021,25.756 557.607,26.244 558.662,26.654 C560.06,27.196 561.058,27.846 562.106,28.894 C563.154,29.942 563.803,30.938 564.346,32.338 C564.756,33.391 565.244,34.978 565.378,37.899 C565.522,41.056 565.552,42.003 565.552,50 C565.552,57.996 565.522,58.943 565.378,62.101 M570.82,37.631 C570.674,34.438 570.167,32.258 569.425,30.349 C568.659,28.377 567.633,26.702 565.965,25.035 C564.297,23.368 562.623,22.342 560.652,21.575 C558.743,20.834 556.562,20.326 553.369,20.18 C550.169,20.033 549.148,20 541,20 C532.853,20 531.831,20.033 528.631,20.18 C525.438,20.326 523.257,20.834 521.349,21.575 C519.376,22.342 517.703,23.368 516.035,25.035 C514.368,26.702 513.342,28.377 512.574,30.349 C511.834,32.258 511.326,34.438 511.181,37.631 C511.035,40.831 511,41.851 511,50 C511,58.147 511.035,59.17 511.181,62.369 C511.326,65.562 511.834,67.743 512.574,69.651 C513.342,71.625 514.368,73.296 516.035,74.965 C517.703,76.634 519.376,77.658 521.349,78.425 C523.257,79.167 525.438,79.673 528.631,79.82 C531.831,79.965 532.853,80.001 541,80.001 C549.148,80.001 550.169,79.965 553.369,79.82 C556.562,79.673 558.743,79.167 560.652,78.425 C562.623,77.658 564.297,76.634 565.965,74.965 C567.633,73.296 568.659,71.625 569.425,69.651 C570.167,67.743 570.674,65.562 570.82,62.369 C570.966,59.17 571,58.147 571,50 C571,41.851 570.966,40.831 570.82,37.631\"><\/path><\/g><\/g><\/g><\/svg><\/div><div style=\"padding-top: 8px;\"> <div style=\" color:#3897f0; font-family:Arial,sans-serif; font-size:14px; font-style:normal; font-weight:550; line-height:18px;\">Ver essa foto no Instagram<\/div><\/div><div style=\"padding: 12.5% 0;\"><\/div> <div style=\"display: flex; flex-direction: row; margin-bottom: 14px; align-items: center;\"><div> <div style=\"background-color: #F4F4F4; border-radius: 50%; height: 12.5px; width: 12.5px; transform: translateX(0px) translateY(7px);\"><\/div> <div style=\"background-color: #F4F4F4; height: 12.5px; transform: rotate(-45deg) translateX(3px) translateY(1px); width: 12.5px; flex-grow: 0; margin-right: 14px; margin-left: 2px;\"><\/div> <div style=\"background-color: #F4F4F4; border-radius: 50%; height: 12.5px; width: 12.5px; transform: translateX(9px) translateY(-18px);\"><\/div><\/div><div style=\"margin-left: 8px;\"> <div style=\" background-color: #F4F4F4; border-radius: 50%; flex-grow: 0; height: 20px; width: 20px;\"><\/div> <div style=\" width: 0; height: 0; border-top: 2px solid transparent; border-left: 6px solid #f4f4f4; border-bottom: 2px solid transparent; transform: translateX(16px) translateY(-4px) rotate(30deg)\"><\/div><\/div><div style=\"margin-left: auto;\"> <div style=\" width: 0px; border-top: 8px solid #F4F4F4; border-right: 8px solid transparent; transform: translateY(16px);\"><\/div> <div style=\" background-color: #F4F4F4; flex-grow: 0; height: 12px; width: 16px; transform: translateY(-4px);\"><\/div> <div style=\" width: 0; height: 0; border-top: 8px solid #F4F4F4; border-left: 8px solid transparent; transform: translateY(-4px) translateX(8px);\"><\/div><\/div><\/div> <div style=\"display: flex; flex-direction: column; flex-grow: 1; justify-content: center; margin-bottom: 24px;\"> <div style=\" background-color: #F4F4F4; border-radius: 4px; flex-grow: 0; height: 14px; margin-bottom: 6px; width: 224px;\"><\/div> <div style=\" background-color: #F4F4F4; border-radius: 4px; flex-grow: 0; height: 14px; width: 144px;\"><\/div><\/div><\/a><p style=\" color:#c9c8cd; font-family:Arial,sans-serif; font-size:14px; line-height:17px; margin-bottom:0; margin-top:8px; overflow:hidden; padding:8px 0 7px; text-align:center; text-overflow:ellipsis; white-space:nowrap;\"><a href=\"https:\/\/www.instagram.com\/reel\/DVgeuO7jD7T\/?utm_source=ig_embed&amp;utm_campaign=loading\" style=\" color:#c9c8cd; font-family:Arial,sans-serif; font-size:14px; font-style:normal; font-weight:normal; line-height:17px; text-decoration:none;\" target=\"_blank\">Um post compartilhado por telenoche (@telenoche)<\/a><\/p><\/div><\/blockquote>\n<script async src=\"\/\/www.instagram.com\/embed.js\"><\/script>\n\n\n\n<h2 class=\"wp-block-heading\">Quais produtos avulsos valem a sua viagem at\u00e9 a loja<\/h2>\n\n\n\n<p>Al\u00e9m dos pacotes montados para equipar a casa toda, a <a href=\"https:\/\/www.em.com.br\/emfoco\/2026\/02\/22\/liquidacao-total-e-adeus-definitivo-rede-de-moda-queridinha-vende-todo-o-estoque-antes-de-fechar\/\" target=\"_blank\" rel=\"noreferrer noopener\">liquida\u00e7\u00e3o <\/a>oferece itens menores do dia a dia por valores incrivelmente baixos quando comparados aos varejistas da regi\u00e3o. Essa \u00e9 a oportunidade perfeita para trocar aquele aparelho antigo que consome muita energia el\u00e9trica por um modelo novo e super eficiente.<\/p>\n\n\n\n<p>Para que voc\u00ea entenda o n\u00edvel absurdo desses descontos reais e consiga planejar as suas pr\u00f3ximas compras, separamos os maiores destaques individuais dessa hist\u00f3rica queima de estoque. Confira atentamente as ofertas impressionantes que custam o mesmo que um lanche r\u00e1pido e garantem muita economia.<\/p>\n\n\n\n<ul class=\"wp-block-list\">\n<li>Chaleiras el\u00e9tricas modernas vendidas por uma fra\u00e7\u00e3o do pre\u00e7o convencional de mercado.<\/li>\n\n\n\n<li>Torradeiras de alta qualidade que custam o equivalente a um sandu\u00edche na rua.<\/li>\n\n\n\n<li>Bicicletas com aro vinte e nove perfeitas para o lazer econ\u00f4mico da fam\u00edlia.<\/li>\n\n\n\n<li>Caixas de som potentes e camas de solteiro com \u00f3timos descontos reais.<\/li>\n<\/ul>\n\n\n\n<h2 class=\"wp-block-heading\">Por que a marca pr\u00f3pria garante pre\u00e7os t\u00e3o baixos<\/h2>\n\n\n\n<p>O segredo por tr\u00e1s dessa revolu\u00e7\u00e3o no varejo argentino \u00e9 a uni\u00e3o inteligente entre marcas consolidadas e a produ\u00e7\u00e3o de uma linha pr\u00f3pria de excel\u00eancia. O dono do neg\u00f3cio, <strong>David<\/strong>, investe em cozinhas de a\u00e7o inoxid\u00e1vel exclusivas para baratear os custos log\u00edsticos e repassar a economia diretamente para o consumidor.<\/p>\n\n\n\n<p>Mesmo com valores incrivelmente reduzidos nas etiquetas, todos os produtos comercializados na loja saem com garantia oficial de f\u00e1brica e nota fiscal para a seguran\u00e7a do comprador. Esse compromisso inegoci\u00e1vel destr\u00f3i o mito de que produtos mais baratos s\u00e3o descart\u00e1veis ou trazem dores de cabe\u00e7a no futuro.<\/p>\n\n\n\n<figure class=\"wp-block-image size-large\"><img loading=\"lazy\" decoding=\"async\" width=\"1024\" height=\"576\" src=\"https:\/\/www.em.com.br\/emfoco\/wp-content\/uploads\/2026\/03\/Gemini_Generated_Image_clf8apclf8apclf8-1-1024x576.png\" alt=\"Filas gigantes se formam por eletrodom\u00e9sticos baratos\" class=\"wp-image-179001\" srcset=\"https:\/\/www.em.com.br\/emfoco\/wp-content\/uploads\/2026\/03\/Gemini_Generated_Image_clf8apclf8apclf8-1-1024x576.png 1024w, https:\/\/www.em.com.br\/emfoco\/wp-content\/uploads\/2026\/03\/Gemini_Generated_Image_clf8apclf8apclf8-1-300x169.png 300w, https:\/\/www.em.com.br\/emfoco\/wp-content\/uploads\/2026\/03\/Gemini_Generated_Image_clf8apclf8apclf8-1-768x432.png 768w, https:\/\/www.em.com.br\/emfoco\/wp-content\/uploads\/2026\/03\/Gemini_Generated_Image_clf8apclf8apclf8-1-750x422.png 750w, https:\/\/www.em.com.br\/emfoco\/wp-content\/uploads\/2026\/03\/Gemini_Generated_Image_clf8apclf8apclf8-1-1140x641.png 1140w, https:\/\/www.em.com.br\/emfoco\/wp-content\/uploads\/2026\/03\/Gemini_Generated_Image_clf8apclf8apclf8-1.png 1280w\" sizes=\"auto, (max-width: 1024px) 100vw, 1024px\" \/><figcaption class=\"wp-element-caption\">Filas gigantes se formam por eletrodom\u00e9sticos baratos<\/figcaption><\/figure>\n\n\n\n<h2 class=\"wp-block-heading\">O impacto do marketing boca a boca nas vendas di\u00e1rias<\/h2>\n\n\n\n<p>A estrat\u00e9gia central desse modelo inovador de neg\u00f3cios n\u00e3o \u00e9 gastar fortunas com publicidade, mas focar na satisfa\u00e7\u00e3o absoluta e no encantamento de cada pessoa que entra na loja. O objetivo \u00e9 lucrar com o alto volume de vendas em vez de cobrar margens abusivas em cima de um \u00fanico trabalhador.<\/p>\n\n\n\n<p>Quando uma fam\u00edlia consegue equipar o seu lar gastando pouco e recebe um atendimento honesto, naturalmente recomenda o local para vizinhos e parentes. Essa rede de indica\u00e7\u00f5es sinceras e org\u00e2nicas \u00e9 o verdadeiro motor que forma as impressionantes filas de seis quarteir\u00f5es todos os s\u00e1bados na porta do estabelecimento.<\/p>\n\n\n\n<h2 class=\"wp-block-heading\">Qual o momento ideal para renovar a sua casa hoje<\/h2>\n\n\n\n<p>Oportunidades rar\u00edssimas como essa liquida\u00e7\u00e3o n\u00e3o duram para sempre, pois a alta demanda rapidamente esgota os estoques dos produtos mais desejados pelas fam\u00edlias. Se voc\u00ea est\u00e1 adiando a troca da geladeira antiga ou precisa mobiliar a casa nova sem estourar as economias, a hora exata de agir com intelig\u00eancia \u00e9 agora.<\/p>\n\n\n\n<p>N\u00e3o deixe que a falta de tempo na semana roube a sua chance de viver com muito mais conforto e dignidade dentro do seu lar! Re\u00fana as suas economias agora mesmo, corra para aproveitar essas ofertas inacredit\u00e1veis antes que os estoques zerem e transforme a sua casa no pal\u00e1cio que voc\u00ea merece!<\/p>\n","protected":false},"excerpt":{"rendered":"<p>Mobiliar a casa ou renovar os eletrodom\u00e9sticos antigos virou um verdadeiro desafio financeiro, mas uma liquida\u00e7\u00e3o surpreendente est\u00e1 mudando essa realidade radicalmente. Na cidade de Burzaco, David, um empres\u00e1rio vision\u00e1rio criou combos de produtos t\u00e3o baratos que as filas chegam a dobrar seis quarteir\u00f5es aos s\u00e1bados. Essa estrat\u00e9gia de vendas agressiva prova que \u00e9 poss\u00edvel [&hellip;]<\/p>\n","protected":false},"author":11,"featured_media":178997,"comment_status":"open","ping_status":"open","sticky":false,"template":"","format":"standard","meta":{"jnews-multi-image_gallery":[],"jnews_single_post":{"format":"standard"},"jnews_primary_category":[],"jnews_social_meta":[],"jnews_override_counter":[],"footnotes":""},"categories":[28,1],"tags":[5675,25874,7291,18157],"class_list":["post-178319","post","type-post","status-publish","format-standard","has-post-thumbnail","hentry","category-economia","category-noticias","tag-eletrodomesticos","tag-eletrodomesticos-a-precos-muito-baixos","tag-geladeira","tag-ofertas"],"yoast_head":"<!-- This site is optimized with the Yoast SEO plugin v23.8 - https:\/\/yoast.com\/wordpress\/plugins\/seo\/ -->\n<title>Ele come\u00e7ou a vender eletrodom\u00e9sticos em combos baratos e agora atrai filas gigantes de clientes - Estado de Minas - Em foco<\/title>\n<meta name=\"description\" content=\"Uma liquida\u00e7\u00e3o de eletrodom\u00e9sticos est\u00e1 formando filas de seis quarteir\u00f5es. Veja os combos baratos que est\u00e3o chamando aten\u00e7\u00e3o.\" \/>\n<meta name=\"robots\" content=\"index, follow, max-snippet:-1, max-image-preview:large, max-video-preview:-1\" \/>\n<link rel=\"canonical\" href=\"https:\/\/www.em.com.br\/emfoco\/2026\/03\/08\/ele-comecou-a-vender-eletrodomesticos-em-combos-baratos-e-agora-atrai-filas-gigantes-de-clientes\/\" \/>\n<meta property=\"og:locale\" content=\"pt_BR\" \/>\n<meta property=\"og:type\" content=\"article\" \/>\n<meta property=\"og:title\" content=\"Ele come\u00e7ou a vender eletrodom\u00e9sticos em combos baratos e agora atrai filas gigantes de clientes - Estado de Minas - Em foco\" \/>\n<meta property=\"og:description\" content=\"Uma liquida\u00e7\u00e3o de eletrodom\u00e9sticos est\u00e1 formando filas de seis quarteir\u00f5es. Veja os combos baratos que est\u00e3o chamando aten\u00e7\u00e3o.\" \/>\n<meta property=\"og:url\" content=\"https:\/\/www.em.com.br\/emfoco\/2026\/03\/08\/ele-comecou-a-vender-eletrodomesticos-em-combos-baratos-e-agora-atrai-filas-gigantes-de-clientes\/\" \/>\n<meta property=\"og:site_name\" content=\"Estado de Minas - Em foco\" \/>\n<meta property=\"article:published_time\" content=\"2026-03-08T20:45:00+00:00\" \/>\n<meta property=\"article:modified_time\" content=\"2026-03-07T23:44:57+00:00\" \/>\n<meta property=\"og:image\" content=\"https:\/\/www.em.com.br\/emfoco\/wp-content\/uploads\/2026\/03\/ChatGPT-Image-7-de-mar.-de-2026-17_40_17-1.png\" \/>\n\t<meta property=\"og:image:width\" content=\"1280\" \/>\n\t<meta property=\"og:image:height\" content=\"720\" \/>\n\t<meta property=\"og:image:type\" content=\"image\/png\" \/>\n<meta name=\"author\" content=\"Andre\u0301 Rangel\u00a0\" \/>\n<meta name=\"twitter:card\" content=\"summary_large_image\" \/>\n<meta name=\"twitter:label1\" content=\"Escrito por\" \/>\n\t<meta name=\"twitter:data1\" content=\"Andre\u0301 Rangel\u00a0\" \/>\n\t<meta name=\"twitter:label2\" content=\"Est. tempo de leitura\" \/>\n\t<meta name=\"twitter:data2\" content=\"5 minutos\" \/>\n<!-- \/ Yoast SEO plugin. -->","yoast_head_json":{"title":"Ele come\u00e7ou a vender eletrodom\u00e9sticos em combos baratos e agora atrai filas gigantes de clientes - Estado de Minas - Em foco","description":"Uma liquida\u00e7\u00e3o de eletrodom\u00e9sticos est\u00e1 formando filas de seis quarteir\u00f5es. Veja os combos baratos que est\u00e3o chamando aten\u00e7\u00e3o.","robots":{"index":"index","follow":"follow","max-snippet":"max-snippet:-1","max-image-preview":"max-image-preview:large","max-video-preview":"max-video-preview:-1"},"canonical":"https:\/\/www.em.com.br\/emfoco\/2026\/03\/08\/ele-comecou-a-vender-eletrodomesticos-em-combos-baratos-e-agora-atrai-filas-gigantes-de-clientes\/","og_locale":"pt_BR","og_type":"article","og_title":"Ele come\u00e7ou a vender eletrodom\u00e9sticos em combos baratos e agora atrai filas gigantes de clientes - Estado de Minas - Em foco","og_description":"Uma liquida\u00e7\u00e3o de eletrodom\u00e9sticos est\u00e1 formando filas de seis quarteir\u00f5es. Veja os combos baratos que est\u00e3o chamando aten\u00e7\u00e3o.","og_url":"https:\/\/www.em.com.br\/emfoco\/2026\/03\/08\/ele-comecou-a-vender-eletrodomesticos-em-combos-baratos-e-agora-atrai-filas-gigantes-de-clientes\/","og_site_name":"Estado de Minas - Em foco","article_published_time":"2026-03-08T20:45:00+00:00","article_modified_time":"2026-03-07T23:44:57+00:00","og_image":[{"width":1280,"height":720,"url":"https:\/\/www.em.com.br\/emfoco\/wp-content\/uploads\/2026\/03\/ChatGPT-Image-7-de-mar.-de-2026-17_40_17-1.png","type":"image\/png"}],"author":"Andre\u0301 Rangel\u00a0","twitter_card":"summary_large_image","twitter_misc":{"Escrito por":"Andre\u0301 Rangel\u00a0","Est. tempo de leitura":"5 minutos"},"schema":{"@context":"https:\/\/schema.org","@graph":[{"@type":"WebPage","@id":"https:\/\/www.em.com.br\/emfoco\/2026\/03\/08\/ele-comecou-a-vender-eletrodomesticos-em-combos-baratos-e-agora-atrai-filas-gigantes-de-clientes\/","url":"https:\/\/www.em.com.br\/emfoco\/2026\/03\/08\/ele-comecou-a-vender-eletrodomesticos-em-combos-baratos-e-agora-atrai-filas-gigantes-de-clientes\/","name":"Ele come\u00e7ou a vender eletrodom\u00e9sticos em combos baratos e agora atrai filas gigantes de clientes - Estado de Minas - Em foco","isPartOf":{"@id":"https:\/\/www.em.com.br\/emfoco\/#website"},"primaryImageOfPage":{"@id":"https:\/\/www.em.com.br\/emfoco\/2026\/03\/08\/ele-comecou-a-vender-eletrodomesticos-em-combos-baratos-e-agora-atrai-filas-gigantes-de-clientes\/#primaryimage"},"image":{"@id":"https:\/\/www.em.com.br\/emfoco\/2026\/03\/08\/ele-comecou-a-vender-eletrodomesticos-em-combos-baratos-e-agora-atrai-filas-gigantes-de-clientes\/#primaryimage"},"thumbnailUrl":"https:\/\/www.em.com.br\/emfoco\/wp-content\/uploads\/2026\/03\/ChatGPT-Image-7-de-mar.-de-2026-17_40_17-1.png","datePublished":"2026-03-08T20:45:00+00:00","dateModified":"2026-03-07T23:44:57+00:00","author":{"@id":"https:\/\/www.em.com.br\/emfoco\/#\/schema\/person\/60eda09c1fedf0d6891f4cef4b60b8b8"},"description":"Uma liquida\u00e7\u00e3o de eletrodom\u00e9sticos est\u00e1 formando filas de seis quarteir\u00f5es. Veja os combos baratos que est\u00e3o chamando aten\u00e7\u00e3o.","breadcrumb":{"@id":"https:\/\/www.em.com.br\/emfoco\/2026\/03\/08\/ele-comecou-a-vender-eletrodomesticos-em-combos-baratos-e-agora-atrai-filas-gigantes-de-clientes\/#breadcrumb"},"inLanguage":"pt-BR","potentialAction":[{"@type":"ReadAction","target":["https:\/\/www.em.com.br\/emfoco\/2026\/03\/08\/ele-comecou-a-vender-eletrodomesticos-em-combos-baratos-e-agora-atrai-filas-gigantes-de-clientes\/"]}]},{"@type":"ImageObject","inLanguage":"pt-BR","@id":"https:\/\/www.em.com.br\/emfoco\/2026\/03\/08\/ele-comecou-a-vender-eletrodomesticos-em-combos-baratos-e-agora-atrai-filas-gigantes-de-clientes\/#primaryimage","url":"https:\/\/www.em.com.br\/emfoco\/wp-content\/uploads\/2026\/03\/ChatGPT-Image-7-de-mar.-de-2026-17_40_17-1.png","contentUrl":"https:\/\/www.em.com.br\/emfoco\/wp-content\/uploads\/2026\/03\/ChatGPT-Image-7-de-mar.-de-2026-17_40_17-1.png","width":1280,"height":720,"caption":"Filas gigantes se formam por eletrodom\u00e9sticos baratos"},{"@type":"BreadcrumbList","@id":"https:\/\/www.em.com.br\/emfoco\/2026\/03\/08\/ele-comecou-a-vender-eletrodomesticos-em-combos-baratos-e-agora-atrai-filas-gigantes-de-clientes\/#breadcrumb","itemListElement":[{"@type":"ListItem","position":1,"name":"In\u00edcio","item":"https:\/\/www.em.com.br\/emfoco\/"},{"@type":"ListItem","position":2,"name":"Ele come\u00e7ou a vender eletrodom\u00e9sticos em combos baratos e agora atrai filas gigantes de clientes"}]},{"@type":"WebSite","@id":"https:\/\/www.em.com.br\/emfoco\/#website","url":"https:\/\/www.em.com.br\/emfoco\/","name":"Estado de Minas - Em foco","description":"Acompanhe as \u00faltimas not\u00edcias e fique bem informado sobre tudo o que acontece em Minas Gerais, Brasil e no mundo.","potentialAction":[{"@type":"SearchAction","target":{"@type":"EntryPoint","urlTemplate":"https:\/\/www.em.com.br\/emfoco\/?s={search_term_string}"},"query-input":{"@type":"PropertyValueSpecification","valueRequired":true,"valueName":"search_term_string"}}],"inLanguage":"pt-BR"},{"@type":"Person","@id":"https:\/\/www.em.com.br\/emfoco\/#\/schema\/person\/60eda09c1fedf0d6891f4cef4b60b8b8","name":"Andre\u0301 Rangel\u00a0","image":{"@type":"ImageObject","inLanguage":"pt-BR","@id":"https:\/\/www.em.com.br\/emfoco\/#\/schema\/person\/image\/","url":"https:\/\/secure.gravatar.com\/avatar\/6234dc814c77c8ef6d8bba622c787efc?s=96&d=mm&r=g","contentUrl":"https:\/\/secure.gravatar.com\/avatar\/6234dc814c77c8ef6d8bba622c787efc?s=96&d=mm&r=g","caption":"Andre\u0301 Rangel\u00a0"},"url":"https:\/\/www.em.com.br\/emfoco\/author\/luizmyth\/"}]}},"_links":{"self":[{"href":"https:\/\/www.em.com.br\/emfoco\/wp-json\/wp\/v2\/posts\/178319","targetHints":{"allow":["GET"]}}],"collection":[{"href":"https:\/\/www.em.com.br\/emfoco\/wp-json\/wp\/v2\/posts"}],"about":[{"href":"https:\/\/www.em.com.br\/emfoco\/wp-json\/wp\/v2\/types\/post"}],"author":[{"embeddable":true,"href":"https:\/\/www.em.com.br\/emfoco\/wp-json\/wp\/v2\/users\/11"}],"replies":[{"embeddable":true,"href":"https:\/\/www.em.com.br\/emfoco\/wp-json\/wp\/v2\/comments?post=178319"}],"version-history":[{"count":3,"href":"https:\/\/www.em.com.br\/emfoco\/wp-json\/wp\/v2\/posts\/178319\/revisions"}],"predecessor-version":[{"id":179004,"href":"https:\/\/www.em.com.br\/emfoco\/wp-json\/wp\/v2\/posts\/178319\/revisions\/179004"}],"wp:featuredmedia":[{"embeddable":true,"href":"https:\/\/www.em.com.br\/emfoco\/wp-json\/wp\/v2\/media\/178997"}],"wp:attachment":[{"href":"https:\/\/www.em.com.br\/emfoco\/wp-json\/wp\/v2\/media?parent=178319"}],"wp:term":[{"taxonomy":"category","embeddable":true,"href":"https:\/\/www.em.com.br\/emfoco\/wp-json\/wp\/v2\/categories?post=178319"},{"taxonomy":"post_tag","embeddable":true,"href":"https:\/\/www.em.com.br\/emfoco\/wp-json\/wp\/v2\/tags?post=178319"}],"curies":[{"name":"wp","href":"https:\/\/api.w.org\/{rel}","templated":true}]}}