{"id":178291,"date":"2026-03-07T20:05:48","date_gmt":"2026-03-07T23:05:48","guid":{"rendered":"https:\/\/www.em.com.br\/emfoco\/?p=178291"},"modified":"2026-03-06T18:14:43","modified_gmt":"2026-03-06T21:14:43","slug":"a-mistura-natural-que-combate-os-espasmos-intestinais-e-devolve-a-sensacao-de-conforto-antes-de-dormir","status":"publish","type":"post","link":"https:\/\/www.em.com.br\/emfoco\/2026\/03\/07\/a-mistura-natural-que-combate-os-espasmos-intestinais-e-devolve-a-sensacao-de-conforto-antes-de-dormir\/","title":{"rendered":"A mistura natural que combate os espasmos intestinais e devolve a sensa\u00e7\u00e3o de conforto antes de dormir"},"content":{"rendered":"\n<p>Depois de um jantar mais pesado, voc\u00ea j\u00e1 sentiu aquela sensa\u00e7\u00e3o de barriga estufada e pensou em preparar um <strong>ch\u00e1 de erva-doce<\/strong> para aliviar o inc\u00f4modo? Em muitos lares, essa bebida simples virou um pequeno ritual noturno, ajudando a reduzir o desconforto digestivo e trazendo uma sensa\u00e7\u00e3o de <strong>aconchego<\/strong> antes de dormir.<\/p>\n\n\n\n<h2 class=\"wp-block-heading\">Ch\u00e1 de erva-doce para que serve e como age no organismo<\/h2>\n\n\n\n<p>A palavra-chave deste tema \u00e9 o <strong>ch\u00e1 de erva-doce<\/strong>, muito ligado ao al\u00edvio de gases, c\u00f3licas leves e mal-estar digestivo. As sementes t\u00eam compostos arom\u00e1ticos que podem ajudar a reduzir <strong>espasmos intestinais<\/strong>, o que explica a sensa\u00e7\u00e3o de menos estufamento depois das refei\u00e7\u00f5es.<\/p>\n\n\n\n<p>Al\u00e9m desse efeito suave na digest\u00e3o, o ch\u00e1 costuma marcar um momento de pausa no fim do dia, criando um clima mais <strong>tranquilo e relaxante<\/strong>. O simples ato de preparar a bebida, esperar a infus\u00e3o e tomar ainda morna ajuda a desacelerar, especialmente quando combinado com um jantar leve e menos telas \u00e0 <strong>noite<\/strong>.<\/p>\n\n\n\n<figure class=\"wp-block-embed is-type-rich is-provider-pinterest wp-block-embed-pinterest\"><div class=\"wp-block-embed__wrapper\">\n<iframe loading=\"lazy\" title=\"Vantagens do ch\u00e1 de erva doce para sua sa\u00fade e beleza \ud83d\ude0d Para mais dicas de sa\u00fade e beleza nos siga e salve a imagem \ud83d\ude4f\" src=\"https:\/\/assets.pinterest.com\/ext\/embed.html?id=19773685857525546&#038;src=oembed\" height=\"699\" width=\"450\" frameborder=\"0\" scrolling=\"no\" ><\/iframe>\n<\/div><\/figure>\n\n\n\n<p>Leia tamb\u00e9m:&nbsp;<a href=\"https:\/\/www.em.com.br\/emfoco\/2026\/03\/06\/como-cuidar-da-pele-depois-dos-40-anos-com-poucos-passos-e-resultados-visiveis\/\" target=\"_blank\" rel=\"noopener\">Quer melhorar a pele depois dos 40? Estes cuidados b\u00e1sicos ajudam a reduzir manchas e linhas sem complicar a rotina<\/a><\/p>\n\n\n\n<h2 class=\"wp-block-heading\">Como preparar ch\u00e1 de erva-doce para aliviar gases e estufamento<\/h2>\n\n\n\n<p>O preparo correto do <strong>ch\u00e1 de erva-doce<\/strong> faz diferen\u00e7a no sabor e no aroma, deixando a bebida mais agrad\u00e1vel e f\u00e1cil de incluir na rotina. A vers\u00e3o mais comum usa as sementes secas, em sach\u00ea ou a granel, e pode ser feita em poucos minutos, sempre com aten\u00e7\u00e3o \u00e0 <strong>quantidade<\/strong> consumida.<\/p>\n\n\n\n<ol class=\"wp-block-list\">\n<li>Ferver cerca de 200 ml de \u00e1gua filtrada.<\/li>\n\n\n\n<li>Desligar o fogo assim que surgirem as primeiras bolhas de fervura.<\/li>\n\n\n\n<li>Adicionar 1 colher de ch\u00e1 de sementes de erva-doce ou 1 sach\u00ea pronto.<\/li>\n\n\n\n<li>Abafar a x\u00edcara ou o recipiente por 5 a 10 minutos para liberar bem o aroma.<\/li>\n\n\n\n<li>Coar, se usar sementes, e consumir morno, de prefer\u00eancia sem ado\u00e7ar em excesso.<\/li>\n<\/ol>\n\n\n\n<p>Em algumas casas, a <strong>erva-doce<\/strong> \u00e9 combinada com camomila ou hortel\u00e3, criando um ch\u00e1 misto mais arom\u00e1tico e calmante. Mesmo assim, \u00e9 importante perceber como o corpo reage, evitar exageros di\u00e1rios e lembrar que cada organismo responde de forma um pouco <strong>diferente<\/strong>.<\/p>\n\n\n\n<p>Para voc\u00ea que gosta de se cuidar, separamos um v\u00eddeo do canal <a href=\"https:\/\/www.youtube.com\/@MundoBoaFormaTV\" target=\"_blank\" rel=\"noreferrer noopener\">MundoBoaForma <\/a>com dicas de consumo e diversos benef\u00edcios do ch\u00e1 de erva doce:<\/p>\n\n\n\n<figure class=\"wp-block-embed is-type-video is-provider-youtube wp-block-embed-youtube wp-embed-aspect-16-9 wp-has-aspect-ratio\"><div class=\"wp-block-embed__wrapper\">\n<div class=\"jeg_video_container jeg_video_content\"><iframe loading=\"lazy\" title=\"CH\u00c1 DE ERVA-DOCE TODO DIA - 7 BENEF\u00cdCIOS SURPREENDENTES! Veja o que ACONTECE!\" width=\"500\" height=\"281\" src=\"https:\/\/www.youtube.com\/embed\/LftY7kLL1cs?start=16&#038;feature=oembed\" frameborder=\"0\" allow=\"accelerometer; autoplay; clipboard-write; encrypted-media; gyroscope; picture-in-picture; web-share\" referrerpolicy=\"strict-origin-when-cross-origin\" allowfullscreen><\/iframe><\/div>\n<\/div><\/figure>\n\n\n\n<h2 class=\"wp-block-heading\">Quais cuidados s\u00e3o importantes ao consumir ch\u00e1 de erva-doce<\/h2>\n\n\n\n<p>Embora o <strong>ch\u00e1 de erva-doce<\/strong> seja visto como suave, alguns cuidados merecem aten\u00e7\u00e3o, especialmente para quem tem doen\u00e7as cr\u00f4nicas. Gestantes, lactantes, pessoas com alergias a plantas da mesma fam\u00edlia ou em uso de medicamentos devem buscar orienta\u00e7\u00e3o profissional antes de beber com muita <strong>frequ\u00eancia<\/strong>.<\/p>\n\n\n\n<p>Para facilitar, vale observar alguns pontos pr\u00e1ticos no dia a dia ao incluir o ch\u00e1 na rotina, principalmente se o objetivo \u00e9 aliviar gases, estufamento e desconforto leve. A lista abaixo resume cuidados simples que podem tornar o consumo mais <strong>seguro<\/strong> e consciente:<\/p>\n\n\n\n<ul class=\"wp-block-list\">\n<li><strong>Quantidade:<\/strong> em geral, 1 a 3 x\u00edcaras ao dia costumam ser utilizadas, evitando consumo excessivo.<\/li>\n\n\n\n<li><strong>Origem das sementes:<\/strong> optar por produtos de proced\u00eancia conhecida, evitando misturas de baixa qualidade.<\/li>\n\n\n\n<li><strong>Ado\u00e7antes:<\/strong> usar pouco a\u00e7\u00facar ou mel, especialmente para quem acompanha quest\u00f5es metab\u00f3licas.<\/li>\n\n\n\n<li><strong>Monitoramento de sintomas:<\/strong> desconfortos intensos, dor forte ou sinais persistentes de mal-estar requerem avalia\u00e7\u00e3o m\u00e9dica.<\/li>\n<\/ul>\n\n\n\n<p>Gases em excesso, estufamento frequente e dificuldade constante para dormir podem indicar algo al\u00e9m de um simples desconforto ap\u00f3s o jantar, exigindo olhar mais <strong>cuidadoso<\/strong>.<\/p>\n\n\n\n<figure class=\"wp-block-embed is-type-rich is-provider-pinterest wp-block-embed-pinterest\"><div class=\"wp-block-embed__wrapper\">\n<iframe loading=\"lazy\" title=\" \" src=\"https:\/\/assets.pinterest.com\/ext\/embed.html?id=1477812373088544&#038;src=oembed\" height=\"775\" width=\"450\" frameborder=\"0\" scrolling=\"no\" ><\/iframe>\n<\/div><\/figure>\n\n\n\n<h2 class=\"wp-block-heading\">Ch\u00e1 de erva-doce realmente ajuda a ter um sono mais leve<\/h2>\n\n\n\n<p>Muitas pessoas relatam que o <strong>ch\u00e1 de erva-doce<\/strong> \u00e0 noite traz sensa\u00e7\u00e3o de relaxamento e ajuda o sono a chegar com mais facilidade. Ao diminuir o desconforto abdominal e a sensa\u00e7\u00e3o de peso no est\u00f4mago, o corpo encontra menos barreiras f\u00edsicas para <strong>adormecer<\/strong> com calma.<\/p>\n\n\n\n<p>Na pr\u00e1tica, quem cria esse h\u00e1bito costuma unir o ch\u00e1 a outras mudan\u00e7as simples, como jantares menores, menos gordura e um intervalo maior entre a refei\u00e7\u00e3o e a hora de deitar. Assim, o ch\u00e1 de <strong>erva-doce<\/strong> entra como parte de um conjunto de cuidados noturnos que favorecem uma noite mais tranquila, especialmente nos casos de gases e sensa\u00e7\u00e3o de estufamento depois do <strong>jantar<\/strong>.<\/p>\n","protected":false},"excerpt":{"rendered":"<p>Depois de um jantar mais pesado, voc\u00ea j\u00e1 sentiu aquela sensa\u00e7\u00e3o de barriga estufada e pensou em preparar um ch\u00e1 de erva-doce para aliviar o inc\u00f4modo? Em muitos lares, essa bebida simples virou um pequeno ritual noturno, ajudando a reduzir o desconforto digestivo e trazendo uma sensa\u00e7\u00e3o de aconchego antes de dormir. Ch\u00e1 de erva-doce [&hellip;]<\/p>\n","protected":false},"author":9,"featured_media":178548,"comment_status":"open","ping_status":"open","sticky":false,"template":"","format":"standard","meta":{"jnews-multi-image_gallery":[],"jnews_single_post":{"format":"standard"},"jnews_primary_category":[],"jnews_social_meta":[],"jnews_override_counter":[],"footnotes":""},"categories":[8691,1],"tags":[8716,5950,5886],"class_list":["post-178291","post","type-post","status-publish","format-standard","has-post-thumbnail","hentry","category-bem-estar","category-noticias","tag-cha-de-erva-doce","tag-dormir","tag-infusao"],"yoast_head":"<!-- This site is optimized with the Yoast SEO plugin v23.8 - https:\/\/yoast.com\/wordpress\/plugins\/seo\/ -->\n<title>A mistura natural que combate os espasmos intestinais e devolve a sensa\u00e7\u00e3o de conforto antes de dormir - Estado de Minas - Em foco<\/title>\n<meta name=\"description\" content=\"Entenda como o ch\u00e1 de erva-doce ajuda a reduzir gases e traz al\u00edvio imediato para o estufamento abdominal\" \/>\n<meta name=\"robots\" content=\"index, follow, max-snippet:-1, max-image-preview:large, max-video-preview:-1\" \/>\n<link rel=\"canonical\" href=\"https:\/\/www.em.com.br\/emfoco\/2026\/03\/07\/a-mistura-natural-que-combate-os-espasmos-intestinais-e-devolve-a-sensacao-de-conforto-antes-de-dormir\/\" \/>\n<meta property=\"og:locale\" content=\"pt_BR\" \/>\n<meta property=\"og:type\" content=\"article\" \/>\n<meta property=\"og:title\" content=\"A mistura natural que combate os espasmos intestinais e devolve a sensa\u00e7\u00e3o de conforto antes de dormir - Estado de Minas - Em foco\" \/>\n<meta property=\"og:description\" content=\"Entenda como o ch\u00e1 de erva-doce ajuda a reduzir gases e traz al\u00edvio imediato para o estufamento abdominal\" \/>\n<meta property=\"og:url\" content=\"https:\/\/www.em.com.br\/emfoco\/2026\/03\/07\/a-mistura-natural-que-combate-os-espasmos-intestinais-e-devolve-a-sensacao-de-conforto-antes-de-dormir\/\" \/>\n<meta property=\"og:site_name\" content=\"Estado de Minas - Em foco\" \/>\n<meta property=\"article:published_time\" content=\"2026-03-07T23:05:48+00:00\" \/>\n<meta property=\"article:modified_time\" content=\"2026-03-06T21:14:43+00:00\" \/>\n<meta property=\"og:image\" content=\"https:\/\/www.em.com.br\/emfoco\/wp-content\/uploads\/2026\/03\/Gemini_Generated_Image_23vdxp23vdxp23vd-1.png\" \/>\n\t<meta property=\"og:image:width\" content=\"1280\" \/>\n\t<meta property=\"og:image:height\" content=\"720\" \/>\n\t<meta property=\"og:image:type\" content=\"image\/png\" \/>\n<meta name=\"author\" content=\"Daniely Cardoso\" \/>\n<meta name=\"twitter:card\" content=\"summary_large_image\" \/>\n<meta name=\"twitter:label1\" content=\"Escrito por\" \/>\n\t<meta name=\"twitter:data1\" content=\"Daniely Cardoso\" \/>\n\t<meta name=\"twitter:label2\" content=\"Est. tempo de leitura\" \/>\n\t<meta name=\"twitter:data2\" content=\"4 minutos\" \/>\n<!-- \/ Yoast SEO plugin. -->","yoast_head_json":{"title":"A mistura natural que combate os espasmos intestinais e devolve a sensa\u00e7\u00e3o de conforto antes de dormir - Estado de Minas - Em foco","description":"Entenda como o ch\u00e1 de erva-doce ajuda a reduzir gases e traz al\u00edvio imediato para o estufamento abdominal","robots":{"index":"index","follow":"follow","max-snippet":"max-snippet:-1","max-image-preview":"max-image-preview:large","max-video-preview":"max-video-preview:-1"},"canonical":"https:\/\/www.em.com.br\/emfoco\/2026\/03\/07\/a-mistura-natural-que-combate-os-espasmos-intestinais-e-devolve-a-sensacao-de-conforto-antes-de-dormir\/","og_locale":"pt_BR","og_type":"article","og_title":"A mistura natural que combate os espasmos intestinais e devolve a sensa\u00e7\u00e3o de conforto antes de dormir - Estado de Minas - Em foco","og_description":"Entenda como o ch\u00e1 de erva-doce ajuda a reduzir gases e traz al\u00edvio imediato para o estufamento abdominal","og_url":"https:\/\/www.em.com.br\/emfoco\/2026\/03\/07\/a-mistura-natural-que-combate-os-espasmos-intestinais-e-devolve-a-sensacao-de-conforto-antes-de-dormir\/","og_site_name":"Estado de Minas - Em foco","article_published_time":"2026-03-07T23:05:48+00:00","article_modified_time":"2026-03-06T21:14:43+00:00","og_image":[{"width":1280,"height":720,"url":"https:\/\/www.em.com.br\/emfoco\/wp-content\/uploads\/2026\/03\/Gemini_Generated_Image_23vdxp23vdxp23vd-1.png","type":"image\/png"}],"author":"Daniely Cardoso","twitter_card":"summary_large_image","twitter_misc":{"Escrito por":"Daniely Cardoso","Est. tempo de leitura":"4 minutos"},"schema":{"@context":"https:\/\/schema.org","@graph":[{"@type":"WebPage","@id":"https:\/\/www.em.com.br\/emfoco\/2026\/03\/07\/a-mistura-natural-que-combate-os-espasmos-intestinais-e-devolve-a-sensacao-de-conforto-antes-de-dormir\/","url":"https:\/\/www.em.com.br\/emfoco\/2026\/03\/07\/a-mistura-natural-que-combate-os-espasmos-intestinais-e-devolve-a-sensacao-de-conforto-antes-de-dormir\/","name":"A mistura natural que combate os espasmos intestinais e devolve a sensa\u00e7\u00e3o de conforto antes de dormir - Estado de Minas - Em foco","isPartOf":{"@id":"https:\/\/www.em.com.br\/emfoco\/#website"},"primaryImageOfPage":{"@id":"https:\/\/www.em.com.br\/emfoco\/2026\/03\/07\/a-mistura-natural-que-combate-os-espasmos-intestinais-e-devolve-a-sensacao-de-conforto-antes-de-dormir\/#primaryimage"},"image":{"@id":"https:\/\/www.em.com.br\/emfoco\/2026\/03\/07\/a-mistura-natural-que-combate-os-espasmos-intestinais-e-devolve-a-sensacao-de-conforto-antes-de-dormir\/#primaryimage"},"thumbnailUrl":"https:\/\/www.em.com.br\/emfoco\/wp-content\/uploads\/2026\/03\/Gemini_Generated_Image_23vdxp23vdxp23vd-1.png","datePublished":"2026-03-07T23:05:48+00:00","dateModified":"2026-03-06T21:14:43+00:00","author":{"@id":"https:\/\/www.em.com.br\/emfoco\/#\/schema\/person\/0a8186d72f2c3a5c6276d90b41f271a0"},"description":"Entenda como o ch\u00e1 de erva-doce ajuda a reduzir gases e traz al\u00edvio imediato para o estufamento abdominal","breadcrumb":{"@id":"https:\/\/www.em.com.br\/emfoco\/2026\/03\/07\/a-mistura-natural-que-combate-os-espasmos-intestinais-e-devolve-a-sensacao-de-conforto-antes-de-dormir\/#breadcrumb"},"inLanguage":"pt-BR","potentialAction":[{"@type":"ReadAction","target":["https:\/\/www.em.com.br\/emfoco\/2026\/03\/07\/a-mistura-natural-que-combate-os-espasmos-intestinais-e-devolve-a-sensacao-de-conforto-antes-de-dormir\/"]}]},{"@type":"ImageObject","inLanguage":"pt-BR","@id":"https:\/\/www.em.com.br\/emfoco\/2026\/03\/07\/a-mistura-natural-que-combate-os-espasmos-intestinais-e-devolve-a-sensacao-de-conforto-antes-de-dormir\/#primaryimage","url":"https:\/\/www.em.com.br\/emfoco\/wp-content\/uploads\/2026\/03\/Gemini_Generated_Image_23vdxp23vdxp23vd-1.png","contentUrl":"https:\/\/www.em.com.br\/emfoco\/wp-content\/uploads\/2026\/03\/Gemini_Generated_Image_23vdxp23vdxp23vd-1.png","width":1280,"height":720,"caption":"Quando o alecrim \u00e9 preparado em infus\u00e3o quente, ele libera subst\u00e2ncias que podem atuar no sistema nervoso"},{"@type":"BreadcrumbList","@id":"https:\/\/www.em.com.br\/emfoco\/2026\/03\/07\/a-mistura-natural-que-combate-os-espasmos-intestinais-e-devolve-a-sensacao-de-conforto-antes-de-dormir\/#breadcrumb","itemListElement":[{"@type":"ListItem","position":1,"name":"In\u00edcio","item":"https:\/\/www.em.com.br\/emfoco\/"},{"@type":"ListItem","position":2,"name":"A mistura natural que combate os espasmos intestinais e devolve a sensa\u00e7\u00e3o de conforto antes de dormir"}]},{"@type":"WebSite","@id":"https:\/\/www.em.com.br\/emfoco\/#website","url":"https:\/\/www.em.com.br\/emfoco\/","name":"Estado de Minas - Em foco","description":"Acompanhe as \u00faltimas not\u00edcias e fique bem informado sobre tudo o que acontece em Minas Gerais, Brasil e no mundo.","potentialAction":[{"@type":"SearchAction","target":{"@type":"EntryPoint","urlTemplate":"https:\/\/www.em.com.br\/emfoco\/?s={search_term_string}"},"query-input":{"@type":"PropertyValueSpecification","valueRequired":true,"valueName":"search_term_string"}}],"inLanguage":"pt-BR"},{"@type":"Person","@id":"https:\/\/www.em.com.br\/emfoco\/#\/schema\/person\/0a8186d72f2c3a5c6276d90b41f271a0","name":"Daniely Cardoso","image":{"@type":"ImageObject","inLanguage":"pt-BR","@id":"https:\/\/www.em.com.br\/emfoco\/#\/schema\/person\/image\/","url":"https:\/\/secure.gravatar.com\/avatar\/4b80ddbd124d1f071b626d52d62e5dff?s=96&d=mm&r=g","contentUrl":"https:\/\/secure.gravatar.com\/avatar\/4b80ddbd124d1f071b626d52d62e5dff?s=96&d=mm&r=g","caption":"Daniely Cardoso"},"url":"https:\/\/www.em.com.br\/emfoco\/author\/danielymyth\/"}]}},"_links":{"self":[{"href":"https:\/\/www.em.com.br\/emfoco\/wp-json\/wp\/v2\/posts\/178291","targetHints":{"allow":["GET"]}}],"collection":[{"href":"https:\/\/www.em.com.br\/emfoco\/wp-json\/wp\/v2\/posts"}],"about":[{"href":"https:\/\/www.em.com.br\/emfoco\/wp-json\/wp\/v2\/types\/post"}],"author":[{"embeddable":true,"href":"https:\/\/www.em.com.br\/emfoco\/wp-json\/wp\/v2\/users\/9"}],"replies":[{"embeddable":true,"href":"https:\/\/www.em.com.br\/emfoco\/wp-json\/wp\/v2\/comments?post=178291"}],"version-history":[{"count":2,"href":"https:\/\/www.em.com.br\/emfoco\/wp-json\/wp\/v2\/posts\/178291\/revisions"}],"predecessor-version":[{"id":178549,"href":"https:\/\/www.em.com.br\/emfoco\/wp-json\/wp\/v2\/posts\/178291\/revisions\/178549"}],"wp:featuredmedia":[{"embeddable":true,"href":"https:\/\/www.em.com.br\/emfoco\/wp-json\/wp\/v2\/media\/178548"}],"wp:attachment":[{"href":"https:\/\/www.em.com.br\/emfoco\/wp-json\/wp\/v2\/media?parent=178291"}],"wp:term":[{"taxonomy":"category","embeddable":true,"href":"https:\/\/www.em.com.br\/emfoco\/wp-json\/wp\/v2\/categories?post=178291"},{"taxonomy":"post_tag","embeddable":true,"href":"https:\/\/www.em.com.br\/emfoco\/wp-json\/wp\/v2\/tags?post=178291"}],"curies":[{"name":"wp","href":"https:\/\/api.w.org\/{rel}","templated":true}]}}