{"id":178283,"date":"2026-03-07T16:35:53","date_gmt":"2026-03-07T19:35:53","guid":{"rendered":"https:\/\/www.em.com.br\/emfoco\/?p=178283"},"modified":"2026-03-06T18:29:42","modified_gmt":"2026-03-06T21:29:42","slug":"a-tendencia-de-unhas-que-deixa-as-maos-mais-elegantes-sem-chamar-atencao","status":"publish","type":"post","link":"https:\/\/www.em.com.br\/emfoco\/2026\/03\/07\/a-tendencia-de-unhas-que-deixa-as-maos-mais-elegantes-sem-chamar-atencao\/","title":{"rendered":"A tend\u00eancia de unhas que deixa as m\u00e3os mais elegantes sem chamar aten\u00e7\u00e3o"},"content":{"rendered":"\n<p>Voc\u00ea j\u00e1 reparou como um simples <strong>esmalte nude<\/strong> pode mudar a apar\u00eancia das m\u00e3os sem que ningu\u00e9m saiba exatamente o que foi feito? As unhas em tom <strong>nude rosado<\/strong> v\u00eam conquistando cada vez mais espa\u00e7o justamente por isso: s\u00e3o discretas, vers\u00e1teis e combinam com quase tudo, do look de trabalho ao fim de semana. Esse tipo de esmalta\u00e7\u00e3o cria a sensa\u00e7\u00e3o de m\u00e3os bem cuidadas, com um ar elegante, mas sem chamar aten\u00e7\u00e3o em excesso.<\/p>\n\n\n\n<h2 class=\"wp-block-heading\">O que torna as unhas nude rosado t\u00e3o populares hoje<\/h2>\n\n\n\n<p>A popularidade das <strong>unhas nude<\/strong> rosado est\u00e1 muito ligada \u00e0 sensa\u00e7\u00e3o de <strong>eleg\u00e2ncia discreta<\/strong> que esse tom transmite. A cor fica pr\u00f3xima ao tom natural das unhas, mas com um toque de rosa que suaviza pequenas imperfei\u00e7\u00f5es, ajuda a alongar visualmente os dedos e deixa o acabamento mais polido e delicado.<\/p>\n\n\n\n<p>Esse efeito pode dar apar\u00eancia de <strong>m\u00e3os mais jovens<\/strong>, j\u00e1 que o rosado cria a ilus\u00e3o de pele mais vi\u00e7osa. Al\u00e9m disso, \u00e9 uma cor que vai bem em qualquer ocasi\u00e3o: trabalho, eventos formais, encontros casuais e at\u00e9 em dias em que voc\u00ea quer estar arrumada sem parecer muito produzida.<\/p>\n\n\n\n<figure class=\"wp-block-embed is-type-rich is-provider-pinterest wp-block-embed-pinterest\"><div class=\"wp-block-embed__wrapper\">\n<iframe loading=\"lazy\" title=\" \" src=\"https:\/\/assets.pinterest.com\/ext\/embed.html?id=492649954772051&#038;src=oembed\" height=\"785\" width=\"450\" frameborder=\"0\" scrolling=\"no\" ><\/iframe>\n<\/div><\/figure>\n\n\n\n<p>Leia tamb\u00e9m:&nbsp;<a href=\"https:\/\/www.em.com.br\/emfoco\/2026\/03\/05\/tendencia-de-unhas-para-marco-traz-as-cores-que-equilibram-o-final-do-verao-e-a-chegada-do-outono\/\" target=\"_blank\" rel=\"noopener\">Tend\u00eancia de unhas para mar\u00e7o traz as cores que equilibram o final do ver\u00e3o e a chegada do outono<\/a><\/p>\n\n\n\n<h2 class=\"wp-block-heading\">Como usar unhas nude rosado em diferentes estilos<\/h2>\n\n\n\n<p>Outro motivo para o sucesso do <strong>esmalte nude<\/strong> rosado \u00e9 a facilidade de combin\u00e1-lo com diferentes estilos de nail art, desde o visual mais cl\u00e1ssico at\u00e9 op\u00e7\u00f5es modernas. Ele funciona como uma \u201ctela neutra\u201d, permitindo detalhes discretos sem perder a <strong>sobriedade elegante<\/strong>.<\/p>\n\n\n\n<p>Essa cor \u00e9 \u00f3tima base para desenhos delicados, francesinha moderna, acabamentos em glitter suave ou detalhes geom\u00e9tricos minimalistas. Assim, quem prefere algo simples e quem gosta de seguir tend\u00eancias consegue adaptar o nude rosado ao pr\u00f3prio <strong>estilo pessoal<\/strong> com muita facilidade.<\/p>\n\n\n\n<figure class=\"wp-block-embed is-type-rich is-provider-pinterest wp-block-embed-pinterest\"><div class=\"wp-block-embed__wrapper\">\n<iframe loading=\"lazy\" title=\" \" src=\"https:\/\/assets.pinterest.com\/ext\/embed.html?id=3307399721450742&#038;src=oembed\" height=\"720\" width=\"450\" frameborder=\"0\" scrolling=\"no\" ><\/iframe>\n<\/div><\/figure>\n\n\n\n<h2 class=\"wp-block-heading\">Como escolher o melhor esmalte nude rosado para cada pele<\/h2>\n\n\n\n<p>A escolha do <strong>esmalte nude<\/strong> rosado ideal depende muito do subtom e da cor da pele. Em peles claras, tons de rosa delicados e quase transparentes ficam mais naturais, enquanto em peles m\u00e9dias, vers\u00f5es um pouco mais quentes costumam equilibrar o conjunto e deixar o resultado <strong>mais natural<\/strong>.<\/p>\n\n\n\n<p>J\u00e1 em peles morenas e negras, nudes rosados com mais profundidade, como caf\u00e9 com leite rosado ou caramelo rosado, criam um efeito mais harm\u00f4nico. Na d\u00favida, voc\u00ea pode testar o esmalte na pr\u00f3pria unha ou em uma fita adesiva encostada na m\u00e3o, observando o resultado sob a <strong>luz natural<\/strong>.<\/p>\n\n\n\n<ul class=\"wp-block-list\">\n<li><strong>Peles claras:<\/strong> rosado suave, leitoso ou transl\u00facido.<\/li>\n\n\n\n<li><strong>Peles m\u00e9dias:<\/strong> nude rosado com fundo p\u00eassego ou bege quente.<\/li>\n\n\n\n<li><strong>Peles morenas e negras:<\/strong> rosado amarronzado, caramelo rosado ou malva suave.<\/li>\n<\/ul>\n\n\n\n<figure class=\"wp-block-embed is-type-rich is-provider-pinterest wp-block-embed-pinterest\"><div class=\"wp-block-embed__wrapper\">\n<iframe loading=\"lazy\" title=\"By: @elennailedit on IG\" src=\"https:\/\/assets.pinterest.com\/ext\/embed.html?id=2885187257138698&#038;src=oembed\" height=\"899\" width=\"450\" frameborder=\"0\" scrolling=\"no\" ><\/iframe>\n<\/div><\/figure>\n\n\n\n<h2 class=\"wp-block-heading\">Unhas nude rosado ajudam a rejuvenescer as m\u00e3os<\/h2>\n\n\n\n<p>Especialistas em beleza costumam relacionar as <strong>unhas em<\/strong> tom nude rosado \u00e0 apar\u00eancia de m\u00e3os mais jovens por alguns motivos visuais simples. O rosa sutil ajuda a disfar\u00e7ar manchas leves, pequenas irregularidades na superf\u00edcie das unhas e diferen\u00e7as de cor entre as <strong>falanges dos dedos<\/strong>.<\/p>\n\n\n\n<p>Por n\u00e3o criar um contraste muito forte com a pele, esse tipo de esmalte tende a alongar visualmente os dedos e dar um ar mais delicado \u00e0s m\u00e3os. Quando combinado a cuidados como hidratar cut\u00edculas, lixar as pontas com calma e evitar remover cut\u00edcula em excesso, o resultado final fica ainda mais <strong>alinhado e saud\u00e1vel<\/strong>.<\/p>\n\n\n\n<p>Para voc\u00ea que gosta de esmaltes, separamos um v\u00eddeo do canal da <a href=\"https:\/\/www.youtube.com\/@NatyScalada\" target=\"_blank\" rel=\"noreferrer noopener\">Naty Scalada<\/a> com a compara\u00e7\u00e3o de v\u00e1rios tons de esmalte rosa:<\/p>\n\n\n\n<figure class=\"wp-block-embed is-type-video is-provider-youtube wp-block-embed-youtube wp-embed-aspect-16-9 wp-has-aspect-ratio\"><div class=\"wp-block-embed__wrapper\">\n<div class=\"jeg_video_container jeg_video_content\"><iframe loading=\"lazy\" title=\"COMPARA\u00c7\u00d5ES ESMALTE NUDE ROSADO\" width=\"500\" height=\"281\" src=\"https:\/\/www.youtube.com\/embed\/svlQh0w69CE?feature=oembed\" frameborder=\"0\" allow=\"accelerometer; autoplay; clipboard-write; encrypted-media; gyroscope; picture-in-picture; web-share\" referrerpolicy=\"strict-origin-when-cross-origin\" allowfullscreen><\/iframe><\/div>\n<\/div><\/figure>\n\n\n\n<h2 class=\"wp-block-heading\">Como manter as unhas nude rosado bonitas por mais tempo<\/h2>\n\n\n\n<p>A durabilidade do <strong>esmalte nude<\/strong> rosado est\u00e1 ligada a pequenos h\u00e1bitos de cuidado que fazem muita diferen\u00e7a no dia a dia. Antes de esmaltar, vale limpar bem a superf\u00edcie das unhas e usar uma boa base, o que ajuda a evitar descama\u00e7\u00f5es e pequenas <strong>manchas indesejadas<\/strong>.<\/p>\n\n\n\n<p>Depois, aplicar de duas a tr\u00eas camadas finas do esmalte, deixando secar entre elas, e finalizar com um top coat garante mais brilho e prote\u00e7\u00e3o. Usar luvas em tarefas dom\u00e9sticas, evitar \u00e1gua muito quente por longos per\u00edodos e hidratar as m\u00e3os com frequ\u00eancia tamb\u00e9m prolongam a <strong>beleza da esmalta\u00e7\u00e3o<\/strong>.<\/p>\n\n\n\n<figure class=\"wp-block-embed is-type-rich is-provider-pinterest wp-block-embed-pinterest\"><div class=\"wp-block-embed__wrapper\">\n<iframe loading=\"lazy\" title=\"Lindo demais, n\u00e9? Quais esmaltes Nude rosado voc\u00eas mais usam?\" src=\"https:\/\/assets.pinterest.com\/ext\/embed.html?id=60728294967575193&#038;src=oembed\" height=\"899\" width=\"450\" frameborder=\"0\" scrolling=\"no\" ><\/iframe>\n<\/div><\/figure>\n\n\n\n<h2 class=\"wp-block-heading\">Em quais ocasi\u00f5es usar esmalte nude rosado com confian\u00e7a<\/h2>\n\n\n\n<p>O <strong>esmalte nude<\/strong> rosado aparece com frequ\u00eancia em ambientes profissionais, cerim\u00f4nias e fotos oficiais, porque passa a imagem de cuidado sem exagero. Em casamentos, \u00e9 uma escolha comum de noivas, madrinhas e convidadas que querem um visual elegante, delicado e f\u00e1cil de combinar com <strong>vestidos e acess\u00f3rios<\/strong>.<\/p>\n\n\n\n<p>No dia a dia, esse tom facilita a troca de roupas, bolsas e maquiagens, j\u00e1 que n\u00e3o entra em conflito com cores fortes ou estampas. Por ser um cl\u00e1ssico que atravessa tend\u00eancias, o nude rosado segue como op\u00e7\u00e3o segura para quem busca unhas sempre arrumadas, vers\u00e1teis e adequadas a quase qualquer <strong>compromisso da rotina<\/strong>.<\/p>\n","protected":false},"excerpt":{"rendered":"<p>Voc\u00ea j\u00e1 reparou como um simples esmalte nude pode mudar a apar\u00eancia das m\u00e3os sem que ningu\u00e9m saiba exatamente o que foi feito? As unhas em tom nude rosado v\u00eam conquistando cada vez mais espa\u00e7o justamente por isso: s\u00e3o discretas, vers\u00e1teis e combinam com quase tudo, do look de trabalho ao fim de semana. Esse [&hellip;]<\/p>\n","protected":false},"author":9,"featured_media":178524,"comment_status":"open","ping_status":"open","sticky":false,"template":"","format":"standard","meta":{"jnews-multi-image_gallery":[],"jnews_single_post":{"format":"standard"},"jnews_primary_category":[],"jnews_social_meta":[],"jnews_override_counter":[],"footnotes":""},"categories":[8691,1],"tags":[2616,25797,1920,5354],"class_list":["post-178283","post","type-post","status-publish","format-standard","has-post-thumbnail","hentry","category-bem-estar","category-noticias","tag-beleza","tag-cor-nude","tag-tendencia","tag-unhas"],"yoast_head":"<!-- This site is optimized with the Yoast SEO plugin v23.8 - https:\/\/yoast.com\/wordpress\/plugins\/seo\/ -->\n<title>A tend\u00eancia de unhas que deixa as m\u00e3os mais elegantes sem chamar aten\u00e7\u00e3o - Estado de Minas - Em foco<\/title>\n<meta name=\"description\" content=\"Entenda como o esmalte nude rosado alonga os dedos e garante m\u00e3os rejuvenescidas com um toque de eleg\u00e2ncia\" \/>\n<meta name=\"robots\" content=\"index, follow, max-snippet:-1, max-image-preview:large, max-video-preview:-1\" \/>\n<link rel=\"canonical\" href=\"https:\/\/www.em.com.br\/emfoco\/2026\/03\/07\/a-tendencia-de-unhas-que-deixa-as-maos-mais-elegantes-sem-chamar-atencao\/\" \/>\n<meta property=\"og:locale\" content=\"pt_BR\" \/>\n<meta property=\"og:type\" content=\"article\" \/>\n<meta property=\"og:title\" content=\"A tend\u00eancia de unhas que deixa as m\u00e3os mais elegantes sem chamar aten\u00e7\u00e3o - Estado de Minas - Em foco\" \/>\n<meta property=\"og:description\" content=\"Entenda como o esmalte nude rosado alonga os dedos e garante m\u00e3os rejuvenescidas com um toque de eleg\u00e2ncia\" \/>\n<meta property=\"og:url\" content=\"https:\/\/www.em.com.br\/emfoco\/2026\/03\/07\/a-tendencia-de-unhas-que-deixa-as-maos-mais-elegantes-sem-chamar-atencao\/\" \/>\n<meta property=\"og:site_name\" content=\"Estado de Minas - Em foco\" \/>\n<meta property=\"article:published_time\" content=\"2026-03-07T19:35:53+00:00\" \/>\n<meta property=\"article:modified_time\" content=\"2026-03-06T21:29:42+00:00\" \/>\n<meta property=\"og:image\" content=\"https:\/\/www.em.com.br\/emfoco\/wp-content\/uploads\/2026\/03\/Gemini_Generated_Image_rswc43rswc43rswc-3.png\" \/>\n\t<meta property=\"og:image:width\" content=\"1280\" \/>\n\t<meta property=\"og:image:height\" content=\"720\" \/>\n\t<meta property=\"og:image:type\" content=\"image\/png\" \/>\n<meta name=\"author\" content=\"Daniely Cardoso\" \/>\n<meta name=\"twitter:card\" content=\"summary_large_image\" \/>\n<meta name=\"twitter:label1\" content=\"Escrito por\" \/>\n\t<meta name=\"twitter:data1\" content=\"Daniely Cardoso\" \/>\n\t<meta name=\"twitter:label2\" content=\"Est. tempo de leitura\" \/>\n\t<meta name=\"twitter:data2\" content=\"5 minutos\" \/>\n<!-- \/ Yoast SEO plugin. -->","yoast_head_json":{"title":"A tend\u00eancia de unhas que deixa as m\u00e3os mais elegantes sem chamar aten\u00e7\u00e3o - Estado de Minas - Em foco","description":"Entenda como o esmalte nude rosado alonga os dedos e garante m\u00e3os rejuvenescidas com um toque de eleg\u00e2ncia","robots":{"index":"index","follow":"follow","max-snippet":"max-snippet:-1","max-image-preview":"max-image-preview:large","max-video-preview":"max-video-preview:-1"},"canonical":"https:\/\/www.em.com.br\/emfoco\/2026\/03\/07\/a-tendencia-de-unhas-que-deixa-as-maos-mais-elegantes-sem-chamar-atencao\/","og_locale":"pt_BR","og_type":"article","og_title":"A tend\u00eancia de unhas que deixa as m\u00e3os mais elegantes sem chamar aten\u00e7\u00e3o - Estado de Minas - Em foco","og_description":"Entenda como o esmalte nude rosado alonga os dedos e garante m\u00e3os rejuvenescidas com um toque de eleg\u00e2ncia","og_url":"https:\/\/www.em.com.br\/emfoco\/2026\/03\/07\/a-tendencia-de-unhas-que-deixa-as-maos-mais-elegantes-sem-chamar-atencao\/","og_site_name":"Estado de Minas - Em foco","article_published_time":"2026-03-07T19:35:53+00:00","article_modified_time":"2026-03-06T21:29:42+00:00","og_image":[{"width":1280,"height":720,"url":"https:\/\/www.em.com.br\/emfoco\/wp-content\/uploads\/2026\/03\/Gemini_Generated_Image_rswc43rswc43rswc-3.png","type":"image\/png"}],"author":"Daniely Cardoso","twitter_card":"summary_large_image","twitter_misc":{"Escrito por":"Daniely Cardoso","Est. tempo de leitura":"5 minutos"},"schema":{"@context":"https:\/\/schema.org","@graph":[{"@type":"WebPage","@id":"https:\/\/www.em.com.br\/emfoco\/2026\/03\/07\/a-tendencia-de-unhas-que-deixa-as-maos-mais-elegantes-sem-chamar-atencao\/","url":"https:\/\/www.em.com.br\/emfoco\/2026\/03\/07\/a-tendencia-de-unhas-que-deixa-as-maos-mais-elegantes-sem-chamar-atencao\/","name":"A tend\u00eancia de unhas que deixa as m\u00e3os mais elegantes sem chamar aten\u00e7\u00e3o - Estado de Minas - Em foco","isPartOf":{"@id":"https:\/\/www.em.com.br\/emfoco\/#website"},"primaryImageOfPage":{"@id":"https:\/\/www.em.com.br\/emfoco\/2026\/03\/07\/a-tendencia-de-unhas-que-deixa-as-maos-mais-elegantes-sem-chamar-atencao\/#primaryimage"},"image":{"@id":"https:\/\/www.em.com.br\/emfoco\/2026\/03\/07\/a-tendencia-de-unhas-que-deixa-as-maos-mais-elegantes-sem-chamar-atencao\/#primaryimage"},"thumbnailUrl":"https:\/\/www.em.com.br\/emfoco\/wp-content\/uploads\/2026\/03\/Gemini_Generated_Image_rswc43rswc43rswc-3.png","datePublished":"2026-03-07T19:35:53+00:00","dateModified":"2026-03-06T21:29:42+00:00","author":{"@id":"https:\/\/www.em.com.br\/emfoco\/#\/schema\/person\/0a8186d72f2c3a5c6276d90b41f271a0"},"description":"Entenda como o esmalte nude rosado alonga os dedos e garante m\u00e3os rejuvenescidas com um toque de eleg\u00e2ncia","breadcrumb":{"@id":"https:\/\/www.em.com.br\/emfoco\/2026\/03\/07\/a-tendencia-de-unhas-que-deixa-as-maos-mais-elegantes-sem-chamar-atencao\/#breadcrumb"},"inLanguage":"pt-BR","potentialAction":[{"@type":"ReadAction","target":["https:\/\/www.em.com.br\/emfoco\/2026\/03\/07\/a-tendencia-de-unhas-que-deixa-as-maos-mais-elegantes-sem-chamar-atencao\/"]}]},{"@type":"ImageObject","inLanguage":"pt-BR","@id":"https:\/\/www.em.com.br\/emfoco\/2026\/03\/07\/a-tendencia-de-unhas-que-deixa-as-maos-mais-elegantes-sem-chamar-atencao\/#primaryimage","url":"https:\/\/www.em.com.br\/emfoco\/wp-content\/uploads\/2026\/03\/Gemini_Generated_Image_rswc43rswc43rswc-3.png","contentUrl":"https:\/\/www.em.com.br\/emfoco\/wp-content\/uploads\/2026\/03\/Gemini_Generated_Image_rswc43rswc43rswc-3.png","width":1280,"height":720,"caption":"A popularidade das unhas nude rosado est\u00e1 muito ligada \u00e0 sensa\u00e7\u00e3o de eleg\u00e2ncia discreta que esse tom transmite"},{"@type":"BreadcrumbList","@id":"https:\/\/www.em.com.br\/emfoco\/2026\/03\/07\/a-tendencia-de-unhas-que-deixa-as-maos-mais-elegantes-sem-chamar-atencao\/#breadcrumb","itemListElement":[{"@type":"ListItem","position":1,"name":"In\u00edcio","item":"https:\/\/www.em.com.br\/emfoco\/"},{"@type":"ListItem","position":2,"name":"A tend\u00eancia de unhas que deixa as m\u00e3os mais elegantes sem chamar aten\u00e7\u00e3o"}]},{"@type":"WebSite","@id":"https:\/\/www.em.com.br\/emfoco\/#website","url":"https:\/\/www.em.com.br\/emfoco\/","name":"Estado de Minas - Em foco","description":"Acompanhe as \u00faltimas not\u00edcias e fique bem informado sobre tudo o que acontece em Minas Gerais, Brasil e no mundo.","potentialAction":[{"@type":"SearchAction","target":{"@type":"EntryPoint","urlTemplate":"https:\/\/www.em.com.br\/emfoco\/?s={search_term_string}"},"query-input":{"@type":"PropertyValueSpecification","valueRequired":true,"valueName":"search_term_string"}}],"inLanguage":"pt-BR"},{"@type":"Person","@id":"https:\/\/www.em.com.br\/emfoco\/#\/schema\/person\/0a8186d72f2c3a5c6276d90b41f271a0","name":"Daniely Cardoso","image":{"@type":"ImageObject","inLanguage":"pt-BR","@id":"https:\/\/www.em.com.br\/emfoco\/#\/schema\/person\/image\/","url":"https:\/\/secure.gravatar.com\/avatar\/4b80ddbd124d1f071b626d52d62e5dff?s=96&d=mm&r=g","contentUrl":"https:\/\/secure.gravatar.com\/avatar\/4b80ddbd124d1f071b626d52d62e5dff?s=96&d=mm&r=g","caption":"Daniely Cardoso"},"url":"https:\/\/www.em.com.br\/emfoco\/author\/danielymyth\/"}]}},"_links":{"self":[{"href":"https:\/\/www.em.com.br\/emfoco\/wp-json\/wp\/v2\/posts\/178283","targetHints":{"allow":["GET"]}}],"collection":[{"href":"https:\/\/www.em.com.br\/emfoco\/wp-json\/wp\/v2\/posts"}],"about":[{"href":"https:\/\/www.em.com.br\/emfoco\/wp-json\/wp\/v2\/types\/post"}],"author":[{"embeddable":true,"href":"https:\/\/www.em.com.br\/emfoco\/wp-json\/wp\/v2\/users\/9"}],"replies":[{"embeddable":true,"href":"https:\/\/www.em.com.br\/emfoco\/wp-json\/wp\/v2\/comments?post=178283"}],"version-history":[{"count":3,"href":"https:\/\/www.em.com.br\/emfoco\/wp-json\/wp\/v2\/posts\/178283\/revisions"}],"predecessor-version":[{"id":178567,"href":"https:\/\/www.em.com.br\/emfoco\/wp-json\/wp\/v2\/posts\/178283\/revisions\/178567"}],"wp:featuredmedia":[{"embeddable":true,"href":"https:\/\/www.em.com.br\/emfoco\/wp-json\/wp\/v2\/media\/178524"}],"wp:attachment":[{"href":"https:\/\/www.em.com.br\/emfoco\/wp-json\/wp\/v2\/media?parent=178283"}],"wp:term":[{"taxonomy":"category","embeddable":true,"href":"https:\/\/www.em.com.br\/emfoco\/wp-json\/wp\/v2\/categories?post=178283"},{"taxonomy":"post_tag","embeddable":true,"href":"https:\/\/www.em.com.br\/emfoco\/wp-json\/wp\/v2\/tags?post=178283"}],"curies":[{"name":"wp","href":"https:\/\/api.w.org\/{rel}","templated":true}]}}