{"id":178282,"date":"2026-03-07T15:25:48","date_gmt":"2026-03-07T18:25:48","guid":{"rendered":"https:\/\/www.em.com.br\/emfoco\/?p=178282"},"modified":"2026-03-06T18:26:56","modified_gmt":"2026-03-06T21:26:56","slug":"o-ritual-simples-com-oleo-natural-que-muitas-usam-para-cuidar-do-tchauzinho-nos-bracos","status":"publish","type":"post","link":"https:\/\/www.em.com.br\/emfoco\/2026\/03\/07\/o-ritual-simples-com-oleo-natural-que-muitas-usam-para-cuidar-do-tchauzinho-nos-bracos\/","title":{"rendered":"O ritual simples com \u00f3leo natural que muitas usam para cuidar do \u201ctchauzinho\u201d nos bra\u00e7os"},"content":{"rendered":"\n<p>Voc\u00ea j\u00e1 se pegou balan\u00e7ando o bra\u00e7o ao dar tchau e ficando incomodada com aquela parte molinha ali? Muitas pessoas sentem o mesmo, e \u00e9 justamente nesse momento de descanso da tarde que d\u00e1 para transformar um simples intervalo em um ritual de cuidado com os bra\u00e7os, usando o <b>\u00f3leo de am\u00eandoas<\/b> e uma massagem simples para dar mais aten\u00e7\u00e3o ao famoso \u201ctchauzinho\u201d.<\/p>\n\n\n\n<h2 class=\"wp-block-heading\">Por que o \u00f3leo de am\u00eandoas \u00e9 t\u00e3o usado na massagem para o tchauzinho nos bra\u00e7os<\/h2>\n\n\n\n<p>O <b>\u00f3leo de am\u00eandoas<\/b> doces \u00e9 um queridinho porque tem textura suave, espalha f\u00e1cil e deixa a pele bem mais confort\u00e1vel. Ele \u00e9 rico em <b>vitamina E<\/b> e gorduras boas, que ajudam a manter a hidrata\u00e7\u00e3o e a suavizar aquele aspecto mais ressecado que costuma destacar a <b>flacidez<\/b> nos bra\u00e7os.<\/p>\n\n\n\n<p>Al\u00e9m disso, ele cria uma camada deslizante que facilita a massagem, evitando atrito e pux\u00f5es que possam incomodar a <b>pele<\/b> mais sens\u00edvel. Por ser vers\u00e1til, pode ser combinado com alguns cremes firmadores, desde que haja orienta\u00e7\u00e3o sobre como <b>misturar<\/b> ou alternar os produtos sem irritar a regi\u00e3o.<\/p>\n\n\n\n<figure class=\"wp-block-embed is-type-rich is-provider-pinterest wp-block-embed-pinterest\"><div class=\"wp-block-embed__wrapper\">\n<iframe loading=\"lazy\" title=\"\ufffc\u00d3leo Corporal Muriel Amendoas Doce 100 ml\" src=\"https:\/\/assets.pinterest.com\/ext\/embed.html?id=366761963426733921&#038;src=oembed\" height=\"842\" width=\"450\" frameborder=\"0\" scrolling=\"no\" ><\/iframe>\n<\/div><\/figure>\n\n\n\n<p>Leia tamb\u00e9m:&nbsp;<a href=\"https:\/\/www.em.com.br\/emfoco\/2026\/03\/04\/adeus-sobrancelhas-ralas-este-oleo-natural-barato-ajuda-a-fortalecer-e-estimular-os-fios\/\" target=\"_blank\" rel=\"noopener\">Adeus sobrancelhas ralas! Este \u00f3leo natural barato ajuda a fortalecer e estimular os fios<\/a><\/p>\n\n\n\n<h2 class=\"wp-block-heading\">Como fazer massagem com \u00f3leo de am\u00eandoas nos bra\u00e7os para reduzir o tchauzinho<\/h2>\n\n\n\n<p>Para aproveitar o descanso da tarde, voc\u00ea pode criar um pequeno ritual: alguns minutos de massagem com <b>\u00f3leo de am\u00eandoas<\/b> em cada bra\u00e7o. O ideal \u00e9 que a pele esteja limpa e seca, para que os ativos sejam melhor absorvidos e a sensa\u00e7\u00e3o n\u00e3o fique <b>pegajosa<\/b> demais durante o processo.<\/p>\n\n\n\n<ol class=\"wp-block-list\">\n<li><strong>Aplica\u00e7\u00e3o inicial:<\/strong> Colocar algumas gotas de <b>\u00f3leo de am\u00eandoas<\/b> na palma das m\u00e3os, friccionando levemente para aquecer o produto antes do contato com a <b>pele<\/b>.<\/li>\n\n\n\n<li><strong>Posicionamento do bra\u00e7o:<\/strong> Manter o bra\u00e7o levemente estendido, apoiado em uma superf\u00edcie confort\u00e1vel, como uma <b>almofada<\/b> ou o encosto do sof\u00e1, favorecendo o relaxamento durante o descanso da <b>tarde<\/b>.<\/li>\n\n\n\n<li><strong>Movimentos de baixo para cima:<\/strong> Iniciar na regi\u00e3o pr\u00f3xima ao <b>cotovelo<\/b>, conduzindo as m\u00e3os em dire\u00e7\u00e3o ao ombro, com press\u00e3o moderada. Os movimentos devem ser longos, cont\u00ednuos e sempre ascendentes para estimular a <b>circula\u00e7\u00e3o<\/b>.<\/li>\n\n\n\n<li><strong>Massagem na parte interna do bra\u00e7o:<\/strong> Dar aten\u00e7\u00e3o \u00e0 \u00e1rea interna, onde o \u201ctchauzinho\u201d costuma ser mais evidente, realizando movimentos em formato de \u201cC\u201d com as m\u00e3os, tamb\u00e9m de baixo para <b>cima<\/b>.<\/li>\n\n\n\n<li><strong>Repeti\u00e7\u00e3o:<\/strong> Repetir a sequ\u00eancia de 10 a 15 vezes em cada bra\u00e7o, ajustando o tempo total de acordo com a <b>rotina<\/b>, sempre priorizando a regularidade ao longo das <b>semanas<\/b>.<\/li>\n<\/ol>\n\n\n\n<p>A press\u00e3o n\u00e3o deve causar dor, apenas uma sensa\u00e7\u00e3o de conforto e aquecimento leve na <b>regi\u00e3o<\/b>. Ao final, o excesso pode ser espalhado nas m\u00e3os e antebra\u00e7os, aproveitando o produto e deixando a <b>pele<\/b> mais nutrida e com toque macio.<\/p>\n\n\n\n<p>Para voc\u00ea que gosta de se cuidar, separamos um v\u00eddeo do canal <a href=\"https:\/\/www.youtube.com\/@IngridCom\" target=\"_blank\" rel=\"noreferrer noopener\">Ingrid. Com<\/a> com mais dicas de uso benef\u00edcios do \u00f3leo de am\u00eandoas para o corpo:<\/p>\n\n\n\n<figure class=\"wp-block-embed is-type-video is-provider-youtube wp-block-embed-youtube wp-embed-aspect-16-9 wp-has-aspect-ratio\"><div class=\"wp-block-embed__wrapper\">\n<div class=\"jeg_video_container jeg_video_content\"><iframe loading=\"lazy\" title=\"\u00d3LEO DE AM\u00caNDOAS - PELE E CABELOS LINDOS #resenhasdaingrid\" width=\"500\" height=\"281\" src=\"https:\/\/www.youtube.com\/embed\/8WaYI2wvrqc?feature=oembed\" frameborder=\"0\" allow=\"accelerometer; autoplay; clipboard-write; encrypted-media; gyroscope; picture-in-picture; web-share\" referrerpolicy=\"strict-origin-when-cross-origin\" allowfullscreen><\/iframe><\/div>\n<\/div><\/figure>\n\n\n\n<h2 class=\"wp-block-heading\">A massagem com \u00f3leo de am\u00eandoas realmente ajuda a evitar a flacidez nos bra\u00e7os<\/h2>\n\n\n\n<p>A flacidez no bra\u00e7o, especialmente na regi\u00e3o do \u201ctchauzinho\u201d, est\u00e1 ligada a fatores como perda de <b>col\u00e1geno<\/b>, diminui\u00e7\u00e3o de massa muscular, oscila\u00e7\u00f5es de peso e o pr\u00f3prio processo de <b>envelhecimento<\/b>. A massagem sozinha n\u00e3o muda toda essa estrutura, mas pode ser uma aliada para melhorar o aspecto da pele e a sensa\u00e7\u00e3o de firmeza ao longo do <b>tempo<\/b>.<\/p>\n\n\n\n<p>Quando associada a uma rotina com boa hidrata\u00e7\u00e3o, alimenta\u00e7\u00e3o equilibrada e exerc\u00edcios de fortalecimento dos <b>membros<\/b> superiores, a massagem com \u00f3leo de am\u00eandoas ajuda a manter a pele mais nutrida e homog\u00eanea. Enquanto os exerc\u00edcios com pesos leves ou el\u00e1sticos atuam no <b>t\u00f4nus<\/b> muscular, o toque di\u00e1rio aumenta a consci\u00eancia corporal e o cuidado com essa \u00e1rea que muitas vezes \u00e9 <b>ignoradas<\/b>.<\/p>\n\n\n\n<figure class=\"wp-block-embed is-type-rich is-provider-pinterest wp-block-embed-pinterest\"><div class=\"wp-block-embed__wrapper\">\n<iframe loading=\"lazy\" title=\"\ud83d\udd25A gordura do Tchauzinho te incomoda? \ud83d\ude29  O tr\u00edceps coice com halter \u00e9 um dos exerc\u00edcios mais eficazes para tonificar a parte de tr\u00e1s do bra\u00e7o e acabar com o famoso \u201ctchauzinho\u201d!  \ud83d\udc49 Me segue para receber mais conte\u00fados \ud83d\ude80  Todas as dicas vem da equipe Shape Blindado: Diana L Vicente 56.964.955\/0001-13 Luciano Marques 163689-G\/SP Victoria Carneiro CRN SC 8586  #145 #consultoriaonline #shapeblindado #treinofeminino #hipertrofia\" src=\"https:\/\/assets.pinterest.com\/ext\/embed.html?id=403494447887329603&#038;src=oembed\" height=\"899\" width=\"450\" frameborder=\"0\" scrolling=\"no\" ><\/iframe>\n<\/div><\/figure>\n\n\n\n<h2 class=\"wp-block-heading\">Quais cuidados extras podem potencializar o efeito contra o tchauzinho<\/h2>\n\n\n\n<p>Para refor\u00e7ar o cuidado com os bra\u00e7os, vale olhar para alguns h\u00e1bitos simples do dia a dia que podem somar \u00e0 <b>massagem<\/b>. Roupas muito apertadas, por exemplo, podem atrapalhar a circula\u00e7\u00e3o, enquanto pequenas pausas para se alongar ao longo do dia ajudam a diminuir o tempo em total <b>sedentarismo<\/b>.<\/p>\n\n\n\n<ul class=\"wp-block-list\">\n<li><b>Intercalar<\/b> dias de massagem com dias de uso de creme firmador.<\/li>\n\n\n\n<li>Manter uma garrafinha de \u00e1gua por perto para incentivar a <b>hidrata\u00e7\u00e3o<\/b>.<\/li>\n\n\n\n<li>Incluir dois ou tr\u00eas exerc\u00edcios simples de bra\u00e7o com peso leve ou el\u00e1stico.<\/li>\n\n\n\n<li>Observar como a <b>pele<\/b> reage e ajustar a quantidade de \u00f3leo usada.<\/li>\n<\/ul>\n\n\n\n<p>Tamb\u00e9m \u00e9 importante observar a <b>pele<\/b> antes de aplicar qualquer produto, especialmente se voc\u00ea j\u00e1 teve alergia a am\u00eandoas ou irrita\u00e7\u00f5es na regi\u00e3o.<\/p>\n","protected":false},"excerpt":{"rendered":"<p>Voc\u00ea j\u00e1 se pegou balan\u00e7ando o bra\u00e7o ao dar tchau e ficando incomodada com aquela parte molinha ali? Muitas pessoas sentem o mesmo, e \u00e9 justamente nesse momento de descanso da tarde que d\u00e1 para transformar um simples intervalo em um ritual de cuidado com os bra\u00e7os, usando o \u00f3leo de am\u00eandoas e uma massagem [&hellip;]<\/p>\n","protected":false},"author":9,"featured_media":178560,"comment_status":"open","ping_status":"open","sticky":false,"template":"","format":"standard","meta":{"jnews-multi-image_gallery":[],"jnews_single_post":{"format":"standard"},"jnews_primary_category":[],"jnews_social_meta":[],"jnews_override_counter":[],"footnotes":""},"categories":[8691,1],"tags":[256,7595,18463],"class_list":["post-178282","post","type-post","status-publish","format-standard","has-post-thumbnail","hentry","category-bem-estar","category-noticias","tag-beneficios","tag-massagem","tag-oleo-de-amendoas"],"yoast_head":"<!-- This site is optimized with the Yoast SEO plugin v23.8 - https:\/\/yoast.com\/wordpress\/plugins\/seo\/ -->\n<title>O ritual simples com \u00f3leo natural que muitas usam para cuidar do \u201ctchauzinho\u201d nos bra\u00e7os - Estado de Minas - Em foco<\/title>\n<meta name=\"description\" content=\"Aprenda a fazer uma massagem com \u00f3leo de am\u00eandoas para reduzir a flacidez e firmar a pele dos bra\u00e7os\" \/>\n<meta name=\"robots\" content=\"index, follow, max-snippet:-1, max-image-preview:large, max-video-preview:-1\" \/>\n<link rel=\"canonical\" href=\"https:\/\/www.em.com.br\/emfoco\/2026\/03\/07\/o-ritual-simples-com-oleo-natural-que-muitas-usam-para-cuidar-do-tchauzinho-nos-bracos\/\" \/>\n<meta property=\"og:locale\" content=\"pt_BR\" \/>\n<meta property=\"og:type\" content=\"article\" \/>\n<meta property=\"og:title\" content=\"O ritual simples com \u00f3leo natural que muitas usam para cuidar do \u201ctchauzinho\u201d nos bra\u00e7os - Estado de Minas - Em foco\" \/>\n<meta property=\"og:description\" content=\"Aprenda a fazer uma massagem com \u00f3leo de am\u00eandoas para reduzir a flacidez e firmar a pele dos bra\u00e7os\" \/>\n<meta property=\"og:url\" content=\"https:\/\/www.em.com.br\/emfoco\/2026\/03\/07\/o-ritual-simples-com-oleo-natural-que-muitas-usam-para-cuidar-do-tchauzinho-nos-bracos\/\" \/>\n<meta property=\"og:site_name\" content=\"Estado de Minas - Em foco\" \/>\n<meta property=\"article:published_time\" content=\"2026-03-07T18:25:48+00:00\" \/>\n<meta property=\"article:modified_time\" content=\"2026-03-06T21:26:56+00:00\" \/>\n<meta property=\"og:image\" content=\"https:\/\/www.em.com.br\/emfoco\/wp-content\/uploads\/2026\/03\/Gemini_Generated_Image_bqk3cibqk3cibqk3-1.png\" \/>\n\t<meta property=\"og:image:width\" content=\"1280\" \/>\n\t<meta property=\"og:image:height\" content=\"720\" \/>\n\t<meta property=\"og:image:type\" content=\"image\/png\" \/>\n<meta name=\"author\" content=\"Daniely Cardoso\" \/>\n<meta name=\"twitter:card\" content=\"summary_large_image\" \/>\n<meta name=\"twitter:label1\" content=\"Escrito por\" \/>\n\t<meta name=\"twitter:data1\" content=\"Daniely Cardoso\" \/>\n\t<meta name=\"twitter:label2\" content=\"Est. tempo de leitura\" \/>\n\t<meta name=\"twitter:data2\" content=\"5 minutos\" \/>\n<!-- \/ Yoast SEO plugin. -->","yoast_head_json":{"title":"O ritual simples com \u00f3leo natural que muitas usam para cuidar do \u201ctchauzinho\u201d nos bra\u00e7os - Estado de Minas - Em foco","description":"Aprenda a fazer uma massagem com \u00f3leo de am\u00eandoas para reduzir a flacidez e firmar a pele dos bra\u00e7os","robots":{"index":"index","follow":"follow","max-snippet":"max-snippet:-1","max-image-preview":"max-image-preview:large","max-video-preview":"max-video-preview:-1"},"canonical":"https:\/\/www.em.com.br\/emfoco\/2026\/03\/07\/o-ritual-simples-com-oleo-natural-que-muitas-usam-para-cuidar-do-tchauzinho-nos-bracos\/","og_locale":"pt_BR","og_type":"article","og_title":"O ritual simples com \u00f3leo natural que muitas usam para cuidar do \u201ctchauzinho\u201d nos bra\u00e7os - Estado de Minas - Em foco","og_description":"Aprenda a fazer uma massagem com \u00f3leo de am\u00eandoas para reduzir a flacidez e firmar a pele dos bra\u00e7os","og_url":"https:\/\/www.em.com.br\/emfoco\/2026\/03\/07\/o-ritual-simples-com-oleo-natural-que-muitas-usam-para-cuidar-do-tchauzinho-nos-bracos\/","og_site_name":"Estado de Minas - Em foco","article_published_time":"2026-03-07T18:25:48+00:00","article_modified_time":"2026-03-06T21:26:56+00:00","og_image":[{"width":1280,"height":720,"url":"https:\/\/www.em.com.br\/emfoco\/wp-content\/uploads\/2026\/03\/Gemini_Generated_Image_bqk3cibqk3cibqk3-1.png","type":"image\/png"}],"author":"Daniely Cardoso","twitter_card":"summary_large_image","twitter_misc":{"Escrito por":"Daniely Cardoso","Est. tempo de leitura":"5 minutos"},"schema":{"@context":"https:\/\/schema.org","@graph":[{"@type":"WebPage","@id":"https:\/\/www.em.com.br\/emfoco\/2026\/03\/07\/o-ritual-simples-com-oleo-natural-que-muitas-usam-para-cuidar-do-tchauzinho-nos-bracos\/","url":"https:\/\/www.em.com.br\/emfoco\/2026\/03\/07\/o-ritual-simples-com-oleo-natural-que-muitas-usam-para-cuidar-do-tchauzinho-nos-bracos\/","name":"O ritual simples com \u00f3leo natural que muitas usam para cuidar do \u201ctchauzinho\u201d nos bra\u00e7os - Estado de Minas - Em foco","isPartOf":{"@id":"https:\/\/www.em.com.br\/emfoco\/#website"},"primaryImageOfPage":{"@id":"https:\/\/www.em.com.br\/emfoco\/2026\/03\/07\/o-ritual-simples-com-oleo-natural-que-muitas-usam-para-cuidar-do-tchauzinho-nos-bracos\/#primaryimage"},"image":{"@id":"https:\/\/www.em.com.br\/emfoco\/2026\/03\/07\/o-ritual-simples-com-oleo-natural-que-muitas-usam-para-cuidar-do-tchauzinho-nos-bracos\/#primaryimage"},"thumbnailUrl":"https:\/\/www.em.com.br\/emfoco\/wp-content\/uploads\/2026\/03\/Gemini_Generated_Image_bqk3cibqk3cibqk3-1.png","datePublished":"2026-03-07T18:25:48+00:00","dateModified":"2026-03-06T21:26:56+00:00","author":{"@id":"https:\/\/www.em.com.br\/emfoco\/#\/schema\/person\/0a8186d72f2c3a5c6276d90b41f271a0"},"description":"Aprenda a fazer uma massagem com \u00f3leo de am\u00eandoas para reduzir a flacidez e firmar a pele dos bra\u00e7os","breadcrumb":{"@id":"https:\/\/www.em.com.br\/emfoco\/2026\/03\/07\/o-ritual-simples-com-oleo-natural-que-muitas-usam-para-cuidar-do-tchauzinho-nos-bracos\/#breadcrumb"},"inLanguage":"pt-BR","potentialAction":[{"@type":"ReadAction","target":["https:\/\/www.em.com.br\/emfoco\/2026\/03\/07\/o-ritual-simples-com-oleo-natural-que-muitas-usam-para-cuidar-do-tchauzinho-nos-bracos\/"]}]},{"@type":"ImageObject","inLanguage":"pt-BR","@id":"https:\/\/www.em.com.br\/emfoco\/2026\/03\/07\/o-ritual-simples-com-oleo-natural-que-muitas-usam-para-cuidar-do-tchauzinho-nos-bracos\/#primaryimage","url":"https:\/\/www.em.com.br\/emfoco\/wp-content\/uploads\/2026\/03\/Gemini_Generated_Image_bqk3cibqk3cibqk3-1.png","contentUrl":"https:\/\/www.em.com.br\/emfoco\/wp-content\/uploads\/2026\/03\/Gemini_Generated_Image_bqk3cibqk3cibqk3-1.png","width":1280,"height":720,"caption":"O \u00f3leo de am\u00eandoas doces \u00e9 um queridinho porque tem textura suave"},{"@type":"BreadcrumbList","@id":"https:\/\/www.em.com.br\/emfoco\/2026\/03\/07\/o-ritual-simples-com-oleo-natural-que-muitas-usam-para-cuidar-do-tchauzinho-nos-bracos\/#breadcrumb","itemListElement":[{"@type":"ListItem","position":1,"name":"In\u00edcio","item":"https:\/\/www.em.com.br\/emfoco\/"},{"@type":"ListItem","position":2,"name":"O ritual simples com \u00f3leo natural que muitas usam para cuidar do \u201ctchauzinho\u201d nos bra\u00e7os"}]},{"@type":"WebSite","@id":"https:\/\/www.em.com.br\/emfoco\/#website","url":"https:\/\/www.em.com.br\/emfoco\/","name":"Estado de Minas - Em foco","description":"Acompanhe as \u00faltimas not\u00edcias e fique bem informado sobre tudo o que acontece em Minas Gerais, Brasil e no mundo.","potentialAction":[{"@type":"SearchAction","target":{"@type":"EntryPoint","urlTemplate":"https:\/\/www.em.com.br\/emfoco\/?s={search_term_string}"},"query-input":{"@type":"PropertyValueSpecification","valueRequired":true,"valueName":"search_term_string"}}],"inLanguage":"pt-BR"},{"@type":"Person","@id":"https:\/\/www.em.com.br\/emfoco\/#\/schema\/person\/0a8186d72f2c3a5c6276d90b41f271a0","name":"Daniely Cardoso","image":{"@type":"ImageObject","inLanguage":"pt-BR","@id":"https:\/\/www.em.com.br\/emfoco\/#\/schema\/person\/image\/","url":"https:\/\/secure.gravatar.com\/avatar\/4b80ddbd124d1f071b626d52d62e5dff?s=96&d=mm&r=g","contentUrl":"https:\/\/secure.gravatar.com\/avatar\/4b80ddbd124d1f071b626d52d62e5dff?s=96&d=mm&r=g","caption":"Daniely Cardoso"},"url":"https:\/\/www.em.com.br\/emfoco\/author\/danielymyth\/"}]}},"_links":{"self":[{"href":"https:\/\/www.em.com.br\/emfoco\/wp-json\/wp\/v2\/posts\/178282","targetHints":{"allow":["GET"]}}],"collection":[{"href":"https:\/\/www.em.com.br\/emfoco\/wp-json\/wp\/v2\/posts"}],"about":[{"href":"https:\/\/www.em.com.br\/emfoco\/wp-json\/wp\/v2\/types\/post"}],"author":[{"embeddable":true,"href":"https:\/\/www.em.com.br\/emfoco\/wp-json\/wp\/v2\/users\/9"}],"replies":[{"embeddable":true,"href":"https:\/\/www.em.com.br\/emfoco\/wp-json\/wp\/v2\/comments?post=178282"}],"version-history":[{"count":3,"href":"https:\/\/www.em.com.br\/emfoco\/wp-json\/wp\/v2\/posts\/178282\/revisions"}],"predecessor-version":[{"id":178563,"href":"https:\/\/www.em.com.br\/emfoco\/wp-json\/wp\/v2\/posts\/178282\/revisions\/178563"}],"wp:featuredmedia":[{"embeddable":true,"href":"https:\/\/www.em.com.br\/emfoco\/wp-json\/wp\/v2\/media\/178560"}],"wp:attachment":[{"href":"https:\/\/www.em.com.br\/emfoco\/wp-json\/wp\/v2\/media?parent=178282"}],"wp:term":[{"taxonomy":"category","embeddable":true,"href":"https:\/\/www.em.com.br\/emfoco\/wp-json\/wp\/v2\/categories?post=178282"},{"taxonomy":"post_tag","embeddable":true,"href":"https:\/\/www.em.com.br\/emfoco\/wp-json\/wp\/v2\/tags?post=178282"}],"curies":[{"name":"wp","href":"https:\/\/api.w.org\/{rel}","templated":true}]}}