{"id":178270,"date":"2026-03-07T13:15:35","date_gmt":"2026-03-07T16:15:35","guid":{"rendered":"https:\/\/www.em.com.br\/emfoco\/?p=178270"},"modified":"2026-03-06T18:16:29","modified_gmt":"2026-03-06T21:16:29","slug":"uma-solucao-de-centavos-que-da-efeito-de-lifting-imediato-e-refresca-a-pele-em-dias-quentes","status":"publish","type":"post","link":"https:\/\/www.em.com.br\/emfoco\/2026\/03\/07\/uma-solucao-de-centavos-que-da-efeito-de-lifting-imediato-e-refresca-a-pele-em-dias-quentes\/","title":{"rendered":"Uma solu\u00e7\u00e3o de centavos que d\u00e1 efeito de lifting imediato e refresca a pele em dias quentes"},"content":{"rendered":"\n<p>Voc\u00ea j\u00e1 acordou com o rosto inchado, make n\u00e3o durando nada e aquela vontade de achar um truque r\u00e1pido? \u00c9 a\u00ed que entra o h\u00e1bito de passar <strong>gelo no rosto<\/strong>, ou <b>skin icing<\/b>, uma t\u00e9cnica simples, caseira e bem popular nas redes, que promete dar aquela apar\u00eancia de pele mais descansa e ajudar na fixa\u00e7\u00e3o da maquiagem.<\/p>\n\n\n\n<h2 class=\"wp-block-heading\">Gelo no rosto o que \u00e9 e como ele age na pele<\/h2>\n\n\n\n<p>A t\u00e9cnica de <strong>gelo no rosto<\/strong> consiste em deslizar um cubo de gelo envolvido em um pano limpo sobre a face por alguns minutos. O frio causa uma leve <b>contra\u00e7\u00e3o dos vasos<\/b> sangu\u00edneos, o que traz sensa\u00e7\u00e3o de pele mais firme e apar\u00eancia de poros menos evidentes por um tempo.<\/p>\n\n\n\n<p>Mesmo que os poros n\u00e3o \u201cabram e fechem\u201d de verdade, o <strong>skin icing<\/strong> pode diminuir temporariamente o brilho e a vermelhid\u00e3o. Muita gente usa antes da <b>maquiagem<\/b> ou em dias de calor intenso, justamente para ganhar uma textura mais uniforme e uma sensa\u00e7\u00e3o de frescor imediata.<\/p>\n\n\n\n<figure class=\"wp-block-embed is-type-rich is-provider-pinterest wp-block-embed-pinterest\"><div class=\"wp-block-embed__wrapper\">\n<iframe loading=\"lazy\" title=\"Antes e depois do passando gelo no rosto\" src=\"https:\/\/assets.pinterest.com\/ext\/embed.html?id=85498092921445726&#038;src=oembed\" height=\"899\" width=\"450\" frameborder=\"0\" scrolling=\"no\" ><\/iframe>\n<\/div><\/figure>\n\n\n\n<p>Leia tamb\u00e9m:&nbsp;<a href=\"https:\/\/www.em.com.br\/emfoco\/2026\/03\/04\/ritual-de-beleza-noturno-como-transformar-seu-sono-no-melhor-tratamento-anti-idade\/\" target=\"_blank\" rel=\"noopener\">Ritual de beleza noturno: como transformar seu sono no melhor tratamento anti-idade<\/a><\/p>\n\n\n\n<h2 class=\"wp-block-heading\">Como o gelo no rosto ajuda a segurar a maquiagem mesmo com suor<\/h2>\n\n\n\n<p>Quem sofre com a base derretendo costuma apostar no <strong>gelo no rosto<\/strong> como um passo extra antes do primer e da base. Ao resfriar levemente a pele, o m\u00e9todo reduz a oleosidade moment\u00e2nea e deixa a superf\u00edcie mais <b>sequinha ao toque<\/b>, ajudando na ader\u00eancia dos produtos.<\/p>\n\n\n\n<p>Logo ap\u00f3s o contato com o frio, a pele parece mais firme e \u201cesticadinha\u201d, criando um \u201ccampo\u201d mais est\u00e1vel para a make. Em combina\u00e7\u00e3o com <strong>primer matificante<\/strong>, p\u00f3 compacto e produtos de longa dura\u00e7\u00e3o, o gelo pode ser um bom aliado para manter o acabamento mesmo com calor e <b>suor leve<\/b>.<\/p>\n\n\n\n<figure class=\"wp-block-embed is-type-rich is-provider-pinterest wp-block-embed-pinterest\"><div class=\"wp-block-embed__wrapper\">\n<iframe loading=\"lazy\" title=\"Descubra os Beneficios do Gelo no Rosto com esse Pin! Voc\u00ea pode alcan\u00e7ar a sonhada Pele Perfeita! Me siga para mais dicas!\" src=\"https:\/\/assets.pinterest.com\/ext\/embed.html?id=75927943712684468&#038;src=oembed\" height=\"899\" width=\"450\" frameborder=\"0\" scrolling=\"no\" ><\/iframe>\n<\/div><\/figure>\n\n\n\n<h2 class=\"wp-block-heading\">Quais s\u00e3o os principais benef\u00edcios do skin icing no dia a dia<\/h2>\n\n\n\n<p>Al\u00e9m de preparar a pele para a maquiagem, o <strong>skin icing<\/strong> tamb\u00e9m pode dar uma apar\u00eancia mais descansada em dias de cansa\u00e7o ou noites mal dormidas. O frio ajuda a suavizar incha\u00e7os leves, especialmente na \u00e1rea dos olhos, trazendo aquele efeito de rosto mais <b>acordado e fresco<\/b>.<\/p>\n\n\n\n<p>Para ficar mais claro como essa t\u00e9cnica pode entrar na sua rotina, veja alguns benef\u00edcios comuns que muitas pessoas relatam ao usar o gelo no rosto de forma moderada e <strong>cuidadosa<\/strong>:<\/p>\n\n\n\n<ul class=\"wp-block-list\">\n<li>Redu\u00e7\u00e3o tempor\u00e1ria da apar\u00eancia de <strong>poros dilatados<\/strong>.<\/li>\n\n\n\n<li>Menor brilho inicial na zona T, com testa, nariz e <b>queixo mais secos<\/b>.<\/li>\n\n\n\n<li>Sensa\u00e7\u00e3o de pele mais firme para receber <strong>maquiagem<\/strong>.<\/li>\n\n\n\n<li>Apar\u00eancia mais descansada em \u00e1reas inchadas, como abaixo dos <b>olhos<\/b>.<\/li>\n<\/ul>\n\n\n\n<p>Para voc\u00ea que gosta de se cuidar, separamos um v\u00eddeo do canal <a href=\"https:\/\/www.youtube.com\/@drgustavob\" target=\"_blank\" rel=\"noreferrer noopener\">Borchardt Dermatologia<\/a> com dicas para usar o gelo no seu skincare:<\/p>\n\n\n\n<figure class=\"wp-block-embed is-type-video is-provider-youtube wp-block-embed-youtube wp-embed-aspect-4-3 wp-has-aspect-ratio\"><div class=\"wp-block-embed__wrapper\">\n<div class=\"jeg_video_container jeg_video_content\"><iframe loading=\"lazy\" title=\"Carolina Dieckmann passa gelo no rosto: Dermatologista explica se funciona (e riscos!)\" width=\"500\" height=\"375\" src=\"https:\/\/www.youtube.com\/embed\/kSVsSF3wJeY?feature=oembed\" frameborder=\"0\" allow=\"accelerometer; autoplay; clipboard-write; encrypted-media; gyroscope; picture-in-picture; web-share\" referrerpolicy=\"strict-origin-when-cross-origin\" allowfullscreen><\/iframe><\/div>\n<\/div><\/figure>\n\n\n\n<h2 class=\"wp-block-heading\">Como passar o cubo de gelo enrolado no paninho de forma segura<\/h2>\n\n\n\n<p>Para aproveitar o gelo sem irritar a pele, \u00e9 importante seguir alguns cuidados simples no dia a dia. Nunca aplique o cubo diretamente no rosto: use um pano fino, gaze ou len\u00e7o limpo, criando uma barreira suave entre o <strong>gelo e a pele<\/strong>, principalmente se sua pele for sens\u00edvel ou tiver ros\u00e1cea.<\/p>\n\n\n\n<ol class=\"wp-block-list\">\n<li><strong>Higienizar a pele:<\/strong> lavar o rosto com sabonete adequado, removendo suor, polui\u00e7\u00e3o e <b>restos de maquiagem<\/b>.<\/li>\n\n\n\n<li><strong>Preparar o gelo:<\/strong> pegar um cubo rec\u00e9m-retirado do congelador e envolv\u00ea-lo em um paninho limpo, sem <b>fiapos soltos<\/b>.<\/li>\n\n\n\n<li><strong>Aplicar com movimentos suaves:<\/strong> deslizar o gelo pelo rosto em movimentos circulares ou de baixo para cima, sem <strong>press\u00e3o excessiva<\/strong>.<\/li>\n\n\n\n<li><strong>Limitar o tempo:<\/strong> manter o contato em cada regi\u00e3o por poucos segundos, somando de 1 a 3 minutos no <b>rosto inteiro<\/b>.<\/li>\n\n\n\n<li><strong>Secar e hidratar:<\/strong> ao terminar, secar delicadamente e aplicar um <strong>hidratante leve<\/strong> e protetor solar, se houver exposi\u00e7\u00e3o \u00e0 luz.<\/li>\n<\/ol>\n\n\n\n<figure class=\"wp-block-embed is-type-rich is-provider-pinterest wp-block-embed-pinterest\"><div class=\"wp-block-embed__wrapper\">\n<iframe loading=\"lazy\" title=\"Benef\u00edcios de passar gelo no rosto\" src=\"https:\/\/assets.pinterest.com\/ext\/embed.html?id=158470480635500896&#038;src=oembed\" height=\"899\" width=\"450\" frameborder=\"0\" scrolling=\"no\" ><\/iframe>\n<\/div><\/figure>\n\n\n\n<h2 class=\"wp-block-heading\">Quais cuidados e limita\u00e7\u00f5es o skin icing exige todo dia<\/h2>\n\n\n\n<p>Mesmo trazendo benef\u00edcios pontuais, o gelo no rosto n\u00e3o substitui uma rotina com limpeza, hidrata\u00e7\u00e3o e <strong>prote\u00e7\u00e3o solar<\/strong> di\u00e1ria. Em peles com dermatite, ros\u00e1cea, acne inflamada ou muita sensibilidade, o frio intenso pode piorar a situa\u00e7\u00e3o, por isso \u00e9 essencial observar rea\u00e7\u00f5es e, se poss\u00edvel, conversar com um <b>dermatologista<\/b>.<\/p>\n\n\n\n<p>Evite deixar o gelo parado em um \u00fanico ponto por muito tempo para n\u00e3o machucar a pele, mesmo usando o pano. Usado com bom senso, o <strong>skin icing<\/strong> pode complementar os cuidados, deixar a make mais duradoura e trazer uma sensa\u00e7\u00e3o de pele mais <b>uniforme e cuidada<\/b> sem grandes complica\u00e7\u00f5es.<\/p>\n","protected":false},"excerpt":{"rendered":"<p>Voc\u00ea j\u00e1 acordou com o rosto inchado, make n\u00e3o durando nada e aquela vontade de achar um truque r\u00e1pido? \u00c9 a\u00ed que entra o h\u00e1bito de passar gelo no rosto, ou skin icing, uma t\u00e9cnica simples, caseira e bem popular nas redes, que promete dar aquela apar\u00eancia de pele mais descansa e ajudar na fixa\u00e7\u00e3o [&hellip;]<\/p>\n","protected":false},"author":9,"featured_media":178550,"comment_status":"open","ping_status":"open","sticky":false,"template":"","format":"standard","meta":{"jnews-multi-image_gallery":[],"jnews_single_post":{"format":"standard"},"jnews_primary_category":[],"jnews_social_meta":[],"jnews_override_counter":[],"footnotes":""},"categories":[8691,1],"tags":[2616,25794,25795],"class_list":["post-178270","post","type-post","status-publish","format-standard","has-post-thumbnail","hentry","category-bem-estar","category-noticias","tag-beleza","tag-gelo-de-rosto","tag-skin-icing"],"yoast_head":"<!-- This site is optimized with the Yoast SEO plugin v23.8 - https:\/\/yoast.com\/wordpress\/plugins\/seo\/ -->\n<title>Uma solu\u00e7\u00e3o de centavos que d\u00e1 efeito de lifting imediato e refresca a pele em dias quentes - Estado de Minas - Em foco<\/title>\n<meta name=\"description\" content=\"Descubra como o gelo no rosto ajuda a fixar a maquiagem e reduz o incha\u00e7o matinal de forma simples e r\u00e1pida\" \/>\n<meta name=\"robots\" content=\"index, follow, max-snippet:-1, max-image-preview:large, max-video-preview:-1\" \/>\n<link rel=\"canonical\" href=\"https:\/\/www.em.com.br\/emfoco\/2026\/03\/07\/uma-solucao-de-centavos-que-da-efeito-de-lifting-imediato-e-refresca-a-pele-em-dias-quentes\/\" \/>\n<meta property=\"og:locale\" content=\"pt_BR\" \/>\n<meta property=\"og:type\" content=\"article\" \/>\n<meta property=\"og:title\" content=\"Uma solu\u00e7\u00e3o de centavos que d\u00e1 efeito de lifting imediato e refresca a pele em dias quentes - Estado de Minas - Em foco\" \/>\n<meta property=\"og:description\" content=\"Descubra como o gelo no rosto ajuda a fixar a maquiagem e reduz o incha\u00e7o matinal de forma simples e r\u00e1pida\" \/>\n<meta property=\"og:url\" content=\"https:\/\/www.em.com.br\/emfoco\/2026\/03\/07\/uma-solucao-de-centavos-que-da-efeito-de-lifting-imediato-e-refresca-a-pele-em-dias-quentes\/\" \/>\n<meta property=\"og:site_name\" content=\"Estado de Minas - Em foco\" \/>\n<meta property=\"article:published_time\" content=\"2026-03-07T16:15:35+00:00\" \/>\n<meta property=\"article:modified_time\" content=\"2026-03-06T21:16:29+00:00\" \/>\n<meta property=\"og:image\" content=\"https:\/\/www.em.com.br\/emfoco\/wp-content\/uploads\/2026\/03\/Gemini_Generated_Image_z587tiz587tiz587-1.png\" \/>\n\t<meta property=\"og:image:width\" content=\"1280\" \/>\n\t<meta property=\"og:image:height\" content=\"720\" \/>\n\t<meta property=\"og:image:type\" content=\"image\/png\" \/>\n<meta name=\"author\" content=\"Daniely Cardoso\" \/>\n<meta name=\"twitter:card\" content=\"summary_large_image\" \/>\n<meta name=\"twitter:label1\" content=\"Escrito por\" \/>\n\t<meta name=\"twitter:data1\" content=\"Daniely Cardoso\" \/>\n\t<meta name=\"twitter:label2\" content=\"Est. tempo de leitura\" \/>\n\t<meta name=\"twitter:data2\" content=\"5 minutos\" \/>\n<!-- \/ Yoast SEO plugin. -->","yoast_head_json":{"title":"Uma solu\u00e7\u00e3o de centavos que d\u00e1 efeito de lifting imediato e refresca a pele em dias quentes - Estado de Minas - Em foco","description":"Descubra como o gelo no rosto ajuda a fixar a maquiagem e reduz o incha\u00e7o matinal de forma simples e r\u00e1pida","robots":{"index":"index","follow":"follow","max-snippet":"max-snippet:-1","max-image-preview":"max-image-preview:large","max-video-preview":"max-video-preview:-1"},"canonical":"https:\/\/www.em.com.br\/emfoco\/2026\/03\/07\/uma-solucao-de-centavos-que-da-efeito-de-lifting-imediato-e-refresca-a-pele-em-dias-quentes\/","og_locale":"pt_BR","og_type":"article","og_title":"Uma solu\u00e7\u00e3o de centavos que d\u00e1 efeito de lifting imediato e refresca a pele em dias quentes - Estado de Minas - Em foco","og_description":"Descubra como o gelo no rosto ajuda a fixar a maquiagem e reduz o incha\u00e7o matinal de forma simples e r\u00e1pida","og_url":"https:\/\/www.em.com.br\/emfoco\/2026\/03\/07\/uma-solucao-de-centavos-que-da-efeito-de-lifting-imediato-e-refresca-a-pele-em-dias-quentes\/","og_site_name":"Estado de Minas - Em foco","article_published_time":"2026-03-07T16:15:35+00:00","article_modified_time":"2026-03-06T21:16:29+00:00","og_image":[{"width":1280,"height":720,"url":"https:\/\/www.em.com.br\/emfoco\/wp-content\/uploads\/2026\/03\/Gemini_Generated_Image_z587tiz587tiz587-1.png","type":"image\/png"}],"author":"Daniely Cardoso","twitter_card":"summary_large_image","twitter_misc":{"Escrito por":"Daniely Cardoso","Est. tempo de leitura":"5 minutos"},"schema":{"@context":"https:\/\/schema.org","@graph":[{"@type":"WebPage","@id":"https:\/\/www.em.com.br\/emfoco\/2026\/03\/07\/uma-solucao-de-centavos-que-da-efeito-de-lifting-imediato-e-refresca-a-pele-em-dias-quentes\/","url":"https:\/\/www.em.com.br\/emfoco\/2026\/03\/07\/uma-solucao-de-centavos-que-da-efeito-de-lifting-imediato-e-refresca-a-pele-em-dias-quentes\/","name":"Uma solu\u00e7\u00e3o de centavos que d\u00e1 efeito de lifting imediato e refresca a pele em dias quentes - Estado de Minas - Em foco","isPartOf":{"@id":"https:\/\/www.em.com.br\/emfoco\/#website"},"primaryImageOfPage":{"@id":"https:\/\/www.em.com.br\/emfoco\/2026\/03\/07\/uma-solucao-de-centavos-que-da-efeito-de-lifting-imediato-e-refresca-a-pele-em-dias-quentes\/#primaryimage"},"image":{"@id":"https:\/\/www.em.com.br\/emfoco\/2026\/03\/07\/uma-solucao-de-centavos-que-da-efeito-de-lifting-imediato-e-refresca-a-pele-em-dias-quentes\/#primaryimage"},"thumbnailUrl":"https:\/\/www.em.com.br\/emfoco\/wp-content\/uploads\/2026\/03\/Gemini_Generated_Image_z587tiz587tiz587-1.png","datePublished":"2026-03-07T16:15:35+00:00","dateModified":"2026-03-06T21:16:29+00:00","author":{"@id":"https:\/\/www.em.com.br\/emfoco\/#\/schema\/person\/0a8186d72f2c3a5c6276d90b41f271a0"},"description":"Descubra como o gelo no rosto ajuda a fixar a maquiagem e reduz o incha\u00e7o matinal de forma simples e r\u00e1pida","breadcrumb":{"@id":"https:\/\/www.em.com.br\/emfoco\/2026\/03\/07\/uma-solucao-de-centavos-que-da-efeito-de-lifting-imediato-e-refresca-a-pele-em-dias-quentes\/#breadcrumb"},"inLanguage":"pt-BR","potentialAction":[{"@type":"ReadAction","target":["https:\/\/www.em.com.br\/emfoco\/2026\/03\/07\/uma-solucao-de-centavos-que-da-efeito-de-lifting-imediato-e-refresca-a-pele-em-dias-quentes\/"]}]},{"@type":"ImageObject","inLanguage":"pt-BR","@id":"https:\/\/www.em.com.br\/emfoco\/2026\/03\/07\/uma-solucao-de-centavos-que-da-efeito-de-lifting-imediato-e-refresca-a-pele-em-dias-quentes\/#primaryimage","url":"https:\/\/www.em.com.br\/emfoco\/wp-content\/uploads\/2026\/03\/Gemini_Generated_Image_z587tiz587tiz587-1.png","contentUrl":"https:\/\/www.em.com.br\/emfoco\/wp-content\/uploads\/2026\/03\/Gemini_Generated_Image_z587tiz587tiz587-1.png","width":1280,"height":720,"caption":"O skin icing nada mais \u00e9 do que aplicar frio localizado no rosto usando um cubo de gelo comum ou feito com ch\u00e1"},{"@type":"BreadcrumbList","@id":"https:\/\/www.em.com.br\/emfoco\/2026\/03\/07\/uma-solucao-de-centavos-que-da-efeito-de-lifting-imediato-e-refresca-a-pele-em-dias-quentes\/#breadcrumb","itemListElement":[{"@type":"ListItem","position":1,"name":"In\u00edcio","item":"https:\/\/www.em.com.br\/emfoco\/"},{"@type":"ListItem","position":2,"name":"Uma solu\u00e7\u00e3o de centavos que d\u00e1 efeito de lifting imediato e refresca a pele em dias quentes"}]},{"@type":"WebSite","@id":"https:\/\/www.em.com.br\/emfoco\/#website","url":"https:\/\/www.em.com.br\/emfoco\/","name":"Estado de Minas - Em foco","description":"Acompanhe as \u00faltimas not\u00edcias e fique bem informado sobre tudo o que acontece em Minas Gerais, Brasil e no mundo.","potentialAction":[{"@type":"SearchAction","target":{"@type":"EntryPoint","urlTemplate":"https:\/\/www.em.com.br\/emfoco\/?s={search_term_string}"},"query-input":{"@type":"PropertyValueSpecification","valueRequired":true,"valueName":"search_term_string"}}],"inLanguage":"pt-BR"},{"@type":"Person","@id":"https:\/\/www.em.com.br\/emfoco\/#\/schema\/person\/0a8186d72f2c3a5c6276d90b41f271a0","name":"Daniely Cardoso","image":{"@type":"ImageObject","inLanguage":"pt-BR","@id":"https:\/\/www.em.com.br\/emfoco\/#\/schema\/person\/image\/","url":"https:\/\/secure.gravatar.com\/avatar\/4b80ddbd124d1f071b626d52d62e5dff?s=96&d=mm&r=g","contentUrl":"https:\/\/secure.gravatar.com\/avatar\/4b80ddbd124d1f071b626d52d62e5dff?s=96&d=mm&r=g","caption":"Daniely Cardoso"},"url":"https:\/\/www.em.com.br\/emfoco\/author\/danielymyth\/"}]}},"_links":{"self":[{"href":"https:\/\/www.em.com.br\/emfoco\/wp-json\/wp\/v2\/posts\/178270","targetHints":{"allow":["GET"]}}],"collection":[{"href":"https:\/\/www.em.com.br\/emfoco\/wp-json\/wp\/v2\/posts"}],"about":[{"href":"https:\/\/www.em.com.br\/emfoco\/wp-json\/wp\/v2\/types\/post"}],"author":[{"embeddable":true,"href":"https:\/\/www.em.com.br\/emfoco\/wp-json\/wp\/v2\/users\/9"}],"replies":[{"embeddable":true,"href":"https:\/\/www.em.com.br\/emfoco\/wp-json\/wp\/v2\/comments?post=178270"}],"version-history":[{"count":2,"href":"https:\/\/www.em.com.br\/emfoco\/wp-json\/wp\/v2\/posts\/178270\/revisions"}],"predecessor-version":[{"id":178493,"href":"https:\/\/www.em.com.br\/emfoco\/wp-json\/wp\/v2\/posts\/178270\/revisions\/178493"}],"wp:featuredmedia":[{"embeddable":true,"href":"https:\/\/www.em.com.br\/emfoco\/wp-json\/wp\/v2\/media\/178550"}],"wp:attachment":[{"href":"https:\/\/www.em.com.br\/emfoco\/wp-json\/wp\/v2\/media?parent=178270"}],"wp:term":[{"taxonomy":"category","embeddable":true,"href":"https:\/\/www.em.com.br\/emfoco\/wp-json\/wp\/v2\/categories?post=178270"},{"taxonomy":"post_tag","embeddable":true,"href":"https:\/\/www.em.com.br\/emfoco\/wp-json\/wp\/v2\/tags?post=178270"}],"curies":[{"name":"wp","href":"https:\/\/api.w.org\/{rel}","templated":true}]}}