{"id":178269,"date":"2026-03-07T12:55:28","date_gmt":"2026-03-07T15:55:28","guid":{"rendered":"https:\/\/www.em.com.br\/emfoco\/?p=178269"},"modified":"2026-03-06T17:05:38","modified_gmt":"2026-03-06T20:05:38","slug":"uma-unica-camada-desse-batom-pode-transformar-seu-humor-e-devolver-a-vitalidade-ao-semblante","status":"publish","type":"post","link":"https:\/\/www.em.com.br\/emfoco\/2026\/03\/07\/uma-unica-camada-desse-batom-pode-transformar-seu-humor-e-devolver-a-vitalidade-ao-semblante\/","title":{"rendered":"Uma \u00fanica camada desse batom pode transformar seu humor e devolver a vitalidade ao semblante"},"content":{"rendered":"\n<p>Voc\u00ea j\u00e1 percebeu como um simples <strong>batom coral<\/strong> pode mudar o humor do dia? Muitas mulheres acima dos <strong>50 anos<\/strong> t\u00eam descoberto nessa cor uma forma r\u00e1pida e leve de se sentirem mais vivas, sem precisar de uma maquiagem cheia de etapas. Entre o laranja suave e o rosado quente, o coral traz frescor imediato e combina com o clima quente do ver\u00e3o, deixando o visual moderno, delicado e f\u00e1cil de usar em qualquer ocasi\u00e3o.<\/p>\n\n\n\n<h2 class=\"wp-block-heading\">Por que o batom coral favorece mulheres acima dos 50 anos<\/h2>\n\n\n\n<p>Em peles maduras, a maquiagem costuma buscar um <strong>ar de sa\u00fade<\/strong> e de vitalidade, sem excesso de cobertura ou cores pesadas. O batom coral faz exatamente isso: com seus pigmentos quentes, ele se mistura ao rubor natural da pele, criando um efeito de leve brilho de <strong>sol no rosto<\/strong> e suavizando aquela apar\u00eancia de cansa\u00e7o do dia a dia.<\/p>\n\n\n\n<p>Outra vantagem \u00e9 que o <strong>batom coral<\/strong> n\u00e3o pesa na express\u00e3o e n\u00e3o deixa o rosto com aspecto duro ou carregado. Enquanto tons muito escuros ou frios podem marcar mais, o coral suaviza os contornos e passa a sensa\u00e7\u00e3o de rosto descansado. Em l\u00e1bios com linhas finas, texturas <strong>cremosas ou acetinadas<\/strong> em tons corais costumam marcar menos do que batons totalmente opacos e secos.<\/p>\n\n\n\n<figure class=\"wp-block-embed is-type-rich is-provider-pinterest wp-block-embed-pinterest\"><div class=\"wp-block-embed__wrapper\">\n<iframe loading=\"lazy\" title=\" \" src=\"https:\/\/assets.pinterest.com\/ext\/embed.html?id=392024342586004015&#038;src=oembed\" height=\"550\" width=\"450\" frameborder=\"0\" scrolling=\"no\" ><\/iframe>\n<\/div><\/figure>\n\n\n\n<p>Leia tamb\u00e9m:&nbsp;<a href=\"https:\/\/www.em.com.br\/emfoco\/2026\/03\/06\/a-tecnica-da-esponja-depois-dos-40-que-impede-a-maquiagem-de-acumular-no-bigode-chines-e-na-testa\/\" target=\"_blank\" rel=\"noopener\">A t\u00e9cnica da esponja depois dos 40 que evita maquiagem acumulada no bigode chin\u00eas e deixa a testa com apar\u00eancia mais lisa<\/a><\/p>\n\n\n\n<h2 class=\"wp-block-heading\">Como escolher o melhor batom coral para o ver\u00e3o<\/h2>\n\n\n\n<p>Na hora de escolher o <strong>tom de coral<\/strong>, pequenos detalhes fazem muita diferen\u00e7a no resultado final. Peles claras geralmente ficam \u00f3timas com corais de fundo rosado ou p\u00eassego, que deixam o visual suave e iluminado. J\u00e1 peles m\u00e9dias e escuras combinam muito bem com corais mais vibrantes ou <strong>alaranjados<\/strong>, que destacam o contraste natural e trazem aquele efeito de energia t\u00edpico dos dias quentes.<\/p>\n\n\n\n<figure class=\"wp-block-embed is-type-rich is-provider-pinterest wp-block-embed-pinterest\"><div class=\"wp-block-embed__wrapper\">\n<iframe loading=\"lazy\" title=\" \" src=\"https:\/\/assets.pinterest.com\/ext\/embed.html?id=343329171613826928&#038;src=oembed\" height=\"692\" width=\"450\" frameborder=\"0\" scrolling=\"no\" ><\/iframe>\n<\/div><\/figure>\n\n\n\n<p>Al\u00e9m da cor, vale observar a <strong>textura do batom<\/strong>, especialmente no calor, quando tudo que \u00e9 pesado incomoda mais. Em 2026, muitas marcas oferecem f\u00f3rmulas leves e confort\u00e1veis, pensadas para peles maduras que buscam praticidade sem abrir m\u00e3o de conforto e hidrata\u00e7\u00e3o no dia a dia.<\/p>\n\n\n\n<ul class=\"wp-block-list\">\n<li><strong>Batom coral cremoso:<\/strong> hidrata, d\u00e1 brilho suave e \u00e9 indicado para l\u00e1bios ressecados.<\/li>\n\n\n\n<li><strong>Batom coral acetinado:<\/strong> acabamento elegante, com brilho discreto, ideal para o cotidiano.<\/li>\n\n\n\n<li><strong>Batom coral em bala semimate:<\/strong> dura mais sem marcar tanto as linhas dos l\u00e1bios.<\/li>\n\n\n\n<li><strong>Batons l\u00edquidos leves:<\/strong> f\u00f3rmulas finas, efeito natural e boa fixa\u00e7\u00e3o para o calor.<\/li>\n<\/ul>\n\n\n\n<p>Para voc\u00ea que gosta de se maquiar, separamos um v\u00eddeo do canal da<a href=\"https:\/\/www.youtube.com\/@JulianaFoletto\" target=\"_blank\" rel=\"noreferrer noopener\"> Juliana Foletto<\/a> com dicas para achar sua cor de batom perfeita:<\/p>\n\n\n\n<figure class=\"wp-block-embed is-type-video is-provider-youtube wp-block-embed-youtube wp-embed-aspect-16-9 wp-has-aspect-ratio\"><div class=\"wp-block-embed__wrapper\">\n<div class=\"jeg_video_container jeg_video_content\"><iframe loading=\"lazy\" title=\"QUAL O BATOM IDEAL PARA CADA TOM DE PELE?\" width=\"500\" height=\"281\" src=\"https:\/\/www.youtube.com\/embed\/xCexOuQPhzk?start=17&#038;feature=oembed\" frameborder=\"0\" allow=\"accelerometer; autoplay; clipboard-write; encrypted-media; gyroscope; picture-in-picture; web-share\" referrerpolicy=\"strict-origin-when-cross-origin\" allowfullscreen><\/iframe><\/div>\n<\/div><\/figure>\n\n\n\n<h2 class=\"wp-block-heading\">O batom coral realmente ilumina o rosto sem pesar<\/h2>\n\n\n\n<p>Muitas mulheres relatam que o <strong>batom coral<\/strong> parece \u201cacender\u201d o rosto na hora, e isso tem a ver com a forma como os tons quentes refletem a luz. Em combina\u00e7\u00e3o com uma base fininha ou apenas um protetor solar com cor, o coral cria um brilho saud\u00e1vel, substituindo com facilidade o <strong>vermelho tradicional<\/strong> quando a ideia \u00e9 uma maquiagem mais leve, mas ainda marcante.<\/p>\n\n\n\n<p>Para manter tudo equilibrado, costuma funcionar muito bem focar nos l\u00e1bios e deixar pele e olhos mais discretos. Uma pele fresca, iluminada e olhos suaves ajudam o coral a se destacar com eleg\u00e2ncia, seja em eventos diurnos, no <strong>trabalho ou encontros<\/strong> informais, mantendo sempre a naturalidade e o conforto.<\/p>\n\n\n\n<figure class=\"wp-block-embed is-type-rich is-provider-pinterest wp-block-embed-pinterest\"><div class=\"wp-block-embed__wrapper\">\n<iframe loading=\"lazy\" title=\"Coral Kiss - K.i.s.s.i.n.g - Coral Lipstick | Charlotte Tilbury\" src=\"https:\/\/assets.pinterest.com\/ext\/embed.html?id=8162843065229022&#038;src=oembed\" height=\"550\" width=\"450\" frameborder=\"0\" scrolling=\"no\" ><\/iframe>\n<\/div><\/figure>\n\n\n\n<h2 class=\"wp-block-heading\">Dicas pr\u00e1ticas para usar batom coral ap\u00f3s os 50 anos<\/h2>\n\n\n\n<p>Alguns cuidados simples fazem o batom coral ficar ainda mais bonito em peles maduras, principalmente por causa do ressecamento que tende a aparecer com o tempo. Manter uma rotina de esfolia\u00e7\u00e3o suave, de vez em quando, remove pelinhas soltas e deixa os l\u00e1bios mais lisos para receber a <strong>cor coral<\/strong>, evitando aquele aspecto de batom quebrado.<\/p>\n\n\n\n<p>Depois da esfolia\u00e7\u00e3o, um bom <strong>hidratante labial<\/strong> antes do batom ajuda a evitar que o produto acumule nas linhas. Para quem gosta de mais defini\u00e7\u00e3o, vale contornar a boca com um l\u00e1pis em tom coral ou nude, sempre discreto. No dia a dia, uma camada de batom coral suave j\u00e1 transforma o semblante; \u00e0 noite, voc\u00ea pode intensificar a cor com novas camadas ou vers\u00f5es de maior cobertura, mantendo sempre a ideia de <strong>leveza e vitalidade<\/strong> que combina tanto com o ver\u00e3o.<\/p>\n","protected":false},"excerpt":{"rendered":"<p>Voc\u00ea j\u00e1 percebeu como um simples batom coral pode mudar o humor do dia? Muitas mulheres acima dos 50 anos t\u00eam descoberto nessa cor uma forma r\u00e1pida e leve de se sentirem mais vivas, sem precisar de uma maquiagem cheia de etapas. Entre o laranja suave e o rosado quente, o coral traz frescor imediato [&hellip;]<\/p>\n","protected":false},"author":9,"featured_media":178487,"comment_status":"open","ping_status":"open","sticky":false,"template":"","format":"standard","meta":{"jnews-multi-image_gallery":[],"jnews_single_post":{"format":"standard"},"jnews_primary_category":[],"jnews_social_meta":[],"jnews_override_counter":[],"footnotes":""},"categories":[8819,1],"tags":[887,25793,4914],"class_list":["post-178269","post","type-post","status-publish","format-standard","has-post-thumbnail","hentry","category-curiosidades","category-noticias","tag-50-anos","tag-batom-coral","tag-maquiagem"],"yoast_head":"<!-- This site is optimized with the Yoast SEO plugin v23.8 - https:\/\/yoast.com\/wordpress\/plugins\/seo\/ -->\n<title>Uma \u00fanica camada desse batom pode transformar seu humor e devolver a vitalidade ao semblante - Estado de Minas - Em foco<\/title>\n<meta name=\"description\" content=\"Descubra como o batom coral ilumina o rosto e traz frescor para mulheres acima dos 50 anos no ver\u00e3o\" \/>\n<meta name=\"robots\" content=\"index, follow, max-snippet:-1, max-image-preview:large, max-video-preview:-1\" \/>\n<link rel=\"canonical\" href=\"https:\/\/www.em.com.br\/emfoco\/2026\/03\/07\/uma-unica-camada-desse-batom-pode-transformar-seu-humor-e-devolver-a-vitalidade-ao-semblante\/\" \/>\n<meta property=\"og:locale\" content=\"pt_BR\" \/>\n<meta property=\"og:type\" content=\"article\" \/>\n<meta property=\"og:title\" content=\"Uma \u00fanica camada desse batom pode transformar seu humor e devolver a vitalidade ao semblante - Estado de Minas - Em foco\" \/>\n<meta property=\"og:description\" content=\"Descubra como o batom coral ilumina o rosto e traz frescor para mulheres acima dos 50 anos no ver\u00e3o\" \/>\n<meta property=\"og:url\" content=\"https:\/\/www.em.com.br\/emfoco\/2026\/03\/07\/uma-unica-camada-desse-batom-pode-transformar-seu-humor-e-devolver-a-vitalidade-ao-semblante\/\" \/>\n<meta property=\"og:site_name\" content=\"Estado de Minas - Em foco\" \/>\n<meta property=\"article:published_time\" content=\"2026-03-07T15:55:28+00:00\" \/>\n<meta property=\"article:modified_time\" content=\"2026-03-06T20:05:38+00:00\" \/>\n<meta property=\"og:image\" content=\"https:\/\/www.em.com.br\/emfoco\/wp-content\/uploads\/2026\/03\/Gemini_Generated_Image_w0cfrvw0cfrvw0cf-1.png\" \/>\n\t<meta property=\"og:image:width\" content=\"1280\" \/>\n\t<meta property=\"og:image:height\" content=\"720\" \/>\n\t<meta property=\"og:image:type\" content=\"image\/png\" \/>\n<meta name=\"author\" content=\"Daniely Cardoso\" \/>\n<meta name=\"twitter:card\" content=\"summary_large_image\" \/>\n<meta name=\"twitter:label1\" content=\"Escrito por\" \/>\n\t<meta name=\"twitter:data1\" content=\"Daniely Cardoso\" \/>\n\t<meta name=\"twitter:label2\" content=\"Est. tempo de leitura\" \/>\n\t<meta name=\"twitter:data2\" content=\"4 minutos\" \/>\n<!-- \/ Yoast SEO plugin. -->","yoast_head_json":{"title":"Uma \u00fanica camada desse batom pode transformar seu humor e devolver a vitalidade ao semblante - Estado de Minas - Em foco","description":"Descubra como o batom coral ilumina o rosto e traz frescor para mulheres acima dos 50 anos no ver\u00e3o","robots":{"index":"index","follow":"follow","max-snippet":"max-snippet:-1","max-image-preview":"max-image-preview:large","max-video-preview":"max-video-preview:-1"},"canonical":"https:\/\/www.em.com.br\/emfoco\/2026\/03\/07\/uma-unica-camada-desse-batom-pode-transformar-seu-humor-e-devolver-a-vitalidade-ao-semblante\/","og_locale":"pt_BR","og_type":"article","og_title":"Uma \u00fanica camada desse batom pode transformar seu humor e devolver a vitalidade ao semblante - Estado de Minas - Em foco","og_description":"Descubra como o batom coral ilumina o rosto e traz frescor para mulheres acima dos 50 anos no ver\u00e3o","og_url":"https:\/\/www.em.com.br\/emfoco\/2026\/03\/07\/uma-unica-camada-desse-batom-pode-transformar-seu-humor-e-devolver-a-vitalidade-ao-semblante\/","og_site_name":"Estado de Minas - Em foco","article_published_time":"2026-03-07T15:55:28+00:00","article_modified_time":"2026-03-06T20:05:38+00:00","og_image":[{"width":1280,"height":720,"url":"https:\/\/www.em.com.br\/emfoco\/wp-content\/uploads\/2026\/03\/Gemini_Generated_Image_w0cfrvw0cfrvw0cf-1.png","type":"image\/png"}],"author":"Daniely Cardoso","twitter_card":"summary_large_image","twitter_misc":{"Escrito por":"Daniely Cardoso","Est. tempo de leitura":"4 minutos"},"schema":{"@context":"https:\/\/schema.org","@graph":[{"@type":"WebPage","@id":"https:\/\/www.em.com.br\/emfoco\/2026\/03\/07\/uma-unica-camada-desse-batom-pode-transformar-seu-humor-e-devolver-a-vitalidade-ao-semblante\/","url":"https:\/\/www.em.com.br\/emfoco\/2026\/03\/07\/uma-unica-camada-desse-batom-pode-transformar-seu-humor-e-devolver-a-vitalidade-ao-semblante\/","name":"Uma \u00fanica camada desse batom pode transformar seu humor e devolver a vitalidade ao semblante - Estado de Minas - Em foco","isPartOf":{"@id":"https:\/\/www.em.com.br\/emfoco\/#website"},"primaryImageOfPage":{"@id":"https:\/\/www.em.com.br\/emfoco\/2026\/03\/07\/uma-unica-camada-desse-batom-pode-transformar-seu-humor-e-devolver-a-vitalidade-ao-semblante\/#primaryimage"},"image":{"@id":"https:\/\/www.em.com.br\/emfoco\/2026\/03\/07\/uma-unica-camada-desse-batom-pode-transformar-seu-humor-e-devolver-a-vitalidade-ao-semblante\/#primaryimage"},"thumbnailUrl":"https:\/\/www.em.com.br\/emfoco\/wp-content\/uploads\/2026\/03\/Gemini_Generated_Image_w0cfrvw0cfrvw0cf-1.png","datePublished":"2026-03-07T15:55:28+00:00","dateModified":"2026-03-06T20:05:38+00:00","author":{"@id":"https:\/\/www.em.com.br\/emfoco\/#\/schema\/person\/0a8186d72f2c3a5c6276d90b41f271a0"},"description":"Descubra como o batom coral ilumina o rosto e traz frescor para mulheres acima dos 50 anos no ver\u00e3o","breadcrumb":{"@id":"https:\/\/www.em.com.br\/emfoco\/2026\/03\/07\/uma-unica-camada-desse-batom-pode-transformar-seu-humor-e-devolver-a-vitalidade-ao-semblante\/#breadcrumb"},"inLanguage":"pt-BR","potentialAction":[{"@type":"ReadAction","target":["https:\/\/www.em.com.br\/emfoco\/2026\/03\/07\/uma-unica-camada-desse-batom-pode-transformar-seu-humor-e-devolver-a-vitalidade-ao-semblante\/"]}]},{"@type":"ImageObject","inLanguage":"pt-BR","@id":"https:\/\/www.em.com.br\/emfoco\/2026\/03\/07\/uma-unica-camada-desse-batom-pode-transformar-seu-humor-e-devolver-a-vitalidade-ao-semblante\/#primaryimage","url":"https:\/\/www.em.com.br\/emfoco\/wp-content\/uploads\/2026\/03\/Gemini_Generated_Image_w0cfrvw0cfrvw0cf-1.png","contentUrl":"https:\/\/www.em.com.br\/emfoco\/wp-content\/uploads\/2026\/03\/Gemini_Generated_Image_w0cfrvw0cfrvw0cf-1.png","width":1280,"height":720,"caption":"Em peles maduras, a maquiagem costuma buscar um ar de sa\u00fade e de vitalidade, sem excesso de cobertura ou cores pesadas."},{"@type":"BreadcrumbList","@id":"https:\/\/www.em.com.br\/emfoco\/2026\/03\/07\/uma-unica-camada-desse-batom-pode-transformar-seu-humor-e-devolver-a-vitalidade-ao-semblante\/#breadcrumb","itemListElement":[{"@type":"ListItem","position":1,"name":"In\u00edcio","item":"https:\/\/www.em.com.br\/emfoco\/"},{"@type":"ListItem","position":2,"name":"Uma \u00fanica camada desse batom pode transformar seu humor e devolver a vitalidade ao semblante"}]},{"@type":"WebSite","@id":"https:\/\/www.em.com.br\/emfoco\/#website","url":"https:\/\/www.em.com.br\/emfoco\/","name":"Estado de Minas - Em foco","description":"Acompanhe as \u00faltimas not\u00edcias e fique bem informado sobre tudo o que acontece em Minas Gerais, Brasil e no mundo.","potentialAction":[{"@type":"SearchAction","target":{"@type":"EntryPoint","urlTemplate":"https:\/\/www.em.com.br\/emfoco\/?s={search_term_string}"},"query-input":{"@type":"PropertyValueSpecification","valueRequired":true,"valueName":"search_term_string"}}],"inLanguage":"pt-BR"},{"@type":"Person","@id":"https:\/\/www.em.com.br\/emfoco\/#\/schema\/person\/0a8186d72f2c3a5c6276d90b41f271a0","name":"Daniely Cardoso","image":{"@type":"ImageObject","inLanguage":"pt-BR","@id":"https:\/\/www.em.com.br\/emfoco\/#\/schema\/person\/image\/","url":"https:\/\/secure.gravatar.com\/avatar\/4b80ddbd124d1f071b626d52d62e5dff?s=96&d=mm&r=g","contentUrl":"https:\/\/secure.gravatar.com\/avatar\/4b80ddbd124d1f071b626d52d62e5dff?s=96&d=mm&r=g","caption":"Daniely Cardoso"},"url":"https:\/\/www.em.com.br\/emfoco\/author\/danielymyth\/"}]}},"_links":{"self":[{"href":"https:\/\/www.em.com.br\/emfoco\/wp-json\/wp\/v2\/posts\/178269","targetHints":{"allow":["GET"]}}],"collection":[{"href":"https:\/\/www.em.com.br\/emfoco\/wp-json\/wp\/v2\/posts"}],"about":[{"href":"https:\/\/www.em.com.br\/emfoco\/wp-json\/wp\/v2\/types\/post"}],"author":[{"embeddable":true,"href":"https:\/\/www.em.com.br\/emfoco\/wp-json\/wp\/v2\/users\/9"}],"replies":[{"embeddable":true,"href":"https:\/\/www.em.com.br\/emfoco\/wp-json\/wp\/v2\/comments?post=178269"}],"version-history":[{"count":2,"href":"https:\/\/www.em.com.br\/emfoco\/wp-json\/wp\/v2\/posts\/178269\/revisions"}],"predecessor-version":[{"id":178489,"href":"https:\/\/www.em.com.br\/emfoco\/wp-json\/wp\/v2\/posts\/178269\/revisions\/178489"}],"wp:featuredmedia":[{"embeddable":true,"href":"https:\/\/www.em.com.br\/emfoco\/wp-json\/wp\/v2\/media\/178487"}],"wp:attachment":[{"href":"https:\/\/www.em.com.br\/emfoco\/wp-json\/wp\/v2\/media?parent=178269"}],"wp:term":[{"taxonomy":"category","embeddable":true,"href":"https:\/\/www.em.com.br\/emfoco\/wp-json\/wp\/v2\/categories?post=178269"},{"taxonomy":"post_tag","embeddable":true,"href":"https:\/\/www.em.com.br\/emfoco\/wp-json\/wp\/v2\/tags?post=178269"}],"curies":[{"name":"wp","href":"https:\/\/api.w.org\/{rel}","templated":true}]}}