{"id":178264,"date":"2026-03-07T07:25:03","date_gmt":"2026-03-07T10:25:03","guid":{"rendered":"https:\/\/www.em.com.br\/emfoco\/?p=178264"},"modified":"2026-03-06T18:05:47","modified_gmt":"2026-03-06T21:05:47","slug":"nem-creme-caro-nem-tratamentos-de-estetica-como-usar-o-resto-do-cafe-para-transformar-a-textura-da-pele","status":"publish","type":"post","link":"https:\/\/www.em.com.br\/emfoco\/2026\/03\/07\/nem-creme-caro-nem-tratamentos-de-estetica-como-usar-o-resto-do-cafe-para-transformar-a-textura-da-pele\/","title":{"rendered":"Nem creme caro, nem tratamentos de est\u00e9tica, como usar o resto do caf\u00e9 para transformar a textura da pele"},"content":{"rendered":"\n<p>Voc\u00ea j\u00e1 preparou um caf\u00e9 bem gostoso, olhou para a borra e pensou que seria um desperd\u00edcio jogar tudo fora? Muitas pessoas passaram a transformar esse restinho em um ritual simples de autocuidado, usando a borra de caf\u00e9 no banho para deixar as pernas mais lisas, com sensa\u00e7\u00e3o de pele renovada e um momento de pausa no meio da rotina corrida.<\/p>\n\n\n\n<h2 class=\"wp-block-heading\">Como a esfolia\u00e7\u00e3o com borra de caf\u00e9 age de forma simples na pele<\/h2>\n\n\n\n<p>A <strong>esfolia\u00e7\u00e3o com borra<\/strong> funciona quando os gr\u00e2nulos de caf\u00e9 s\u00e3o friccionados na pele \u00famida, ajudando a remover <strong>c\u00e9lulas mortas<\/strong> da camada mais superficial. Com movimentos circulares e suaves, a borra age como um esfoliante f\u00edsico, deixando as pernas visualmente mais homog\u00eaneas e com sensa\u00e7\u00e3o de <strong>maciez intensa<\/strong>.<\/p>\n\n\n\n<p>Muita gente tamb\u00e9m se interessa pela presen\u00e7a de <strong>cafe\u00edna natural<\/strong> e antioxidantes no caf\u00e9, que s\u00e3o estudados em cuidados est\u00e9ticos. Mesmo que os efeitos variem, a combina\u00e7\u00e3o de massagem, \u00e1gua morna e esfolia\u00e7\u00e3o costuma trazer uma sensa\u00e7\u00e3o de <strong>leveza imediata<\/strong>, especialmente para quem fica horas em p\u00e9 ou sentado, e busca um cuidado simples com as pernas.<\/p>\n\n\n\n<figure class=\"wp-block-embed is-type-rich is-provider-pinterest wp-block-embed-pinterest\"><div class=\"wp-block-embed__wrapper\">\n<iframe loading=\"lazy\" title=\"M\u00e1scara caseira tchau espinhas \u2728\ud83e\uddd6\u200d\u2640\ufe0f\" src=\"https:\/\/assets.pinterest.com\/ext\/embed.html?id=349732727334666757&#038;src=oembed\" height=\"899\" width=\"450\" frameborder=\"0\" scrolling=\"no\" ><\/iframe>\n<\/div><\/figure>\n\n\n\n<p>Leia tamb\u00e9m:&nbsp;<a href=\"https:\/\/www.em.com.br\/emfoco\/2026\/02\/14\/esfoliacao-quimica-ou-fisica-veja-a-melhor-forma-de-remover-celulas-mortas-depois-dos-50-anos\/\" target=\"_blank\" rel=\"noopener\">Esfolia\u00e7\u00e3o qu\u00edmica ou f\u00edsica? Veja a melhor forma de remover c\u00e9lulas mortas depois dos 50 anos<\/a><\/p>\n\n\n\n<h2 class=\"wp-block-heading\">Como fazer esfolia\u00e7\u00e3o com borra de caf\u00e9 no banho passo a passo<\/h2>\n\n\n\n<p>Para incluir esse h\u00e1bito na rotina, o ideal \u00e9 que o processo seja pr\u00e1tico e prazeroso, sem virar uma obriga\u00e7\u00e3o cansativa. A palavra-chave \u00e9 <strong>modera\u00e7\u00e3o sempre<\/strong>: n\u00e3o \u00e9 preciso esfregar com for\u00e7a para sentir resultado, e cada pessoa pode adaptar a intensidade conforme a sensibilidade da pr\u00f3pria <strong>pele corporal<\/strong>.<\/p>\n\n\n<div class=\"wp-block-image\">\n<figure class=\"aligncenter size-large\"><img loading=\"lazy\" decoding=\"async\" width=\"1024\" height=\"576\" src=\"https:\/\/www.em.com.br\/emfoco\/wp-content\/uploads\/2026\/03\/Gemini_Generated_Image_e4xi8we4xi8we4xi-1-1024x576.png\" alt=\"\" class=\"wp-image-178442\" srcset=\"https:\/\/www.em.com.br\/emfoco\/wp-content\/uploads\/2026\/03\/Gemini_Generated_Image_e4xi8we4xi8we4xi-1-1024x576.png 1024w, https:\/\/www.em.com.br\/emfoco\/wp-content\/uploads\/2026\/03\/Gemini_Generated_Image_e4xi8we4xi8we4xi-1-300x169.png 300w, https:\/\/www.em.com.br\/emfoco\/wp-content\/uploads\/2026\/03\/Gemini_Generated_Image_e4xi8we4xi8we4xi-1-768x432.png 768w, https:\/\/www.em.com.br\/emfoco\/wp-content\/uploads\/2026\/03\/Gemini_Generated_Image_e4xi8we4xi8we4xi-1-750x422.png 750w, https:\/\/www.em.com.br\/emfoco\/wp-content\/uploads\/2026\/03\/Gemini_Generated_Image_e4xi8we4xi8we4xi-1-1140x641.png 1140w, https:\/\/www.em.com.br\/emfoco\/wp-content\/uploads\/2026\/03\/Gemini_Generated_Image_e4xi8we4xi8we4xi-1.png 1280w\" sizes=\"auto, (max-width: 1024px) 100vw, 1024px\" \/><figcaption class=\"wp-element-caption\">Para incluir esse h\u00e1bito na rotina, o ideal \u00e9 que o processo seja pr\u00e1tico e prazeroso, sem virar uma obriga\u00e7\u00e3o cansativa.<\/figcaption><\/figure><\/div>\n\n\n<p>Na maioria dos casos, esse processo pode ser repetido de uma a duas vezes por semana, ajustando de acordo com a sensibilidade da <strong>pele individual<\/strong>. Em peles muito secas ou delicadas, \u00e9 melhor aumentar o intervalo e caprichar na hidrata\u00e7\u00e3o para evitar qualquer sensa\u00e7\u00e3o de <strong>desconforto depois<\/strong>.<\/p>\n\n\n\n<h2 class=\"wp-block-heading\">Quais cuidados s\u00e3o importantes ao usar borra de caf\u00e9 na pele<\/h2>\n\n\n\n<p>Mesmo sendo um recurso simples e caseiro, a esfolia\u00e7\u00e3o com <strong>borra de caf\u00e9<\/strong> pede aten\u00e7\u00e3o a alguns detalhes para n\u00e3o irritar a pele. Se aparecer vermelhid\u00e3o intensa, ardor ou coceira, o ideal \u00e9 interromper o uso, observar a rea\u00e7\u00e3o e, se necess\u00e1rio, consultar um <strong>profissional dermatologista<\/strong>.<\/p>\n\n\n\n<p>Para voc\u00ea que gosta de se cuidar, separamos um v\u00eddeo do canal do <a href=\"https:\/\/www.youtube.com\/@drlucasfustinoni\" target=\"_blank\" rel=\"noreferrer noopener\">Dr Lucas Fustinoni<\/a> com dicas para esfolia\u00e7\u00e3o usando caf\u00e9:<\/p>\n\n\n\n<figure class=\"wp-block-embed is-type-video is-provider-youtube wp-block-embed-youtube wp-embed-aspect-16-9 wp-has-aspect-ratio\"><div class=\"wp-block-embed__wrapper\">\n<div class=\"jeg_video_container jeg_video_content\"><iframe loading=\"lazy\" title=\"P\u00f3 de caf\u00e9 \u00e9 bom para esfoliar a pele do rosto?\" width=\"500\" height=\"281\" src=\"https:\/\/www.youtube.com\/embed\/BDzMJCgmeXA?feature=oembed\" frameborder=\"0\" allow=\"accelerometer; autoplay; clipboard-write; encrypted-media; gyroscope; picture-in-picture; web-share\" referrerpolicy=\"strict-origin-when-cross-origin\" allowfullscreen><\/iframe><\/div>\n<\/div><\/figure>\n\n\n\n<p>Tamb\u00e9m vale prestar aten\u00e7\u00e3o ao tipo de gr\u00e3o e \u00e0 forma de aplica\u00e7\u00e3o, pois isso influencia a forma como a pele responde a esse <strong>cuidado caseiro<\/strong>. Para facilitar, veja alguns pontos importantes que ajudam a deixar o h\u00e1bito mais seguro e confort\u00e1vel no dia a <strong>dia pr\u00e1tico<\/strong>:<\/p>\n\n\n\n<ul class=\"wp-block-list\">\n<li><strong>Evitar \u00e1reas irritadas<\/strong>, com cortes, arranh\u00f5es, alergias ativas ou queimaduras de sol para n\u00e3o piorar o desconforto e a <strong>sensibilidade local<\/strong>.<\/li>\n\n\n\n<li><strong>Testar em uma pequena regi\u00e3o<\/strong> antes de aplicar nas pernas inteiras, principalmente em peles sens\u00edveis, observando qualquer rea\u00e7\u00e3o <strong>diferente na pele<\/strong>.<\/li>\n\n\n\n<li><strong>N\u00e3o esfregar com for\u00e7a<\/strong>, j\u00e1 que o excesso de atrito pode causar microles\u00f5es, descama\u00e7\u00e3o exagerada e sensa\u00e7\u00e3o de <strong>ard\u00eancia inc\u00f4moda<\/strong>.<\/li>\n\n\n\n<li><strong>Complementar com hidrata\u00e7\u00e3o<\/strong>, mantendo uma rotina regular de cremes ou \u00f3leos corporais para preservar a barreira da pele e reduzir o <strong>ressecamento vis\u00edvel<\/strong>.<\/li>\n\n\n\n<li><strong>Consultar um dermatologista<\/strong> em caso de d\u00favidas, presen\u00e7a de manchas persistentes ou doen\u00e7as de pele pr\u00e9-existentes que exijam <strong>cuidado espec\u00edfico<\/strong>.<\/li>\n<\/ul>\n\n\n\n<figure class=\"wp-block-embed is-type-rich is-provider-pinterest wp-block-embed-pinterest\"><div class=\"wp-block-embed__wrapper\">\n<iframe loading=\"lazy\" title=\"Loreal Elseve Hidra Hialur\u00f4nico Shampoo Preenchedor 200ml\" src=\"https:\/\/assets.pinterest.com\/ext\/embed.html?id=928304541956142226&#038;src=oembed\" height=\"899\" width=\"450\" frameborder=\"0\" scrolling=\"no\" ><\/iframe>\n<\/div><\/figure>\n\n\n\n<p>Outro detalhe pr\u00e1tico \u00e9 a limpeza do box ou chuveiro ap\u00f3s o uso da <strong>borra acumulada<\/strong>, j\u00e1 que o p\u00f3 pode se juntar no ralo e nas laterais. Enxaguar bem o espa\u00e7o evita entupimentos e res\u00edduos, mantendo o banheiro mais organizado e deixando esse ritual de <strong>autocuidado semanal<\/strong> mais leve e f\u00e1cil de repetir ao longo do ano.<\/p>\n","protected":false},"excerpt":{"rendered":"<p>Voc\u00ea j\u00e1 preparou um caf\u00e9 bem gostoso, olhou para a borra e pensou que seria um desperd\u00edcio jogar tudo fora? Muitas pessoas passaram a transformar esse restinho em um ritual simples de autocuidado, usando a borra de caf\u00e9 no banho para deixar as pernas mais lisas, com sensa\u00e7\u00e3o de pele renovada e um momento de [&hellip;]<\/p>\n","protected":false},"author":9,"featured_media":178444,"comment_status":"open","ping_status":"open","sticky":false,"template":"","format":"standard","meta":{"jnews-multi-image_gallery":[],"jnews_single_post":{"format":"standard"},"jnews_primary_category":[],"jnews_social_meta":[],"jnews_override_counter":[],"footnotes":""},"categories":[8691,1],"tags":[256,8173,5048],"class_list":["post-178264","post","type-post","status-publish","format-standard","has-post-thumbnail","hentry","category-bem-estar","category-noticias","tag-beneficios","tag-borra-de-cafe","tag-esfoliacao"],"yoast_head":"<!-- This site is optimized with the Yoast SEO plugin v23.8 - https:\/\/yoast.com\/wordpress\/plugins\/seo\/ -->\n<title>Nem creme caro, nem tratamentos de est\u00e9tica, como usar o resto do caf\u00e9 para transformar a textura da pele - Estado de Minas - Em foco<\/title>\n<meta name=\"description\" content=\"Aprenda como usar a borra de caf\u00e9 no banho para esfoliar as pernas e conquistar uma pele macia e renovada\" \/>\n<meta name=\"robots\" content=\"index, follow, max-snippet:-1, max-image-preview:large, max-video-preview:-1\" \/>\n<link rel=\"canonical\" href=\"https:\/\/www.em.com.br\/emfoco\/2026\/03\/07\/nem-creme-caro-nem-tratamentos-de-estetica-como-usar-o-resto-do-cafe-para-transformar-a-textura-da-pele\/\" \/>\n<meta property=\"og:locale\" content=\"pt_BR\" \/>\n<meta property=\"og:type\" content=\"article\" \/>\n<meta property=\"og:title\" content=\"Nem creme caro, nem tratamentos de est\u00e9tica, como usar o resto do caf\u00e9 para transformar a textura da pele - Estado de Minas - Em foco\" \/>\n<meta property=\"og:description\" content=\"Aprenda como usar a borra de caf\u00e9 no banho para esfoliar as pernas e conquistar uma pele macia e renovada\" \/>\n<meta property=\"og:url\" content=\"https:\/\/www.em.com.br\/emfoco\/2026\/03\/07\/nem-creme-caro-nem-tratamentos-de-estetica-como-usar-o-resto-do-cafe-para-transformar-a-textura-da-pele\/\" \/>\n<meta property=\"og:site_name\" content=\"Estado de Minas - Em foco\" \/>\n<meta property=\"article:published_time\" content=\"2026-03-07T10:25:03+00:00\" \/>\n<meta property=\"article:modified_time\" content=\"2026-03-06T21:05:47+00:00\" \/>\n<meta property=\"og:image\" content=\"https:\/\/www.em.com.br\/emfoco\/wp-content\/uploads\/2026\/03\/Gemini_Generated_Image_a8vb6pa8vb6pa8vb-2.png\" \/>\n\t<meta property=\"og:image:width\" content=\"1280\" \/>\n\t<meta property=\"og:image:height\" content=\"714\" \/>\n\t<meta property=\"og:image:type\" content=\"image\/png\" \/>\n<meta name=\"author\" content=\"Daniely Cardoso\" \/>\n<meta name=\"twitter:card\" content=\"summary_large_image\" \/>\n<meta name=\"twitter:label1\" content=\"Escrito por\" \/>\n\t<meta name=\"twitter:data1\" content=\"Daniely Cardoso\" \/>\n\t<meta name=\"twitter:label2\" content=\"Est. tempo de leitura\" \/>\n\t<meta name=\"twitter:data2\" content=\"4 minutos\" \/>\n<!-- \/ Yoast SEO plugin. -->","yoast_head_json":{"title":"Nem creme caro, nem tratamentos de est\u00e9tica, como usar o resto do caf\u00e9 para transformar a textura da pele - Estado de Minas - Em foco","description":"Aprenda como usar a borra de caf\u00e9 no banho para esfoliar as pernas e conquistar uma pele macia e renovada","robots":{"index":"index","follow":"follow","max-snippet":"max-snippet:-1","max-image-preview":"max-image-preview:large","max-video-preview":"max-video-preview:-1"},"canonical":"https:\/\/www.em.com.br\/emfoco\/2026\/03\/07\/nem-creme-caro-nem-tratamentos-de-estetica-como-usar-o-resto-do-cafe-para-transformar-a-textura-da-pele\/","og_locale":"pt_BR","og_type":"article","og_title":"Nem creme caro, nem tratamentos de est\u00e9tica, como usar o resto do caf\u00e9 para transformar a textura da pele - Estado de Minas - Em foco","og_description":"Aprenda como usar a borra de caf\u00e9 no banho para esfoliar as pernas e conquistar uma pele macia e renovada","og_url":"https:\/\/www.em.com.br\/emfoco\/2026\/03\/07\/nem-creme-caro-nem-tratamentos-de-estetica-como-usar-o-resto-do-cafe-para-transformar-a-textura-da-pele\/","og_site_name":"Estado de Minas - Em foco","article_published_time":"2026-03-07T10:25:03+00:00","article_modified_time":"2026-03-06T21:05:47+00:00","og_image":[{"width":1280,"height":714,"url":"https:\/\/www.em.com.br\/emfoco\/wp-content\/uploads\/2026\/03\/Gemini_Generated_Image_a8vb6pa8vb6pa8vb-2.png","type":"image\/png"}],"author":"Daniely Cardoso","twitter_card":"summary_large_image","twitter_misc":{"Escrito por":"Daniely Cardoso","Est. tempo de leitura":"4 minutos"},"schema":{"@context":"https:\/\/schema.org","@graph":[{"@type":"WebPage","@id":"https:\/\/www.em.com.br\/emfoco\/2026\/03\/07\/nem-creme-caro-nem-tratamentos-de-estetica-como-usar-o-resto-do-cafe-para-transformar-a-textura-da-pele\/","url":"https:\/\/www.em.com.br\/emfoco\/2026\/03\/07\/nem-creme-caro-nem-tratamentos-de-estetica-como-usar-o-resto-do-cafe-para-transformar-a-textura-da-pele\/","name":"Nem creme caro, nem tratamentos de est\u00e9tica, como usar o resto do caf\u00e9 para transformar a textura da pele - Estado de Minas - Em foco","isPartOf":{"@id":"https:\/\/www.em.com.br\/emfoco\/#website"},"primaryImageOfPage":{"@id":"https:\/\/www.em.com.br\/emfoco\/2026\/03\/07\/nem-creme-caro-nem-tratamentos-de-estetica-como-usar-o-resto-do-cafe-para-transformar-a-textura-da-pele\/#primaryimage"},"image":{"@id":"https:\/\/www.em.com.br\/emfoco\/2026\/03\/07\/nem-creme-caro-nem-tratamentos-de-estetica-como-usar-o-resto-do-cafe-para-transformar-a-textura-da-pele\/#primaryimage"},"thumbnailUrl":"https:\/\/www.em.com.br\/emfoco\/wp-content\/uploads\/2026\/03\/Gemini_Generated_Image_a8vb6pa8vb6pa8vb-2.png","datePublished":"2026-03-07T10:25:03+00:00","dateModified":"2026-03-06T21:05:47+00:00","author":{"@id":"https:\/\/www.em.com.br\/emfoco\/#\/schema\/person\/0a8186d72f2c3a5c6276d90b41f271a0"},"description":"Aprenda como usar a borra de caf\u00e9 no banho para esfoliar as pernas e conquistar uma pele macia e renovada","breadcrumb":{"@id":"https:\/\/www.em.com.br\/emfoco\/2026\/03\/07\/nem-creme-caro-nem-tratamentos-de-estetica-como-usar-o-resto-do-cafe-para-transformar-a-textura-da-pele\/#breadcrumb"},"inLanguage":"pt-BR","potentialAction":[{"@type":"ReadAction","target":["https:\/\/www.em.com.br\/emfoco\/2026\/03\/07\/nem-creme-caro-nem-tratamentos-de-estetica-como-usar-o-resto-do-cafe-para-transformar-a-textura-da-pele\/"]}]},{"@type":"ImageObject","inLanguage":"pt-BR","@id":"https:\/\/www.em.com.br\/emfoco\/2026\/03\/07\/nem-creme-caro-nem-tratamentos-de-estetica-como-usar-o-resto-do-cafe-para-transformar-a-textura-da-pele\/#primaryimage","url":"https:\/\/www.em.com.br\/emfoco\/wp-content\/uploads\/2026\/03\/Gemini_Generated_Image_a8vb6pa8vb6pa8vb-2.png","contentUrl":"https:\/\/www.em.com.br\/emfoco\/wp-content\/uploads\/2026\/03\/Gemini_Generated_Image_a8vb6pa8vb6pa8vb-2.png","width":1280,"height":714,"caption":"Muita gente tamb\u00e9m se interessa pela presen\u00e7a de cafe\u00edna natural e antioxidantes no caf\u00e9, que s\u00e3o estudados em cuidados est\u00e9ticos."},{"@type":"BreadcrumbList","@id":"https:\/\/www.em.com.br\/emfoco\/2026\/03\/07\/nem-creme-caro-nem-tratamentos-de-estetica-como-usar-o-resto-do-cafe-para-transformar-a-textura-da-pele\/#breadcrumb","itemListElement":[{"@type":"ListItem","position":1,"name":"In\u00edcio","item":"https:\/\/www.em.com.br\/emfoco\/"},{"@type":"ListItem","position":2,"name":"Nem creme caro, nem tratamentos de est\u00e9tica, como usar o resto do caf\u00e9 para transformar a textura da pele"}]},{"@type":"WebSite","@id":"https:\/\/www.em.com.br\/emfoco\/#website","url":"https:\/\/www.em.com.br\/emfoco\/","name":"Estado de Minas - Em foco","description":"Acompanhe as \u00faltimas not\u00edcias e fique bem informado sobre tudo o que acontece em Minas Gerais, Brasil e no mundo.","potentialAction":[{"@type":"SearchAction","target":{"@type":"EntryPoint","urlTemplate":"https:\/\/www.em.com.br\/emfoco\/?s={search_term_string}"},"query-input":{"@type":"PropertyValueSpecification","valueRequired":true,"valueName":"search_term_string"}}],"inLanguage":"pt-BR"},{"@type":"Person","@id":"https:\/\/www.em.com.br\/emfoco\/#\/schema\/person\/0a8186d72f2c3a5c6276d90b41f271a0","name":"Daniely Cardoso","image":{"@type":"ImageObject","inLanguage":"pt-BR","@id":"https:\/\/www.em.com.br\/emfoco\/#\/schema\/person\/image\/","url":"https:\/\/secure.gravatar.com\/avatar\/4b80ddbd124d1f071b626d52d62e5dff?s=96&d=mm&r=g","contentUrl":"https:\/\/secure.gravatar.com\/avatar\/4b80ddbd124d1f071b626d52d62e5dff?s=96&d=mm&r=g","caption":"Daniely Cardoso"},"url":"https:\/\/www.em.com.br\/emfoco\/author\/danielymyth\/"}]}},"_links":{"self":[{"href":"https:\/\/www.em.com.br\/emfoco\/wp-json\/wp\/v2\/posts\/178264","targetHints":{"allow":["GET"]}}],"collection":[{"href":"https:\/\/www.em.com.br\/emfoco\/wp-json\/wp\/v2\/posts"}],"about":[{"href":"https:\/\/www.em.com.br\/emfoco\/wp-json\/wp\/v2\/types\/post"}],"author":[{"embeddable":true,"href":"https:\/\/www.em.com.br\/emfoco\/wp-json\/wp\/v2\/users\/9"}],"replies":[{"embeddable":true,"href":"https:\/\/www.em.com.br\/emfoco\/wp-json\/wp\/v2\/comments?post=178264"}],"version-history":[{"count":3,"href":"https:\/\/www.em.com.br\/emfoco\/wp-json\/wp\/v2\/posts\/178264\/revisions"}],"predecessor-version":[{"id":178540,"href":"https:\/\/www.em.com.br\/emfoco\/wp-json\/wp\/v2\/posts\/178264\/revisions\/178540"}],"wp:featuredmedia":[{"embeddable":true,"href":"https:\/\/www.em.com.br\/emfoco\/wp-json\/wp\/v2\/media\/178444"}],"wp:attachment":[{"href":"https:\/\/www.em.com.br\/emfoco\/wp-json\/wp\/v2\/media?parent=178264"}],"wp:term":[{"taxonomy":"category","embeddable":true,"href":"https:\/\/www.em.com.br\/emfoco\/wp-json\/wp\/v2\/categories?post=178264"},{"taxonomy":"post_tag","embeddable":true,"href":"https:\/\/www.em.com.br\/emfoco\/wp-json\/wp\/v2\/tags?post=178264"}],"curies":[{"name":"wp","href":"https:\/\/api.w.org\/{rel}","templated":true}]}}