{"id":178263,"date":"2026-03-07T06:55:58","date_gmt":"2026-03-07T09:55:58","guid":{"rendered":"https:\/\/www.em.com.br\/emfoco\/?p=178263"},"modified":"2026-03-06T15:55:53","modified_gmt":"2026-03-06T18:55:53","slug":"a-tatica-simples-e-barata-que-as-joalherias-escondem-para-proteger-a-prata-do-escurecimento-no-verao","status":"publish","type":"post","link":"https:\/\/www.em.com.br\/emfoco\/2026\/03\/07\/a-tatica-simples-e-barata-que-as-joalherias-escondem-para-proteger-a-prata-do-escurecimento-no-verao\/","title":{"rendered":"A t\u00e1tica simples e barata que as joalherias escondem para proteger a prata do escurecimento no ver\u00e3o"},"content":{"rendered":"\n<p>Quem nunca abriu o porta-joias no ver\u00e3o e levou um susto ao ver aquele brinco querido mais escuro ou a corrente preferida sem brilho? Em dias quentes e \u00famidos, \u00e9 comum sentir que as <strong>pratas escurecem<\/strong> r\u00e1pido demais, mesmo quando est\u00e3o bem guardadas. Nessas horas, surgem truques simples, como o famoso <strong>giz no porta-joias<\/strong>, que prometem ajudar a conservar melhor as pe\u00e7as no dia a dia.<\/p>\n\n\n\n<h2 class=\"wp-block-heading\">Por que a prata e as semijoias escurecem mais no ver\u00e3o<\/h2>\n\n\n\n<p>O escurecimento n\u00e3o \u00e9 sinal de descuido nem, necessariamente, de <strong>baixa qualidade<\/strong> das pe\u00e7as; \u00e9 uma rea\u00e7\u00e3o natural com o ambiente. A prata reage com subst\u00e2ncias presentes no ar, principalmente compostos de enxofre, formando aquela camada escura que tira o <strong>brilho original<\/strong>.<\/p>\n\n\n\n<p>No ver\u00e3o, o corpo transpira mais, usamos mais protetor solar, cremes e perfumes, e a <strong>umidade do ar<\/strong> costuma aumentar. Esse combo de calor, suor e cosm\u00e9ticos acelera o processo, tanto nas pratas quanto nas <strong>semijoias banhadas<\/strong>, que podem ficar opacas, amareladas ou escuras mais rapidamente.<\/p>\n\n\n\n<figure class=\"wp-block-embed is-type-rich is-provider-pinterest wp-block-embed-pinterest\"><div class=\"wp-block-embed__wrapper\">\n<iframe loading=\"lazy\" title=\" \" src=\"https:\/\/assets.pinterest.com\/ext\/embed.html?id=5488830790839012&#038;src=oembed\" height=\"899\" width=\"450\" frameborder=\"0\" scrolling=\"no\" ><\/iframe>\n<\/div><\/figure>\n\n\n\n<p>Leia tamb\u00e9m:&nbsp;<a href=\"https:\/\/www.em.com.br\/emfoco\/2026\/02\/03\/relogios-bolsas-e-joias-como-combinar-acessorio-para-parecer-mais-elegante-no-trabalho\/\" target=\"_blank\" rel=\"noopener\">Rel\u00f3gios, bolsas e joias: como combinar acess\u00f3rio para parecer mais elegante no trabalho<\/a><\/p>\n\n\n\n<h2 class=\"wp-block-heading\">O truque do giz no porta-joias realmente funciona contra a umidade<\/h2>\n\n\n\n<p>O famoso truque do giz funciona porque o giz escolar comum, \u00e0 base de <strong>carbonato de c\u00e1lcio<\/strong>, \u00e9 poroso e consegue absorver um pouco da umidade do ar. Ao colocar um pedacinho de giz junto \u00e0s pe\u00e7as, ele \u201cpuxa\u201d parte dessa <strong>umidade ambiente<\/strong>, deixando o interior da caixinha mais seco.<\/p>\n\n\n\n<p>Isso n\u00e3o impede totalmente o escurecimento, mas ajuda a retardar o processo, principalmente se o <strong>porta-joias ficar<\/strong> fechado na maior parte do tempo. \u00c9 importante lembrar: o giz n\u00e3o limpa joias j\u00e1 escuras; ele atua de forma preventiva, ajudando a conservar o <strong>brilho por<\/strong> mais tempo.<\/p>\n\n\n\n<figure class=\"wp-block-embed is-type-rich is-provider-pinterest wp-block-embed-pinterest\"><div class=\"wp-block-embed__wrapper\">\n<iframe loading=\"lazy\" title=\"Limparjoiasprata\" src=\"https:\/\/assets.pinterest.com\/ext\/embed.html?id=577164508497455345&#038;src=oembed\" height=\"899\" width=\"450\" frameborder=\"0\" scrolling=\"no\" ><\/iframe>\n<\/div><\/figure>\n\n\n\n<h2 class=\"wp-block-heading\">Como usar o giz escolar para proteger pratas e semijoias<\/h2>\n\n\n\n<p>Para o truque funcionar bem no dia a dia, vale seguir alguns cuidados simples, evitando que o giz suje ou danifique suas <strong>pe\u00e7as favoritas<\/strong>. Assim voc\u00ea consegue criar um ambiente mais seco dentro do porta-joias, sem alterar demais a forma como j\u00e1 costuma <strong>organizar tudo<\/strong>.<\/p>\n\n\n\n<ol class=\"wp-block-list\">\n<li><strong>Escolher o tipo de giz:<\/strong> Opte pelo giz escolar branco tradicional, sem corantes e sem revestimentos. Vers\u00f5es coloridas podem ter pigmentos desnecess\u00e1rios para essa <strong>finalidade espec\u00edfica<\/strong>.<\/li>\n\n\n\n<li><strong>Separar as pe\u00e7as por tipo:<\/strong> Se poss\u00edvel, deixe pratas de um lado e <strong>semijoias de<\/strong> outro. Isso facilita observar como cada grupo reage \u00e0 umidade e ao uso do giz com o passar do tempo.<\/li>\n\n\n\n<li><strong>Acomodar o giz em prote\u00e7\u00e3o:<\/strong> Envolva o giz em um peda\u00e7o de tecido fino, gaze ou saquinho de algod\u00e3o, para que ele n\u00e3o solte p\u00f3 diretamente sobre as <strong>joias delicadas<\/strong>.<\/li>\n\n\n\n<li><strong>Distribuir nos compartimentos:<\/strong> Coloque um pedacinho de giz em cada divis\u00f3ria, gavetinha ou bandeja, especialmente onde ficam as <strong>pe\u00e7as menos<\/strong> usadas.<\/li>\n\n\n\n<li><strong>Manter o porta-joias fechado:<\/strong> Evite deixar a caixa aberta por muito tempo, pois isso aumenta a troca de ar \u00famido com o ambiente e reduz o <strong>efeito do<\/strong> giz.<\/li>\n<\/ol>\n\n\n\n<p>Para voc\u00ea que gosta de cuidar das suas j\u00f3ias, separamos um v\u00eddeo do canal <a href=\"https:\/\/www.youtube.com\/@DetonaQu%C3%ADmica\" target=\"_blank\" rel=\"noreferrer noopener\">Detona Qu\u00edmica<\/a> com dicas para cuidar da sua pe\u00e7a de prata:<\/p>\n\n\n\n<figure class=\"wp-block-embed is-type-video is-provider-youtube wp-block-embed-youtube wp-embed-aspect-16-9 wp-has-aspect-ratio\"><div class=\"wp-block-embed__wrapper\">\n<div class=\"jeg_video_container jeg_video_content\"><iframe loading=\"lazy\" title=\"POR QUE A PRATA ESCURECE?\" width=\"500\" height=\"281\" src=\"https:\/\/www.youtube.com\/embed\/7KUbDvgZogY?feature=oembed\" frameborder=\"0\" allow=\"accelerometer; autoplay; clipboard-write; encrypted-media; gyroscope; picture-in-picture; web-share\" referrerpolicy=\"strict-origin-when-cross-origin\" allowfullscreen><\/iframe><\/div>\n<\/div><\/figure>\n\n\n\n<h2 class=\"wp-block-heading\">Quais outros cuidados ajudam a evitar que as pe\u00e7as fiquem pretas<\/h2>\n\n\n\n<p>Al\u00e9m do giz, pequenos h\u00e1bitos no dia a dia fazem diferen\u00e7a para manter as pe\u00e7as bonitas por mais tempo, principalmente em dias quentes. Esses cuidados ajudam tanto na <strong>prata pura<\/strong> quanto nas semijoias, preservando o banho met\u00e1lico e evitando limpezas muito agressivas ou <strong>polimentos frequentes<\/strong>.<\/p>\n\n\n\n<ul class=\"wp-block-list\">\n<li><strong>Remover as pe\u00e7as antes de atividades f\u00edsicas:<\/strong> O contato intenso com suor, \u00e1gua e produtos de higiene favorece a <strong>oxida\u00e7\u00e3o acelerada<\/strong>.<\/li>\n\n\n\n<li><strong>Aguardar a secagem de perfumes e cremes:<\/strong> Aplique perfumes, hidratantes e protetor solar antes de colocar brincos e colares, reduzindo o contato <strong>direto com<\/strong> subst\u00e2ncias que reagem com o metal.<\/li>\n\n\n\n<li><strong>Evitar guardar pe\u00e7as \u00famidas:<\/strong> Depois de usar, principalmente em dias muito quentes, espere as pe\u00e7as secarem bem antes de voltar para o <strong>porta-joias fechado<\/strong>.<\/li>\n\n\n\n<li><strong>Usar saquinhos individuais:<\/strong> Guardar cada pe\u00e7a em saquinhos de tecido ou pl\u00e1stico apropriado ajuda a limitar o contato com o ar e com <strong>outras joias<\/strong><\/li>\n<\/ul>\n\n\n\n<p><strong>Fazer limpeza peri\u00f3dica adequada:<\/strong> Quando escurecer, use produtos pr\u00f3prios para prata ou paninhos espec\u00edficos, seguindo as orienta\u00e7\u00f5es do fabricante para n\u00e3o <strong>danificar o<\/strong> banho das semijoias.<\/p>\n","protected":false},"excerpt":{"rendered":"<p>Quem nunca abriu o porta-joias no ver\u00e3o e levou um susto ao ver aquele brinco querido mais escuro ou a corrente preferida sem brilho? Em dias quentes e \u00famidos, \u00e9 comum sentir que as pratas escurecem r\u00e1pido demais, mesmo quando est\u00e3o bem guardadas. Nessas horas, surgem truques simples, como o famoso giz no porta-joias, que [&hellip;]<\/p>\n","protected":false},"author":9,"featured_media":178432,"comment_status":"open","ping_status":"open","sticky":false,"template":"","format":"standard","meta":{"jnews-multi-image_gallery":[],"jnews_single_post":{"format":"standard"},"jnews_primary_category":[],"jnews_social_meta":[],"jnews_override_counter":[],"footnotes":""},"categories":[8819,1],"tags":[17131,10920,6249],"class_list":["post-178263","post","type-post","status-publish","format-standard","has-post-thumbnail","hentry","category-curiosidades","category-noticias","tag-giz","tag-porta-joias","tag-prata"],"yoast_head":"<!-- This site is optimized with the Yoast SEO plugin v23.8 - https:\/\/yoast.com\/wordpress\/plugins\/seo\/ -->\n<title>A t\u00e1tica simples e barata que as joalherias escondem para proteger a prata do escurecimento no ver\u00e3o - Estado de Minas - Em foco<\/title>\n<meta name=\"description\" content=\"Aprenda como usar o giz escolar para proteger suas pratas da umidade e manter o brilho das joias no ver\u00e3o\" \/>\n<meta name=\"robots\" content=\"index, follow, max-snippet:-1, max-image-preview:large, max-video-preview:-1\" \/>\n<link rel=\"canonical\" href=\"https:\/\/www.em.com.br\/emfoco\/2026\/03\/07\/a-tatica-simples-e-barata-que-as-joalherias-escondem-para-proteger-a-prata-do-escurecimento-no-verao\/\" \/>\n<meta property=\"og:locale\" content=\"pt_BR\" \/>\n<meta property=\"og:type\" content=\"article\" \/>\n<meta property=\"og:title\" content=\"A t\u00e1tica simples e barata que as joalherias escondem para proteger a prata do escurecimento no ver\u00e3o - Estado de Minas - Em foco\" \/>\n<meta property=\"og:description\" content=\"Aprenda como usar o giz escolar para proteger suas pratas da umidade e manter o brilho das joias no ver\u00e3o\" \/>\n<meta property=\"og:url\" content=\"https:\/\/www.em.com.br\/emfoco\/2026\/03\/07\/a-tatica-simples-e-barata-que-as-joalherias-escondem-para-proteger-a-prata-do-escurecimento-no-verao\/\" \/>\n<meta property=\"og:site_name\" content=\"Estado de Minas - Em foco\" \/>\n<meta property=\"article:published_time\" content=\"2026-03-07T09:55:58+00:00\" \/>\n<meta property=\"article:modified_time\" content=\"2026-03-06T18:55:53+00:00\" \/>\n<meta property=\"og:image\" content=\"https:\/\/www.em.com.br\/emfoco\/wp-content\/uploads\/2026\/03\/Gemini_Generated_Image_tfl24mtfl24mtfl2-1.png\" \/>\n\t<meta property=\"og:image:width\" content=\"1280\" \/>\n\t<meta property=\"og:image:height\" content=\"720\" \/>\n\t<meta property=\"og:image:type\" content=\"image\/png\" \/>\n<meta name=\"author\" content=\"Daniely Cardoso\" \/>\n<meta name=\"twitter:card\" content=\"summary_large_image\" \/>\n<meta name=\"twitter:label1\" content=\"Escrito por\" \/>\n\t<meta name=\"twitter:data1\" content=\"Daniely Cardoso\" \/>\n\t<meta name=\"twitter:label2\" content=\"Est. tempo de leitura\" \/>\n\t<meta name=\"twitter:data2\" content=\"5 minutos\" \/>\n<!-- \/ Yoast SEO plugin. -->","yoast_head_json":{"title":"A t\u00e1tica simples e barata que as joalherias escondem para proteger a prata do escurecimento no ver\u00e3o - Estado de Minas - Em foco","description":"Aprenda como usar o giz escolar para proteger suas pratas da umidade e manter o brilho das joias no ver\u00e3o","robots":{"index":"index","follow":"follow","max-snippet":"max-snippet:-1","max-image-preview":"max-image-preview:large","max-video-preview":"max-video-preview:-1"},"canonical":"https:\/\/www.em.com.br\/emfoco\/2026\/03\/07\/a-tatica-simples-e-barata-que-as-joalherias-escondem-para-proteger-a-prata-do-escurecimento-no-verao\/","og_locale":"pt_BR","og_type":"article","og_title":"A t\u00e1tica simples e barata que as joalherias escondem para proteger a prata do escurecimento no ver\u00e3o - Estado de Minas - Em foco","og_description":"Aprenda como usar o giz escolar para proteger suas pratas da umidade e manter o brilho das joias no ver\u00e3o","og_url":"https:\/\/www.em.com.br\/emfoco\/2026\/03\/07\/a-tatica-simples-e-barata-que-as-joalherias-escondem-para-proteger-a-prata-do-escurecimento-no-verao\/","og_site_name":"Estado de Minas - Em foco","article_published_time":"2026-03-07T09:55:58+00:00","article_modified_time":"2026-03-06T18:55:53+00:00","og_image":[{"width":1280,"height":720,"url":"https:\/\/www.em.com.br\/emfoco\/wp-content\/uploads\/2026\/03\/Gemini_Generated_Image_tfl24mtfl24mtfl2-1.png","type":"image\/png"}],"author":"Daniely Cardoso","twitter_card":"summary_large_image","twitter_misc":{"Escrito por":"Daniely Cardoso","Est. tempo de leitura":"5 minutos"},"schema":{"@context":"https:\/\/schema.org","@graph":[{"@type":"WebPage","@id":"https:\/\/www.em.com.br\/emfoco\/2026\/03\/07\/a-tatica-simples-e-barata-que-as-joalherias-escondem-para-proteger-a-prata-do-escurecimento-no-verao\/","url":"https:\/\/www.em.com.br\/emfoco\/2026\/03\/07\/a-tatica-simples-e-barata-que-as-joalherias-escondem-para-proteger-a-prata-do-escurecimento-no-verao\/","name":"A t\u00e1tica simples e barata que as joalherias escondem para proteger a prata do escurecimento no ver\u00e3o - Estado de Minas - Em foco","isPartOf":{"@id":"https:\/\/www.em.com.br\/emfoco\/#website"},"primaryImageOfPage":{"@id":"https:\/\/www.em.com.br\/emfoco\/2026\/03\/07\/a-tatica-simples-e-barata-que-as-joalherias-escondem-para-proteger-a-prata-do-escurecimento-no-verao\/#primaryimage"},"image":{"@id":"https:\/\/www.em.com.br\/emfoco\/2026\/03\/07\/a-tatica-simples-e-barata-que-as-joalherias-escondem-para-proteger-a-prata-do-escurecimento-no-verao\/#primaryimage"},"thumbnailUrl":"https:\/\/www.em.com.br\/emfoco\/wp-content\/uploads\/2026\/03\/Gemini_Generated_Image_tfl24mtfl24mtfl2-1.png","datePublished":"2026-03-07T09:55:58+00:00","dateModified":"2026-03-06T18:55:53+00:00","author":{"@id":"https:\/\/www.em.com.br\/emfoco\/#\/schema\/person\/0a8186d72f2c3a5c6276d90b41f271a0"},"description":"Aprenda como usar o giz escolar para proteger suas pratas da umidade e manter o brilho das joias no ver\u00e3o","breadcrumb":{"@id":"https:\/\/www.em.com.br\/emfoco\/2026\/03\/07\/a-tatica-simples-e-barata-que-as-joalherias-escondem-para-proteger-a-prata-do-escurecimento-no-verao\/#breadcrumb"},"inLanguage":"pt-BR","potentialAction":[{"@type":"ReadAction","target":["https:\/\/www.em.com.br\/emfoco\/2026\/03\/07\/a-tatica-simples-e-barata-que-as-joalherias-escondem-para-proteger-a-prata-do-escurecimento-no-verao\/"]}]},{"@type":"ImageObject","inLanguage":"pt-BR","@id":"https:\/\/www.em.com.br\/emfoco\/2026\/03\/07\/a-tatica-simples-e-barata-que-as-joalherias-escondem-para-proteger-a-prata-do-escurecimento-no-verao\/#primaryimage","url":"https:\/\/www.em.com.br\/emfoco\/wp-content\/uploads\/2026\/03\/Gemini_Generated_Image_tfl24mtfl24mtfl2-1.png","contentUrl":"https:\/\/www.em.com.br\/emfoco\/wp-content\/uploads\/2026\/03\/Gemini_Generated_Image_tfl24mtfl24mtfl2-1.png","width":1280,"height":720,"caption":"O escurecimento n\u00e3o \u00e9 sinal de descuido nem, necessariamente, de baixa qualidade das pe\u00e7as; \u00e9 uma rea\u00e7\u00e3o natural com o ambiente"},{"@type":"BreadcrumbList","@id":"https:\/\/www.em.com.br\/emfoco\/2026\/03\/07\/a-tatica-simples-e-barata-que-as-joalherias-escondem-para-proteger-a-prata-do-escurecimento-no-verao\/#breadcrumb","itemListElement":[{"@type":"ListItem","position":1,"name":"In\u00edcio","item":"https:\/\/www.em.com.br\/emfoco\/"},{"@type":"ListItem","position":2,"name":"A t\u00e1tica simples e barata que as joalherias escondem para proteger a prata do escurecimento no ver\u00e3o"}]},{"@type":"WebSite","@id":"https:\/\/www.em.com.br\/emfoco\/#website","url":"https:\/\/www.em.com.br\/emfoco\/","name":"Estado de Minas - Em foco","description":"Acompanhe as \u00faltimas not\u00edcias e fique bem informado sobre tudo o que acontece em Minas Gerais, Brasil e no mundo.","potentialAction":[{"@type":"SearchAction","target":{"@type":"EntryPoint","urlTemplate":"https:\/\/www.em.com.br\/emfoco\/?s={search_term_string}"},"query-input":{"@type":"PropertyValueSpecification","valueRequired":true,"valueName":"search_term_string"}}],"inLanguage":"pt-BR"},{"@type":"Person","@id":"https:\/\/www.em.com.br\/emfoco\/#\/schema\/person\/0a8186d72f2c3a5c6276d90b41f271a0","name":"Daniely Cardoso","image":{"@type":"ImageObject","inLanguage":"pt-BR","@id":"https:\/\/www.em.com.br\/emfoco\/#\/schema\/person\/image\/","url":"https:\/\/secure.gravatar.com\/avatar\/4b80ddbd124d1f071b626d52d62e5dff?s=96&d=mm&r=g","contentUrl":"https:\/\/secure.gravatar.com\/avatar\/4b80ddbd124d1f071b626d52d62e5dff?s=96&d=mm&r=g","caption":"Daniely Cardoso"},"url":"https:\/\/www.em.com.br\/emfoco\/author\/danielymyth\/"}]}},"_links":{"self":[{"href":"https:\/\/www.em.com.br\/emfoco\/wp-json\/wp\/v2\/posts\/178263","targetHints":{"allow":["GET"]}}],"collection":[{"href":"https:\/\/www.em.com.br\/emfoco\/wp-json\/wp\/v2\/posts"}],"about":[{"href":"https:\/\/www.em.com.br\/emfoco\/wp-json\/wp\/v2\/types\/post"}],"author":[{"embeddable":true,"href":"https:\/\/www.em.com.br\/emfoco\/wp-json\/wp\/v2\/users\/9"}],"replies":[{"embeddable":true,"href":"https:\/\/www.em.com.br\/emfoco\/wp-json\/wp\/v2\/comments?post=178263"}],"version-history":[{"count":2,"href":"https:\/\/www.em.com.br\/emfoco\/wp-json\/wp\/v2\/posts\/178263\/revisions"}],"predecessor-version":[{"id":178434,"href":"https:\/\/www.em.com.br\/emfoco\/wp-json\/wp\/v2\/posts\/178263\/revisions\/178434"}],"wp:featuredmedia":[{"embeddable":true,"href":"https:\/\/www.em.com.br\/emfoco\/wp-json\/wp\/v2\/media\/178432"}],"wp:attachment":[{"href":"https:\/\/www.em.com.br\/emfoco\/wp-json\/wp\/v2\/media?parent=178263"}],"wp:term":[{"taxonomy":"category","embeddable":true,"href":"https:\/\/www.em.com.br\/emfoco\/wp-json\/wp\/v2\/categories?post=178263"},{"taxonomy":"post_tag","embeddable":true,"href":"https:\/\/www.em.com.br\/emfoco\/wp-json\/wp\/v2\/tags?post=178263"}],"curies":[{"name":"wp","href":"https:\/\/api.w.org\/{rel}","templated":true}]}}