{"id":178230,"date":"2026-03-09T22:05:00","date_gmt":"2026-03-10T01:05:00","guid":{"rendered":"https:\/\/www.em.com.br\/emfoco\/?p=178230"},"modified":"2026-03-05T23:49:36","modified_gmt":"2026-03-06T02:49:36","slug":"o-sabonete-caseiro-que-muita-gente-comecou-a-usar-para-manchas-espinhas-e-oleosidade-da-pele","status":"publish","type":"post","link":"https:\/\/www.em.com.br\/emfoco\/2026\/03\/09\/o-sabonete-caseiro-que-muita-gente-comecou-a-usar-para-manchas-espinhas-e-oleosidade-da-pele\/","title":{"rendered":"O sabonete caseiro que muita gente come\u00e7ou a usar para manchas, espinhas e oleosidade da pele"},"content":{"rendered":"\n<p>Entre as v\u00e1rias receitas de skincare que circulam hoje, o&nbsp;<strong>sabonete de a\u00e7afr\u00e3o caseiro<\/strong>&nbsp;vem ganhando espa\u00e7o como alternativa simples para quem lida com manchas, cravos, espinhas e oleosidade, funcionando como um refor\u00e7o na etapa de limpeza com ingredientes comuns em cosm\u00e9ticos naturais.<\/p>\n\n\n\n<h2 class=\"wp-block-heading\">Para que serve o sabonete de a\u00e7afr\u00e3o caseiro<\/h2>\n\n\n\n<p>O&nbsp;<strong>sabonete artesanal de a\u00e7afr\u00e3o<\/strong>&nbsp;\u00e9 muito buscado por quem deseja uma limpeza mais cuidadosa em peles com manchas leves, espinhas frequentes e poros aparentes. O a\u00e7afr\u00e3o em p\u00f3, rico em pigmentos e antioxidantes, \u00e9 associado a formula\u00e7\u00f5es que visam melhorar o aspecto de marcas deixadas por acne, picadas ou pequenas irrita\u00e7\u00f5es.<\/p>\n\n\n\n<p>Tamb\u00e9m \u00e9 citado para regi\u00f5es com tend\u00eancia \u00e0\u00a0<strong><a href=\"https:\/\/www.em.com.br\/emfoco\/2026\/02\/23\/como-cuidar-da-pele-logo-depois-da-depilacao-e-evitar-foliculite-manchas-e-ardencia-com-medidas-simples-e-eficazes\/\" target=\"_blank\" rel=\"noreferrer noopener\">foliculite<\/a><\/strong>, como virilha, barba e parte interna das coxas, ajudando a minimizar o desconforto ap\u00f3s l\u00e2mina ou depila\u00e7\u00e3o. Ainda assim, n\u00e3o substitui medicamentos, peelings ou outros procedimentos recomendados por dermatologistas, especialmente em casos de inflama\u00e7\u00f5es intensas ou melasma.<\/p>\n\n\n\n<figure class=\"wp-block-image size-large\"><img loading=\"lazy\" decoding=\"async\" width=\"1024\" height=\"576\" src=\"https:\/\/www.em.com.br\/emfoco\/wp-content\/uploads\/2026\/03\/4-25-1024x576.jpg\" alt=\"O sabonete caseiro que muita gente come\u00e7ou a usar para manchas, espinhas e oleosidade da pele\" class=\"wp-image-178236\" srcset=\"https:\/\/www.em.com.br\/emfoco\/wp-content\/uploads\/2026\/03\/4-25-1024x576.jpg 1024w, https:\/\/www.em.com.br\/emfoco\/wp-content\/uploads\/2026\/03\/4-25-300x169.jpg 300w, https:\/\/www.em.com.br\/emfoco\/wp-content\/uploads\/2026\/03\/4-25-768x432.jpg 768w, https:\/\/www.em.com.br\/emfoco\/wp-content\/uploads\/2026\/03\/4-25-750x422.jpg 750w, https:\/\/www.em.com.br\/emfoco\/wp-content\/uploads\/2026\/03\/4-25-1140x641.jpg 1140w, https:\/\/www.em.com.br\/emfoco\/wp-content\/uploads\/2026\/03\/4-25.jpg 1280w\" sizes=\"auto, (max-width: 1024px) 100vw, 1024px\" \/><figcaption class=\"wp-element-caption\">Produto artesanal auxilia na suaviza\u00e7\u00e3o de marcas deixadas por espinhas frequentes<\/figcaption><\/figure>\n\n\n\n<h2 class=\"wp-block-heading\">Quais ingredientes potencializam o sabonete de a\u00e7afr\u00e3o<\/h2>\n\n\n\n<p>Ao buscar um&nbsp;<strong>sabonete de a\u00e7afr\u00e3o para manchas e espinhas<\/strong>, \u00e9 comum encontrar receitas que misturam diferentes ativos naturais para equilibrar limpeza e prote\u00e7\u00e3o da barreira cut\u00e2nea. O a\u00e7afr\u00e3o costuma ser o protagonista, mas o resultado final depende muito do conjunto de ingredientes da f\u00f3rmula.<\/p>\n\n\n\n<p>Entre os componentes mais usados em vers\u00f5es caseiras voltadas para oleosidade, poros aparentes e marcas de acne, destacam-se:<\/p>\n\n\n\n<ul class=\"wp-block-list\">\n<li><strong>Camomila<\/strong>\u00a0\u2013 em ch\u00e1 concentrado, associada \u00e0 sensa\u00e7\u00e3o de pele mais calma, \u00fatil ap\u00f3s sol, vento ou atrito.<\/li>\n\n\n\n<li><strong>Mineral em p\u00f3 (como dolomita cosm\u00e9tica)<\/strong>\u00a0\u2013 auxilia na absor\u00e7\u00e3o da oleosidade e na remo\u00e7\u00e3o de res\u00edduos dos poros.<\/li>\n\n\n\n<li><strong>\u00d3leo de rosa mosqueta<\/strong>\u00a0\u2013 muito usado em produtos focados em cicatrizes e manchas residuais, refor\u00e7ando a hidrata\u00e7\u00e3o.<\/li>\n\n\n\n<li><strong>Base glicerinada neutra<\/strong>\u00a0\u2013 garante a estrutura do sabonete e oferece limpeza menos agressiva para uso di\u00e1rio.<\/li>\n<\/ul>\n\n\n\n<h2 class=\"wp-block-heading\">Como fazer sabonete de a\u00e7afr\u00e3o caseiro passo a passo<\/h2>\n\n\n\n<p>Para preparar um&nbsp;<strong>sabonete de a\u00e7afr\u00e3o hidratante<\/strong>&nbsp;em casa, \u00e9 essencial equilibrar l\u00edquidos e p\u00f3s, evitando que a barra fique mole ou esfarelando. Tamb\u00e9m \u00e9 importante manter o ambiente limpo e usar utens\u00edlios higienizados para reduzir o risco de contamina\u00e7\u00e3o do produto final.<\/p>\n\n\n\n<ol class=\"wp-block-list\">\n<li><strong>Preparar o ambiente e os utens\u00edlios<\/strong><br>Separar bancada limpa, colher ou esp\u00e1tula, panela para banho-maria, recipiente resistente ao calor, formas de silicone, luvas e \u00e1lcool 70% para higienizar os materiais.<\/li>\n\n\n\n<li><strong>Derreter a base<\/strong><br>Cortar a base glicerinada em peda\u00e7os pequenos, aquecer em banho-maria ou micro-ondas em intervalos curtos e mexer at\u00e9 obter l\u00edquido uniforme, sem ferver.<\/li>\n\n\n\n<li><strong>Fazer o ch\u00e1 de camomila<\/strong><br>Preparar ch\u00e1 bem concentrado, coar para retirar res\u00edduos s\u00f3lidos e esperar amornar antes de usar na receita.<\/li>\n\n\n\n<li><strong>Incorporar o ch\u00e1 e o a\u00e7afr\u00e3o<\/strong><br>Adicionar o ch\u00e1 aos poucos na base l\u00edquida, mexendo devagar, e em seguida colocar o a\u00e7afr\u00e3o em p\u00f3, distribuindo bem para cor homog\u00eanea.<\/li>\n\n\n\n<li><strong>Adicionar mineral em p\u00f3 e \u00f3leo vegetal<\/strong><br>Peneirar a dolomita na mistura, mexendo para n\u00e3o formar grumos, e depois pingar o \u00f3leo de rosa mosqueta.<\/li>\n\n\n\n<li><strong>Moldar e deixar descansar<\/strong><br>Despejar nas formas, retirar bolhas batendo levemente, deixar endurecer e, ap\u00f3s desenformar, repousar em local seco e ventilado.<\/li>\n<\/ol>\n\n\n\n<p>Confira o v\u00eddeo compartilhado pelo canal do YouTube <strong><a href=\"https:\/\/www.youtube.com\/@PatriciaElias\" target=\"_blank\" rel=\"noreferrer noopener\">Patricia Elias<\/a><\/strong> ensinando na pr\u00e1tica como fazer um sabonete natural com grande rendimento para o rosto.<\/p>\n\n\n\n<figure class=\"wp-block-embed is-type-video is-provider-youtube wp-block-embed-youtube wp-embed-aspect-16-9 wp-has-aspect-ratio\"><div class=\"wp-block-embed__wrapper\">\n<div class=\"jeg_video_container jeg_video_content\"><iframe loading=\"lazy\" title=\"Fa\u00e7a esse SABONETE Natural para o Corpo e Rosto! Cheiroso e RENDE MUITO!\" width=\"500\" height=\"281\" src=\"https:\/\/www.youtube.com\/embed\/PW6qULExu2g?feature=oembed\" frameborder=\"0\" allow=\"accelerometer; autoplay; clipboard-write; encrypted-media; gyroscope; picture-in-picture; web-share\" referrerpolicy=\"strict-origin-when-cross-origin\" allowfullscreen><\/iframe><\/div>\n<\/div><\/figure>\n\n\n\n<h2 class=\"wp-block-heading\">Como incluir o sabonete de a\u00e7afr\u00e3o na rotina com seguran\u00e7a<\/h2>\n\n\n\n<p>Na rotina de cuidados, o&nbsp;<strong>sabonete de a\u00e7afr\u00e3o<\/strong>&nbsp;entra na etapa de limpeza do rosto ou do corpo, geralmente uma ou duas vezes ao dia. A pele \u00e9 molhada, forma-se espuma entre as m\u00e3os e o produto \u00e9 aplicado com movimentos circulares suaves, seguido de enx\u00e1gue abundante e aplica\u00e7\u00e3o de hidratante e filtro solar adequados.<\/p>\n\n\n\n<p>Alguns cuidados simples ajudam a tornar o uso mais seguro e eficiente, principalmente em peles sens\u00edveis ou em tratamento dermatol\u00f3gico:<\/p>\n\n\n\n<ul class=\"wp-block-list\">\n<li><strong>Frequ\u00eancia de uso<\/strong>\u00a0\u2013 peles oleosas toleram at\u00e9 duas lavagens di\u00e1rias; peles secas ou sens\u00edveis se beneficiam de uso \u00fanico ou dias alternados.<\/li>\n\n\n\n<li><strong>Teste de sensibilidade<\/strong>\u00a0\u2013 aplicar antes em pequena \u00e1rea (como antebra\u00e7o) e observar por 24 horas.<\/li>\n\n\n\n<li><strong>Cuidado com pelos claros<\/strong>\u00a0\u2013 o a\u00e7afr\u00e3o pode pigmentar fios, ent\u00e3o evite excesso em sobrancelhas e barba clara.<\/li>\n\n\n\n<li><strong>Prote\u00e7\u00e3o solar di\u00e1ria<\/strong>\u00a0\u2013 essencial para quem busca melhora de manchas, mesmo em dias nublados.<\/li>\n\n\n\n<li><strong>Armazenamento correto<\/strong>\u00a0\u2013 usar saboneteira vazada, deixando a barra secar entre usos para maior durabilidade.<\/li>\n<\/ul>\n\n\n\n<h2 class=\"wp-block-heading\">Por que testar o sabonete de a\u00e7afr\u00e3o e quando buscar ajuda profissional<\/h2>\n\n\n\n<p>Inserido com crit\u00e9rio, o sabonete de a\u00e7afr\u00e3o caseiro pode ser um aliado acess\u00edvel para higienizar, suavizar a apar\u00eancia de manchas leves, controlar a oleosidade e lidar com espinhas ocasionais. Por\u00e9m, em casos de acne intensa, manchas profundas ou ard\u00eancia persistente, a orienta\u00e7\u00e3o de um dermatologista \u00e9 indispens\u00e1vel.<\/p>\n\n\n\n<p>Se voc\u00ea convive com inc\u00f4modos na pele, n\u00e3o adie o cuidado: organize sua rotina, teste o sabonete com responsabilidade e marque uma consulta especializada o quanto antes para evitar que pequenas altera\u00e7\u00f5es se tornem problemas dif\u00edceis de tratar.<\/p>\n","protected":false},"excerpt":{"rendered":"<p>Entre as v\u00e1rias receitas de skincare que circulam hoje, o&nbsp;sabonete de a\u00e7afr\u00e3o caseiro&nbsp;vem ganhando espa\u00e7o como alternativa simples para quem lida com manchas, cravos, espinhas e oleosidade, funcionando como um refor\u00e7o na etapa de limpeza com ingredientes comuns em cosm\u00e9ticos naturais. Para que serve o sabonete de a\u00e7afr\u00e3o caseiro O&nbsp;sabonete artesanal de a\u00e7afr\u00e3o&nbsp;\u00e9 muito buscado [&hellip;]<\/p>\n","protected":false},"author":13,"featured_media":178237,"comment_status":"open","ping_status":"open","sticky":false,"template":"","format":"standard","meta":{"jnews-multi-image_gallery":[],"jnews_single_post":{"format":"standard"},"jnews_primary_category":[],"jnews_social_meta":[],"jnews_override_counter":[],"footnotes":""},"categories":[8819],"tags":[712,25787,4948],"class_list":["post-178230","post","type-post","status-publish","format-standard","has-post-thumbnail","hentry","category-curiosidades","tag-autocuidado","tag-sabonete-de-acafrao","tag-skincare"],"yoast_head":"<!-- This site is optimized with the Yoast SEO plugin v23.8 - https:\/\/yoast.com\/wordpress\/plugins\/seo\/ -->\n<title>O sabonete caseiro que muita gente come\u00e7ou a usar para manchas, espinhas e oleosidade da pele - Estado de Minas - Em foco<\/title>\n<meta name=\"description\" content=\"Um sabonete caseiro com ingrediente natural est\u00e1 chamando aten\u00e7\u00e3o de quem busca melhorar manchas, espinhas e oleosidade.\" \/>\n<meta name=\"robots\" content=\"index, follow, max-snippet:-1, max-image-preview:large, max-video-preview:-1\" \/>\n<link rel=\"canonical\" href=\"https:\/\/www.em.com.br\/emfoco\/2026\/03\/09\/o-sabonete-caseiro-que-muita-gente-comecou-a-usar-para-manchas-espinhas-e-oleosidade-da-pele\/\" \/>\n<meta property=\"og:locale\" content=\"pt_BR\" \/>\n<meta property=\"og:type\" content=\"article\" \/>\n<meta property=\"og:title\" content=\"O sabonete caseiro que muita gente come\u00e7ou a usar para manchas, espinhas e oleosidade da pele - Estado de Minas - Em foco\" \/>\n<meta property=\"og:description\" content=\"Um sabonete caseiro com ingrediente natural est\u00e1 chamando aten\u00e7\u00e3o de quem busca melhorar manchas, espinhas e oleosidade.\" \/>\n<meta property=\"og:url\" content=\"https:\/\/www.em.com.br\/emfoco\/2026\/03\/09\/o-sabonete-caseiro-que-muita-gente-comecou-a-usar-para-manchas-espinhas-e-oleosidade-da-pele\/\" \/>\n<meta property=\"og:site_name\" content=\"Estado de Minas - Em foco\" \/>\n<meta property=\"article:published_time\" content=\"2026-03-10T01:05:00+00:00\" \/>\n<meta property=\"article:modified_time\" content=\"2026-03-06T02:49:36+00:00\" \/>\n<meta property=\"og:image\" content=\"https:\/\/www.em.com.br\/emfoco\/wp-content\/uploads\/2026\/03\/5-24.jpg\" \/>\n\t<meta property=\"og:image:width\" content=\"1280\" \/>\n\t<meta property=\"og:image:height\" content=\"720\" \/>\n\t<meta property=\"og:image:type\" content=\"image\/jpeg\" \/>\n<meta name=\"author\" content=\"Gabriel Martins\" \/>\n<meta name=\"twitter:card\" content=\"summary_large_image\" \/>\n<meta name=\"twitter:label1\" content=\"Escrito por\" \/>\n\t<meta name=\"twitter:data1\" content=\"Gabriel Martins\" \/>\n\t<meta name=\"twitter:label2\" content=\"Est. tempo de leitura\" \/>\n\t<meta name=\"twitter:data2\" content=\"5 minutos\" \/>\n<!-- \/ Yoast SEO plugin. -->","yoast_head_json":{"title":"O sabonete caseiro que muita gente come\u00e7ou a usar para manchas, espinhas e oleosidade da pele - Estado de Minas - Em foco","description":"Um sabonete caseiro com ingrediente natural est\u00e1 chamando aten\u00e7\u00e3o de quem busca melhorar manchas, espinhas e oleosidade.","robots":{"index":"index","follow":"follow","max-snippet":"max-snippet:-1","max-image-preview":"max-image-preview:large","max-video-preview":"max-video-preview:-1"},"canonical":"https:\/\/www.em.com.br\/emfoco\/2026\/03\/09\/o-sabonete-caseiro-que-muita-gente-comecou-a-usar-para-manchas-espinhas-e-oleosidade-da-pele\/","og_locale":"pt_BR","og_type":"article","og_title":"O sabonete caseiro que muita gente come\u00e7ou a usar para manchas, espinhas e oleosidade da pele - Estado de Minas - Em foco","og_description":"Um sabonete caseiro com ingrediente natural est\u00e1 chamando aten\u00e7\u00e3o de quem busca melhorar manchas, espinhas e oleosidade.","og_url":"https:\/\/www.em.com.br\/emfoco\/2026\/03\/09\/o-sabonete-caseiro-que-muita-gente-comecou-a-usar-para-manchas-espinhas-e-oleosidade-da-pele\/","og_site_name":"Estado de Minas - Em foco","article_published_time":"2026-03-10T01:05:00+00:00","article_modified_time":"2026-03-06T02:49:36+00:00","og_image":[{"width":1280,"height":720,"url":"https:\/\/www.em.com.br\/emfoco\/wp-content\/uploads\/2026\/03\/5-24.jpg","type":"image\/jpeg"}],"author":"Gabriel Martins","twitter_card":"summary_large_image","twitter_misc":{"Escrito por":"Gabriel Martins","Est. tempo de leitura":"5 minutos"},"schema":{"@context":"https:\/\/schema.org","@graph":[{"@type":"WebPage","@id":"https:\/\/www.em.com.br\/emfoco\/2026\/03\/09\/o-sabonete-caseiro-que-muita-gente-comecou-a-usar-para-manchas-espinhas-e-oleosidade-da-pele\/","url":"https:\/\/www.em.com.br\/emfoco\/2026\/03\/09\/o-sabonete-caseiro-que-muita-gente-comecou-a-usar-para-manchas-espinhas-e-oleosidade-da-pele\/","name":"O sabonete caseiro que muita gente come\u00e7ou a usar para manchas, espinhas e oleosidade da pele - Estado de Minas - Em foco","isPartOf":{"@id":"https:\/\/www.em.com.br\/emfoco\/#website"},"primaryImageOfPage":{"@id":"https:\/\/www.em.com.br\/emfoco\/2026\/03\/09\/o-sabonete-caseiro-que-muita-gente-comecou-a-usar-para-manchas-espinhas-e-oleosidade-da-pele\/#primaryimage"},"image":{"@id":"https:\/\/www.em.com.br\/emfoco\/2026\/03\/09\/o-sabonete-caseiro-que-muita-gente-comecou-a-usar-para-manchas-espinhas-e-oleosidade-da-pele\/#primaryimage"},"thumbnailUrl":"https:\/\/www.em.com.br\/emfoco\/wp-content\/uploads\/2026\/03\/5-24.jpg","datePublished":"2026-03-10T01:05:00+00:00","dateModified":"2026-03-06T02:49:36+00:00","author":{"@id":"https:\/\/www.em.com.br\/emfoco\/#\/schema\/person\/1c9ddeab18b98abeffef834667bcf08a"},"description":"Um sabonete caseiro com ingrediente natural est\u00e1 chamando aten\u00e7\u00e3o de quem busca melhorar manchas, espinhas e oleosidade.","breadcrumb":{"@id":"https:\/\/www.em.com.br\/emfoco\/2026\/03\/09\/o-sabonete-caseiro-que-muita-gente-comecou-a-usar-para-manchas-espinhas-e-oleosidade-da-pele\/#breadcrumb"},"inLanguage":"pt-BR","potentialAction":[{"@type":"ReadAction","target":["https:\/\/www.em.com.br\/emfoco\/2026\/03\/09\/o-sabonete-caseiro-que-muita-gente-comecou-a-usar-para-manchas-espinhas-e-oleosidade-da-pele\/"]}]},{"@type":"ImageObject","inLanguage":"pt-BR","@id":"https:\/\/www.em.com.br\/emfoco\/2026\/03\/09\/o-sabonete-caseiro-que-muita-gente-comecou-a-usar-para-manchas-espinhas-e-oleosidade-da-pele\/#primaryimage","url":"https:\/\/www.em.com.br\/emfoco\/wp-content\/uploads\/2026\/03\/5-24.jpg","contentUrl":"https:\/\/www.em.com.br\/emfoco\/wp-content\/uploads\/2026\/03\/5-24.jpg","width":1280,"height":720,"caption":"Sabonete de a\u00e7afr\u00e3o atua como refor\u00e7o natural na limpeza da pele"},{"@type":"BreadcrumbList","@id":"https:\/\/www.em.com.br\/emfoco\/2026\/03\/09\/o-sabonete-caseiro-que-muita-gente-comecou-a-usar-para-manchas-espinhas-e-oleosidade-da-pele\/#breadcrumb","itemListElement":[{"@type":"ListItem","position":1,"name":"In\u00edcio","item":"https:\/\/www.em.com.br\/emfoco\/"},{"@type":"ListItem","position":2,"name":"O sabonete caseiro que muita gente come\u00e7ou a usar para manchas, espinhas e oleosidade da pele"}]},{"@type":"WebSite","@id":"https:\/\/www.em.com.br\/emfoco\/#website","url":"https:\/\/www.em.com.br\/emfoco\/","name":"Estado de Minas - Em foco","description":"Acompanhe as \u00faltimas not\u00edcias e fique bem informado sobre tudo o que acontece em Minas Gerais, Brasil e no mundo.","potentialAction":[{"@type":"SearchAction","target":{"@type":"EntryPoint","urlTemplate":"https:\/\/www.em.com.br\/emfoco\/?s={search_term_string}"},"query-input":{"@type":"PropertyValueSpecification","valueRequired":true,"valueName":"search_term_string"}}],"inLanguage":"pt-BR"},{"@type":"Person","@id":"https:\/\/www.em.com.br\/emfoco\/#\/schema\/person\/1c9ddeab18b98abeffef834667bcf08a","name":"Gabriel Martins","image":{"@type":"ImageObject","inLanguage":"pt-BR","@id":"https:\/\/www.em.com.br\/emfoco\/#\/schema\/person\/image\/","url":"https:\/\/secure.gravatar.com\/avatar\/f0f1e2efdfd88f1ad2cb08c5c2731e50?s=96&d=mm&r=g","contentUrl":"https:\/\/secure.gravatar.com\/avatar\/f0f1e2efdfd88f1ad2cb08c5c2731e50?s=96&d=mm&r=g","caption":"Gabriel Martins"},"sameAs":["https:\/\/www.em.com.br\/emfoco\/"],"url":"https:\/\/www.em.com.br\/emfoco\/author\/gabrielmartinsmyth\/"}]}},"_links":{"self":[{"href":"https:\/\/www.em.com.br\/emfoco\/wp-json\/wp\/v2\/posts\/178230","targetHints":{"allow":["GET"]}}],"collection":[{"href":"https:\/\/www.em.com.br\/emfoco\/wp-json\/wp\/v2\/posts"}],"about":[{"href":"https:\/\/www.em.com.br\/emfoco\/wp-json\/wp\/v2\/types\/post"}],"author":[{"embeddable":true,"href":"https:\/\/www.em.com.br\/emfoco\/wp-json\/wp\/v2\/users\/13"}],"replies":[{"embeddable":true,"href":"https:\/\/www.em.com.br\/emfoco\/wp-json\/wp\/v2\/comments?post=178230"}],"version-history":[{"count":1,"href":"https:\/\/www.em.com.br\/emfoco\/wp-json\/wp\/v2\/posts\/178230\/revisions"}],"predecessor-version":[{"id":178238,"href":"https:\/\/www.em.com.br\/emfoco\/wp-json\/wp\/v2\/posts\/178230\/revisions\/178238"}],"wp:featuredmedia":[{"embeddable":true,"href":"https:\/\/www.em.com.br\/emfoco\/wp-json\/wp\/v2\/media\/178237"}],"wp:attachment":[{"href":"https:\/\/www.em.com.br\/emfoco\/wp-json\/wp\/v2\/media?parent=178230"}],"wp:term":[{"taxonomy":"category","embeddable":true,"href":"https:\/\/www.em.com.br\/emfoco\/wp-json\/wp\/v2\/categories?post=178230"},{"taxonomy":"post_tag","embeddable":true,"href":"https:\/\/www.em.com.br\/emfoco\/wp-json\/wp\/v2\/tags?post=178230"}],"curies":[{"name":"wp","href":"https:\/\/api.w.org\/{rel}","templated":true}]}}