{"id":178229,"date":"2026-03-09T16:35:00","date_gmt":"2026-03-09T19:35:00","guid":{"rendered":"https:\/\/www.em.com.br\/emfoco\/?p=178229"},"modified":"2026-03-05T23:50:22","modified_gmt":"2026-03-06T02:50:22","slug":"depilar-as-pernas-parece-simples-mas-esse-erro-pode-causar-ardencia-e-pontinhos-de-sangue","status":"publish","type":"post","link":"https:\/\/www.em.com.br\/emfoco\/2026\/03\/09\/depilar-as-pernas-parece-simples-mas-esse-erro-pode-causar-ardencia-e-pontinhos-de-sangue\/","title":{"rendered":"Depilar as pernas parece simples, mas esse erro pode causar ard\u00eancia e pontinhos de sangue"},"content":{"rendered":"\n<p>Depilar as pernas em casa faz parte da rotina de autocuidado de muita gente, mas nem sempre a pele reage bem. Ard\u00eancia, coceira, vermelhid\u00e3o e pequenos pontinhos de sangue costumam aparecer quando o processo \u00e9 feito sem preparo ou com produtos inadequados. Com alguns ajustes simples \u2014 antes, durante e depois da depila\u00e7\u00e3o \u2014 \u00e9 poss\u00edvel deixar esse momento muito mais confort\u00e1vel e com menos agress\u00f5es \u00e0 pele.<\/p>\n\n\n\n<h2 class=\"wp-block-heading\">O que deixa a pele das pernas mais sens\u00edvel na depila\u00e7\u00e3o<\/h2>\n\n\n\n<p>A pele das pernas atua como uma barreira de prote\u00e7\u00e3o, composta por c\u00e9lulas, lip\u00eddios naturais e microrganismos que vivem na superf\u00edcie. Quando a depila\u00e7\u00e3o \u00e9 feita de maneira brusca, parte dessa barreira \u00e9 removida junto com os pelos, aumentando o risco de microfissuras e irrita\u00e7\u00f5es.<\/p>\n\n\n\n<p>H\u00e1bitos como depilar com pressa, usar l\u00e2minas antigas, escolher sabonetes muito detergentes ou pular a <strong><a href=\"https:\/\/www.em.com.br\/emfoco\/2026\/03\/04\/do-banho-a-hidratacao-passos-simples-para-salvar-a-pele-madura-do-ressecamento-diario\/\" target=\"_blank\" rel=\"noreferrer noopener\">hidrata\u00e7\u00e3o <\/a><\/strong>deixam a pele mais ressecada e reativa. Em peles naturalmente secas, com dermatite, foliculite ou sensibilidade, esses fatores se somam e favorecem ardor, coceira e at\u00e9 infec\u00e7\u00f5es leves.<\/p>\n\n\n\n<figure class=\"wp-block-image size-large\"><img loading=\"lazy\" decoding=\"async\" width=\"1024\" height=\"576\" src=\"https:\/\/www.em.com.br\/emfoco\/wp-content\/uploads\/2026\/03\/1-29-1024x576.jpg\" alt=\"Depilar as pernas parece simples, mas esse erro pode causar ard\u00eancia e pontinhos de sangue\" class=\"wp-image-178233\" srcset=\"https:\/\/www.em.com.br\/emfoco\/wp-content\/uploads\/2026\/03\/1-29-1024x576.jpg 1024w, https:\/\/www.em.com.br\/emfoco\/wp-content\/uploads\/2026\/03\/1-29-300x169.jpg 300w, https:\/\/www.em.com.br\/emfoco\/wp-content\/uploads\/2026\/03\/1-29-768x432.jpg 768w, https:\/\/www.em.com.br\/emfoco\/wp-content\/uploads\/2026\/03\/1-29-750x422.jpg 750w, https:\/\/www.em.com.br\/emfoco\/wp-content\/uploads\/2026\/03\/1-29-1140x641.jpg 1140w, https:\/\/www.em.com.br\/emfoco\/wp-content\/uploads\/2026\/03\/1-29.jpg 1280w\" sizes=\"auto, (max-width: 1024px) 100vw, 1024px\" \/><figcaption class=\"wp-element-caption\">Retirada brusca dos pelos pode remover parte da barreira de prote\u00e7\u00e3o<\/figcaption><\/figure>\n\n\n\n<h2 class=\"wp-block-heading\">Como preparar a pele para depilar as pernas sem irrita\u00e7\u00e3o<\/h2>\n\n\n\n<p>O preparo da pele \u00e9 um dos pontos-chave para depilar as pernas sem irritar. Antes de pensar na l\u00e2mina, \u00e9 importante que a regi\u00e3o esteja limpa, com os pelos amolecidos e a superf\u00edcie livre de res\u00edduos de suor, polui\u00e7\u00e3o ou cremes muito espessos.<\/p>\n\n\n\n<p>Um banho morno ajuda a remover impurezas do dia e deixa os fios mais male\u00e1veis, facilitando o corte. Uma esfolia\u00e7\u00e3o suave, um ou dois dias antes, pode liberar pelos presos sob a pele sem causar vermelhid\u00e3o intensa. Na pr\u00e1tica, alguns cuidados simples fazem diferen\u00e7a:<\/p>\n\n\n\n<ul class=\"wp-block-list\">\n<li>Lavar as pernas com sabonete de limpeza suave antes da depila\u00e7\u00e3o;<\/li>\n\n\n\n<li>Preferir \u00e1gua morna para ajudar a amolecer os fios;<\/li>\n\n\n\n<li>Realizar esfolia\u00e7\u00e3o leve em dias alternados, sem excesso de fric\u00e7\u00e3o;<\/li>\n\n\n\n<li>Observar se h\u00e1 feridas abertas, cortes recentes ou sinais de infec\u00e7\u00e3o.<\/li>\n<\/ul>\n\n\n\n<h2 class=\"wp-block-heading\">Como depilar as pernas com l\u00e2mina de forma delicada<\/h2>\n\n\n\n<p>Na retirada dos pelos, a combina\u00e7\u00e3o de boa lubrifica\u00e7\u00e3o e t\u00e9cnica gentil \u00e9 essencial. Depilar \u201cno seco\u201d ou apenas com \u00e1gua aumenta o atrito e a chance de cortes, por isso g\u00e9is, espumas ou cremes espec\u00edficos criam uma pel\u00edcula escorregadia que protege melhor a pele.<\/p>\n\n\n\n<ol class=\"wp-block-list\">\n<li>Aplicar uma camada uniforme de gel ou creme de barbear nas pernas \u00famidas;<\/li>\n\n\n\n<li>Segurar o cabo da l\u00e2mina com firmeza, mantendo a m\u00e3o est\u00e1vel;<\/li>\n\n\n\n<li>Deslizar o aparelho em movimentos suaves, sem apertar contra a pele;<\/li>\n\n\n\n<li>Enxaguar a l\u00e2mina com frequ\u00eancia para retirar pelos e produto acumulados;<\/li>\n\n\n\n<li>Interromper o processo se surgirem cortes maiores ou ard\u00eancia intensa.<\/li>\n<\/ol>\n\n\n\n<h2 class=\"wp-block-heading\">Que tipo de l\u00e2mina e dire\u00e7\u00e3o de corte ajudam a evitar irrita\u00e7\u00e3o<\/h2>\n\n\n\n<p>L\u00e2minas afiadas, bem conservadas e com cabe\u00e7a m\u00f3vel tendem a deslizar melhor e puxar menos os pelos, reduzindo a necessidade de v\u00e1rias passagens no mesmo local. Evitar aparelhos enferrujados, deformados ou compartilhados com outras pessoas diminui o risco de contamina\u00e7\u00f5es.<\/p>\n\n\n\n<p>A dire\u00e7\u00e3o do corte tamb\u00e9m influencia no conforto. Normalmente, come\u00e7ar passando a l\u00e2mina no sentido de crescimento dos pelos agride menos a pele. Em \u00e1reas com muitos pelos encravados ou sensibilidade, manter a depila\u00e7\u00e3o apenas no sentido de crescimento pode reduzir bastante a irrita\u00e7\u00e3o.<\/p>\n\n\n\n<p>Confira o v\u00eddeo compartilhado pelo canal do YouTube <strong><a href=\"https:\/\/www.youtube.com\/@DraMarinaHayashida\" target=\"_blank\" rel=\"noreferrer noopener\">Dra. Marina Hayashida<\/a><\/strong> dando dicas de como acabar com a foliculite e manchas na pele ap\u00f3s a depila\u00e7\u00e3o.<\/p>\n\n\n\n<figure class=\"wp-block-embed is-type-video is-provider-youtube wp-block-embed-youtube wp-embed-aspect-16-9 wp-has-aspect-ratio\"><div class=\"wp-block-embed__wrapper\">\n<div class=\"jeg_video_container jeg_video_content\"><iframe loading=\"lazy\" title=\"Como n\u00e3o ter MANCHAS e FOLICULITE ap\u00f3s a DEPILA\u00c7\u00c3O\" width=\"500\" height=\"281\" src=\"https:\/\/www.youtube.com\/embed\/0CdsTVizU2Q?feature=oembed\" frameborder=\"0\" allow=\"accelerometer; autoplay; clipboard-write; encrypted-media; gyroscope; picture-in-picture; web-share\" referrerpolicy=\"strict-origin-when-cross-origin\" allowfullscreen><\/iframe><\/div>\n<\/div><\/figure>\n\n\n\n<h2 class=\"wp-block-heading\">Quais cuidados depois de depilar as pernas garantem melhor recupera\u00e7\u00e3o<\/h2>\n\n\n\n<p>Depois da depila\u00e7\u00e3o, a pele precisa de calma e reparo. Enxaguar as pernas com \u00e1gua fresca remove res\u00edduos de produtos e ajuda a aliviar a regi\u00e3o, enquanto secar com toques leves, sem esfregar, evita reativar a sensa\u00e7\u00e3o de ard\u00eancia ou coceira.<\/p>\n\n\n\n<p>Na sequ\u00eancia, aposte em lo\u00e7\u00f5es leves, pouco perfumadas e com ativos calmantes, como pantenol, alanto\u00edna, aloe vera e aveia coloidal. Evite roupas muito justas, tecidos \u00e1speros e sol direto nas primeiras horas. Comece hoje a ajustar sua rotina: observe a rea\u00e7\u00e3o da sua pele, teste novos intervalos entre depila\u00e7\u00f5es e fa\u00e7a desses cuidados uma prioridade imediata para conquistar pernas lisas, confort\u00e1veis e bem cuidadas em cada depila\u00e7\u00e3o.<\/p>\n","protected":false},"excerpt":{"rendered":"<p>Depilar as pernas em casa faz parte da rotina de autocuidado de muita gente, mas nem sempre a pele reage bem. Ard\u00eancia, coceira, vermelhid\u00e3o e pequenos pontinhos de sangue costumam aparecer quando o processo \u00e9 feito sem preparo ou com produtos inadequados. Com alguns ajustes simples \u2014 antes, durante e depois da depila\u00e7\u00e3o \u2014 \u00e9 [&hellip;]<\/p>\n","protected":false},"author":13,"featured_media":178239,"comment_status":"open","ping_status":"open","sticky":false,"template":"","format":"standard","meta":{"jnews-multi-image_gallery":[],"jnews_single_post":{"format":"standard"},"jnews_primary_category":[],"jnews_social_meta":[],"jnews_override_counter":[],"footnotes":""},"categories":[8819],"tags":[712,14887,25788],"class_list":["post-178229","post","type-post","status-publish","format-standard","has-post-thumbnail","hentry","category-curiosidades","tag-autocuidado","tag-cuidado-com-o-corpo","tag-depilar-as-pernas"],"yoast_head":"<!-- This site is optimized with the Yoast SEO plugin v23.8 - https:\/\/yoast.com\/wordpress\/plugins\/seo\/ -->\n<title>Depilar as pernas parece simples, mas esse erro pode causar ard\u00eancia e pontinhos de sangue - Estado de Minas - Em foco<\/title>\n<meta name=\"description\" content=\"Irrita\u00e7\u00e3o, coceira e vermelhid\u00e3o nas pernas ap\u00f3s a depila\u00e7\u00e3o s\u00e3o comuns. Veja quais cuidados ajudam a proteger a pele e evitar desconfortos.\" \/>\n<meta name=\"robots\" content=\"index, follow, max-snippet:-1, max-image-preview:large, max-video-preview:-1\" \/>\n<link rel=\"canonical\" href=\"https:\/\/www.em.com.br\/emfoco\/2026\/03\/09\/depilar-as-pernas-parece-simples-mas-esse-erro-pode-causar-ardencia-e-pontinhos-de-sangue\/\" \/>\n<meta property=\"og:locale\" content=\"pt_BR\" \/>\n<meta property=\"og:type\" content=\"article\" \/>\n<meta property=\"og:title\" content=\"Depilar as pernas parece simples, mas esse erro pode causar ard\u00eancia e pontinhos de sangue - Estado de Minas - Em foco\" \/>\n<meta property=\"og:description\" content=\"Irrita\u00e7\u00e3o, coceira e vermelhid\u00e3o nas pernas ap\u00f3s a depila\u00e7\u00e3o s\u00e3o comuns. Veja quais cuidados ajudam a proteger a pele e evitar desconfortos.\" \/>\n<meta property=\"og:url\" content=\"https:\/\/www.em.com.br\/emfoco\/2026\/03\/09\/depilar-as-pernas-parece-simples-mas-esse-erro-pode-causar-ardencia-e-pontinhos-de-sangue\/\" \/>\n<meta property=\"og:site_name\" content=\"Estado de Minas - Em foco\" \/>\n<meta property=\"article:published_time\" content=\"2026-03-09T19:35:00+00:00\" \/>\n<meta property=\"article:modified_time\" content=\"2026-03-06T02:50:22+00:00\" \/>\n<meta property=\"og:image\" content=\"https:\/\/www.em.com.br\/emfoco\/wp-content\/uploads\/2026\/03\/2-26.jpg\" \/>\n\t<meta property=\"og:image:width\" content=\"1280\" \/>\n\t<meta property=\"og:image:height\" content=\"720\" \/>\n\t<meta property=\"og:image:type\" content=\"image\/jpeg\" \/>\n<meta name=\"author\" content=\"Gabriel Martins\" \/>\n<meta name=\"twitter:card\" content=\"summary_large_image\" \/>\n<meta name=\"twitter:label1\" content=\"Escrito por\" \/>\n\t<meta name=\"twitter:data1\" content=\"Gabriel Martins\" \/>\n\t<meta name=\"twitter:label2\" content=\"Est. tempo de leitura\" \/>\n\t<meta name=\"twitter:data2\" content=\"5 minutos\" \/>\n<!-- \/ Yoast SEO plugin. -->","yoast_head_json":{"title":"Depilar as pernas parece simples, mas esse erro pode causar ard\u00eancia e pontinhos de sangue - Estado de Minas - Em foco","description":"Irrita\u00e7\u00e3o, coceira e vermelhid\u00e3o nas pernas ap\u00f3s a depila\u00e7\u00e3o s\u00e3o comuns. Veja quais cuidados ajudam a proteger a pele e evitar desconfortos.","robots":{"index":"index","follow":"follow","max-snippet":"max-snippet:-1","max-image-preview":"max-image-preview:large","max-video-preview":"max-video-preview:-1"},"canonical":"https:\/\/www.em.com.br\/emfoco\/2026\/03\/09\/depilar-as-pernas-parece-simples-mas-esse-erro-pode-causar-ardencia-e-pontinhos-de-sangue\/","og_locale":"pt_BR","og_type":"article","og_title":"Depilar as pernas parece simples, mas esse erro pode causar ard\u00eancia e pontinhos de sangue - Estado de Minas - Em foco","og_description":"Irrita\u00e7\u00e3o, coceira e vermelhid\u00e3o nas pernas ap\u00f3s a depila\u00e7\u00e3o s\u00e3o comuns. Veja quais cuidados ajudam a proteger a pele e evitar desconfortos.","og_url":"https:\/\/www.em.com.br\/emfoco\/2026\/03\/09\/depilar-as-pernas-parece-simples-mas-esse-erro-pode-causar-ardencia-e-pontinhos-de-sangue\/","og_site_name":"Estado de Minas - Em foco","article_published_time":"2026-03-09T19:35:00+00:00","article_modified_time":"2026-03-06T02:50:22+00:00","og_image":[{"width":1280,"height":720,"url":"https:\/\/www.em.com.br\/emfoco\/wp-content\/uploads\/2026\/03\/2-26.jpg","type":"image\/jpeg"}],"author":"Gabriel Martins","twitter_card":"summary_large_image","twitter_misc":{"Escrito por":"Gabriel Martins","Est. tempo de leitura":"5 minutos"},"schema":{"@context":"https:\/\/schema.org","@graph":[{"@type":"WebPage","@id":"https:\/\/www.em.com.br\/emfoco\/2026\/03\/09\/depilar-as-pernas-parece-simples-mas-esse-erro-pode-causar-ardencia-e-pontinhos-de-sangue\/","url":"https:\/\/www.em.com.br\/emfoco\/2026\/03\/09\/depilar-as-pernas-parece-simples-mas-esse-erro-pode-causar-ardencia-e-pontinhos-de-sangue\/","name":"Depilar as pernas parece simples, mas esse erro pode causar ard\u00eancia e pontinhos de sangue - Estado de Minas - Em foco","isPartOf":{"@id":"https:\/\/www.em.com.br\/emfoco\/#website"},"primaryImageOfPage":{"@id":"https:\/\/www.em.com.br\/emfoco\/2026\/03\/09\/depilar-as-pernas-parece-simples-mas-esse-erro-pode-causar-ardencia-e-pontinhos-de-sangue\/#primaryimage"},"image":{"@id":"https:\/\/www.em.com.br\/emfoco\/2026\/03\/09\/depilar-as-pernas-parece-simples-mas-esse-erro-pode-causar-ardencia-e-pontinhos-de-sangue\/#primaryimage"},"thumbnailUrl":"https:\/\/www.em.com.br\/emfoco\/wp-content\/uploads\/2026\/03\/2-26.jpg","datePublished":"2026-03-09T19:35:00+00:00","dateModified":"2026-03-06T02:50:22+00:00","author":{"@id":"https:\/\/www.em.com.br\/emfoco\/#\/schema\/person\/1c9ddeab18b98abeffef834667bcf08a"},"description":"Irrita\u00e7\u00e3o, coceira e vermelhid\u00e3o nas pernas ap\u00f3s a depila\u00e7\u00e3o s\u00e3o comuns. Veja quais cuidados ajudam a proteger a pele e evitar desconfortos.","breadcrumb":{"@id":"https:\/\/www.em.com.br\/emfoco\/2026\/03\/09\/depilar-as-pernas-parece-simples-mas-esse-erro-pode-causar-ardencia-e-pontinhos-de-sangue\/#breadcrumb"},"inLanguage":"pt-BR","potentialAction":[{"@type":"ReadAction","target":["https:\/\/www.em.com.br\/emfoco\/2026\/03\/09\/depilar-as-pernas-parece-simples-mas-esse-erro-pode-causar-ardencia-e-pontinhos-de-sangue\/"]}]},{"@type":"ImageObject","inLanguage":"pt-BR","@id":"https:\/\/www.em.com.br\/emfoco\/2026\/03\/09\/depilar-as-pernas-parece-simples-mas-esse-erro-pode-causar-ardencia-e-pontinhos-de-sangue\/#primaryimage","url":"https:\/\/www.em.com.br\/emfoco\/wp-content\/uploads\/2026\/03\/2-26.jpg","contentUrl":"https:\/\/www.em.com.br\/emfoco\/wp-content\/uploads\/2026\/03\/2-26.jpg","width":1280,"height":720,"caption":"Preparo adequado da pele garante depila\u00e7\u00e3o das pernas com mais conforto"},{"@type":"BreadcrumbList","@id":"https:\/\/www.em.com.br\/emfoco\/2026\/03\/09\/depilar-as-pernas-parece-simples-mas-esse-erro-pode-causar-ardencia-e-pontinhos-de-sangue\/#breadcrumb","itemListElement":[{"@type":"ListItem","position":1,"name":"In\u00edcio","item":"https:\/\/www.em.com.br\/emfoco\/"},{"@type":"ListItem","position":2,"name":"Depilar as pernas parece simples, mas esse erro pode causar ard\u00eancia e pontinhos de sangue"}]},{"@type":"WebSite","@id":"https:\/\/www.em.com.br\/emfoco\/#website","url":"https:\/\/www.em.com.br\/emfoco\/","name":"Estado de Minas - Em foco","description":"Acompanhe as \u00faltimas not\u00edcias e fique bem informado sobre tudo o que acontece em Minas Gerais, Brasil e no mundo.","potentialAction":[{"@type":"SearchAction","target":{"@type":"EntryPoint","urlTemplate":"https:\/\/www.em.com.br\/emfoco\/?s={search_term_string}"},"query-input":{"@type":"PropertyValueSpecification","valueRequired":true,"valueName":"search_term_string"}}],"inLanguage":"pt-BR"},{"@type":"Person","@id":"https:\/\/www.em.com.br\/emfoco\/#\/schema\/person\/1c9ddeab18b98abeffef834667bcf08a","name":"Gabriel Martins","image":{"@type":"ImageObject","inLanguage":"pt-BR","@id":"https:\/\/www.em.com.br\/emfoco\/#\/schema\/person\/image\/","url":"https:\/\/secure.gravatar.com\/avatar\/f0f1e2efdfd88f1ad2cb08c5c2731e50?s=96&d=mm&r=g","contentUrl":"https:\/\/secure.gravatar.com\/avatar\/f0f1e2efdfd88f1ad2cb08c5c2731e50?s=96&d=mm&r=g","caption":"Gabriel Martins"},"sameAs":["https:\/\/www.em.com.br\/emfoco\/"],"url":"https:\/\/www.em.com.br\/emfoco\/author\/gabrielmartinsmyth\/"}]}},"_links":{"self":[{"href":"https:\/\/www.em.com.br\/emfoco\/wp-json\/wp\/v2\/posts\/178229","targetHints":{"allow":["GET"]}}],"collection":[{"href":"https:\/\/www.em.com.br\/emfoco\/wp-json\/wp\/v2\/posts"}],"about":[{"href":"https:\/\/www.em.com.br\/emfoco\/wp-json\/wp\/v2\/types\/post"}],"author":[{"embeddable":true,"href":"https:\/\/www.em.com.br\/emfoco\/wp-json\/wp\/v2\/users\/13"}],"replies":[{"embeddable":true,"href":"https:\/\/www.em.com.br\/emfoco\/wp-json\/wp\/v2\/comments?post=178229"}],"version-history":[{"count":1,"href":"https:\/\/www.em.com.br\/emfoco\/wp-json\/wp\/v2\/posts\/178229\/revisions"}],"predecessor-version":[{"id":178240,"href":"https:\/\/www.em.com.br\/emfoco\/wp-json\/wp\/v2\/posts\/178229\/revisions\/178240"}],"wp:featuredmedia":[{"embeddable":true,"href":"https:\/\/www.em.com.br\/emfoco\/wp-json\/wp\/v2\/media\/178239"}],"wp:attachment":[{"href":"https:\/\/www.em.com.br\/emfoco\/wp-json\/wp\/v2\/media?parent=178229"}],"wp:term":[{"taxonomy":"category","embeddable":true,"href":"https:\/\/www.em.com.br\/emfoco\/wp-json\/wp\/v2\/categories?post=178229"},{"taxonomy":"post_tag","embeddable":true,"href":"https:\/\/www.em.com.br\/emfoco\/wp-json\/wp\/v2\/tags?post=178229"}],"curies":[{"name":"wp","href":"https:\/\/api.w.org\/{rel}","templated":true}]}}