{"id":178228,"date":"2026-03-09T19:15:00","date_gmt":"2026-03-09T22:15:00","guid":{"rendered":"https:\/\/www.em.com.br\/emfoco\/?p=178228"},"modified":"2026-03-08T16:54:35","modified_gmt":"2026-03-08T19:54:35","slug":"misturei-esse-ingrediente-no-meu-creme-da-niveae-vi-as-manchas-desaparecem-da-minha-pele","status":"publish","type":"post","link":"https:\/\/www.em.com.br\/emfoco\/2026\/03\/09\/misturei-esse-ingrediente-no-meu-creme-da-niveae-vi-as-manchas-desaparecem-da-minha-pele\/","title":{"rendered":"Misturei esse ingrediente no meu creme da NIVEA e vi as manchas desaparecem da minha pele"},"content":{"rendered":"\n<p>O uso de bicarbonato de s\u00f3dio com creme <strong>Nivea <\/strong>para clarear manchas escuras na pele viralizou nas redes sociais como uma solu\u00e7\u00e3o r\u00e1pida, barata e \u201cmilagrosa\u201d. Por\u00e9m, por tr\u00e1s desse truque caseiro existem riscos importantes para a sa\u00fade da pele, al\u00e9m de limites claros sobre o que receitas dom\u00e9sticas realmente conseguem fazer em casos de hiperpigmenta\u00e7\u00e3o.<\/p>\n\n\n\n<h2 class=\"wp-block-heading\">O que \u00e9 a mistura de bicarbonato com creme Nivea para clarear manchas escuras<\/h2>\n\n\n\n<p>A combina\u00e7\u00e3o costuma ser feita com o creme <strong>Nivea da lata azul<\/strong> e <strong>bicarbonato de s\u00f3dio<\/strong>, um p\u00f3 alcalino e levemente granulado. A proposta \u00e9 que o bicarbonato funcione como esfoliante f\u00edsico suave, enquanto o creme atua como base hidratante, formando uma pasta para \u00e1reas escurecidas como axilas, virilhas, joelhos ou cotovelos.<\/p>\n\n\n\n<p>Essa receita se popularizou em v\u00eddeos curtos, fotos de \u201cantes e depois\u201d e relatos pessoais, mas sem qualquer padroniza\u00e7\u00e3o de tempo de uso, frequ\u00eancia ou avalia\u00e7\u00e3o dermatol\u00f3gica. Como a rea\u00e7\u00e3o da pele ao bicarbonato varia muito, o que parece funcionar em uma pessoa pode causar ard\u00eancia, vermelhid\u00e3o ou at\u00e9 piora das manchas em outra.<\/p>\n\n\n\n<figure class=\"wp-block-image size-large\"><img loading=\"lazy\" decoding=\"async\" width=\"1024\" height=\"576\" src=\"https:\/\/www.em.com.br\/emfoco\/wp-content\/uploads\/2026\/03\/1-30-1024x576.jpg\" alt=\"Misturei esse ingrediente no meu creme da NIVEAe vi as manchas desaparecem da minha pele \" class=\"wp-image-178241\" srcset=\"https:\/\/www.em.com.br\/emfoco\/wp-content\/uploads\/2026\/03\/1-30-1024x576.jpg 1024w, https:\/\/www.em.com.br\/emfoco\/wp-content\/uploads\/2026\/03\/1-30-300x169.jpg 300w, https:\/\/www.em.com.br\/emfoco\/wp-content\/uploads\/2026\/03\/1-30-768x432.jpg 768w, https:\/\/www.em.com.br\/emfoco\/wp-content\/uploads\/2026\/03\/1-30-750x422.jpg 750w, https:\/\/www.em.com.br\/emfoco\/wp-content\/uploads\/2026\/03\/1-30-1140x641.jpg 1140w, https:\/\/www.em.com.br\/emfoco\/wp-content\/uploads\/2026\/03\/1-30.jpg 1280w\" sizes=\"auto, (max-width: 1024px) 100vw, 1024px\" \/><figcaption class=\"wp-element-caption\">Combina\u00e7\u00e3o popular de bicarbonato e creme carece de qualquer comprova\u00e7\u00e3o cient\u00edfica<\/figcaption><\/figure>\n\n\n\n<h2 class=\"wp-block-heading\">Essa mistura realmente clareia manchas escuras na pele<\/h2>\n\n\n\n<p>N\u00e3o h\u00e1 comprova\u00e7\u00e3o cient\u00edfica robusta de que a mistura de bicarbonato com creme Nivea seja eficaz para clarear manchas escuras de forma segura e previs\u00edvel. Em alguns casos, pode haver apenas melhora discreta na textura e no vi\u00e7o da pele, criando a impress\u00e3o visual de que a mancha clareou.<\/p>\n\n\n\n<p>Como manchas escurecidas t\u00eam causas diversas, como foliculite, atrito, depila\u00e7\u00e3o, altera\u00e7\u00f5es hormonais ou inflama\u00e7\u00f5es, tratar sem diagn\u00f3stico tende a gerar resultados limitados. Em consult\u00f3rio, dermatologistas preferem ativos espec\u00edficos, como niacinamida, \u00e1cido azelaico, alfa-arbutina, retinoides e tecnologias patenteadas, como o Thiamidol (Luminous 630) da linha NIVEA Cellular Luminous 630, sempre aliados ao uso correto de protetor solar.<\/p>\n\n\n\n<h2 class=\"wp-block-heading\">Quais s\u00e3o os principais riscos do uso frequente dessa combina\u00e7\u00e3o<\/h2>\n\n\n\n<p>O maior problema da receita est\u00e1 no <strong><a href=\"https:\/\/www.em.com.br\/emfoco\/2026\/03\/05\/ouro-branco-do-seu-armario-da-cozinha-aplicar-bicarbonato-de-sodio-no-cabelo-restaura-o-volume-e-a-saude-dos-fios\/\" target=\"_blank\" rel=\"noreferrer noopener\">bicarbonato de s\u00f3dio<\/a><\/strong>, que \u00e9 alcalino e pode desregular o pH naturalmente \u00e1cido da pele. Essa mudan\u00e7a fragiliza a barreira cut\u00e2nea, favorece ressecamento, sensibilidade e aumenta a chance de inflama\u00e7\u00e3o, especialmente quando somada ao atrito da esfolia\u00e7\u00e3o f\u00edsica.<\/p>\n\n\n\n<p>Em peles mais escuras ou com tend\u00eancia \u00e0 hiperpigmenta\u00e7\u00e3o p\u00f3s-inflamat\u00f3ria, o risco \u00e9 ainda maior, porque qualquer agress\u00e3o pode resultar em manchas mais intensas e persistentes. Alguns efeitos colaterais comuns incluem:<\/p>\n\n\n\n<ul class=\"wp-block-list\">\n<li><strong>Irrita\u00e7\u00e3o e vermelhid\u00e3o:<\/strong>\u00a0principalmente em \u00e1reas sens\u00edveis, como rosto, axilas e virilha.<\/li>\n\n\n\n<li><strong>Ard\u00eancia, queima\u00e7\u00e3o e coceira:<\/strong>\u00a0sinais de que a barreira da pele est\u00e1 sendo danificada.<\/li>\n\n\n\n<li><strong>Manchas de rebote:<\/strong>\u00a0escurecimento ap\u00f3s inflama\u00e7\u00e3o ou descama\u00e7\u00e3o excessiva.<\/li>\n\n\n\n<li><strong>Ressecamento intenso e descama\u00e7\u00e3o:<\/strong>\u00a0deixando a pele \u00e1spera e vulner\u00e1vel.<\/li>\n<\/ul>\n\n\n\n<p>Confira o v\u00eddeo compartilhado pelo canal do YouTube <strong><a href=\"https:\/\/www.youtube.com\/@flordooriente\" target=\"_blank\" rel=\"noreferrer noopener\">flor do oriente<\/a><\/strong> dando a dica de outro ingrediente especial para adicionar no creme NIVEA e acabar com as rugas.<\/p>\n\n\n\n<figure class=\"wp-block-embed is-type-video is-provider-youtube wp-block-embed-youtube wp-embed-aspect-16-9 wp-has-aspect-ratio\"><div class=\"wp-block-embed__wrapper\">\n<div class=\"jeg_video_container jeg_video_content\"><iframe loading=\"lazy\" title=\"MISTURA ISSO NO CREME NI\u0301VEA TIRA RUGAS MANCHAS DA PELE RAPIDINHO\" width=\"500\" height=\"281\" src=\"https:\/\/www.youtube.com\/embed\/qxh1goFs2qY?feature=oembed\" frameborder=\"0\" allow=\"accelerometer; autoplay; clipboard-write; encrypted-media; gyroscope; picture-in-picture; web-share\" referrerpolicy=\"strict-origin-when-cross-origin\" allowfullscreen><\/iframe><\/div>\n<\/div><\/figure>\n\n\n\n<h2 class=\"wp-block-heading\">Quais cuidados tomar antes de testar receitas caseiras para manchas<\/h2>\n\n\n\n<p>Quem ainda assim cogita testar a mistura precisa ter uma postura extremamente cautelosa e observar a pele com aten\u00e7\u00e3o. O ideal \u00e9 sempre priorizar avalia\u00e7\u00e3o dermatol\u00f3gica antes de aplicar qualquer receita em \u00e1reas sens\u00edveis ou j\u00e1 irritadas.<\/p>\n\n\n\n<p>Se, mesmo informado, voc\u00ea decidir usar a combina\u00e7\u00e3o, alguns cuidados m\u00ednimos podem reduzir riscos imediatos, embora n\u00e3o tornem o m\u00e9todo realmente seguro ou indicado:<\/p>\n\n\n\n<ol class=\"wp-block-list\">\n<li>Fa\u00e7a teste em pequena \u00e1rea (ex.: <strong>parte interna do antebra\u00e7o<\/strong>) e observe por 24 a 48 horas.<\/li>\n\n\n\n<li>Evite aplicar em pele rec\u00e9m-depilada, lesionada, com feridas ou muito sensibilizada.<\/li>\n\n\n\n<li>N\u00e3o associe a outros esfoliantes f\u00edsicos ou qu\u00edmicos na mesma regi\u00e3o.<\/li>\n\n\n\n<li>Interrompa ao primeiro sinal de ardor intenso, coceira, aumento das manchas ou descama\u00e7\u00e3o exagerada.<\/li>\n<\/ol>\n\n\n\n<h2 class=\"wp-block-heading\">Quais alternativas s\u00e3o mais seguras para clarear manchas escuras<\/h2>\n\n\n\n<p>H\u00e1 op\u00e7\u00f5es muito mais estudadas e seguras para clarear manchas escuras, como uso di\u00e1rio de protetor solar, redu\u00e7\u00e3o de atrito, hidrata\u00e7\u00e3o consistente e produtos com ativos clareadores em concentra\u00e7\u00f5es adequadas. Linhas espec\u00edficas para hiperpigmenta\u00e7\u00e3o, como <strong>NIVEA Cellular Luminous 630 com Thiamidol<\/strong>, foram desenvolvidas justamente para tratar manchas sem agredir a pele.<\/p>\n\n\n\n<p>N\u00e3o espere a mancha piorar ou novas \u00e1reas escurecerem para buscar ajuda: se as manchas mudam r\u00e1pido, co\u00e7am, doem, sangram ou t\u00eam relevo estranho, procure um dermatologista com urg\u00eancia. Cuide da sua pele hoje, abandone receitas arriscadas e comece imediatamente uma rotina segura e orientada, antes que os danos se tornem mais dif\u00edceis \u2013 e mais caros \u2013 de reverter.<\/p>\n","protected":false},"excerpt":{"rendered":"<p>O uso de bicarbonato de s\u00f3dio com creme Nivea para clarear manchas escuras na pele viralizou nas redes sociais como uma solu\u00e7\u00e3o r\u00e1pida, barata e \u201cmilagrosa\u201d. Por\u00e9m, por tr\u00e1s desse truque caseiro existem riscos importantes para a sa\u00fade da pele, al\u00e9m de limites claros sobre o que receitas dom\u00e9sticas realmente conseguem fazer em casos de [&hellip;]<\/p>\n","protected":false},"author":13,"featured_media":178235,"comment_status":"open","ping_status":"open","sticky":false,"template":"","format":"standard","meta":{"jnews-multi-image_gallery":[],"jnews_single_post":{"format":"standard"},"jnews_primary_category":[],"jnews_social_meta":[],"jnews_override_counter":[],"footnotes":""},"categories":[8819],"tags":[712,8822,17408],"class_list":["post-178228","post","type-post","status-publish","format-standard","has-post-thumbnail","hentry","category-curiosidades","tag-autocuidado","tag-creme-nivea","tag-creme-para-pele"],"yoast_head":"<!-- This site is optimized with the Yoast SEO plugin v23.8 - https:\/\/yoast.com\/wordpress\/plugins\/seo\/ -->\n<title>Misturei esse ingrediente no meu creme da NIVEA e vi as manchas desaparecem da minha pele - Estado de Minas - Em foco<\/title>\n<meta name=\"description\" content=\"Receita com bicarbonato e creme Nivea promete clarear manchas. Veja o que realmente pode acontecer com a pele.\" \/>\n<meta name=\"robots\" content=\"index, follow, max-snippet:-1, max-image-preview:large, max-video-preview:-1\" \/>\n<link rel=\"canonical\" href=\"https:\/\/www.em.com.br\/emfoco\/2026\/03\/09\/misturei-esse-ingrediente-no-meu-creme-da-niveae-vi-as-manchas-desaparecem-da-minha-pele\/\" \/>\n<meta property=\"og:locale\" content=\"pt_BR\" \/>\n<meta property=\"og:type\" content=\"article\" \/>\n<meta property=\"og:title\" content=\"Misturei esse ingrediente no meu creme da NIVEA e vi as manchas desaparecem da minha pele - Estado de Minas - Em foco\" \/>\n<meta property=\"og:description\" content=\"Receita com bicarbonato e creme Nivea promete clarear manchas. Veja o que realmente pode acontecer com a pele.\" \/>\n<meta property=\"og:url\" content=\"https:\/\/www.em.com.br\/emfoco\/2026\/03\/09\/misturei-esse-ingrediente-no-meu-creme-da-niveae-vi-as-manchas-desaparecem-da-minha-pele\/\" \/>\n<meta property=\"og:site_name\" content=\"Estado de Minas - Em foco\" \/>\n<meta property=\"article:published_time\" content=\"2026-03-09T22:15:00+00:00\" \/>\n<meta property=\"article:modified_time\" content=\"2026-03-08T19:54:35+00:00\" \/>\n<meta property=\"og:image\" content=\"https:\/\/www.em.com.br\/emfoco\/wp-content\/uploads\/2026\/03\/3-25.jpg\" \/>\n\t<meta property=\"og:image:width\" content=\"1280\" \/>\n\t<meta property=\"og:image:height\" content=\"720\" \/>\n\t<meta property=\"og:image:type\" content=\"image\/jpeg\" \/>\n<meta name=\"author\" content=\"Gabriel Martins\" \/>\n<meta name=\"twitter:card\" content=\"summary_large_image\" \/>\n<meta name=\"twitter:label1\" content=\"Escrito por\" \/>\n\t<meta name=\"twitter:data1\" content=\"Gabriel Martins\" \/>\n\t<meta name=\"twitter:label2\" content=\"Est. tempo de leitura\" \/>\n\t<meta name=\"twitter:data2\" content=\"5 minutos\" \/>\n<!-- \/ Yoast SEO plugin. -->","yoast_head_json":{"title":"Misturei esse ingrediente no meu creme da NIVEA e vi as manchas desaparecem da minha pele - Estado de Minas - Em foco","description":"Receita com bicarbonato e creme Nivea promete clarear manchas. Veja o que realmente pode acontecer com a pele.","robots":{"index":"index","follow":"follow","max-snippet":"max-snippet:-1","max-image-preview":"max-image-preview:large","max-video-preview":"max-video-preview:-1"},"canonical":"https:\/\/www.em.com.br\/emfoco\/2026\/03\/09\/misturei-esse-ingrediente-no-meu-creme-da-niveae-vi-as-manchas-desaparecem-da-minha-pele\/","og_locale":"pt_BR","og_type":"article","og_title":"Misturei esse ingrediente no meu creme da NIVEA e vi as manchas desaparecem da minha pele - Estado de Minas - Em foco","og_description":"Receita com bicarbonato e creme Nivea promete clarear manchas. Veja o que realmente pode acontecer com a pele.","og_url":"https:\/\/www.em.com.br\/emfoco\/2026\/03\/09\/misturei-esse-ingrediente-no-meu-creme-da-niveae-vi-as-manchas-desaparecem-da-minha-pele\/","og_site_name":"Estado de Minas - Em foco","article_published_time":"2026-03-09T22:15:00+00:00","article_modified_time":"2026-03-08T19:54:35+00:00","og_image":[{"width":1280,"height":720,"url":"https:\/\/www.em.com.br\/emfoco\/wp-content\/uploads\/2026\/03\/3-25.jpg","type":"image\/jpeg"}],"author":"Gabriel Martins","twitter_card":"summary_large_image","twitter_misc":{"Escrito por":"Gabriel Martins","Est. tempo de leitura":"5 minutos"},"schema":{"@context":"https:\/\/schema.org","@graph":[{"@type":"WebPage","@id":"https:\/\/www.em.com.br\/emfoco\/2026\/03\/09\/misturei-esse-ingrediente-no-meu-creme-da-niveae-vi-as-manchas-desaparecem-da-minha-pele\/","url":"https:\/\/www.em.com.br\/emfoco\/2026\/03\/09\/misturei-esse-ingrediente-no-meu-creme-da-niveae-vi-as-manchas-desaparecem-da-minha-pele\/","name":"Misturei esse ingrediente no meu creme da NIVEA e vi as manchas desaparecem da minha pele - Estado de Minas - Em foco","isPartOf":{"@id":"https:\/\/www.em.com.br\/emfoco\/#website"},"primaryImageOfPage":{"@id":"https:\/\/www.em.com.br\/emfoco\/2026\/03\/09\/misturei-esse-ingrediente-no-meu-creme-da-niveae-vi-as-manchas-desaparecem-da-minha-pele\/#primaryimage"},"image":{"@id":"https:\/\/www.em.com.br\/emfoco\/2026\/03\/09\/misturei-esse-ingrediente-no-meu-creme-da-niveae-vi-as-manchas-desaparecem-da-minha-pele\/#primaryimage"},"thumbnailUrl":"https:\/\/www.em.com.br\/emfoco\/wp-content\/uploads\/2026\/03\/3-25.jpg","datePublished":"2026-03-09T22:15:00+00:00","dateModified":"2026-03-08T19:54:35+00:00","author":{"@id":"https:\/\/www.em.com.br\/emfoco\/#\/schema\/person\/1c9ddeab18b98abeffef834667bcf08a"},"description":"Receita com bicarbonato e creme Nivea promete clarear manchas. Veja o que realmente pode acontecer com a pele.","breadcrumb":{"@id":"https:\/\/www.em.com.br\/emfoco\/2026\/03\/09\/misturei-esse-ingrediente-no-meu-creme-da-niveae-vi-as-manchas-desaparecem-da-minha-pele\/#breadcrumb"},"inLanguage":"pt-BR","potentialAction":[{"@type":"ReadAction","target":["https:\/\/www.em.com.br\/emfoco\/2026\/03\/09\/misturei-esse-ingrediente-no-meu-creme-da-niveae-vi-as-manchas-desaparecem-da-minha-pele\/"]}]},{"@type":"ImageObject","inLanguage":"pt-BR","@id":"https:\/\/www.em.com.br\/emfoco\/2026\/03\/09\/misturei-esse-ingrediente-no-meu-creme-da-niveae-vi-as-manchas-desaparecem-da-minha-pele\/#primaryimage","url":"https:\/\/www.em.com.br\/emfoco\/wp-content\/uploads\/2026\/03\/3-25.jpg","contentUrl":"https:\/\/www.em.com.br\/emfoco\/wp-content\/uploads\/2026\/03\/3-25.jpg","width":1280,"height":720,"caption":"Mistura caseira para clarear manchas apresenta riscos s\u00e9rios \u00e0 sa\u00fade cut\u00e2nea"},{"@type":"BreadcrumbList","@id":"https:\/\/www.em.com.br\/emfoco\/2026\/03\/09\/misturei-esse-ingrediente-no-meu-creme-da-niveae-vi-as-manchas-desaparecem-da-minha-pele\/#breadcrumb","itemListElement":[{"@type":"ListItem","position":1,"name":"In\u00edcio","item":"https:\/\/www.em.com.br\/emfoco\/"},{"@type":"ListItem","position":2,"name":"Misturei esse ingrediente no meu creme da NIVEA e vi as manchas desaparecem da minha pele"}]},{"@type":"WebSite","@id":"https:\/\/www.em.com.br\/emfoco\/#website","url":"https:\/\/www.em.com.br\/emfoco\/","name":"Estado de Minas - Em foco","description":"Acompanhe as \u00faltimas not\u00edcias e fique bem informado sobre tudo o que acontece em Minas Gerais, Brasil e no mundo.","potentialAction":[{"@type":"SearchAction","target":{"@type":"EntryPoint","urlTemplate":"https:\/\/www.em.com.br\/emfoco\/?s={search_term_string}"},"query-input":{"@type":"PropertyValueSpecification","valueRequired":true,"valueName":"search_term_string"}}],"inLanguage":"pt-BR"},{"@type":"Person","@id":"https:\/\/www.em.com.br\/emfoco\/#\/schema\/person\/1c9ddeab18b98abeffef834667bcf08a","name":"Gabriel Martins","image":{"@type":"ImageObject","inLanguage":"pt-BR","@id":"https:\/\/www.em.com.br\/emfoco\/#\/schema\/person\/image\/","url":"https:\/\/secure.gravatar.com\/avatar\/f0f1e2efdfd88f1ad2cb08c5c2731e50?s=96&d=mm&r=g","contentUrl":"https:\/\/secure.gravatar.com\/avatar\/f0f1e2efdfd88f1ad2cb08c5c2731e50?s=96&d=mm&r=g","caption":"Gabriel Martins"},"sameAs":["https:\/\/www.em.com.br\/emfoco\/"],"url":"https:\/\/www.em.com.br\/emfoco\/author\/gabrielmartinsmyth\/"}]}},"_links":{"self":[{"href":"https:\/\/www.em.com.br\/emfoco\/wp-json\/wp\/v2\/posts\/178228","targetHints":{"allow":["GET"]}}],"collection":[{"href":"https:\/\/www.em.com.br\/emfoco\/wp-json\/wp\/v2\/posts"}],"about":[{"href":"https:\/\/www.em.com.br\/emfoco\/wp-json\/wp\/v2\/types\/post"}],"author":[{"embeddable":true,"href":"https:\/\/www.em.com.br\/emfoco\/wp-json\/wp\/v2\/users\/13"}],"replies":[{"embeddable":true,"href":"https:\/\/www.em.com.br\/emfoco\/wp-json\/wp\/v2\/comments?post=178228"}],"version-history":[{"count":2,"href":"https:\/\/www.em.com.br\/emfoco\/wp-json\/wp\/v2\/posts\/178228\/revisions"}],"predecessor-version":[{"id":179226,"href":"https:\/\/www.em.com.br\/emfoco\/wp-json\/wp\/v2\/posts\/178228\/revisions\/179226"}],"wp:featuredmedia":[{"embeddable":true,"href":"https:\/\/www.em.com.br\/emfoco\/wp-json\/wp\/v2\/media\/178235"}],"wp:attachment":[{"href":"https:\/\/www.em.com.br\/emfoco\/wp-json\/wp\/v2\/media?parent=178228"}],"wp:term":[{"taxonomy":"category","embeddable":true,"href":"https:\/\/www.em.com.br\/emfoco\/wp-json\/wp\/v2\/categories?post=178228"},{"taxonomy":"post_tag","embeddable":true,"href":"https:\/\/www.em.com.br\/emfoco\/wp-json\/wp\/v2\/tags?post=178228"}],"curies":[{"name":"wp","href":"https:\/\/api.w.org\/{rel}","templated":true}]}}