{"id":178227,"date":"2026-03-06T10:35:00","date_gmt":"2026-03-06T13:35:00","guid":{"rendered":"https:\/\/www.em.com.br\/emfoco\/?p=178227"},"modified":"2026-03-06T10:02:12","modified_gmt":"2026-03-06T13:02:12","slug":"maior-que-um-predio-de-9-andares-a-formacao-misteriosa-escondida-em-uma-caverna-mineira-que-detem-um-recorde-mundial-solitario","status":"publish","type":"post","link":"https:\/\/www.em.com.br\/emfoco\/2026\/03\/06\/maior-que-um-predio-de-9-andares-a-formacao-misteriosa-escondida-em-uma-caverna-mineira-que-detem-um-recorde-mundial-solitario\/","title":{"rendered":"Maior que um pr\u00e9dio de 9 andares: a forma\u00e7\u00e3o misteriosa escondida em uma caverna mineira que det\u00e9m um recorde mundial solit\u00e1rio"},"content":{"rendered":"\n<p>No norte de <strong>Minas Gerais<\/strong>, onde o Cerrado se mistura com a Caatinga, o teto de uma caverna sustenta uma coluna de calcita com 28 metros de comprimento. A <strong>Perna da Bailarina<\/strong> \u00e9 a maior estalactite do mundo em extens\u00e3o, e cresce gota a gota h\u00e1 cerca de 140 mil anos dentro da <strong>Gruta do Janel\u00e3o<\/strong>, no <strong>Parque Nacional Cavernas do Perua\u00e7u<\/strong>.<\/p>\n\n\n\n<h2 class=\"wp-block-heading\">Como uma estalactite cresce por 140 mil anos sem parar?<\/h2>\n\n\n\n<p>Cada gota que escorre pelo teto da caverna carrega carbonato de c\u00e1lcio dissolvido. Ao encontrar o ar, o mineral se deposita em camadas fin\u00edssimas sobre a rocha. Em 140 mil anos, esse processo criou uma forma\u00e7\u00e3o equivalente \u00e0 altura de um edif\u00edcio de 9 andares, quase o tamanho do <strong>Cristo Redentor<\/strong>.<\/p>\n\n\n\n<p>O nome popular veio do formato. A base \u00e9 mais fina e se alarga em dire\u00e7\u00e3o ao topo, imitando a perna esticada de uma dan\u00e7arina. A Perna da Bailarina continua em forma\u00e7\u00e3o, porque o gotejamento que a alimenta n\u00e3o cessou. Ela ainda pode crescer alguns mil\u00edmetros a cada s\u00e9culo.<\/p>\n\n\n\n<p>Ge\u00f3logos com d\u00e9cadas de trabalho na regi\u00e3o descrevem a experi\u00eancia de observar a estalactite como um exerc\u00edcio de escala. O visitante precisa inclinar a cabe\u00e7a para tr\u00e1s e ainda assim n\u00e3o consegue abarcar toda a estrutura de uma s\u00f3 vez.<\/p>\n\n\n<div class=\"wp-block-image\">\n<figure class=\"aligncenter size-large\"><img loading=\"lazy\" decoding=\"async\" width=\"1024\" height=\"576\" src=\"https:\/\/www.em.com.br\/emfoco\/wp-content\/uploads\/2026\/03\/Parque-Nacional-Cavernas-do-Peruacu2-1024x576.jpg\" alt=\"\" class=\"wp-image-178317\" srcset=\"https:\/\/www.em.com.br\/emfoco\/wp-content\/uploads\/2026\/03\/Parque-Nacional-Cavernas-do-Peruacu2-1024x576.jpg 1024w, https:\/\/www.em.com.br\/emfoco\/wp-content\/uploads\/2026\/03\/Parque-Nacional-Cavernas-do-Peruacu2-300x169.jpg 300w, https:\/\/www.em.com.br\/emfoco\/wp-content\/uploads\/2026\/03\/Parque-Nacional-Cavernas-do-Peruacu2-768x432.jpg 768w, https:\/\/www.em.com.br\/emfoco\/wp-content\/uploads\/2026\/03\/Parque-Nacional-Cavernas-do-Peruacu2-750x422.jpg 750w, https:\/\/www.em.com.br\/emfoco\/wp-content\/uploads\/2026\/03\/Parque-Nacional-Cavernas-do-Peruacu2-1140x641.jpg 1140w, https:\/\/www.em.com.br\/emfoco\/wp-content\/uploads\/2026\/03\/Parque-Nacional-Cavernas-do-Peruacu2.jpg 1280w\" sizes=\"auto, (max-width: 1024px) 100vw, 1024px\" \/><figcaption class=\"wp-element-caption\">Perua\u00e7u \u00e9 o ref\u00fagio onde a hist\u00f3ria da Terra e da humanidade se fundem em pedra \/\/ Cr\u00e9ditos: Wikipedia<\/figcaption><\/figure><\/div>\n\n\n<h2 class=\"wp-block-heading\">O que torna a Gruta do Janel\u00e3o diferente de qualquer outra caverna?<\/h2>\n\n\n\n<p>A <strong>Gruta do Janel\u00e3o<\/strong> n\u00e3o \u00e9 uma caverna convencional. S\u00e3o 4.740 metros de extens\u00e3o horizontal e galerias que atingem 100 metros de altura, atravessadas pelo <strong>Rio Perua\u00e7u<\/strong>. Fendas no teto funcionam como claraboias naturais, e a luz do sol alimenta pequenas florestas dentro da cavidade.<\/p>\n\n\n\n<p>A \u00e1rea aberta ao p\u00fablico tem cerca de 1,5 km iluminados naturalmente. O restante permanece na escurid\u00e3o e fora do acesso de visitantes. O portal de entrada j\u00e1 impressiona: um pared\u00e3o rochoso de quase 100 metros coberto por pinturas rupestres de pelo menos 9 mil anos, segundo o <a href=\"https:\/\/www.gov.br\/icmbio\/pt-br\/assuntos\/biodiversidade\/unidade-de-conservacao\/unidades-de-biomas\/cerrado\/lista-de-ucs\/parna-cavernas-do-peruacu\/informacoes-sobre-visitacao-parna-cavernas-do-peruacu\" target=\"_blank\" rel=\"noreferrer noopener\"><strong>ICMBio<\/strong><\/a>.<\/p>\n\n\n\n<h2 class=\"wp-block-heading\">Por que a UNESCO reconheceu o Perua\u00e7u em 2025?<\/h2>\n\n\n\n<p>Em julho de 2025, o Parque Nacional Cavernas do Perua\u00e7u foi reconhecido como <strong>Patrim\u00f4nio Mundial Natural<\/strong> pela <strong>Organiza\u00e7\u00e3o das Na\u00e7\u00f5es Unidas para a Educa\u00e7\u00e3o, a Ci\u00eancia e a Cultura (UNESCO)<\/strong>. A decis\u00e3o aconteceu durante a 47\u00aa Sess\u00e3o do Comit\u00ea do Patrim\u00f4nio Mundial, em <strong>Paris<\/strong>, e destacou a combina\u00e7\u00e3o de relev\u00e2ncia geol\u00f3gica, arqueol\u00f3gica, ecol\u00f3gica e paisag\u00edstica do parque.<\/p>\n\n\n\n<p>A conquista \u00e9 a primeira de Minas Gerais na lista de patrim\u00f4nios naturais. O <strong>Brasil<\/strong> passou a contar com nove s\u00edtios reconhecidos, ao lado de nomes como o <strong>Parque Nacional do Igua\u00e7u<\/strong> e <strong>Fernando de Noronha<\/strong>, conforme divulgado pelo <a href=\"https:\/\/www.gov.br\/icmbio\/pt-br\/assuntos\/noticias\/ultimas-noticias\/icmbio-celebra-reconhecimento-do-parque-nacional-cavernas-do-peruacu-como-patrimonio-mundial-natural-da-unesco\" target=\"_blank\" rel=\"noreferrer noopener\"><strong>Instituto Chico Mendes de Conserva\u00e7\u00e3o da Biodiversidade (ICMBio)<\/strong><\/a>.<\/p>\n\n\n\n<p>O t\u00edtulo tamb\u00e9m deu visibilidade internacional ao povo ind\u00edgena <strong>Xakriab\u00e1<\/strong>, que protege historicamente o territ\u00f3rio. Na p\u00e1gina oficial do <a href=\"https:\/\/whc.unesco.org\/en\/list\/1747\" target=\"_blank\" rel=\"noreferrer noopener\"><strong>Patrim\u00f4nio Mundial<\/strong><\/a>, o parque \u00e9 descrito como um s\u00edtio que abriga mais de 2 mil esp\u00e9cies de plantas e animais em uma zona de encontro entre tr\u00eas biomas brasileiros.<\/p>\n\n\n<div class=\"wp-block-image\">\n<figure class=\"aligncenter size-large\"><img loading=\"lazy\" decoding=\"async\" width=\"1024\" height=\"576\" src=\"https:\/\/www.em.com.br\/emfoco\/wp-content\/uploads\/2026\/03\/Parque-Nacional-Cavernas-do-Peruacu-1-1024x576.jpg\" alt=\"\" class=\"wp-image-178316\" srcset=\"https:\/\/www.em.com.br\/emfoco\/wp-content\/uploads\/2026\/03\/Parque-Nacional-Cavernas-do-Peruacu-1-1024x576.jpg 1024w, https:\/\/www.em.com.br\/emfoco\/wp-content\/uploads\/2026\/03\/Parque-Nacional-Cavernas-do-Peruacu-1-300x169.jpg 300w, https:\/\/www.em.com.br\/emfoco\/wp-content\/uploads\/2026\/03\/Parque-Nacional-Cavernas-do-Peruacu-1-768x432.jpg 768w, https:\/\/www.em.com.br\/emfoco\/wp-content\/uploads\/2026\/03\/Parque-Nacional-Cavernas-do-Peruacu-1-750x422.jpg 750w, https:\/\/www.em.com.br\/emfoco\/wp-content\/uploads\/2026\/03\/Parque-Nacional-Cavernas-do-Peruacu-1-1140x641.jpg 1140w, https:\/\/www.em.com.br\/emfoco\/wp-content\/uploads\/2026\/03\/Parque-Nacional-Cavernas-do-Peruacu-1.jpg 1280w\" sizes=\"auto, (max-width: 1024px) 100vw, 1024px\" \/><figcaption class=\"wp-element-caption\">Perua\u00e7u brilha como o santu\u00e1rio arqueol\u00f3gico e a catedral geol\u00f3gica do norte de Minas \/\/ Cr\u00e9ditos: Wikipedia<\/figcaption><\/figure><\/div>\n\n\n<h2 class=\"wp-block-heading\">14.600 visitantes por ano em um dos maiores acervos de cavernas do planeta<\/h2>\n\n\n\n<p>Apesar do t\u00edtulo da UNESCO, o Perua\u00e7u segue como um dos parques naturais menos visitados do Brasil. Em 2024, apenas 14.600 pessoas percorreram suas trilhas, segundo a ag\u00eancia internacional <a href=\"https:\/\/en.mercopress.com\/2025\/07\/14\/perua-u-caves-in-brazil-recognized-as-unesco-world-heritage-site\" target=\"_blank\" rel=\"noreferrer noopener\"><strong>MercoPress<\/strong><\/a>. Para efeito de compara\u00e7\u00e3o, o Parque Nacional do Igua\u00e7u recebe mais de 1,5 milh\u00e3o por ano.<\/p>\n\n\n\n<p>Criado em <strong>1999<\/strong>, o parque ocupa 56,4 mil hectares nos munic\u00edpios de <strong>Janu\u00e1ria<\/strong>, <strong>Itacarambi<\/strong> e <strong>S\u00e3o Jo\u00e3o das Miss\u00f5es<\/strong>. S\u00e3o mais de 200 cavernas catalogadas e s\u00edtios arqueol\u00f3gicos com vest\u00edgios humanos de at\u00e9 12 mil anos, segundo a <a href=\"https:\/\/agenciabrasil.ebc.com.br\/geral\/noticia\/2025-07\/parque-cavernas-do-peruacu-e-reconhecido-como-patrimonio-da-unesco\" target=\"_blank\" rel=\"noreferrer noopener\"><strong>Ag\u00eancia Brasil<\/strong><\/a>.<\/p>\n\n\n\n<p>A <strong>Lapa dos Desenhos<\/strong> concentra mais de 3 mil pinturas em pain\u00e9is de at\u00e9 15 metros de altura, uma das maiores cole\u00e7\u00f5es de arte rupestre do pa\u00eds. J\u00e1 a <strong>Lapa do Boquete<\/strong> revelou esqueletos humanos com mais de 7 mil anos e um silo pr\u00e9-hist\u00f3rico, usado por povos antigos para armazenar alimentos.<\/p>\n\n\n\n<p>O nome Perua\u00e7u carrega a marca dos primeiros habitantes. Segundo o educador <strong>Jo\u00e3o Xakriab\u00e1<\/strong>, a palavra vem do tupi e significa \u201cgrande buraco formado pelas \u00e1guas\u201d.<\/p>\n\n\n\n<h2 class=\"wp-block-heading\">Que animais vivem entre as grutas e o sert\u00e3o do Perua\u00e7u?<\/h2>\n\n\n\n<p>O parque fica em uma zona de transi\u00e7\u00e3o entre Cerrado, Caatinga e <strong>Mata Atl\u00e2ntica<\/strong>. Dentro de uma mesma trilha, o visitante caminha entre \u00e1rvores t\u00edpicas da savana e arbustos secos do semi\u00e1rido. No interior das grutas, a umidade retida pelas paredes cria microclimas onde \u00e1rvores de grande porte e samambaias crescem na penumbra, alimentadas pela luz que entra pelas claraboias.<\/p>\n\n\n\n<p>Essa mistura de ambientes sustenta um dos acervos de mam\u00edferos mais representativos do Cerrado, conforme informa\u00e7\u00f5es dispon\u00edveis no site da <a href=\"https:\/\/www.januaria.mg.gov.br\/portal\/turismo\/0\/9\/2519\/parque-nacional-cavernas-do-peruacu\" target=\"_blank\" rel=\"noreferrer noopener\"><strong>Prefeitura de Janu\u00e1ria<\/strong><\/a>. Entre as esp\u00e9cies protegidas que habitam a regi\u00e3o, destacam-se:<\/p>\n\n\n\n<ul class=\"wp-block-list has-medium-font-size\">\n<li><strong>On\u00e7a-pintada<\/strong> (<em>Panthera onca<\/em>), o maior felino das Am\u00e9ricas, registrada por c\u00e2meras dentro do parque.<\/li>\n\n\n\n<li><strong>Lobo-guar\u00e1<\/strong> (<em>Chrysocyon brachyurus<\/em>), s\u00edmbolo do Cerrado e presente na nota de R$ 200.<\/li>\n\n\n\n<li><strong>Su\u00e7uarana<\/strong> (<em>Puma concolor<\/em>), tamb\u00e9m chamada de on\u00e7a-parda, adaptada tanto \u00e0 mata quanto \u00e0 caatinga.<\/li>\n<\/ul>\n\n\n\n<p>As grutas do Perua\u00e7u tamb\u00e9m marcam presen\u00e7a na fic\u00e7\u00e3o brasileira. Em <strong>Grande Sert\u00e3o: Veredas<\/strong>, publicado em <strong>1956<\/strong> por <strong>Jo\u00e3o Guimar\u00e3es Rosa<\/strong>, o narrador <strong>Riobaldo<\/strong> menciona o Perua\u00e7u ao descrever o sert\u00e3o mineiro. Na trama, as cavernas serviam de esconderijo para os jagun\u00e7os que cruzavam o norte de Minas.<\/p>\n\n\n\n<p>Quem busca aventura e hist\u00f3ria, vai curtir esse v\u00eddeo especialmente selecionado do canal <strong>Rol\u00ea Fam\u00edlia<\/strong>, que conta com mais de <strong>116 mil<\/strong> visualiza\u00e7\u00f5es, onde <strong>Bruno e fam\u00edlia<\/strong> mostram as belezas surreais do <strong>Parque Nacional Cavernas do Perua\u00e7u<\/strong>, em <strong>Minas Gerais<\/strong>:<\/p>\n\n\n\n<figure class=\"wp-block-embed is-type-video is-provider-youtube wp-block-embed-youtube wp-embed-aspect-16-9 wp-has-aspect-ratio\"><div class=\"wp-block-embed__wrapper\">\n<div class=\"jeg_video_container jeg_video_content\"><iframe loading=\"lazy\" title=\"O BRASIL PRECISA CONHECER AS CAVERNAS DO PERUA\u00c7U em Minas Gerais\" width=\"500\" height=\"281\" src=\"https:\/\/www.youtube.com\/embed\/iVGTMlJ6h3k?feature=oembed\" frameborder=\"0\" allow=\"accelerometer; autoplay; clipboard-write; encrypted-media; gyroscope; picture-in-picture; web-share\" referrerpolicy=\"strict-origin-when-cross-origin\" allowfullscreen><\/iframe><\/div>\n<\/div><\/figure>\n\n\n\n<p><strong>Leia tamb\u00e9m: <a href=\"https:\/\/www.em.com.br\/emfoco\/2026\/03\/04\/uma-montanha-1-385-metros-desapareceu-a-cidade-mineira-a-2-horas-de-belo-horizonte-onde-a-paisagem-valia-menos-que-os-lucros-e-o-maior-poeta-brasileiro-nasceu\/\" target=\"_blank\" rel=\"noreferrer noopener\">Uma montanha de 1.385 metros desapareceu: a cidade mineira a 2 horas de Belo Horizonte onde a paisagem valia menos que os lucros e o maior poeta brasileiro nasceu<\/a><\/strong><\/p>\n\n\n\n<h2 class=\"wp-block-heading\">O sert\u00e3o que guarda a maior estalactite do planeta<\/h2>\n\n\n\n<p>O Parque Nacional Cavernas do Perua\u00e7u re\u00fane arte rupestre milenar, a maior estalactite do mundo e um reconhecimento fresco da UNESCO, tudo em um mesmo territ\u00f3rio no sert\u00e3o de Minas. Poucos lugares no Brasil concentram tantas camadas de tempo, do gotejamento que come\u00e7ou h\u00e1 140 mil anos aos tra\u00e7os deixados pelos primeiros habitantes das Am\u00e9ricas.<\/p>\n\n\n\n<p>Se voc\u00ea procura um destino que desafia a escala e o repert\u00f3rio, o norte mineiro guarda essa surpresa dentro de uma gruta iluminada pelo sol. Vale cruzar o sert\u00e3o para ficar pequeno diante da Perna da Bailarina.<\/p>\n","protected":false},"excerpt":{"rendered":"<p>No norte de Minas Gerais, onde o Cerrado se mistura com a Caatinga, o teto de uma caverna sustenta uma coluna de calcita com 28 metros de comprimento. A Perna da Bailarina \u00e9 a maior estalactite do mundo em extens\u00e3o, e cresce gota a gota h\u00e1 cerca de 140 mil anos dentro da Gruta do [&hellip;]<\/p>\n","protected":false},"author":6,"featured_media":178315,"comment_status":"open","ping_status":"open","sticky":false,"template":"","format":"standard","meta":{"jnews-multi-image_gallery":[],"jnews_single_post":{"format":"standard"},"jnews_primary_category":[],"jnews_social_meta":[],"jnews_override_counter":[],"footnotes":""},"categories":[26],"tags":[183,207,599],"class_list":["post-178227","post","type-post","status-publish","format-standard","has-post-thumbnail","hentry","category-cidades","tag-cidades","tag-minas-gerais","tag-parque-nacional-cavernas-do-peruacu"],"yoast_head":"<!-- This site is optimized with the Yoast SEO plugin v23.8 - https:\/\/yoast.com\/wordpress\/plugins\/seo\/ -->\n<title>Maior que um pr\u00e9dio de 9 andares: a forma\u00e7\u00e3o misteriosa escondida em uma caverna mineira que det\u00e9m um recorde mundial solit\u00e1rio - Estado de Minas - Em foco<\/title>\n<meta name=\"description\" content=\"Dentro de uma caverna em Minas, uma forma\u00e7\u00e3o gigantesca maior que um pr\u00e9dio de 9 andares guarda um recorde mundial e intriga quem a descobre.\" \/>\n<meta name=\"robots\" content=\"index, follow, max-snippet:-1, max-image-preview:large, max-video-preview:-1\" \/>\n<link rel=\"canonical\" href=\"https:\/\/www.em.com.br\/emfoco\/2026\/03\/06\/maior-que-um-predio-de-9-andares-a-formacao-misteriosa-escondida-em-uma-caverna-mineira-que-detem-um-recorde-mundial-solitario\/\" \/>\n<meta property=\"og:locale\" content=\"pt_BR\" \/>\n<meta property=\"og:type\" content=\"article\" \/>\n<meta property=\"og:title\" content=\"Maior que um pr\u00e9dio de 9 andares: a forma\u00e7\u00e3o misteriosa escondida em uma caverna mineira que det\u00e9m um recorde mundial solit\u00e1rio - Estado de Minas - Em foco\" \/>\n<meta property=\"og:description\" content=\"Dentro de uma caverna em Minas, uma forma\u00e7\u00e3o gigantesca maior que um pr\u00e9dio de 9 andares guarda um recorde mundial e intriga quem a descobre.\" \/>\n<meta property=\"og:url\" content=\"https:\/\/www.em.com.br\/emfoco\/2026\/03\/06\/maior-que-um-predio-de-9-andares-a-formacao-misteriosa-escondida-em-uma-caverna-mineira-que-detem-um-recorde-mundial-solitario\/\" \/>\n<meta property=\"og:site_name\" content=\"Estado de Minas - Em foco\" \/>\n<meta property=\"article:published_time\" content=\"2026-03-06T13:35:00+00:00\" \/>\n<meta property=\"article:modified_time\" content=\"2026-03-06T13:02:12+00:00\" \/>\n<meta property=\"og:image\" content=\"https:\/\/www.em.com.br\/emfoco\/wp-content\/uploads\/2026\/03\/Parque-Nacional-Cavernas-do-Peruacu.jpg\" \/>\n\t<meta property=\"og:image:width\" content=\"1280\" \/>\n\t<meta property=\"og:image:height\" content=\"720\" \/>\n\t<meta property=\"og:image:type\" content=\"image\/jpeg\" \/>\n<meta name=\"author\" content=\"Vitor Bruno\" \/>\n<meta name=\"twitter:card\" content=\"summary_large_image\" \/>\n<meta name=\"twitter:label1\" content=\"Escrito por\" \/>\n\t<meta name=\"twitter:data1\" content=\"Vitor Bruno\" \/>\n\t<meta name=\"twitter:label2\" content=\"Est. tempo de leitura\" \/>\n\t<meta name=\"twitter:data2\" content=\"7 minutos\" \/>\n<!-- \/ Yoast SEO plugin. -->","yoast_head_json":{"title":"Maior que um pr\u00e9dio de 9 andares: a forma\u00e7\u00e3o misteriosa escondida em uma caverna mineira que det\u00e9m um recorde mundial solit\u00e1rio - Estado de Minas - Em foco","description":"Dentro de uma caverna em Minas, uma forma\u00e7\u00e3o gigantesca maior que um pr\u00e9dio de 9 andares guarda um recorde mundial e intriga quem a descobre.","robots":{"index":"index","follow":"follow","max-snippet":"max-snippet:-1","max-image-preview":"max-image-preview:large","max-video-preview":"max-video-preview:-1"},"canonical":"https:\/\/www.em.com.br\/emfoco\/2026\/03\/06\/maior-que-um-predio-de-9-andares-a-formacao-misteriosa-escondida-em-uma-caverna-mineira-que-detem-um-recorde-mundial-solitario\/","og_locale":"pt_BR","og_type":"article","og_title":"Maior que um pr\u00e9dio de 9 andares: a forma\u00e7\u00e3o misteriosa escondida em uma caverna mineira que det\u00e9m um recorde mundial solit\u00e1rio - Estado de Minas - Em foco","og_description":"Dentro de uma caverna em Minas, uma forma\u00e7\u00e3o gigantesca maior que um pr\u00e9dio de 9 andares guarda um recorde mundial e intriga quem a descobre.","og_url":"https:\/\/www.em.com.br\/emfoco\/2026\/03\/06\/maior-que-um-predio-de-9-andares-a-formacao-misteriosa-escondida-em-uma-caverna-mineira-que-detem-um-recorde-mundial-solitario\/","og_site_name":"Estado de Minas - Em foco","article_published_time":"2026-03-06T13:35:00+00:00","article_modified_time":"2026-03-06T13:02:12+00:00","og_image":[{"width":1280,"height":720,"url":"https:\/\/www.em.com.br\/emfoco\/wp-content\/uploads\/2026\/03\/Parque-Nacional-Cavernas-do-Peruacu.jpg","type":"image\/jpeg"}],"author":"Vitor Bruno","twitter_card":"summary_large_image","twitter_misc":{"Escrito por":"Vitor Bruno","Est. tempo de leitura":"7 minutos"},"schema":{"@context":"https:\/\/schema.org","@graph":[{"@type":"WebPage","@id":"https:\/\/www.em.com.br\/emfoco\/2026\/03\/06\/maior-que-um-predio-de-9-andares-a-formacao-misteriosa-escondida-em-uma-caverna-mineira-que-detem-um-recorde-mundial-solitario\/","url":"https:\/\/www.em.com.br\/emfoco\/2026\/03\/06\/maior-que-um-predio-de-9-andares-a-formacao-misteriosa-escondida-em-uma-caverna-mineira-que-detem-um-recorde-mundial-solitario\/","name":"Maior que um pr\u00e9dio de 9 andares: a forma\u00e7\u00e3o misteriosa escondida em uma caverna mineira que det\u00e9m um recorde mundial solit\u00e1rio - Estado de Minas - Em foco","isPartOf":{"@id":"https:\/\/www.em.com.br\/emfoco\/#website"},"primaryImageOfPage":{"@id":"https:\/\/www.em.com.br\/emfoco\/2026\/03\/06\/maior-que-um-predio-de-9-andares-a-formacao-misteriosa-escondida-em-uma-caverna-mineira-que-detem-um-recorde-mundial-solitario\/#primaryimage"},"image":{"@id":"https:\/\/www.em.com.br\/emfoco\/2026\/03\/06\/maior-que-um-predio-de-9-andares-a-formacao-misteriosa-escondida-em-uma-caverna-mineira-que-detem-um-recorde-mundial-solitario\/#primaryimage"},"thumbnailUrl":"https:\/\/www.em.com.br\/emfoco\/wp-content\/uploads\/2026\/03\/Parque-Nacional-Cavernas-do-Peruacu.jpg","datePublished":"2026-03-06T13:35:00+00:00","dateModified":"2026-03-06T13:02:12+00:00","author":{"@id":"https:\/\/www.em.com.br\/emfoco\/#\/schema\/person\/364ac1852fafd00f1be20f0b8b237569"},"description":"Dentro de uma caverna em Minas, uma forma\u00e7\u00e3o gigantesca maior que um pr\u00e9dio de 9 andares guarda um recorde mundial e intriga quem a descobre.","breadcrumb":{"@id":"https:\/\/www.em.com.br\/emfoco\/2026\/03\/06\/maior-que-um-predio-de-9-andares-a-formacao-misteriosa-escondida-em-uma-caverna-mineira-que-detem-um-recorde-mundial-solitario\/#breadcrumb"},"inLanguage":"pt-BR","potentialAction":[{"@type":"ReadAction","target":["https:\/\/www.em.com.br\/emfoco\/2026\/03\/06\/maior-que-um-predio-de-9-andares-a-formacao-misteriosa-escondida-em-uma-caverna-mineira-que-detem-um-recorde-mundial-solitario\/"]}]},{"@type":"ImageObject","inLanguage":"pt-BR","@id":"https:\/\/www.em.com.br\/emfoco\/2026\/03\/06\/maior-que-um-predio-de-9-andares-a-formacao-misteriosa-escondida-em-uma-caverna-mineira-que-detem-um-recorde-mundial-solitario\/#primaryimage","url":"https:\/\/www.em.com.br\/emfoco\/wp-content\/uploads\/2026\/03\/Parque-Nacional-Cavernas-do-Peruacu.jpg","contentUrl":"https:\/\/www.em.com.br\/emfoco\/wp-content\/uploads\/2026\/03\/Parque-Nacional-Cavernas-do-Peruacu.jpg","width":1280,"height":720,"caption":"Maior que um pr\u00e9dio de 9 andares: a forma\u00e7\u00e3o misteriosa escondida em uma caverna mineira que det\u00e9m um recorde mundial solit\u00e1rio (imagem ilustrativa)"},{"@type":"BreadcrumbList","@id":"https:\/\/www.em.com.br\/emfoco\/2026\/03\/06\/maior-que-um-predio-de-9-andares-a-formacao-misteriosa-escondida-em-uma-caverna-mineira-que-detem-um-recorde-mundial-solitario\/#breadcrumb","itemListElement":[{"@type":"ListItem","position":1,"name":"In\u00edcio","item":"https:\/\/www.em.com.br\/emfoco\/"},{"@type":"ListItem","position":2,"name":"Maior que um pr\u00e9dio de 9 andares: a forma\u00e7\u00e3o misteriosa escondida em uma caverna mineira que det\u00e9m um recorde mundial solit\u00e1rio"}]},{"@type":"WebSite","@id":"https:\/\/www.em.com.br\/emfoco\/#website","url":"https:\/\/www.em.com.br\/emfoco\/","name":"Estado de Minas - Em foco","description":"Acompanhe as \u00faltimas not\u00edcias e fique bem informado sobre tudo o que acontece em Minas Gerais, Brasil e no mundo.","potentialAction":[{"@type":"SearchAction","target":{"@type":"EntryPoint","urlTemplate":"https:\/\/www.em.com.br\/emfoco\/?s={search_term_string}"},"query-input":{"@type":"PropertyValueSpecification","valueRequired":true,"valueName":"search_term_string"}}],"inLanguage":"pt-BR"},{"@type":"Person","@id":"https:\/\/www.em.com.br\/emfoco\/#\/schema\/person\/364ac1852fafd00f1be20f0b8b237569","name":"Vitor Bruno","image":{"@type":"ImageObject","inLanguage":"pt-BR","@id":"https:\/\/www.em.com.br\/emfoco\/#\/schema\/person\/image\/","url":"https:\/\/secure.gravatar.com\/avatar\/b719e5cdede09f942064960883b5524d?s=96&d=mm&r=g","contentUrl":"https:\/\/secure.gravatar.com\/avatar\/b719e5cdede09f942064960883b5524d?s=96&d=mm&r=g","caption":"Vitor Bruno"},"sameAs":["https:\/\/www.em.com.br\/emfoco\/"],"url":"https:\/\/www.em.com.br\/emfoco\/author\/vitormyth\/"}]}},"_links":{"self":[{"href":"https:\/\/www.em.com.br\/emfoco\/wp-json\/wp\/v2\/posts\/178227","targetHints":{"allow":["GET"]}}],"collection":[{"href":"https:\/\/www.em.com.br\/emfoco\/wp-json\/wp\/v2\/posts"}],"about":[{"href":"https:\/\/www.em.com.br\/emfoco\/wp-json\/wp\/v2\/types\/post"}],"author":[{"embeddable":true,"href":"https:\/\/www.em.com.br\/emfoco\/wp-json\/wp\/v2\/users\/6"}],"replies":[{"embeddable":true,"href":"https:\/\/www.em.com.br\/emfoco\/wp-json\/wp\/v2\/comments?post=178227"}],"version-history":[{"count":3,"href":"https:\/\/www.em.com.br\/emfoco\/wp-json\/wp\/v2\/posts\/178227\/revisions"}],"predecessor-version":[{"id":178318,"href":"https:\/\/www.em.com.br\/emfoco\/wp-json\/wp\/v2\/posts\/178227\/revisions\/178318"}],"wp:featuredmedia":[{"embeddable":true,"href":"https:\/\/www.em.com.br\/emfoco\/wp-json\/wp\/v2\/media\/178315"}],"wp:attachment":[{"href":"https:\/\/www.em.com.br\/emfoco\/wp-json\/wp\/v2\/media?parent=178227"}],"wp:term":[{"taxonomy":"category","embeddable":true,"href":"https:\/\/www.em.com.br\/emfoco\/wp-json\/wp\/v2\/categories?post=178227"},{"taxonomy":"post_tag","embeddable":true,"href":"https:\/\/www.em.com.br\/emfoco\/wp-json\/wp\/v2\/tags?post=178227"}],"curies":[{"name":"wp","href":"https:\/\/api.w.org\/{rel}","templated":true}]}}