{"id":178225,"date":"2026-03-06T15:05:00","date_gmt":"2026-03-06T18:05:00","guid":{"rendered":"https:\/\/www.em.com.br\/emfoco\/?p=178225"},"modified":"2026-03-06T15:11:14","modified_gmt":"2026-03-06T18:11:14","slug":"uma-cidade-mineira-apontada-como-a-mais-segura-do-estado-que-concentra-o-maior-spa-termal-do-brasil-e-um-mineral-estrategico-do-mundo","status":"publish","type":"post","link":"https:\/\/www.em.com.br\/emfoco\/2026\/03\/06\/uma-cidade-mineira-apontada-como-a-mais-segura-do-estado-que-concentra-o-maior-spa-termal-do-brasil-e-um-mineral-estrategico-do-mundo\/","title":{"rendered":"Uma cidade mineira apontada como a mais segura do estado que concentra o maior spa termal do Brasil e um mineral estrat\u00e9gico do mundo"},"content":{"rendered":"\n<p>O nome vem do tupi-guarani e significa \u201clugar alto onde primeiro se avista o sol\u201d. <strong>Arax\u00e1<\/strong>, no <strong>Alto Parana\u00edba<\/strong>, combina a for\u00e7a de um subsolo que abastece a ind\u00fastria aeroespacial mundial com \u00e1guas termais de origem vulc\u00e2nica e um ritmo de vida que cidades grandes j\u00e1 perderam.<\/p>\n\n\n\n<h2 class=\"wp-block-heading\">Por que Arax\u00e1 \u00e9 estrat\u00e9gica para o mundo inteiro?<\/h2>\n\n\n\n<p>O subsolo da cidade abriga o <strong>Dep\u00f3sito do Barreiro<\/strong>, a maior reserva de ni\u00f3bio em opera\u00e7\u00e3o do planeta. Segundo a <a href=\"https:\/\/agenciagov.ebc.com.br\/noticias\/202403\/brasil-lidera-producao-global-de-niobio-e-se-destaca-como-principal-detentor-das-reservas\" target=\"_blank\" rel=\"noreferrer noopener\"><strong>Ag\u00eancia Gov<\/strong><\/a>, o Brasil responde por cerca de 90% da produ\u00e7\u00e3o global desse metal, e a mina araxaense, operada pela <strong>Companhia Brasileira de Metalurgia e Minera\u00e7\u00e3o (CBMM)<\/strong>, \u00e9 o cora\u00e7\u00e3o dessa cadeia. O ni\u00f3bio entra em ligas de a\u00e7o para turbinas de avi\u00e3o, foguetes e at\u00e9 no acelerador de part\u00edculas do <strong>CERN<\/strong>.<\/p>\n\n\n\n<p>Em 2024, <strong>Minas Gerais<\/strong> exportou US$ 2,1 bilh\u00f5es em produtos da cadeia de ni\u00f3bio, segundo a <a href=\"https:\/\/www.agenciaminas.mg.gov.br\/noticia\/dia-do-niobio-investimentos-e-iniciativas-do-governo-de-minas-impulsionam-os-potenciais-do-mineral\" target=\"_blank\" rel=\"noreferrer noopener\"><strong>Ag\u00eancia Minas<\/strong><\/a>. No mesmo ano, a CBMM inaugurou na cidade a maior planta de produ\u00e7\u00e3o de \u00e2nodo de ni\u00f3bio do mundo. Essa riqueza mineral se traduz em arrecada\u00e7\u00e3o robusta e em indicadores sociais acima da m\u00e9dia nacional.<\/p>\n\n\n<div class=\"wp-block-image\">\n<figure class=\"aligncenter size-large\"><img loading=\"lazy\" decoding=\"async\" width=\"1024\" height=\"576\" src=\"https:\/\/www.em.com.br\/emfoco\/wp-content\/uploads\/2026\/01\/araxa2-1024x576.jpg\" alt=\"A cidade mineira que concentra o maior spa termal do Brasil e um mineral estrat\u00e9gico do mundo\" class=\"wp-image-152064\" srcset=\"https:\/\/www.em.com.br\/emfoco\/wp-content\/uploads\/2026\/01\/araxa2-1024x576.jpg 1024w, https:\/\/www.em.com.br\/emfoco\/wp-content\/uploads\/2026\/01\/araxa2-300x169.jpg 300w, https:\/\/www.em.com.br\/emfoco\/wp-content\/uploads\/2026\/01\/araxa2-768x432.jpg 768w, https:\/\/www.em.com.br\/emfoco\/wp-content\/uploads\/2026\/01\/araxa2-750x422.jpg 750w, https:\/\/www.em.com.br\/emfoco\/wp-content\/uploads\/2026\/01\/araxa2-1140x641.jpg 1140w, https:\/\/www.em.com.br\/emfoco\/wp-content\/uploads\/2026\/01\/araxa2.jpg 1280w\" sizes=\"auto, (max-width: 1024px) 100vw, 1024px\" \/><figcaption class=\"wp-element-caption\">Arax\u00e1 une \u00e1guas termais, minera\u00e7\u00e3o de ni\u00f3bio e qualidade de vida \/\/ Cr\u00e9ditos: Wikipedia<\/figcaption><\/figure><\/div>\n\n\n<h2 class=\"wp-block-heading\">Como \u00e9 viver na terra onde primeiro se avista o sol?<\/h2>\n\n\n\n<p>Arax\u00e1 re\u00fane 111 mil habitantes, conforme o <a href=\"https:\/\/www.ibge.gov.br\/cidades-e-estados\/mg\/araxa.html\" target=\"_blank\" rel=\"noreferrer noopener\"><strong>Instituto Brasileiro de Geografia e Estat\u00edstica (IBGE)<\/strong><\/a>, e registra IDH de 0,772, considerado alto. O PIB per capita de R$ 79 mil reflete o impacto da minera\u00e7\u00e3o no cotidiano: ruas pavimentadas, saneamento acima da m\u00e9dia e escolas bem equipadas.<\/p>\n\n\n\n<p>A cidade foi apontada como a mais segura de Minas entre munic\u00edpios com mais de 100 mil habitantes, segundo dados do anu\u00e1rio do IBGE de 2023. O tr\u00e2nsito flui sem congestionamentos, os bairros residenciais s\u00e3o arborizados e o <strong>Complexo do Barreiro<\/strong> funciona como um parque urbano para caminhadas e banhos termais no fim do dia.<\/p>\n\n\n\n<h2 class=\"wp-block-heading\">Um pal\u00e1cio de Get\u00falio Vargas no meio do cerrado<\/h2>\n\n\n\n<p>Em 1938, o presidente <strong>Get\u00falio Vargas<\/strong> encomendou a constru\u00e7\u00e3o de um hotel monumental para atrair turistas ao interior de Minas. O <strong>Grande Hotel Termas de Arax\u00e1<\/strong>, inaugurado em 1944, reuniu nomes como o arquiteto <strong>Luiz Signorelli<\/strong> e o paisagista <strong>Roberto Burle Marx<\/strong>. M\u00e1rmores de Carrara, lustres de cristal belga e ladrilhos portugueses cruzaram o Atl\u00e2ntico em plena Segunda Guerra para compor os sal\u00f5es.<\/p>\n\n\n\n<p>Tombado como <strong>Patrim\u00f4nio Hist\u00f3rico de Minas Gerais<\/strong> pelo <a href=\"https:\/\/www.iepha.mg.gov.br\/index.php\/programas-e-acoes\/patrimonio-cultural-protegido\/bens-tombados\/details\/1\/16\/bens-tombados-complexo-hidrotermal-e-hoteleiro-do-barreiro\" target=\"_blank\" rel=\"noreferrer noopener\"><strong>IEPHA-MG<\/strong><\/a> desde 1989, o complexo inclui termas de \u00e1guas sulfurosas e radioativas de origem vulc\u00e2nica, jardins \u00e0s margens de um lago e 150 quartos com mob\u00edlia original dos anos 1940. Hoje, administrado pelo Grupo Tau\u00e1, o hotel funciona como destino de bem-estar e preserva\u00e7\u00e3o hist\u00f3rica.<\/p>\n\n\n<div class=\"wp-block-image\">\n<figure class=\"aligncenter size-large\"><img loading=\"lazy\" decoding=\"async\" width=\"1024\" height=\"576\" src=\"https:\/\/www.em.com.br\/emfoco\/wp-content\/uploads\/2026\/01\/araxa5-1024x576.jpg\" alt=\"A cidade mineira que concentra o maior spa termal do Brasil e um mineral estrat\u00e9gico do mundo\" class=\"wp-image-152061\" srcset=\"https:\/\/www.em.com.br\/emfoco\/wp-content\/uploads\/2026\/01\/araxa5-1024x576.jpg 1024w, https:\/\/www.em.com.br\/emfoco\/wp-content\/uploads\/2026\/01\/araxa5-300x169.jpg 300w, https:\/\/www.em.com.br\/emfoco\/wp-content\/uploads\/2026\/01\/araxa5-768x432.jpg 768w, https:\/\/www.em.com.br\/emfoco\/wp-content\/uploads\/2026\/01\/araxa5-750x422.jpg 750w, https:\/\/www.em.com.br\/emfoco\/wp-content\/uploads\/2026\/01\/araxa5-1140x641.jpg 1140w, https:\/\/www.em.com.br\/emfoco\/wp-content\/uploads\/2026\/01\/araxa5.jpg 1280w\" sizes=\"auto, (max-width: 1024px) 100vw, 1024px\" \/><figcaption class=\"wp-element-caption\">Arax\u00e1 encanta com termas arquitetura hist\u00f3rica e longevidade \/\/ Cr\u00e9ditos: Wikipedia<\/figcaption><\/figure><\/div>\n\n\n<h2 class=\"wp-block-heading\">O que fazer em Arax\u00e1 al\u00e9m das termas?<\/h2>\n\n\n\n<p>A cidade oferece atra\u00e7\u00f5es que v\u00e3o do mirante panor\u00e2mico \u00e0 rampa de voo livre. Confira os destaques que valem a visita:<\/p>\n\n\n\n<ul class=\"wp-block-list has-medium-font-size\">\n<li><strong>Parque do Cristo<\/strong>: mirante no alto do bairro Santa Rita com vista 360\u00b0 da cidade, pista de cooper, academia ao ar livre e loja de artesanato. Aberto diariamente das 7h \u00e0s 21h.<\/li>\n\n\n\n<li><strong>Horizonte Perdido<\/strong>: no topo da <strong>Serra da Bocaina<\/strong>, a 1.350 m de altitude, uma das cinco melhores rampas de voo livre do Brasil. Restaurante panor\u00e2mico e chal\u00e9s completam a experi\u00eancia.<\/li>\n\n\n\n<li><strong><a href=\"https:\/\/fundacaocalmonbarreto.mg.gov.br\/espaco\/link\/1\/museu-historico-de-araxa-dona-beja\" target=\"_blank\" rel=\"noreferrer noopener\">Museu Hist\u00f3rico Dona Beja<\/a><\/strong>: casar\u00e3o do in\u00edcio do s\u00e9culo XIX onde viveu <strong>Ana Jacinta de S\u00e3o Jos\u00e9<\/strong>, a Dona Beja, figura que marcou a pol\u00edtica e os costumes do Tri\u00e2ngulo Mineiro. Entrada gratuita.<\/li>\n\n\n\n<li><strong>Fonte Andrade J\u00fanior<\/strong>: pavilh\u00e3o hist\u00f3rico de 1947 dentro do Complexo do Barreiro, com quatro bebedouros de \u00e1guas minerais alcalinas e sulfurosas.<\/li>\n\n\n\n<li><strong>Bocaina Park<\/strong>: ao p\u00e9 do Horizonte Perdido, oferece escalada, tirolesa, rapel, trilhas e mountain bike em meio ao cerrado.<\/li>\n<\/ul>\n\n\n\n<p>Quem busca relaxamento em <strong>Minas Gerais<\/strong>, vai curtir esse v\u00eddeo especialmente selecionado do canal <strong>Fam\u00edlia Pet na Estrada \ud83d\udc9b<\/strong>, que conta com mais de <strong>22 mil<\/strong> visualiza\u00e7\u00f5es, onde <strong>Anna e Dani<\/strong> mostram as \u00e1guas terap\u00eauticas de <strong>Arax\u00e1<\/strong>, explorando o luxuoso <strong>Grande Hotel<\/strong> e a lend\u00e1ria fonte de <strong>Dona Beja<\/strong>:<\/p>\n\n\n\n<figure class=\"wp-block-embed is-type-video is-provider-youtube wp-block-embed-youtube wp-embed-aspect-16-9 wp-has-aspect-ratio\"><div class=\"wp-block-embed__wrapper\">\n<div class=\"jeg_video_container jeg_video_content\"><iframe loading=\"lazy\" title=\"Conhe\u00e7a ARAX\u00c1 | Pontos tur\u00edsticos de Minas Gerais\" width=\"500\" height=\"281\" src=\"https:\/\/www.youtube.com\/embed\/7LfhazsBsHc?feature=oembed\" frameborder=\"0\" allow=\"accelerometer; autoplay; clipboard-write; encrypted-media; gyroscope; picture-in-picture; web-share\" referrerpolicy=\"strict-origin-when-cross-origin\" allowfullscreen><\/iframe><\/div>\n<\/div><\/figure>\n\n\n\n<h2 class=\"wp-block-heading\">Dona Beja e o mito que virou identidade<\/h2>\n\n\n\n<p>Poucas cidades brasileiras t\u00eam sua hist\u00f3ria t\u00e3o entrela\u00e7ada a uma personagem real. <strong>Dona Beja<\/strong> nasceu em <strong>Formiga<\/strong> em 1800, chegou a Arax\u00e1 ainda crian\u00e7a e viveu uma trajet\u00f3ria de rupturas. Sequestrada aos 15 anos pelo ouvidor do rei, voltou \u00e0 cidade e enfrentou a rejei\u00e7\u00e3o da sociedade local. Construiu o maior casar\u00e3o da vila e se tornou uma figura influente na pol\u00edtica liberal do s\u00e9culo XIX, segundo registros da <a href=\"https:\/\/fundacaocalmonbarreto.mg.gov.br\/bio\/link\/3\/anna-jacintha-de-s-o-jos-dona-beja\" target=\"_blank\" rel=\"noreferrer noopener\"><strong>Funda\u00e7\u00e3o Calmon Barreto<\/strong><\/a>.<\/p>\n\n\n\n<p>A lenda de que as \u00e1guas radioativas da fonte que leva seu nome eram o segredo de sua beleza eterna ajudou a consolidar o turismo termal. Em 2024, uma nova adapta\u00e7\u00e3o em novela pela <strong>HBO Max<\/strong>, estrelada por <strong>Grazi Massafera<\/strong>, recolocou Arax\u00e1 no imagin\u00e1rio nacional.<\/p>\n\n\n\n<h2 class=\"wp-block-heading\">Quando o clima favorece cada tipo de passeio?<\/h2>\n\n\n\n<p>A altitude m\u00e9dia de 1.000 m garante temperaturas amenas boa parte do ano. O inverno seco \u00e9 a melhor \u00e9poca para passeios ao ar livre, enquanto o ver\u00e3o pede manh\u00e3s cedo para evitar as pancadas de chuva \u00e0 tarde:<\/p>\n\n\n\n<div class=\"google-auto-ads-ignore\" style=\"box-sizing: border-box; display: flex; flex-direction: column; width: 100%; max-width: 900px; margin: 30px auto; font-family: 'Segoe UI', Roboto, Helvetica, Arial, sans-serif; clear: both;\">\n    <div style=\"display: flex; flex-wrap: wrap; gap: 15px;\">\n        \n        <div style=\"flex: 1 1 calc(25% - 15px); min-width: 200px; border: 1px solid #e5e8fb; border-top: 4px solid #0120d7; border-radius: 8px; padding: 20px; background: #fff; box-sizing: border-box; box-shadow: 0 4px 10px rgba(1, 32, 215, 0.05); display: flex; flex-direction: column;\">\n            <div style=\"display: flex; align-items: center; justify-content: center; gap: 8px; margin-bottom: 20px;\">\n                <span style=\"font-size: 22px; line-height: 1;\">\u2600\ufe0f<\/span>\n                <strong style=\"color: #0120d7; font-size: 16px; text-transform: uppercase;\">Ver\u00e3o<\/strong>\n            <\/div>\n            <div style=\"margin-bottom: auto;\">\n                <div style=\"text-align: center; font-size: 11px; font-weight: 800; color: #00127a; text-transform: uppercase; margin-bottom: 5px;\">Dezembro &#8211; Fevereiro<\/div>\n                <div style=\"text-align: center; font-size: 26px; font-weight: 900; color: #0120d7; margin-bottom: 10px;\">18\u00b0C a 29\u00b0C<\/div>\n                <div style=\"text-align: center; font-size: 13px; color: #555; line-height: 1.5; margin-bottom: 15px;\">As temperaturas s\u00e3o agrad\u00e1veis, mas chove bastante. Foco nas <strong>termas e museus pela manh\u00e3<\/strong>. <em>Evite passeios ao ar livre na parte da tarde devido aos temporais.<\/em><\/div>\n            <\/div>\n            <div style=\"text-align: center;\">\n                <span style=\"display: inline-block; background: #f0f2fc; color: #0120d7; font-size: 10px; font-weight: 800; padding: 6px 12px; border-radius: 20px; text-transform: uppercase; border: 1px solid #e5e8fb; line-height: 1.4;\">\ud83d\udca7 Chuva Alta<\/span>\n            <\/div>\n        <\/div>\n\n        <div style=\"flex: 1 1 calc(25% - 15px); min-width: 200px; border: 1px solid #e5e8fb; border-top: 4px solid #0120d7; border-radius: 8px; padding: 20px; background: #fff; box-sizing: border-box; box-shadow: 0 4px 10px rgba(1, 32, 215, 0.05); display: flex; flex-direction: column;\">\n            <div style=\"display: flex; align-items: center; justify-content: center; gap: 8px; margin-bottom: 20px;\">\n                <span style=\"font-size: 22px; line-height: 1;\">\ud83c\udf42<\/span>\n                <strong style=\"color: #0120d7; font-size: 16px; text-transform: uppercase;\">Outono<\/strong>\n            <\/div>\n            <div style=\"margin-bottom: auto;\">\n                <div style=\"text-align: center; font-size: 11px; font-weight: 800; color: #00127a; text-transform: uppercase; margin-bottom: 5px;\">Mar\u00e7o &#8211; Maio<\/div>\n                <div style=\"text-align: center; font-size: 26px; font-weight: 900; color: #0120d7; margin-bottom: 10px;\">15\u00b0C a 26\u00b0C<\/div>\n                <div style=\"text-align: center; font-size: 13px; color: #555; line-height: 1.5; margin-bottom: 15px;\">A chuva diminui, deixando o ar com excelente visibilidade e clima fresco. \u00c9poca ideal para desbravar as belas <strong>trilhas na Serra da Bocaina<\/strong>.<\/div>\n            <\/div>\n            <div style=\"text-align: center;\">\n                <span style=\"display: inline-block; background: #f0f2fc; color: #0120d7; font-size: 10px; font-weight: 800; padding: 6px 12px; border-radius: 20px; text-transform: uppercase; border: 1px solid #e5e8fb; line-height: 1.4;\">\u2601\ufe0f Chuva M\u00e9dia<\/span>\n            <\/div>\n        <\/div>\n\n        <div style=\"flex: 1 1 calc(25% - 15px); min-width: 200px; border: 2px solid #0120d7; border-radius: 8px; padding: 20px; background: #f4f6fe; box-sizing: border-box; box-shadow: 0 4px 10px rgba(1, 32, 215, 0.1); display: flex; flex-direction: column;\">\n            <div style=\"display: flex; align-items: center; justify-content: center; gap: 8px; margin-bottom: 20px;\">\n                <span style=\"font-size: 22px; line-height: 1;\">\u2744\ufe0f<\/span>\n                <strong style=\"color: #0120d7; font-size: 16px; text-transform: uppercase;\">Inverno<\/strong>\n            <\/div>\n            <div style=\"margin-bottom: auto;\">\n                <div style=\"text-align: center; font-size: 11px; font-weight: 800; color: #00127a; text-transform: uppercase; margin-bottom: 5px;\">Junho &#8211; Agosto<\/div>\n                <div style=\"text-align: center; font-size: 26px; font-weight: 900; color: #0120d7; margin-bottom: 10px;\">11\u00b0C a 24\u00b0C<\/div>\n                <div style=\"text-align: center; font-size: 13px; color: #555; line-height: 1.5; margin-bottom: 15px;\">O clima ameno, seco e com c\u00e9u muito azul cria as melhores condi\u00e7\u00f5es do ano! Per\u00edodo perfeito e seguro para <strong>voo livre e visitar mirantes<\/strong>.<\/div>\n            <\/div>\n            <div style=\"text-align: center;\">\n                <span style=\"display: inline-block; background: #0120d7; color: #fff; font-size: 10px; font-weight: 800; padding: 6px 12px; border-radius: 20px; text-transform: uppercase; line-height: 1.4;\">\ud83c\udf92 Melhor \u00c9poca<\/span>\n            <\/div>\n        <\/div>\n\n        <div style=\"flex: 1 1 calc(25% - 15px); min-width: 200px; border: 1px solid #e5e8fb; border-top: 4px solid #0120d7; border-radius: 8px; padding: 20px; background: #fff; box-sizing: border-box; box-shadow: 0 4px 10px rgba(1, 32, 215, 0.05); display: flex; flex-direction: column;\">\n            <div style=\"display: flex; align-items: center; justify-content: center; gap: 8px; margin-bottom: 20px;\">\n                <span style=\"font-size: 22px; line-height: 1;\">\ud83c\udf38<\/span>\n                <strong style=\"color: #0120d7; font-size: 16px; text-transform: uppercase;\">Primavera<\/strong>\n            <\/div>\n            <div style=\"margin-bottom: auto;\">\n                <div style=\"text-align: center; font-size: 11px; font-weight: 800; color: #00127a; text-transform: uppercase; margin-bottom: 5px;\">Setembro &#8211; Novembro<\/div>\n                <div style=\"text-align: center; font-size: 26px; font-weight: 900; color: #0120d7; margin-bottom: 10px;\">16\u00b0C a 28\u00b0C<\/div>\n                <div style=\"text-align: center; font-size: 13px; color: #555; line-height: 1.5; margin-bottom: 15px;\">A altitude de 1.000m mant\u00e9m o calor sob controle antes das grandes chuvas voltarem. Aproveite muito o verde nos <strong>parques e em caminhadas<\/strong>.<\/div>\n            <\/div>\n            <div style=\"text-align: center;\">\n                <span style=\"display: inline-block; background: #f0f2fc; color: #0120d7; font-size: 10px; font-weight: 800; padding: 6px 12px; border-radius: 20px; text-transform: uppercase; border: 1px solid #e5e8fb; line-height: 1.4;\">\u2601\ufe0f Chuva M\u00e9dia<\/span>\n            <\/div>\n        <\/div>\n        \n    <\/div>\n<\/div>\n\n\n\n<p><em>Temperaturas aproximadas com base no <a href=\"https:\/\/www.climatempo.com.br\/climatologia\/101\/araxa-mg\" target=\"_blank\" rel=\"noreferrer noopener\"><strong>Climatempo<\/strong><\/a>. Condi\u00e7\u00f5es podem variar.<\/em><\/p>\n\n\n\n<h2 class=\"wp-block-heading\">Como chegar \u00e0 capital do ni\u00f3bio?<\/h2>\n\n\n\n<p>Arax\u00e1 fica a 367 km de <strong>Belo Horizonte<\/strong> pela <strong>BR-262<\/strong>, cerca de 4h30 de carro. De <strong>S\u00e3o Paulo<\/strong>, s\u00e3o 550 km pela <strong>SP-330<\/strong> e <strong>BR-146<\/strong>. A <a href=\"https:\/\/www.araxa.mg.gov.br\/noticia\/7646\/ferias-em-araxa-com-historia-natureza-e-gastronomia-confira-locais-e-dicas-para-aproveitar-a-cidade\" target=\"_blank\" rel=\"noreferrer noopener\"><strong>Prefeitura de Arax\u00e1<\/strong><\/a> informa que o <strong>Aeroporto Romeu Zema<\/strong>, a 5 km do centro, recebe voos da <strong>Azul Linhas A\u00e9reas<\/strong> com conex\u00f5es por Belo Horizonte e S\u00e3o Paulo.<\/p>\n\n\n\n<p><strong>Leia tamb\u00e9m: <a href=\"https:\/\/www.em.com.br\/emfoco\/2026\/03\/04\/uma-montanha-1-385-metros-desapareceu-a-cidade-mineira-a-2-horas-de-belo-horizonte-onde-a-paisagem-valia-menos-que-os-lucros-e-o-maior-poeta-brasileiro-nasceu\/\" target=\"_blank\" rel=\"noreferrer noopener\">Uma montanha de 1.385 metros desapareceu: a cidade mineira a 2 horas de Belo Horizonte onde a paisagem valia menos que os lucros e o maior poeta brasileiro nasceu<\/a><\/strong><\/p>\n\n\n\n<h2 class=\"wp-block-heading\">Conhe\u00e7a a cidade que nasceu sobre um vulc\u00e3o adormecido<\/h2>\n\n\n\n<p>Arax\u00e1 \u00e9 rara. O subsolo alimenta a ind\u00fastria de ponta mundial, as \u00e1guas vulc\u00e2nicas acolhem quem busca descanso e a hist\u00f3ria de Dona Beja d\u00e1 personalidade a cada esquina. Tudo isso a um voo de dist\u00e2ncia das capitais do Sudeste, com seguran\u00e7a e qualidade de vida de cidade grande sem o caos de uma.<\/p>\n\n\n\n<p>Voc\u00ea precisa subir o planalto e sentir o ritmo de Arax\u00e1, a cidade onde o sol chega primeiro e o tempo ainda corre devagar.<\/p>\n","protected":false},"excerpt":{"rendered":"<p>O nome vem do tupi-guarani e significa \u201clugar alto onde primeiro se avista o sol\u201d. Arax\u00e1, no Alto Parana\u00edba, combina a for\u00e7a de um subsolo que abastece a ind\u00fastria aeroespacial mundial com \u00e1guas termais de origem vulc\u00e2nica e um ritmo de vida que cidades grandes j\u00e1 perderam. Por que Arax\u00e1 \u00e9 estrat\u00e9gica para o mundo [&hellip;]<\/p>\n","protected":false},"author":6,"featured_media":152062,"comment_status":"open","ping_status":"open","sticky":false,"template":"","format":"standard","meta":{"jnews-multi-image_gallery":[],"jnews_single_post":{"format":"standard"},"jnews_primary_category":[],"jnews_social_meta":[],"jnews_override_counter":[],"footnotes":""},"categories":[26],"tags":[1081,183,207],"class_list":["post-178225","post","type-post","status-publish","format-standard","has-post-thumbnail","hentry","category-cidades","tag-araxa","tag-cidades","tag-minas-gerais"],"yoast_head":"<!-- This site is optimized with the Yoast SEO plugin v23.8 - https:\/\/yoast.com\/wordpress\/plugins\/seo\/ -->\n<title>Uma cidade mineira apontada como a mais segura do estado que concentra o maior spa termal do Brasil e um mineral estrat\u00e9gico do mundo - Estado de Minas - Em foco<\/title>\n<meta name=\"description\" content=\"Apontada como a mais segura de Minas, essa cidade abriga o maior spa termal do Brasil e um mineral raro de valor estrat\u00e9gico.\" \/>\n<meta name=\"robots\" content=\"index, follow, max-snippet:-1, max-image-preview:large, max-video-preview:-1\" \/>\n<link rel=\"canonical\" href=\"https:\/\/www.em.com.br\/emfoco\/2026\/03\/06\/uma-cidade-mineira-apontada-como-a-mais-segura-do-estado-que-concentra-o-maior-spa-termal-do-brasil-e-um-mineral-estrategico-do-mundo\/\" \/>\n<meta property=\"og:locale\" content=\"pt_BR\" \/>\n<meta property=\"og:type\" content=\"article\" \/>\n<meta property=\"og:title\" content=\"Uma cidade mineira apontada como a mais segura do estado que concentra o maior spa termal do Brasil e um mineral estrat\u00e9gico do mundo - Estado de Minas - Em foco\" \/>\n<meta property=\"og:description\" content=\"Apontada como a mais segura de Minas, essa cidade abriga o maior spa termal do Brasil e um mineral raro de valor estrat\u00e9gico.\" \/>\n<meta property=\"og:url\" content=\"https:\/\/www.em.com.br\/emfoco\/2026\/03\/06\/uma-cidade-mineira-apontada-como-a-mais-segura-do-estado-que-concentra-o-maior-spa-termal-do-brasil-e-um-mineral-estrategico-do-mundo\/\" \/>\n<meta property=\"og:site_name\" content=\"Estado de Minas - Em foco\" \/>\n<meta property=\"article:published_time\" content=\"2026-03-06T18:05:00+00:00\" \/>\n<meta property=\"article:modified_time\" content=\"2026-03-06T18:11:14+00:00\" \/>\n<meta property=\"og:image\" content=\"https:\/\/www.em.com.br\/emfoco\/wp-content\/uploads\/2026\/01\/araxa4.jpg\" \/>\n\t<meta property=\"og:image:width\" content=\"1280\" \/>\n\t<meta property=\"og:image:height\" content=\"720\" \/>\n\t<meta property=\"og:image:type\" content=\"image\/jpeg\" \/>\n<meta name=\"author\" content=\"Vitor Bruno\" \/>\n<meta name=\"twitter:card\" content=\"summary_large_image\" \/>\n<meta name=\"twitter:label1\" content=\"Escrito por\" \/>\n\t<meta name=\"twitter:data1\" content=\"Vitor Bruno\" \/>\n\t<meta name=\"twitter:label2\" content=\"Est. tempo de leitura\" \/>\n\t<meta name=\"twitter:data2\" content=\"7 minutos\" \/>\n<!-- \/ Yoast SEO plugin. -->","yoast_head_json":{"title":"Uma cidade mineira apontada como a mais segura do estado que concentra o maior spa termal do Brasil e um mineral estrat\u00e9gico do mundo - Estado de Minas - Em foco","description":"Apontada como a mais segura de Minas, essa cidade abriga o maior spa termal do Brasil e um mineral raro de valor estrat\u00e9gico.","robots":{"index":"index","follow":"follow","max-snippet":"max-snippet:-1","max-image-preview":"max-image-preview:large","max-video-preview":"max-video-preview:-1"},"canonical":"https:\/\/www.em.com.br\/emfoco\/2026\/03\/06\/uma-cidade-mineira-apontada-como-a-mais-segura-do-estado-que-concentra-o-maior-spa-termal-do-brasil-e-um-mineral-estrategico-do-mundo\/","og_locale":"pt_BR","og_type":"article","og_title":"Uma cidade mineira apontada como a mais segura do estado que concentra o maior spa termal do Brasil e um mineral estrat\u00e9gico do mundo - Estado de Minas - Em foco","og_description":"Apontada como a mais segura de Minas, essa cidade abriga o maior spa termal do Brasil e um mineral raro de valor estrat\u00e9gico.","og_url":"https:\/\/www.em.com.br\/emfoco\/2026\/03\/06\/uma-cidade-mineira-apontada-como-a-mais-segura-do-estado-que-concentra-o-maior-spa-termal-do-brasil-e-um-mineral-estrategico-do-mundo\/","og_site_name":"Estado de Minas - Em foco","article_published_time":"2026-03-06T18:05:00+00:00","article_modified_time":"2026-03-06T18:11:14+00:00","og_image":[{"width":1280,"height":720,"url":"https:\/\/www.em.com.br\/emfoco\/wp-content\/uploads\/2026\/01\/araxa4.jpg","type":"image\/jpeg"}],"author":"Vitor Bruno","twitter_card":"summary_large_image","twitter_misc":{"Escrito por":"Vitor Bruno","Est. tempo de leitura":"7 minutos"},"schema":{"@context":"https:\/\/schema.org","@graph":[{"@type":"WebPage","@id":"https:\/\/www.em.com.br\/emfoco\/2026\/03\/06\/uma-cidade-mineira-apontada-como-a-mais-segura-do-estado-que-concentra-o-maior-spa-termal-do-brasil-e-um-mineral-estrategico-do-mundo\/","url":"https:\/\/www.em.com.br\/emfoco\/2026\/03\/06\/uma-cidade-mineira-apontada-como-a-mais-segura-do-estado-que-concentra-o-maior-spa-termal-do-brasil-e-um-mineral-estrategico-do-mundo\/","name":"Uma cidade mineira apontada como a mais segura do estado que concentra o maior spa termal do Brasil e um mineral estrat\u00e9gico do mundo - Estado de Minas - Em foco","isPartOf":{"@id":"https:\/\/www.em.com.br\/emfoco\/#website"},"primaryImageOfPage":{"@id":"https:\/\/www.em.com.br\/emfoco\/2026\/03\/06\/uma-cidade-mineira-apontada-como-a-mais-segura-do-estado-que-concentra-o-maior-spa-termal-do-brasil-e-um-mineral-estrategico-do-mundo\/#primaryimage"},"image":{"@id":"https:\/\/www.em.com.br\/emfoco\/2026\/03\/06\/uma-cidade-mineira-apontada-como-a-mais-segura-do-estado-que-concentra-o-maior-spa-termal-do-brasil-e-um-mineral-estrategico-do-mundo\/#primaryimage"},"thumbnailUrl":"https:\/\/www.em.com.br\/emfoco\/wp-content\/uploads\/2026\/01\/araxa4.jpg","datePublished":"2026-03-06T18:05:00+00:00","dateModified":"2026-03-06T18:11:14+00:00","author":{"@id":"https:\/\/www.em.com.br\/emfoco\/#\/schema\/person\/364ac1852fafd00f1be20f0b8b237569"},"description":"Apontada como a mais segura de Minas, essa cidade abriga o maior spa termal do Brasil e um mineral raro de valor estrat\u00e9gico.","breadcrumb":{"@id":"https:\/\/www.em.com.br\/emfoco\/2026\/03\/06\/uma-cidade-mineira-apontada-como-a-mais-segura-do-estado-que-concentra-o-maior-spa-termal-do-brasil-e-um-mineral-estrategico-do-mundo\/#breadcrumb"},"inLanguage":"pt-BR","potentialAction":[{"@type":"ReadAction","target":["https:\/\/www.em.com.br\/emfoco\/2026\/03\/06\/uma-cidade-mineira-apontada-como-a-mais-segura-do-estado-que-concentra-o-maior-spa-termal-do-brasil-e-um-mineral-estrategico-do-mundo\/"]}]},{"@type":"ImageObject","inLanguage":"pt-BR","@id":"https:\/\/www.em.com.br\/emfoco\/2026\/03\/06\/uma-cidade-mineira-apontada-como-a-mais-segura-do-estado-que-concentra-o-maior-spa-termal-do-brasil-e-um-mineral-estrategico-do-mundo\/#primaryimage","url":"https:\/\/www.em.com.br\/emfoco\/wp-content\/uploads\/2026\/01\/araxa4.jpg","contentUrl":"https:\/\/www.em.com.br\/emfoco\/wp-content\/uploads\/2026\/01\/araxa4.jpg","width":1280,"height":720,"caption":"Arax\u00e1 combina tranquilidade economia forte e bem-estar \/\/ Cr\u00e9ditos: Wikipedia"},{"@type":"BreadcrumbList","@id":"https:\/\/www.em.com.br\/emfoco\/2026\/03\/06\/uma-cidade-mineira-apontada-como-a-mais-segura-do-estado-que-concentra-o-maior-spa-termal-do-brasil-e-um-mineral-estrategico-do-mundo\/#breadcrumb","itemListElement":[{"@type":"ListItem","position":1,"name":"In\u00edcio","item":"https:\/\/www.em.com.br\/emfoco\/"},{"@type":"ListItem","position":2,"name":"Uma cidade mineira apontada como a mais segura do estado que concentra o maior spa termal do Brasil e um mineral estrat\u00e9gico do mundo"}]},{"@type":"WebSite","@id":"https:\/\/www.em.com.br\/emfoco\/#website","url":"https:\/\/www.em.com.br\/emfoco\/","name":"Estado de Minas - Em foco","description":"Acompanhe as \u00faltimas not\u00edcias e fique bem informado sobre tudo o que acontece em Minas Gerais, Brasil e no mundo.","potentialAction":[{"@type":"SearchAction","target":{"@type":"EntryPoint","urlTemplate":"https:\/\/www.em.com.br\/emfoco\/?s={search_term_string}"},"query-input":{"@type":"PropertyValueSpecification","valueRequired":true,"valueName":"search_term_string"}}],"inLanguage":"pt-BR"},{"@type":"Person","@id":"https:\/\/www.em.com.br\/emfoco\/#\/schema\/person\/364ac1852fafd00f1be20f0b8b237569","name":"Vitor Bruno","image":{"@type":"ImageObject","inLanguage":"pt-BR","@id":"https:\/\/www.em.com.br\/emfoco\/#\/schema\/person\/image\/","url":"https:\/\/secure.gravatar.com\/avatar\/b719e5cdede09f942064960883b5524d?s=96&d=mm&r=g","contentUrl":"https:\/\/secure.gravatar.com\/avatar\/b719e5cdede09f942064960883b5524d?s=96&d=mm&r=g","caption":"Vitor Bruno"},"sameAs":["https:\/\/www.em.com.br\/emfoco\/"],"url":"https:\/\/www.em.com.br\/emfoco\/author\/vitormyth\/"}]}},"_links":{"self":[{"href":"https:\/\/www.em.com.br\/emfoco\/wp-json\/wp\/v2\/posts\/178225","targetHints":{"allow":["GET"]}}],"collection":[{"href":"https:\/\/www.em.com.br\/emfoco\/wp-json\/wp\/v2\/posts"}],"about":[{"href":"https:\/\/www.em.com.br\/emfoco\/wp-json\/wp\/v2\/types\/post"}],"author":[{"embeddable":true,"href":"https:\/\/www.em.com.br\/emfoco\/wp-json\/wp\/v2\/users\/6"}],"replies":[{"embeddable":true,"href":"https:\/\/www.em.com.br\/emfoco\/wp-json\/wp\/v2\/comments?post=178225"}],"version-history":[{"count":5,"href":"https:\/\/www.em.com.br\/emfoco\/wp-json\/wp\/v2\/posts\/178225\/revisions"}],"predecessor-version":[{"id":178397,"href":"https:\/\/www.em.com.br\/emfoco\/wp-json\/wp\/v2\/posts\/178225\/revisions\/178397"}],"wp:featuredmedia":[{"embeddable":true,"href":"https:\/\/www.em.com.br\/emfoco\/wp-json\/wp\/v2\/media\/152062"}],"wp:attachment":[{"href":"https:\/\/www.em.com.br\/emfoco\/wp-json\/wp\/v2\/media?parent=178225"}],"wp:term":[{"taxonomy":"category","embeddable":true,"href":"https:\/\/www.em.com.br\/emfoco\/wp-json\/wp\/v2\/categories?post=178225"},{"taxonomy":"post_tag","embeddable":true,"href":"https:\/\/www.em.com.br\/emfoco\/wp-json\/wp\/v2\/tags?post=178225"}],"curies":[{"name":"wp","href":"https:\/\/api.w.org\/{rel}","templated":true}]}}