{"id":178224,"date":"2026-03-06T11:25:00","date_gmt":"2026-03-06T14:25:00","guid":{"rendered":"https:\/\/www.em.com.br\/emfoco\/?p=178224"},"modified":"2026-03-06T10:55:06","modified_gmt":"2026-03-06T13:55:06","slug":"a-unica-capital-europeia-que-existiu-fora-da-europa-ficava-a-400-km-das-minas-de-ouro-que-financiaram-um-imperio","status":"publish","type":"post","link":"https:\/\/www.em.com.br\/emfoco\/2026\/03\/06\/a-unica-capital-europeia-que-existiu-fora-da-europa-ficava-a-400-km-das-minas-de-ouro-que-financiaram-um-imperio\/","title":{"rendered":"A \u00fanica capital europeia que existiu fora da Europa ficava a 400 km das minas de ouro que financiaram um Imp\u00e9rio"},"content":{"rendered":"\n<p>Entre <strong>1808<\/strong> e <strong>1821<\/strong>, o <strong>Rio de Janeiro<\/strong> governou Portugal, a \u00c1frica e a \u00c1sia. Nenhuma outra cidade fora do continente europeu ocupou esse papel, nem antes nem depois. A hist\u00f3ria dessa capital improv\u00e1vel come\u00e7a com uma fuga noturna de <strong>Lisboa<\/strong>, passa pelo ouro de <strong>Minas Gerais<\/strong> e termina com institui\u00e7\u00f5es que moldaram o pa\u00eds inteiro.<\/p>\n\n\n\n<h2 class=\"wp-block-heading\">Por que uma col\u00f4nia virou sede de um imp\u00e9rio europeu?<\/h2>\n\n\n\n<p>Porque <strong>Napole\u00e3o Bonaparte<\/strong> n\u00e3o deixou escolha. Em novembro de <strong>1807<\/strong>, tropas francesas marchavam sobre Lisboa para for\u00e7ar Portugal a aderir ao Bloqueio Continental contra a <strong>Inglaterra<\/strong>. O pr\u00edncipe regente <strong>Dom Jo\u00e3o<\/strong> decidiu embarcar a fam\u00edlia real e a corte rumo ao <strong>Brasil<\/strong>, escoltado por navios brit\u00e2nicos. A frota levou cerca de 15 mil pessoas, incluindo ministros, ju\u00edzes, nobres e funcion\u00e1rios do Estado.<\/p>\n\n\n\n<p>A comitiva chegou \u00e0 <strong>Bahia<\/strong> em janeiro de 1808 e seguiu para o Rio de Janeiro em mar\u00e7o. Pela primeira vez na hist\u00f3ria, um monarca europeu pisava na Am\u00e9rica. A col\u00f4nia deixava de ser periferia e se tornava o centro de onde sa\u00edam todas as decis\u00f5es do <a href=\"https:\/\/pt.wikipedia.org\/wiki\/Reino_Unido_de_Portugal,_Brasil_e_Algarves\" target=\"_blank\" rel=\"noreferrer noopener\"><strong>Reino Unido de Portugal, Brasil e Algarves<\/strong><\/a>.<\/p>\n\n\n<div class=\"wp-block-image\">\n<figure class=\"aligncenter size-large\"><img loading=\"lazy\" decoding=\"async\" width=\"1024\" height=\"576\" src=\"https:\/\/www.em.com.br\/emfoco\/wp-content\/uploads\/2026\/03\/Rio-de-Janeiro_1772805009639-1024x576.jpg\" alt=\"\" class=\"wp-image-178338\" srcset=\"https:\/\/www.em.com.br\/emfoco\/wp-content\/uploads\/2026\/03\/Rio-de-Janeiro_1772805009639-1024x576.jpg 1024w, https:\/\/www.em.com.br\/emfoco\/wp-content\/uploads\/2026\/03\/Rio-de-Janeiro_1772805009639-300x169.jpg 300w, https:\/\/www.em.com.br\/emfoco\/wp-content\/uploads\/2026\/03\/Rio-de-Janeiro_1772805009639-768x432.jpg 768w, https:\/\/www.em.com.br\/emfoco\/wp-content\/uploads\/2026\/03\/Rio-de-Janeiro_1772805009639-750x422.jpg 750w, https:\/\/www.em.com.br\/emfoco\/wp-content\/uploads\/2026\/03\/Rio-de-Janeiro_1772805009639-1140x641.jpg 1140w, https:\/\/www.em.com.br\/emfoco\/wp-content\/uploads\/2026\/03\/Rio-de-Janeiro_1772805009639.jpg 1280w\" sizes=\"auto, (max-width: 1024px) 100vw, 1024px\" \/><figcaption class=\"wp-element-caption\">Rio de Janeiro une o ref\u00fagio da Fam\u00edlia Real em 1808 \u00e0 dist\u00e2ncia estrat\u00e9gica de 400 km das Minas Gerais \/\/ Cr\u00e9ditos: depositphotos.com \/ dabldy<\/figcaption><\/figure><\/div>\n\n\n<h2 class=\"wp-block-heading\">O ouro mineiro que pavimentou o caminho at\u00e9 a corte<\/h2>\n\n\n\n<p>O Rio n\u00e3o herdou o trono por acaso. D\u00e9cadas antes da chegada de Dom Jo\u00e3o, o ouro de Minas Gerais j\u00e1 havia redesenhado o mapa do poder colonial. Em <strong>1763<\/strong>, o <strong>Marqu\u00eas de Pombal<\/strong> transferiu a capital de <strong>Salvador<\/strong> para o Rio de Janeiro. O motivo era direto: a Coroa queria fiscalizar de perto o escoamento de metais preciosos que desciam a serra rumo ao porto fluminense.<\/p>\n\n\n\n<p>A <strong>Estrada Real<\/strong>, rede de caminhos oficializados pela Coroa entre os s\u00e9culos XVII e XVIII, ligava as zonas de minera\u00e7\u00e3o ao litoral. O Caminho Novo, com cerca de 515 km, conectava <strong>Ouro Preto<\/strong> diretamente ao Rio de Janeiro e reduziu a viagem de 90 para 25 dias. Quem tentasse rotas alternativas para burlar a fiscaliza\u00e7\u00e3o cometia crime de descaminho, termo que sobrevive no c\u00f3digo penal at\u00e9 hoje. Ao todo, a <a href=\"https:\/\/www.ouropreto.mg.gov.br\/noticia\/3214\" target=\"_blank\" rel=\"noreferrer noopener\"><strong>Estrada Real<\/strong><\/a> soma mais de 1.630 km e passa por 162 cidades de tr\u00eas estados.<\/p>\n\n\n\n<p>Quando o ciclo do ouro perdeu for\u00e7a, o Rio j\u00e1 havia consolidado a infraestrutura portu\u00e1ria e militar que faltava a Salvador. Foi essa estrutura que tornou a cidade a escolha natural para abrigar a corte portuguesa em 1808.<\/p>\n\n\n\n<h2 class=\"wp-block-heading\">Uma cidade de 60 mil habitantes que precisou caber um reino<\/h2>\n\n\n\n<p>O Rio de Janeiro que recebeu a fam\u00edlia real era uma cidade acanhada, com ruas estreitas, sem cal\u00e7amento em boa parte dos logradouros e cerca de 60 mil moradores. A chegada de at\u00e9 15 mil portugueses provocou uma crise imediata de moradia. A Coroa mandou desalojar resid\u00eancias para acomodar nobres e funcion\u00e1rios. Dom Jo\u00e3o escolheu a <strong>Quinta da Boa Vista<\/strong>, em <strong>S\u00e3o Crist\u00f3v\u00e3o<\/strong>, como resid\u00eancia oficial.<\/p>\n\n\n\n<p>Para transformar a col\u00f4nia em sede de governo, Dom Jo\u00e3o criou em poucos anos uma estrutura institucional sem precedentes na Am\u00e9rica do Sul. O impacto se espalhou por \u00e1reas que v\u00e3o de finan\u00e7as a bot\u00e2nica, como mostram as principais institui\u00e7\u00f5es fundadas nesse per\u00edodo:<\/p>\n\n\n\n<ul class=\"wp-block-list has-medium-font-size\">\n<li><strong>Banco do Brasil (1808)<\/strong>: primeira institui\u00e7\u00e3o financeira do pa\u00eds, criada para sustentar o tesouro real e financiar o com\u00e9rcio.<\/li>\n\n\n\n<li><strong><a href=\"https:\/\/www.gov.br\/jbrj\/pt-br\/\" target=\"_blank\" rel=\"noreferrer noopener\">Jardim Bot\u00e2nico<\/a> (1808)<\/strong>: nasceu como f\u00e1brica de p\u00f3lvora e jardim de aclimata\u00e7\u00e3o de plantas ex\u00f3ticas. Hoje abriga 9 mil esp\u00e9cimes e o maior herb\u00e1rio do Brasil.<\/li>\n\n\n\n<li><strong>Imprensa R\u00e9gia (1808)<\/strong>: primeiro \u00f3rg\u00e3o de imprensa oficial, respons\u00e1vel pela publica\u00e7\u00e3o da <em>Gazeta do Rio de Janeiro<\/em>, o primeiro jornal impresso no pa\u00eds.<\/li>\n\n\n\n<li><strong><a href=\"https:\/\/pt.wikipedia.org\/wiki\/Biblioteca_Nacional_do_Brasil\" target=\"_blank\" rel=\"noreferrer noopener\">Biblioteca Real<\/a> (1810)<\/strong>: trouxe 60 mil pe\u00e7as de Portugal. Hoje, como Biblioteca Nacional, re\u00fane cerca de 10 milh\u00f5es de itens e \u00e9 reconhecida pela <strong>UNESCO<\/strong> como uma das dez maiores bibliotecas nacionais do mundo e a maior da <strong>Am\u00e9rica Latina<\/strong>.<\/li>\n<\/ul>\n\n\n\n<p>Quem deseja conhecer o passado da Cidade Maravilhosa, vai curtir esse v\u00eddeo especialmente selecionado do canal <strong>Cidades &amp; Cia<\/strong>, que conta com mais de <strong>99 mil<\/strong> visualiza\u00e7\u00f5es, onde <strong>Rubens<\/strong> mostra a trajet\u00f3ria do <strong>Rio de Janeiro<\/strong> desde a funda\u00e7\u00e3o at\u00e9 se tornar a \u00fanica sede de um imp\u00e9rio europeu fora da <strong>Europa<\/strong>:<\/p>\n\n\n\n<figure class=\"wp-block-embed is-type-video is-provider-youtube wp-block-embed-youtube wp-embed-aspect-16-9 wp-has-aspect-ratio\"><div class=\"wp-block-embed__wrapper\">\n<div class=\"jeg_video_container jeg_video_content\"><iframe loading=\"lazy\" title=\"CONHE\u00c7A A MAGN\u00cdFICA HIST\u00d3RIA DA CIDADE DO RIO DE JANEIRO!\" width=\"500\" height=\"281\" src=\"https:\/\/www.youtube.com\/embed\/7l_7Y9nh6h4?feature=oembed\" frameborder=\"0\" allow=\"accelerometer; autoplay; clipboard-write; encrypted-media; gyroscope; picture-in-picture; web-share\" referrerpolicy=\"strict-origin-when-cross-origin\" allowfullscreen><\/iframe><\/div>\n<\/div><\/figure>\n\n\n\n<h2 class=\"wp-block-heading\">O reino que nasceu para resolver um problema diplom\u00e1tico<\/h2>\n\n\n\n<p>Com a derrota de Napole\u00e3o em 1814, as pot\u00eancias europeias se reuniram no <strong>Congresso de Viena<\/strong> para redesenhar fronteiras e restaurar monarquias. Portugal tinha um problema: seu rei governava a partir de uma col\u00f4nia. A solu\u00e7\u00e3o veio em <strong>16 de dezembro de 1815<\/strong>, quando Dom Jo\u00e3o elevou o Brasil \u00e0 condi\u00e7\u00e3o de reino. Nascia o <strong>Reino Unido de Portugal, Brasil e Algarves<\/strong>, uma monarquia pluricontinental sem paralelo na diplomacia da \u00e9poca.<\/p>\n\n\n\n<p>A manobra garantiu representa\u00e7\u00e3o leg\u00edtima no congresso europeu, mas aprofundou o ressentimento em Lisboa. Muitos portugueses passaram a ver seu pr\u00f3prio pa\u00eds como col\u00f4nia do Brasil. Esse sentimento alimentou a <strong>Revolu\u00e7\u00e3o Liberal do Porto<\/strong>, em 1820, que exigiu o retorno do rei. Dom Jo\u00e3o VI embarcou para Portugal em abril de <strong>1821<\/strong> e deixou o filho <strong>Dom Pedro<\/strong> como regente. O caminho para a independ\u00eancia, declarada em <strong>1822<\/strong>, j\u00e1 estava aberto.<\/p>\n\n\n\n<h2 class=\"wp-block-heading\">A heran\u00e7a que ficou nas ruas da Cidade Maravilhosa<\/h2>\n\n\n\n<p>Treze anos de capitalidade europeia deixaram marcas permanentes no Rio de Janeiro. A cidade expandiu-se de forma acelerada na dire\u00e7\u00e3o de S\u00e3o Crist\u00f3v\u00e3o e da zona sul, com novos sobrados neocl\u00e1ssicos substituindo as casas t\u00e9rreas coloniais. O <a href=\"http:\/\/www.rio.rj.gov.br\/web\/guest\/exibeconteudo?article-id=87129\" target=\"_blank\" rel=\"noreferrer noopener\"><strong>centro hist\u00f3rico<\/strong><\/a> ganhou chafarizes, cal\u00e7amento e ilumina\u00e7\u00e3o. A abertura dos portos \u00e0s na\u00e7\u00f5es amigas, assinada ainda em 1808, encerrou o monop\u00f3lio comercial e inseriu o pa\u00eds no mercado internacional.<\/p>\n\n\n\n<p>A <a href=\"http:\/\/multirio.rio.rj.gov.br\/index.php\/historia-do-brasil\/rio-de-janeiro\/52-o-rio-de-janeiro-como-a-capital-do-reino\/2492-o-rio-agora-e-corte\" target=\"_blank\" rel=\"noreferrer noopener\"><strong>MultiRio<\/strong><\/a>, plataforma da Prefeitura do Rio, detalha como a presen\u00e7a da corte transformou at\u00e9 os h\u00e1bitos sociais da cidade. Artistas e professores europeus desembarcaram para compor a <strong>Miss\u00e3o Art\u00edstica Francesa<\/strong>, que trouxe pintores como <strong>Jean-Baptiste Debret<\/strong> e o arquiteto <strong>Grandjean de Montigny<\/strong>. A vida cultural ganhou teatros, academias e uma cena editorial que n\u00e3o existia antes de 1808.<\/p>\n\n\n\n<h2 class=\"wp-block-heading\">Por que essa hist\u00f3ria come\u00e7a em Minas Gerais<\/h2>\n\n\n\n<p>Sem o ouro e os diamantes extra\u00eddos do subsolo mineiro, o Rio de Janeiro provavelmente n\u00e3o teria se tornado capital em 1763, e sem a capitalidade pr\u00e9via, dificilmente teria sido escolhido para abrigar a corte em 1808. O <a href=\"https:\/\/brasil500anos.ibge.gov.br\/territorio-brasileiro-e-povoamento\/construcao-do-territorio\/descoberta-do-ouro.html\" target=\"_blank\" rel=\"noreferrer noopener\"><strong>IBGE<\/strong><\/a> registra que a descoberta do ouro, no final do s\u00e9culo XVII, foi decisiva para a reorganiza\u00e7\u00e3o administrativa da col\u00f4nia e para a cria\u00e7\u00e3o das capitanias de Minas Gerais, Goi\u00e1s e Mato Grosso.<\/p>\n\n\n\n<p>O min\u00e9rio financiou a constru\u00e7\u00e3o de igrejas barrocas em <strong>Ouro Preto<\/strong> e <strong>Mariana<\/strong>, mas tamb\u00e9m pagou a urbaniza\u00e7\u00e3o do porto que receberia um reino inteiro. A <a href=\"https:\/\/www.camara.leg.br\/radio\/programas\/394447-em-1763-a-capital-do-brasil-foi-transferida-de-salvador-para-o-rio-de-janeiro\/\" target=\"_blank\" rel=\"noreferrer noopener\"><strong>C\u00e2mara dos Deputados<\/strong><\/a> descreve a transfer\u00eancia de 1763 em termos simples: Salvador era mais moderna, mas o ouro exigia uma capital mais perto da mina. O Rio ficou com o cargo.<\/p>\n\n\n<div class=\"wp-block-image\">\n<figure class=\"aligncenter size-large\"><img loading=\"lazy\" decoding=\"async\" width=\"1024\" height=\"576\" src=\"https:\/\/www.em.com.br\/emfoco\/wp-content\/uploads\/2026\/03\/Rio-de-Janeiro_1772805208772-1024x576.jpg\" alt=\"\" class=\"wp-image-178339\" srcset=\"https:\/\/www.em.com.br\/emfoco\/wp-content\/uploads\/2026\/03\/Rio-de-Janeiro_1772805208772-1024x576.jpg 1024w, https:\/\/www.em.com.br\/emfoco\/wp-content\/uploads\/2026\/03\/Rio-de-Janeiro_1772805208772-300x169.jpg 300w, https:\/\/www.em.com.br\/emfoco\/wp-content\/uploads\/2026\/03\/Rio-de-Janeiro_1772805208772-768x432.jpg 768w, https:\/\/www.em.com.br\/emfoco\/wp-content\/uploads\/2026\/03\/Rio-de-Janeiro_1772805208772-750x422.jpg 750w, https:\/\/www.em.com.br\/emfoco\/wp-content\/uploads\/2026\/03\/Rio-de-Janeiro_1772805208772-1140x641.jpg 1140w, https:\/\/www.em.com.br\/emfoco\/wp-content\/uploads\/2026\/03\/Rio-de-Janeiro_1772805208772.jpg 1280w\" sizes=\"auto, (max-width: 1024px) 100vw, 1024px\" \/><figcaption class=\"wp-element-caption\">Rio de Janeiro oferece a heran\u00e7a de pal\u00e1cios e bibliotecas reais erguidos com o ouro que financiou a Coroa \/\/ Cr\u00e9ditos: depositphotos.com \/ diegograndi<\/figcaption><\/figure><\/div>\n\n\n<p><strong>Leia tamb\u00e9m: <a href=\"https:\/\/www.em.com.br\/emfoco\/2026\/03\/04\/uma-montanha-1-385-metros-desapareceu-a-cidade-mineira-a-2-horas-de-belo-horizonte-onde-a-paisagem-valia-menos-que-os-lucros-e-o-maior-poeta-brasileiro-nasceu\/\" target=\"_blank\" rel=\"noreferrer noopener\">Uma montanha de 1.385 metros desapareceu: a cidade mineira a 2 horas de Belo Horizonte onde a paisagem valia menos que os lucros e o maior poeta brasileiro nasceu<\/a><\/strong><\/p>\n\n\n\n<h2 class=\"wp-block-heading\">Conhe\u00e7a a cidade que governou dois continentes<\/h2>\n\n\n\n<p>O Rio de Janeiro carrega em seus museus, jardins e avenidas a mem\u00f3ria de um epis\u00f3dio sem igual na hist\u00f3ria mundial. Nenhuma outra col\u00f4nia na Am\u00e9rica serviu como sede de um imp\u00e9rio europeu, e as institui\u00e7\u00f5es criadas naquele per\u00edodo seguem funcionando mais de dois s\u00e9culos depois.<\/p>\n\n\n\n<p>Voc\u00ea precisa caminhar pelo centro do Rio com esse olhar, perceber que cada fachada neocl\u00e1ssica, cada pra\u00e7a e cada biblioteca ali nasceu porque um dia, fugindo de Napole\u00e3o, um reino inteiro cruzou o Atl\u00e2ntico e escolheu a Ba\u00eda de Guanabara como casa.<\/p>\n","protected":false},"excerpt":{"rendered":"<p>Entre 1808 e 1821, o Rio de Janeiro governou Portugal, a \u00c1frica e a \u00c1sia. Nenhuma outra cidade fora do continente europeu ocupou esse papel, nem antes nem depois. A hist\u00f3ria dessa capital improv\u00e1vel come\u00e7a com uma fuga noturna de Lisboa, passa pelo ouro de Minas Gerais e termina com institui\u00e7\u00f5es que moldaram o pa\u00eds [&hellip;]<\/p>\n","protected":false},"author":6,"featured_media":178321,"comment_status":"open","ping_status":"open","sticky":false,"template":"","format":"standard","meta":{"jnews-multi-image_gallery":[],"jnews_single_post":{"format":"standard"},"jnews_primary_category":[],"jnews_social_meta":[],"jnews_override_counter":[],"footnotes":""},"categories":[26],"tags":[275,183,151],"class_list":["post-178224","post","type-post","status-publish","format-standard","has-post-thumbnail","hentry","category-cidades","tag-capital","tag-cidades","tag-rio-de-janeiro"],"yoast_head":"<!-- This site is optimized with the Yoast SEO plugin v23.8 - https:\/\/yoast.com\/wordpress\/plugins\/seo\/ -->\n<title>A \u00fanica capital europeia que existiu fora da Europa ficava a 400 km das minas de ouro que financiaram um Imp\u00e9rio - Estado de Minas - Em foco<\/title>\n<meta name=\"description\" content=\"Poucos sabem que uma capital europeia j\u00e1 funcionou fora da Europa, a 400 km das minas de ouro que sustentaram um imp\u00e9rio.\" \/>\n<meta name=\"robots\" content=\"index, follow, max-snippet:-1, max-image-preview:large, max-video-preview:-1\" \/>\n<link rel=\"canonical\" href=\"https:\/\/www.em.com.br\/emfoco\/2026\/03\/06\/a-unica-capital-europeia-que-existiu-fora-da-europa-ficava-a-400-km-das-minas-de-ouro-que-financiaram-um-imperio\/\" \/>\n<meta property=\"og:locale\" content=\"pt_BR\" \/>\n<meta property=\"og:type\" content=\"article\" \/>\n<meta property=\"og:title\" content=\"A \u00fanica capital europeia que existiu fora da Europa ficava a 400 km das minas de ouro que financiaram um Imp\u00e9rio - Estado de Minas - Em foco\" \/>\n<meta property=\"og:description\" content=\"Poucos sabem que uma capital europeia j\u00e1 funcionou fora da Europa, a 400 km das minas de ouro que sustentaram um imp\u00e9rio.\" \/>\n<meta property=\"og:url\" content=\"https:\/\/www.em.com.br\/emfoco\/2026\/03\/06\/a-unica-capital-europeia-que-existiu-fora-da-europa-ficava-a-400-km-das-minas-de-ouro-que-financiaram-um-imperio\/\" \/>\n<meta property=\"og:site_name\" content=\"Estado de Minas - Em foco\" \/>\n<meta property=\"article:published_time\" content=\"2026-03-06T14:25:00+00:00\" \/>\n<meta property=\"article:modified_time\" content=\"2026-03-06T13:55:06+00:00\" \/>\n<meta property=\"og:image\" content=\"https:\/\/www.em.com.br\/emfoco\/wp-content\/uploads\/2026\/03\/Rio-de-Janeiro_1772802656524.jpg\" \/>\n\t<meta property=\"og:image:width\" content=\"1280\" \/>\n\t<meta property=\"og:image:height\" content=\"720\" \/>\n\t<meta property=\"og:image:type\" content=\"image\/jpeg\" \/>\n<meta name=\"author\" content=\"Vitor Bruno\" \/>\n<meta name=\"twitter:card\" content=\"summary_large_image\" \/>\n<meta name=\"twitter:label1\" content=\"Escrito por\" \/>\n\t<meta name=\"twitter:data1\" content=\"Vitor Bruno\" \/>\n\t<meta name=\"twitter:label2\" content=\"Est. tempo de leitura\" \/>\n\t<meta name=\"twitter:data2\" content=\"8 minutos\" \/>\n<!-- \/ Yoast SEO plugin. -->","yoast_head_json":{"title":"A \u00fanica capital europeia que existiu fora da Europa ficava a 400 km das minas de ouro que financiaram um Imp\u00e9rio - Estado de Minas - Em foco","description":"Poucos sabem que uma capital europeia j\u00e1 funcionou fora da Europa, a 400 km das minas de ouro que sustentaram um imp\u00e9rio.","robots":{"index":"index","follow":"follow","max-snippet":"max-snippet:-1","max-image-preview":"max-image-preview:large","max-video-preview":"max-video-preview:-1"},"canonical":"https:\/\/www.em.com.br\/emfoco\/2026\/03\/06\/a-unica-capital-europeia-que-existiu-fora-da-europa-ficava-a-400-km-das-minas-de-ouro-que-financiaram-um-imperio\/","og_locale":"pt_BR","og_type":"article","og_title":"A \u00fanica capital europeia que existiu fora da Europa ficava a 400 km das minas de ouro que financiaram um Imp\u00e9rio - Estado de Minas - Em foco","og_description":"Poucos sabem que uma capital europeia j\u00e1 funcionou fora da Europa, a 400 km das minas de ouro que sustentaram um imp\u00e9rio.","og_url":"https:\/\/www.em.com.br\/emfoco\/2026\/03\/06\/a-unica-capital-europeia-que-existiu-fora-da-europa-ficava-a-400-km-das-minas-de-ouro-que-financiaram-um-imperio\/","og_site_name":"Estado de Minas - Em foco","article_published_time":"2026-03-06T14:25:00+00:00","article_modified_time":"2026-03-06T13:55:06+00:00","og_image":[{"width":1280,"height":720,"url":"https:\/\/www.em.com.br\/emfoco\/wp-content\/uploads\/2026\/03\/Rio-de-Janeiro_1772802656524.jpg","type":"image\/jpeg"}],"author":"Vitor Bruno","twitter_card":"summary_large_image","twitter_misc":{"Escrito por":"Vitor Bruno","Est. tempo de leitura":"8 minutos"},"schema":{"@context":"https:\/\/schema.org","@graph":[{"@type":"WebPage","@id":"https:\/\/www.em.com.br\/emfoco\/2026\/03\/06\/a-unica-capital-europeia-que-existiu-fora-da-europa-ficava-a-400-km-das-minas-de-ouro-que-financiaram-um-imperio\/","url":"https:\/\/www.em.com.br\/emfoco\/2026\/03\/06\/a-unica-capital-europeia-que-existiu-fora-da-europa-ficava-a-400-km-das-minas-de-ouro-que-financiaram-um-imperio\/","name":"A \u00fanica capital europeia que existiu fora da Europa ficava a 400 km das minas de ouro que financiaram um Imp\u00e9rio - Estado de Minas - Em foco","isPartOf":{"@id":"https:\/\/www.em.com.br\/emfoco\/#website"},"primaryImageOfPage":{"@id":"https:\/\/www.em.com.br\/emfoco\/2026\/03\/06\/a-unica-capital-europeia-que-existiu-fora-da-europa-ficava-a-400-km-das-minas-de-ouro-que-financiaram-um-imperio\/#primaryimage"},"image":{"@id":"https:\/\/www.em.com.br\/emfoco\/2026\/03\/06\/a-unica-capital-europeia-que-existiu-fora-da-europa-ficava-a-400-km-das-minas-de-ouro-que-financiaram-um-imperio\/#primaryimage"},"thumbnailUrl":"https:\/\/www.em.com.br\/emfoco\/wp-content\/uploads\/2026\/03\/Rio-de-Janeiro_1772802656524.jpg","datePublished":"2026-03-06T14:25:00+00:00","dateModified":"2026-03-06T13:55:06+00:00","author":{"@id":"https:\/\/www.em.com.br\/emfoco\/#\/schema\/person\/364ac1852fafd00f1be20f0b8b237569"},"description":"Poucos sabem que uma capital europeia j\u00e1 funcionou fora da Europa, a 400 km das minas de ouro que sustentaram um imp\u00e9rio.","breadcrumb":{"@id":"https:\/\/www.em.com.br\/emfoco\/2026\/03\/06\/a-unica-capital-europeia-que-existiu-fora-da-europa-ficava-a-400-km-das-minas-de-ouro-que-financiaram-um-imperio\/#breadcrumb"},"inLanguage":"pt-BR","potentialAction":[{"@type":"ReadAction","target":["https:\/\/www.em.com.br\/emfoco\/2026\/03\/06\/a-unica-capital-europeia-que-existiu-fora-da-europa-ficava-a-400-km-das-minas-de-ouro-que-financiaram-um-imperio\/"]}]},{"@type":"ImageObject","inLanguage":"pt-BR","@id":"https:\/\/www.em.com.br\/emfoco\/2026\/03\/06\/a-unica-capital-europeia-que-existiu-fora-da-europa-ficava-a-400-km-das-minas-de-ouro-que-financiaram-um-imperio\/#primaryimage","url":"https:\/\/www.em.com.br\/emfoco\/wp-content\/uploads\/2026\/03\/Rio-de-Janeiro_1772802656524.jpg","contentUrl":"https:\/\/www.em.com.br\/emfoco\/wp-content\/uploads\/2026\/03\/Rio-de-Janeiro_1772802656524.jpg","width":1280,"height":720,"caption":"Rio de Janeiro destaca-se como a \u00fanica capital europeia da hist\u00f3ria situada fora da Europa, sede do Imp\u00e9rio Portugu\u00eas \/\/ Cr\u00e9ditos: depositphotos.com \/ diegograndi"},{"@type":"BreadcrumbList","@id":"https:\/\/www.em.com.br\/emfoco\/2026\/03\/06\/a-unica-capital-europeia-que-existiu-fora-da-europa-ficava-a-400-km-das-minas-de-ouro-que-financiaram-um-imperio\/#breadcrumb","itemListElement":[{"@type":"ListItem","position":1,"name":"In\u00edcio","item":"https:\/\/www.em.com.br\/emfoco\/"},{"@type":"ListItem","position":2,"name":"A \u00fanica capital europeia que existiu fora da Europa ficava a 400 km das minas de ouro que financiaram um Imp\u00e9rio"}]},{"@type":"WebSite","@id":"https:\/\/www.em.com.br\/emfoco\/#website","url":"https:\/\/www.em.com.br\/emfoco\/","name":"Estado de Minas - Em foco","description":"Acompanhe as \u00faltimas not\u00edcias e fique bem informado sobre tudo o que acontece em Minas Gerais, Brasil e no mundo.","potentialAction":[{"@type":"SearchAction","target":{"@type":"EntryPoint","urlTemplate":"https:\/\/www.em.com.br\/emfoco\/?s={search_term_string}"},"query-input":{"@type":"PropertyValueSpecification","valueRequired":true,"valueName":"search_term_string"}}],"inLanguage":"pt-BR"},{"@type":"Person","@id":"https:\/\/www.em.com.br\/emfoco\/#\/schema\/person\/364ac1852fafd00f1be20f0b8b237569","name":"Vitor Bruno","image":{"@type":"ImageObject","inLanguage":"pt-BR","@id":"https:\/\/www.em.com.br\/emfoco\/#\/schema\/person\/image\/","url":"https:\/\/secure.gravatar.com\/avatar\/b719e5cdede09f942064960883b5524d?s=96&d=mm&r=g","contentUrl":"https:\/\/secure.gravatar.com\/avatar\/b719e5cdede09f942064960883b5524d?s=96&d=mm&r=g","caption":"Vitor Bruno"},"sameAs":["https:\/\/www.em.com.br\/emfoco\/"],"url":"https:\/\/www.em.com.br\/emfoco\/author\/vitormyth\/"}]}},"_links":{"self":[{"href":"https:\/\/www.em.com.br\/emfoco\/wp-json\/wp\/v2\/posts\/178224","targetHints":{"allow":["GET"]}}],"collection":[{"href":"https:\/\/www.em.com.br\/emfoco\/wp-json\/wp\/v2\/posts"}],"about":[{"href":"https:\/\/www.em.com.br\/emfoco\/wp-json\/wp\/v2\/types\/post"}],"author":[{"embeddable":true,"href":"https:\/\/www.em.com.br\/emfoco\/wp-json\/wp\/v2\/users\/6"}],"replies":[{"embeddable":true,"href":"https:\/\/www.em.com.br\/emfoco\/wp-json\/wp\/v2\/comments?post=178224"}],"version-history":[{"count":3,"href":"https:\/\/www.em.com.br\/emfoco\/wp-json\/wp\/v2\/posts\/178224\/revisions"}],"predecessor-version":[{"id":178340,"href":"https:\/\/www.em.com.br\/emfoco\/wp-json\/wp\/v2\/posts\/178224\/revisions\/178340"}],"wp:featuredmedia":[{"embeddable":true,"href":"https:\/\/www.em.com.br\/emfoco\/wp-json\/wp\/v2\/media\/178321"}],"wp:attachment":[{"href":"https:\/\/www.em.com.br\/emfoco\/wp-json\/wp\/v2\/media?parent=178224"}],"wp:term":[{"taxonomy":"category","embeddable":true,"href":"https:\/\/www.em.com.br\/emfoco\/wp-json\/wp\/v2\/categories?post=178224"},{"taxonomy":"post_tag","embeddable":true,"href":"https:\/\/www.em.com.br\/emfoco\/wp-json\/wp\/v2\/tags?post=178224"}],"curies":[{"name":"wp","href":"https:\/\/api.w.org\/{rel}","templated":true}]}}