{"id":178223,"date":"2026-03-06T18:05:00","date_gmt":"2026-03-06T21:05:00","guid":{"rendered":"https:\/\/www.em.com.br\/emfoco\/?p=178223"},"modified":"2026-03-07T00:17:14","modified_gmt":"2026-03-07T03:17:14","slug":"nem-campos-do-jordao-nem-gramado-a-suica-mineira-onde-o-termometro-marca-temperaturas-negativas-e-a-qualidade-de-vida-virou-tradicao","status":"publish","type":"post","link":"https:\/\/www.em.com.br\/emfoco\/2026\/03\/06\/nem-campos-do-jordao-nem-gramado-a-suica-mineira-onde-o-termometro-marca-temperaturas-negativas-e-a-qualidade-de-vida-virou-tradicao\/","title":{"rendered":"Nem Campos do Jord\u00e3o, nem Gramado: a su\u00ed\u00e7a mineira onde o term\u00f4metro marca temperaturas negativas e a qualidade de vida virou tradi\u00e7\u00e3o"},"content":{"rendered":"\n<p>A <strong>Serra da Mantiqueira<\/strong> esconde, no extremo sul de <strong>Minas Gerais<\/strong>, uma vila com arquitetura alpina, arauc\u00e1rias e term\u00f4metros que despencam abaixo de zero no inverno. <strong>Monte Verde<\/strong>, distrito de <strong>Camanducaia<\/strong>, nasceu do sonho de um imigrante let\u00e3o que procurava um peda\u00e7o da Europa no interior do Brasil.<\/p>\n\n\n\n<h2 class=\"wp-block-heading\">Um let\u00e3o, uma serra e um sobrenome que virou nome de vila<\/h2>\n\n\n\n<p><strong>Verner Grinberg<\/strong> chegou ao Brasil em <strong>1916<\/strong>, fugindo da Primeira Guerra Mundial. Em <strong>1938<\/strong>, subiu a serra a lombo de burro e comprou terras em uma regi\u00e3o que os moradores de <strong>Camanducaia<\/strong> consideravam in\u00fatil. Ele buscava um lugar com clima e relevo parecidos com os da <strong>Let\u00f4nia<\/strong>.<\/p>\n\n\n\n<p>O nome da vila veio do sobrenome do fundador. Em alem\u00e3o, <em>Gr\u00fcn<\/em> significa verde e <em>Berg<\/em> significa monte. A data oficial de funda\u00e7\u00e3o \u00e9 <strong>29 de novembro de 1950<\/strong>, quando o primeiro lote de terra foi registrado, segundo o <a href=\"https:\/\/monteverde.org.br\/historia\/\" target=\"_blank\" rel=\"noreferrer noopener\"><strong>Portal de Monte Verde<\/strong><\/a>.<\/p>\n\n\n\n<p>A energia el\u00e9trica s\u00f3 chegou ao distrito em <strong>1969<\/strong>. Antes disso, Grinberg j\u00e1 havia constru\u00eddo uma pista de pouso na fazenda, usando seu pr\u00f3prio avi\u00e3o para encurtar a dist\u00e2ncia at\u00e9 S\u00e3o Paulo. Hoje, o local \u00e9 considerado o aeroporto mais alto do <strong>Brasil<\/strong>, a 1.560 metros de altitude.<\/p>\n\n\n<div class=\"wp-block-image\">\n<figure class=\"aligncenter size-large\"><img loading=\"lazy\" decoding=\"async\" width=\"1024\" height=\"576\" src=\"https:\/\/www.em.com.br\/emfoco\/wp-content\/uploads\/2025\/12\/Monte-Verde_1762389872468-1024x576.jpg\" alt=\"Esse destino \u00e9 conhecido como a \u201cSu\u00ed\u00e7a Mineira\u201d e prova que n\u00e3o \u00e9 preciso sair do pa\u00eds para sentir a Europa\" class=\"wp-image-139359\" srcset=\"https:\/\/www.em.com.br\/emfoco\/wp-content\/uploads\/2025\/12\/Monte-Verde_1762389872468-1024x576.jpg 1024w, https:\/\/www.em.com.br\/emfoco\/wp-content\/uploads\/2025\/12\/Monte-Verde_1762389872468-300x169.jpg 300w, https:\/\/www.em.com.br\/emfoco\/wp-content\/uploads\/2025\/12\/Monte-Verde_1762389872468-768x432.jpg 768w, https:\/\/www.em.com.br\/emfoco\/wp-content\/uploads\/2025\/12\/Monte-Verde_1762389872468-750x422.jpg 750w, https:\/\/www.em.com.br\/emfoco\/wp-content\/uploads\/2025\/12\/Monte-Verde_1762389872468-1140x641.jpg 1140w, https:\/\/www.em.com.br\/emfoco\/wp-content\/uploads\/2025\/12\/Monte-Verde_1762389872468.jpg 1280w\" sizes=\"auto, (max-width: 1024px) 100vw, 1024px\" \/><figcaption class=\"wp-element-caption\">Monte Verde encanta com clima frio e charme da Su\u00ed\u00e7a Mineira \/\/ Cr\u00e9ditos: depositphotos.com \/ cesarvr<\/figcaption><\/figure><\/div>\n\n\n<h2 class=\"wp-block-heading\">Quanto frio faz em Monte Verde no inverno?<\/h2>\n\n\n\n<p>A menor temperatura j\u00e1 registrada no distrito foi de <strong>-4,5\u00b0C<\/strong>, em 30 de julho de <strong>2021<\/strong>, segundo dados do <strong>Instituto Nacional de Meteorologia (INMET)<\/strong>. Mas marcas negativas s\u00e3o comuns: em agosto de <strong>2024<\/strong>, os term\u00f4metros chegaram a -2,9\u00b0C, e Monte Verde foi confirmado como o lugar mais frio do pa\u00eds por v\u00e1rios dias consecutivos.<\/p>\n\n\n\n<p>A altitude, pr\u00f3xima de 1.550 metros, explica o fen\u00f4meno. O ar frio se acumula nos vales da Mantiqueira durante a madrugada, e a aus\u00eancia de nuvens acelera a perda de calor. Em noites de c\u00e9u limpo, a geada cobre as paisagens de branco e transforma o distrito em um cen\u00e1rio que lembra cidades europeias.<\/p>\n\n\n\n<p>A tabela abaixo resume o comportamento do clima ao longo do ano em Monte Verde:<\/p>\n\n\n\n<div class=\"google-auto-ads-ignore\" style=\"box-sizing: border-box; display: flex; flex-direction: column; width: 100%; max-width: 900px; margin: 30px auto; font-family: 'Segoe UI', Roboto, Helvetica, Arial, sans-serif; clear: both;\">\n    <div style=\"display: flex; flex-wrap: wrap; gap: 15px;\">\n        \n        <div style=\"flex: 1 1 calc(25% - 15px); min-width: 200px; border: 1px solid #e1e6ef; border-top: 4px solid #1a2a57; border-radius: 8px; padding: 20px; background: #fff; box-sizing: border-box; box-shadow: 0 4px 10px rgba(26, 42, 87, 0.05); display: flex; flex-direction: column;\">\n            <div style=\"display: flex; align-items: center; justify-content: center; gap: 8px; margin-bottom: 20px;\">\n                <span style=\"font-size: 22px; line-height: 1;\">\u2600\ufe0f<\/span>\n                <strong style=\"color: #1a2a57; font-size: 16px; text-transform: uppercase;\">Ver\u00e3o<\/strong>\n            <\/div>\n            <div style=\"margin-bottom: auto;\">\n                <div style=\"text-align: center; font-size: 11px; font-weight: 800; color: #111c3a; text-transform: uppercase; margin-bottom: 5px;\">Dezembro &#8211; Fevereiro<\/div>\n                <div style=\"text-align: center; font-size: 26px; font-weight: 900; color: #1a2a57; margin-bottom: 10px;\">12\u00b0C a 25\u00b0C<\/div>\n                <div style=\"text-align: center; font-size: 13px; color: #555; line-height: 1.5; margin-bottom: 15px;\">O calor \u00e9 ameno, mas as chuvas dominam a serra. Aproveite as <strong>trilhas pela manh\u00e3 e as cachoeiras<\/strong>. <em>Evite passeios longos \u00e0 tarde devido ao risco de fortes temporais.<\/em><\/div>\n            <\/div>\n            <div style=\"text-align: center;\">\n                <span style=\"display: inline-block; background: #f0f4f8; color: #1a2a57; font-size: 10px; font-weight: 800; padding: 6px 12px; border-radius: 20px; text-transform: uppercase; border: 1px solid #e1e6ef; line-height: 1.4;\">\ud83d\udca7 Chuva Alta<\/span>\n            <\/div>\n        <\/div>\n\n        <div style=\"flex: 1 1 calc(25% - 15px); min-width: 200px; border: 1px solid #e1e6ef; border-top: 4px solid #1a2a57; border-radius: 8px; padding: 20px; background: #fff; box-sizing: border-box; box-shadow: 0 4px 10px rgba(26, 42, 87, 0.05); display: flex; flex-direction: column;\">\n            <div style=\"display: flex; align-items: center; justify-content: center; gap: 8px; margin-bottom: 20px;\">\n                <span style=\"font-size: 22px; line-height: 1;\">\ud83c\udf42<\/span>\n                <strong style=\"color: #1a2a57; font-size: 16px; text-transform: uppercase;\">Outono<\/strong>\n            <\/div>\n            <div style=\"margin-bottom: auto;\">\n                <div style=\"text-align: center; font-size: 11px; font-weight: 800; color: #111c3a; text-transform: uppercase; margin-bottom: 5px;\">Mar\u00e7o &#8211; Maio<\/div>\n                <div style=\"text-align: center; font-size: 26px; font-weight: 900; color: #1a2a57; margin-bottom: 10px;\">8\u00b0C a 22\u00b0C<\/div>\n                <div style=\"text-align: center; font-size: 13px; color: #555; line-height: 1.5; margin-bottom: 15px;\">As \u00e1guas come\u00e7am a recuar e o friozinho se instala de vez. Cen\u00e1rio perfeito e sem multid\u00f5es para <strong>caminhadas e admirar os mirantes<\/strong>.<\/div>\n            <\/div>\n            <div style=\"text-align: center;\">\n                <span style=\"display: inline-block; background: #f0f4f8; color: #1a2a57; font-size: 10px; font-weight: 800; padding: 6px 12px; border-radius: 20px; text-transform: uppercase; border: 1px solid #e1e6ef; line-height: 1.4;\">\u2601\ufe0f Chuva M\u00e9dia<\/span>\n            <\/div>\n        <\/div>\n\n        <div style=\"flex: 1 1 calc(25% - 15px); min-width: 200px; border: 2px solid #1a2a57; border-radius: 8px; padding: 20px; background: #f0f4f8; box-sizing: border-box; box-shadow: 0 4px 10px rgba(26, 42, 87, 0.1); display: flex; flex-direction: column;\">\n            <div style=\"display: flex; align-items: center; justify-content: center; gap: 8px; margin-bottom: 20px;\">\n                <span style=\"font-size: 22px; line-height: 1;\">\u2744\ufe0f<\/span>\n                <strong style=\"color: #1a2a57; font-size: 16px; text-transform: uppercase;\">Inverno<\/strong>\n            <\/div>\n            <div style=\"margin-bottom: auto;\">\n                <div style=\"text-align: center; font-size: 11px; font-weight: 800; color: #111c3a; text-transform: uppercase; margin-bottom: 5px;\">Junho &#8211; Agosto<\/div>\n                <div style=\"text-align: center; font-size: 26px; font-weight: 900; color: #1a2a57; margin-bottom: 10px;\">-4\u00b0C a 18\u00b0C<\/div>\n                <div style=\"text-align: center; font-size: 13px; color: #555; line-height: 1.5; margin-bottom: 15px;\">O auge da Su\u00ed\u00e7a Mineira! O clima seco traz madrugadas congelantes ideais para curtir o <strong>fondue, a lareira e observar as geadas<\/strong> da manh\u00e3.<\/div>\n            <\/div>\n            <div style=\"text-align: center;\">\n                <span style=\"display: inline-block; background: #1a2a57; color: #fff; font-size: 10px; font-weight: 800; padding: 6px 12px; border-radius: 20px; text-transform: uppercase; line-height: 1.4;\">\ud83c\udf92 Alta Temporada<\/span>\n            <\/div>\n        <\/div>\n\n        <div style=\"flex: 1 1 calc(25% - 15px); min-width: 200px; border: 1px solid #e1e6ef; border-top: 4px solid #1a2a57; border-radius: 8px; padding: 20px; background: #fff; box-sizing: border-box; box-shadow: 0 4px 10px rgba(26, 42, 87, 0.05); display: flex; flex-direction: column;\">\n            <div style=\"display: flex; align-items: center; justify-content: center; gap: 8px; margin-bottom: 20px;\">\n                <span style=\"font-size: 22px; line-height: 1;\">\ud83c\udf38<\/span>\n                <strong style=\"color: #1a2a57; font-size: 16px; text-transform: uppercase;\">Primavera<\/strong>\n            <\/div>\n            <div style=\"margin-bottom: auto;\">\n                <div style=\"text-align: center; font-size: 11px; font-weight: 800; color: #111c3a; text-transform: uppercase; margin-bottom: 5px;\">Setembro &#8211; Novembro<\/div>\n                <div style=\"text-align: center; font-size: 26px; font-weight: 900; color: #1a2a57; margin-bottom: 10px;\">10\u00b0C a 24\u00b0C<\/div>\n                <div style=\"text-align: center; font-size: 13px; color: #555; line-height: 1.5; margin-bottom: 15px;\">A serra aquece e a natureza refloresce lindamente. \u00c9poca excelente e muito fotog\u00eanica para subir a <strong>Pedra Redonda e o Pico do Selado<\/strong>.<\/div>\n            <\/div>\n            <div style=\"text-align: center;\">\n                <span style=\"display: inline-block; background: #f0f4f8; color: #1a2a57; font-size: 10px; font-weight: 800; padding: 6px 12px; border-radius: 20px; text-transform: uppercase; border: 1px solid #e1e6ef; line-height: 1.4;\">\u2601\ufe0f Chuva M\u00e9dia<\/span>\n            <\/div>\n        <\/div>\n        \n    <\/div>\n<\/div>\n\n\n\n<p><em>Temperaturas aproximadas com base no <a href=\"https:\/\/www.climatempo.com.br\/previsao-do-tempo\/cidade\/2586\/monteverde-mg\" target=\"_blank\" rel=\"noreferrer noopener\"><strong>Climatempo<\/strong><\/a>. Condi\u00e7\u00f5es podem variar.<\/em><\/p>\n\n\n\n<h2 class=\"wp-block-heading\">O que visitar na vila mais alta da Mantiqueira mineira?<\/h2>\n\n\n\n<p>Monte Verde concentra trilhas acess\u00edveis e mirantes com vista para um mar de montanhas. A maioria dos passeios fica a poucos minutos da avenida principal, e as trilhas s\u00e3o sinalizadas. Estes s\u00e3o os pontos que merecem uma visita:<\/p>\n\n\n\n<ul class=\"wp-block-list has-medium-font-size\">\n<li><strong>Pedra Redonda<\/strong>: trilha de cerca de 1 km at\u00e9 a divisa entre Minas e S\u00e3o Paulo, com vista de 360 graus da Mantiqueira e do Vale do Para\u00edba.<\/li>\n\n\n\n<li><strong>Pico do Selado<\/strong>: o ponto mais alto da regi\u00e3o, indicado para quem tem bom condicionamento f\u00edsico e busca uma caminhada longa.<\/li>\n\n\n\n<li><strong>Avenida Monte Verde<\/strong>: o cora\u00e7\u00e3o do distrito, com galerias de arte, lojas de chocolate artesanal e restaurantes de fondue lado a lado.<\/li>\n\n\n\n<li><strong>Pista de patina\u00e7\u00e3o no gelo<\/strong>: uma das poucas pistas fixas do Brasil, aberta o ano todo e popular entre fam\u00edlias.<\/li>\n<\/ul>\n\n\n\n<p>O distrito faz parte do <strong>Parque Verner Grinberg<\/strong>, que abriga os picos mais altos da regi\u00e3o e oferece trilhas autoguiadas sem necessidade de contratar condutor.<\/p>\n\n\n\n<p>Quem busca o destino de inverno perfeito em <strong>Minas Gerais<\/strong>, vai curtir esse v\u00eddeo especialmente selecionado do canal <strong>Num Pulo<\/strong>, que conta com mais de <strong>522 mil<\/strong> visualiza\u00e7\u00f5es, onde <strong>Paula e Daniel<\/strong> mostram roteiros de natureza, trilhas na <strong>Pedra Redonda<\/strong> e a gastronomia t\u00edpica de <strong>Monte Verde<\/strong>:<\/p>\n\n\n\n<figure class=\"wp-block-embed is-type-video is-provider-youtube wp-block-embed-youtube wp-embed-aspect-16-9 wp-has-aspect-ratio\"><div class=\"wp-block-embed__wrapper\">\n<div class=\"jeg_video_container jeg_video_content\"><iframe loading=\"lazy\" title=\"MONTE VERDE em Minas Gerais\" width=\"500\" height=\"281\" src=\"https:\/\/www.youtube.com\/embed\/W47Yn0Emj9U?feature=oembed\" frameborder=\"0\" allow=\"accelerometer; autoplay; clipboard-write; encrypted-media; gyroscope; picture-in-picture; web-share\" referrerpolicy=\"strict-origin-when-cross-origin\" allowfullscreen><\/iframe><\/div>\n<\/div><\/figure>\n\n\n\n<h2 class=\"wp-block-heading\">Por que a Booking elegeu Monte Verde entre os destinos mais acolhedores do mundo?<\/h2>\n\n\n\n<p>Em <strong>2022<\/strong>, Monte Verde foi eleito o 6\u00ba destino mais acolhedor do planeta pela plataforma <strong><a href=\"https:\/\/news.booking.com\/pt-br\/monte-verde-e-a-6-cidade-mais-acolhedora-do-mundo-para-2022-segundo-a-bookingcom\/\" target=\"_blank\" rel=\"noreferrer noopener\">Booking.com<\/a><\/strong>, no pr\u00eamio anual Traveller Review Awards, da plataforma <strong>Booking.com<\/strong>. Foi o \u00fanico representante brasileiro no top 10 mundial naquele ano. Em <strong>2020<\/strong>, o distrito j\u00e1 havia conquistado a 9\u00aa posi\u00e7\u00e3o global, novamente como \u00fanico brasileiro na lista.<\/p>\n\n\n\n<p>O reconhecimento se baseia em centenas de milh\u00f5es de avalia\u00e7\u00f5es de viajantes reais. A combina\u00e7\u00e3o de pousadas aconchegantes, gastronomia de inverno e hospitalidade mineira colocou a vila ao lado de destinos na Turquia, Eslov\u00eania e Alemanha.<\/p>\n\n\n\n<p>Em <strong>2025<\/strong>, Monte Verde voltou a figurar entre os dez destinos mais acolhedores do Brasil na 13\u00aa edi\u00e7\u00e3o do mesmo pr\u00eamio. O distrito tamb\u00e9m \u00e9 classificado como destino de categoria A no <strong>Mapa do Turismo Nacional<\/strong>, ao lado de <strong>Belo Horizonte<\/strong> e <strong>Tiradentes<\/strong>, segundo dados divulgados pela <a href=\"https:\/\/serrasverdes.com.br\/camanducaia-monte-verde\/\" target=\"_blank\" rel=\"noreferrer noopener\"><strong>Serras Verdes<\/strong><\/a>.<\/p>\n\n\n<div class=\"wp-block-image\">\n<figure class=\"aligncenter size-large\"><img loading=\"lazy\" decoding=\"async\" width=\"1024\" height=\"576\" src=\"https:\/\/www.em.com.br\/emfoco\/wp-content\/uploads\/2025\/12\/MONTE-VERDE_1733187706488-1024x576.jpg\" alt=\"Esse destino \u00e9 conhecido como a \u201cSu\u00ed\u00e7a Mineira\u201d e prova que n\u00e3o \u00e9 preciso sair do pa\u00eds para sentir a Europa\" class=\"wp-image-139358\" srcset=\"https:\/\/www.em.com.br\/emfoco\/wp-content\/uploads\/2025\/12\/MONTE-VERDE_1733187706488-1024x576.jpg 1024w, https:\/\/www.em.com.br\/emfoco\/wp-content\/uploads\/2025\/12\/MONTE-VERDE_1733187706488-300x169.jpg 300w, https:\/\/www.em.com.br\/emfoco\/wp-content\/uploads\/2025\/12\/MONTE-VERDE_1733187706488-768x432.jpg 768w, https:\/\/www.em.com.br\/emfoco\/wp-content\/uploads\/2025\/12\/MONTE-VERDE_1733187706488-750x422.jpg 750w, https:\/\/www.em.com.br\/emfoco\/wp-content\/uploads\/2025\/12\/MONTE-VERDE_1733187706488-1140x641.jpg 1140w, https:\/\/www.em.com.br\/emfoco\/wp-content\/uploads\/2025\/12\/MONTE-VERDE_1733187706488.jpg 1280w\" sizes=\"auto, (max-width: 1024px) 100vw, 1024px\" \/><figcaption class=\"wp-element-caption\">Monte Verde \u00e9 um peda\u00e7o da Europa em solo mineiro \/\/ Cr\u00e9ditos: depositphotos.com \/ pajunior1979<\/figcaption><\/figure><\/div>\n\n\n<h2 class=\"wp-block-heading\">Fondue, truta e chocolate no topo da serra<\/h2>\n\n\n\n<p>A gastronomia \u00e9 t\u00e3o central quanto o frio em Monte Verde. A sequ\u00eancia de fondue (queijo, carne e chocolate) se tornou o ritual das noites geladas e est\u00e1 presente na maioria dos restaurantes da avenida principal. O prato chegou com a influ\u00eancia su\u00ed\u00e7a e se adaptou ao gosto local.<\/p>\n\n\n\n<p>A truta \u00e9 outro destaque. Criada nas \u00e1guas frias da serra, aparece grelhada, com molho de alcaparras ou am\u00eandoas. Para a sobremesa, o strudel de ma\u00e7\u00e3 e os chocolates artesanais produzidos no distrito competem com os de <strong>Gramado<\/strong> e <strong>Campos do Jord\u00e3o<\/strong>.<\/p>\n\n\n\n<p><strong>Leia tamb\u00e9m: <a href=\"https:\/\/www.em.com.br\/emfoco\/2026\/03\/04\/uma-montanha-1-385-metros-desapareceu-a-cidade-mineira-a-2-horas-de-belo-horizonte-onde-a-paisagem-valia-menos-que-os-lucros-e-o-maior-poeta-brasileiro-nasceu\/\" target=\"_blank\" rel=\"noreferrer noopener\">Uma montanha de 1.385 metros desapareceu: a cidade mineira a 2 horas de Belo Horizonte onde a paisagem valia menos que os lucros e o maior poeta brasileiro nasceu<\/a><\/strong><\/p>\n\n\n\n<h2 class=\"wp-block-heading\">O ref\u00fagio que um imigrante sonhou e o Brasil adotou<\/h2>\n\n\n\n<p>Monte Verde junta o melhor de dois mundos: o aconchego mineiro e o clima de serra europeia, tudo a menos de duas horas de S\u00e3o Paulo. Do sonho de Verner Grinberg nos anos 1930 ao reconhecimento internacional pela Booking, a vila provou que n\u00e3o precisa ser Su\u00ed\u00e7a para ter noites geladas e fondue de primeira.<\/p>\n\n\n\n<p>Se o inverno pedir lareira e chocolate quente, suba a Mantiqueira e deixe Monte Verde fazer o resto.<\/p>\n","protected":false},"excerpt":{"rendered":"<p>A Serra da Mantiqueira esconde, no extremo sul de Minas Gerais, uma vila com arquitetura alpina, arauc\u00e1rias e term\u00f4metros que despencam abaixo de zero no inverno. Monte Verde, distrito de Camanducaia, nasceu do sonho de um imigrante let\u00e3o que procurava um peda\u00e7o da Europa no interior do Brasil. Um let\u00e3o, uma serra e um sobrenome [&hellip;]<\/p>\n","protected":false},"author":6,"featured_media":164366,"comment_status":"open","ping_status":"open","sticky":false,"template":"","format":"standard","meta":{"jnews-multi-image_gallery":[],"jnews_single_post":{"format":"standard"},"jnews_primary_category":[],"jnews_social_meta":[],"jnews_override_counter":[],"footnotes":""},"categories":[26],"tags":[183,207,1127],"class_list":["post-178223","post","type-post","status-publish","format-standard","has-post-thumbnail","hentry","category-cidades","tag-cidades","tag-minas-gerais","tag-monte-verde"],"yoast_head":"<!-- This site is optimized with the Yoast SEO plugin v23.8 - https:\/\/yoast.com\/wordpress\/plugins\/seo\/ -->\n<title>Nem Campos do Jord\u00e3o, nem Gramado: a su\u00ed\u00e7a mineira onde o term\u00f4metro marca temperaturas negativas e a qualidade de vida virou tradi\u00e7\u00e3o - Estado de Minas - Em foco<\/title>\n<meta name=\"description\" content=\"Conhecida como a Su\u00ed\u00e7a mineira, essa cidade encanta com frio intenso, temperaturas negativas no inverno e qualidade de vida admirada.\" \/>\n<meta name=\"robots\" content=\"index, follow, max-snippet:-1, max-image-preview:large, max-video-preview:-1\" \/>\n<link rel=\"canonical\" href=\"https:\/\/www.em.com.br\/emfoco\/2026\/03\/06\/nem-campos-do-jordao-nem-gramado-a-suica-mineira-onde-o-termometro-marca-temperaturas-negativas-e-a-qualidade-de-vida-virou-tradicao\/\" \/>\n<meta property=\"og:locale\" content=\"pt_BR\" \/>\n<meta property=\"og:type\" content=\"article\" \/>\n<meta property=\"og:title\" content=\"Nem Campos do Jord\u00e3o, nem Gramado: a su\u00ed\u00e7a mineira onde o term\u00f4metro marca temperaturas negativas e a qualidade de vida virou tradi\u00e7\u00e3o - Estado de Minas - Em foco\" \/>\n<meta property=\"og:description\" content=\"Conhecida como a Su\u00ed\u00e7a mineira, essa cidade encanta com frio intenso, temperaturas negativas no inverno e qualidade de vida admirada.\" \/>\n<meta property=\"og:url\" content=\"https:\/\/www.em.com.br\/emfoco\/2026\/03\/06\/nem-campos-do-jordao-nem-gramado-a-suica-mineira-onde-o-termometro-marca-temperaturas-negativas-e-a-qualidade-de-vida-virou-tradicao\/\" \/>\n<meta property=\"og:site_name\" content=\"Estado de Minas - Em foco\" \/>\n<meta property=\"article:published_time\" content=\"2026-03-06T21:05:00+00:00\" \/>\n<meta property=\"article:modified_time\" content=\"2026-03-07T03:17:14+00:00\" \/>\n<meta property=\"og:image\" content=\"https:\/\/www.em.com.br\/emfoco\/wp-content\/uploads\/2026\/02\/monte-verde.jpg\" \/>\n\t<meta property=\"og:image:width\" content=\"1280\" \/>\n\t<meta property=\"og:image:height\" content=\"720\" \/>\n\t<meta property=\"og:image:type\" content=\"image\/jpeg\" \/>\n<meta name=\"author\" content=\"Vitor Bruno\" \/>\n<meta name=\"twitter:card\" content=\"summary_large_image\" \/>\n<meta name=\"twitter:label1\" content=\"Escrito por\" \/>\n\t<meta name=\"twitter:data1\" content=\"Vitor Bruno\" \/>\n\t<meta name=\"twitter:label2\" content=\"Est. tempo de leitura\" \/>\n\t<meta name=\"twitter:data2\" content=\"7 minutos\" \/>\n<!-- \/ Yoast SEO plugin. -->","yoast_head_json":{"title":"Nem Campos do Jord\u00e3o, nem Gramado: a su\u00ed\u00e7a mineira onde o term\u00f4metro marca temperaturas negativas e a qualidade de vida virou tradi\u00e7\u00e3o - Estado de Minas - Em foco","description":"Conhecida como a Su\u00ed\u00e7a mineira, essa cidade encanta com frio intenso, temperaturas negativas no inverno e qualidade de vida admirada.","robots":{"index":"index","follow":"follow","max-snippet":"max-snippet:-1","max-image-preview":"max-image-preview:large","max-video-preview":"max-video-preview:-1"},"canonical":"https:\/\/www.em.com.br\/emfoco\/2026\/03\/06\/nem-campos-do-jordao-nem-gramado-a-suica-mineira-onde-o-termometro-marca-temperaturas-negativas-e-a-qualidade-de-vida-virou-tradicao\/","og_locale":"pt_BR","og_type":"article","og_title":"Nem Campos do Jord\u00e3o, nem Gramado: a su\u00ed\u00e7a mineira onde o term\u00f4metro marca temperaturas negativas e a qualidade de vida virou tradi\u00e7\u00e3o - Estado de Minas - Em foco","og_description":"Conhecida como a Su\u00ed\u00e7a mineira, essa cidade encanta com frio intenso, temperaturas negativas no inverno e qualidade de vida admirada.","og_url":"https:\/\/www.em.com.br\/emfoco\/2026\/03\/06\/nem-campos-do-jordao-nem-gramado-a-suica-mineira-onde-o-termometro-marca-temperaturas-negativas-e-a-qualidade-de-vida-virou-tradicao\/","og_site_name":"Estado de Minas - Em foco","article_published_time":"2026-03-06T21:05:00+00:00","article_modified_time":"2026-03-07T03:17:14+00:00","og_image":[{"width":1280,"height":720,"url":"https:\/\/www.em.com.br\/emfoco\/wp-content\/uploads\/2026\/02\/monte-verde.jpg","type":"image\/jpeg"}],"author":"Vitor Bruno","twitter_card":"summary_large_image","twitter_misc":{"Escrito por":"Vitor Bruno","Est. tempo de leitura":"7 minutos"},"schema":{"@context":"https:\/\/schema.org","@graph":[{"@type":"WebPage","@id":"https:\/\/www.em.com.br\/emfoco\/2026\/03\/06\/nem-campos-do-jordao-nem-gramado-a-suica-mineira-onde-o-termometro-marca-temperaturas-negativas-e-a-qualidade-de-vida-virou-tradicao\/","url":"https:\/\/www.em.com.br\/emfoco\/2026\/03\/06\/nem-campos-do-jordao-nem-gramado-a-suica-mineira-onde-o-termometro-marca-temperaturas-negativas-e-a-qualidade-de-vida-virou-tradicao\/","name":"Nem Campos do Jord\u00e3o, nem Gramado: a su\u00ed\u00e7a mineira onde o term\u00f4metro marca temperaturas negativas e a qualidade de vida virou tradi\u00e7\u00e3o - Estado de Minas - Em foco","isPartOf":{"@id":"https:\/\/www.em.com.br\/emfoco\/#website"},"primaryImageOfPage":{"@id":"https:\/\/www.em.com.br\/emfoco\/2026\/03\/06\/nem-campos-do-jordao-nem-gramado-a-suica-mineira-onde-o-termometro-marca-temperaturas-negativas-e-a-qualidade-de-vida-virou-tradicao\/#primaryimage"},"image":{"@id":"https:\/\/www.em.com.br\/emfoco\/2026\/03\/06\/nem-campos-do-jordao-nem-gramado-a-suica-mineira-onde-o-termometro-marca-temperaturas-negativas-e-a-qualidade-de-vida-virou-tradicao\/#primaryimage"},"thumbnailUrl":"https:\/\/www.em.com.br\/emfoco\/wp-content\/uploads\/2026\/02\/monte-verde.jpg","datePublished":"2026-03-06T21:05:00+00:00","dateModified":"2026-03-07T03:17:14+00:00","author":{"@id":"https:\/\/www.em.com.br\/emfoco\/#\/schema\/person\/364ac1852fafd00f1be20f0b8b237569"},"description":"Conhecida como a Su\u00ed\u00e7a mineira, essa cidade encanta com frio intenso, temperaturas negativas no inverno e qualidade de vida admirada.","breadcrumb":{"@id":"https:\/\/www.em.com.br\/emfoco\/2026\/03\/06\/nem-campos-do-jordao-nem-gramado-a-suica-mineira-onde-o-termometro-marca-temperaturas-negativas-e-a-qualidade-de-vida-virou-tradicao\/#breadcrumb"},"inLanguage":"pt-BR","potentialAction":[{"@type":"ReadAction","target":["https:\/\/www.em.com.br\/emfoco\/2026\/03\/06\/nem-campos-do-jordao-nem-gramado-a-suica-mineira-onde-o-termometro-marca-temperaturas-negativas-e-a-qualidade-de-vida-virou-tradicao\/"]}]},{"@type":"ImageObject","inLanguage":"pt-BR","@id":"https:\/\/www.em.com.br\/emfoco\/2026\/03\/06\/nem-campos-do-jordao-nem-gramado-a-suica-mineira-onde-o-termometro-marca-temperaturas-negativas-e-a-qualidade-de-vida-virou-tradicao\/#primaryimage","url":"https:\/\/www.em.com.br\/emfoco\/wp-content\/uploads\/2026\/02\/monte-verde.jpg","contentUrl":"https:\/\/www.em.com.br\/emfoco\/wp-content\/uploads\/2026\/02\/monte-verde.jpg","width":1280,"height":720,"caption":"Monte Verde: hospitalidade, trilhas e o charme da Mantiqueira (imagem ilustrativa)"},{"@type":"BreadcrumbList","@id":"https:\/\/www.em.com.br\/emfoco\/2026\/03\/06\/nem-campos-do-jordao-nem-gramado-a-suica-mineira-onde-o-termometro-marca-temperaturas-negativas-e-a-qualidade-de-vida-virou-tradicao\/#breadcrumb","itemListElement":[{"@type":"ListItem","position":1,"name":"In\u00edcio","item":"https:\/\/www.em.com.br\/emfoco\/"},{"@type":"ListItem","position":2,"name":"Nem Campos do Jord\u00e3o, nem Gramado: a su\u00ed\u00e7a mineira onde o term\u00f4metro marca temperaturas negativas e a qualidade de vida virou tradi\u00e7\u00e3o"}]},{"@type":"WebSite","@id":"https:\/\/www.em.com.br\/emfoco\/#website","url":"https:\/\/www.em.com.br\/emfoco\/","name":"Estado de Minas - Em foco","description":"Acompanhe as \u00faltimas not\u00edcias e fique bem informado sobre tudo o que acontece em Minas Gerais, Brasil e no mundo.","potentialAction":[{"@type":"SearchAction","target":{"@type":"EntryPoint","urlTemplate":"https:\/\/www.em.com.br\/emfoco\/?s={search_term_string}"},"query-input":{"@type":"PropertyValueSpecification","valueRequired":true,"valueName":"search_term_string"}}],"inLanguage":"pt-BR"},{"@type":"Person","@id":"https:\/\/www.em.com.br\/emfoco\/#\/schema\/person\/364ac1852fafd00f1be20f0b8b237569","name":"Vitor Bruno","image":{"@type":"ImageObject","inLanguage":"pt-BR","@id":"https:\/\/www.em.com.br\/emfoco\/#\/schema\/person\/image\/","url":"https:\/\/secure.gravatar.com\/avatar\/b719e5cdede09f942064960883b5524d?s=96&d=mm&r=g","contentUrl":"https:\/\/secure.gravatar.com\/avatar\/b719e5cdede09f942064960883b5524d?s=96&d=mm&r=g","caption":"Vitor Bruno"},"sameAs":["https:\/\/www.em.com.br\/emfoco\/"],"url":"https:\/\/www.em.com.br\/emfoco\/author\/vitormyth\/"}]}},"_links":{"self":[{"href":"https:\/\/www.em.com.br\/emfoco\/wp-json\/wp\/v2\/posts\/178223","targetHints":{"allow":["GET"]}}],"collection":[{"href":"https:\/\/www.em.com.br\/emfoco\/wp-json\/wp\/v2\/posts"}],"about":[{"href":"https:\/\/www.em.com.br\/emfoco\/wp-json\/wp\/v2\/types\/post"}],"author":[{"embeddable":true,"href":"https:\/\/www.em.com.br\/emfoco\/wp-json\/wp\/v2\/users\/6"}],"replies":[{"embeddable":true,"href":"https:\/\/www.em.com.br\/emfoco\/wp-json\/wp\/v2\/comments?post=178223"}],"version-history":[{"count":3,"href":"https:\/\/www.em.com.br\/emfoco\/wp-json\/wp\/v2\/posts\/178223\/revisions"}],"predecessor-version":[{"id":178479,"href":"https:\/\/www.em.com.br\/emfoco\/wp-json\/wp\/v2\/posts\/178223\/revisions\/178479"}],"wp:featuredmedia":[{"embeddable":true,"href":"https:\/\/www.em.com.br\/emfoco\/wp-json\/wp\/v2\/media\/164366"}],"wp:attachment":[{"href":"https:\/\/www.em.com.br\/emfoco\/wp-json\/wp\/v2\/media?parent=178223"}],"wp:term":[{"taxonomy":"category","embeddable":true,"href":"https:\/\/www.em.com.br\/emfoco\/wp-json\/wp\/v2\/categories?post=178223"},{"taxonomy":"post_tag","embeddable":true,"href":"https:\/\/www.em.com.br\/emfoco\/wp-json\/wp\/v2\/tags?post=178223"}],"curies":[{"name":"wp","href":"https:\/\/api.w.org\/{rel}","templated":true}]}}