{"id":17821,"date":"2025-02-10T06:20:00","date_gmt":"2025-02-10T09:20:00","guid":{"rendered":"https:\/\/www.em.com.br\/emfoco\/?p=17821"},"modified":"2025-02-08T08:45:21","modified_gmt":"2025-02-08T11:45:21","slug":"belo-horizonte-tera-variacao-climatica-drastica-na-segunda-semana-de-fevereiro","status":"publish","type":"post","link":"https:\/\/www.em.com.br\/emfoco\/2025\/02\/10\/belo-horizonte-tera-variacao-climatica-drastica-na-segunda-semana-de-fevereiro\/","title":{"rendered":"Belo Horizonte ter\u00e1 varia\u00e7\u00e3o clim\u00e1tica dr\u00e1stica na segunda semana de fevereiro"},"content":{"rendered":"\n<p>No contexto atual, a previs\u00e3o do tempo se torna essencial para o planejamento di\u00e1rio em v\u00e1rias esferas da vida. Com a chegada da segunda semana de fevereiro de 2025, muitos habitantes de<a href=\"https:\/\/www.em.com.br\/emfoco\/2025\/02\/06\/qual-o-tempo-em-belo-horizonte-hoje\/\" target=\"_blank\" rel=\"noreferrer noopener\"> <strong>Belo Horizonte<\/strong><\/a> e arredores est\u00e3o atentos \u00e0s condi\u00e7\u00f5es clim\u00e1ticas para melhor organizar suas rotinas. As vari\u00e1veis meteorol\u00f3gicas interferem significativamente no cotidiano, impactando desde o tr\u00e1fego at\u00e9 eventos ao ar livre.<\/p>\n\n\n\n<p>A compreens\u00e3o adequada das previs\u00f5es do tempo pode evitar imprevistos e permitir adapta\u00e7\u00f5es necess\u00e1rias. O <strong><a href=\"https:\/\/portal.inmet.gov.br\/\" target=\"_blank\" rel=\"noreferrer noopener\">Instituto Nacional de Meteorologia (Inmet)<\/a> <\/strong>e o <a href=\"https:\/\/www.climatempo.com.br\/\" target=\"_blank\" rel=\"noreferrer noopener\"><strong>Climatempo<\/strong> <\/a>fornecem informa\u00e7\u00f5es detalhadas sobre as varia\u00e7\u00f5es clim\u00e1ticas que ocorrer\u00e3o ao longo da semana, conferindo seguran\u00e7a e previsibilidade nas atividades.<\/p>\n\n\n\n<h2 class=\"wp-block-heading\">Temperaturas m\u00e1ximas e m\u00ednimas previstas para Belo Horizonte<\/h2>\n\n\n\n<p>Durante o per\u00edodo de 10 a 16 de fevereiro, Belo Horizonte dever\u00e1 experimentar uma varia\u00e7\u00e3o consider\u00e1vel nas temperaturas. As m\u00e1ximas devem oscilar em torno de 28\u00b0C a 32\u00b0C, enquanto as m\u00ednimas poder\u00e3o variar entre 18\u00b0C e 21\u00b0C. Essa discrep\u00e2ncia \u00e9 comum em meses veranis por conta dos sistemas atmosf\u00e9ricos que afetam a regi\u00e3o.<\/p>\n\n\n\n<p>Para facilitar a visualiza\u00e7\u00e3o, as temperaturas para alguns dos dias est\u00e3o listadas a seguir:<\/p>\n\n\n\n<ul class=\"wp-block-list\">\n<li><strong>10\/02:<\/strong> M\u00e1xima de 29\u00b0C, m\u00ednima de 19\u00b0C<\/li>\n\n\n\n<li><strong>11\/02:<\/strong> M\u00e1xima de 30\u00b0C, m\u00ednima de 20\u00b0C<\/li>\n\n\n\n<li><strong>12\/02:<\/strong> M\u00e1xima de 31\u00b0C, m\u00ednima de 19\u00b0C<\/li>\n\n\n\n<li><strong>13\/02:<\/strong> M\u00e1xima de 32\u00b0C, m\u00ednima de 21\u00b0C<\/li>\n\n\n\n<li><strong>14\/02:<\/strong> M\u00e1xima de 30\u00b0C, m\u00ednima de 20\u00b0C<\/li>\n\n\n\n<li><strong>15\/02:<\/strong> M\u00e1xima de 28\u00b0C, m\u00ednima de 18\u00b0C<\/li>\n\n\n\n<li><strong>16\/02:<\/strong> M\u00e1xima de 29\u00b0C, m\u00ednima de 19\u00b0C<\/li>\n<\/ul>\n\n\n\n<figure class=\"wp-block-image size-large\"><img loading=\"lazy\" decoding=\"async\" width=\"1024\" height=\"576\" src=\"https:\/\/www.em.com.br\/emfoco\/wp-content\/uploads\/2025\/01\/previsao-do-tempo_1736962401240-1024x576.jpg\" alt=\"Alerta de clima maluco em Belo Horizonte! Veja a previs\u00e3o completa para a semana (20 a 27\/01)\" class=\"wp-image-10958\" srcset=\"https:\/\/www.em.com.br\/emfoco\/wp-content\/uploads\/2025\/01\/previsao-do-tempo_1736962401240-1024x576.jpg 1024w, https:\/\/www.em.com.br\/emfoco\/wp-content\/uploads\/2025\/01\/previsao-do-tempo_1736962401240-300x169.jpg 300w, https:\/\/www.em.com.br\/emfoco\/wp-content\/uploads\/2025\/01\/previsao-do-tempo_1736962401240-768x432.jpg 768w, https:\/\/www.em.com.br\/emfoco\/wp-content\/uploads\/2025\/01\/previsao-do-tempo_1736962401240-750x422.jpg 750w, https:\/\/www.em.com.br\/emfoco\/wp-content\/uploads\/2025\/01\/previsao-do-tempo_1736962401240-1140x641.jpg 1140w, https:\/\/www.em.com.br\/emfoco\/wp-content\/uploads\/2025\/01\/previsao-do-tempo_1736962401240.jpg 1280w\" sizes=\"auto, (max-width: 1024px) 100vw, 1024px\" \/><figcaption class=\"wp-element-caption\">Previs\u00e3o do tempo &#8211; Cr\u00e9ditos: depositphotos.com \/ kaedeezign<\/figcaption><\/figure>\n\n\n\n<h2 class=\"wp-block-heading\">Impacto das mudan\u00e7as clim\u00e1ticas na regi\u00e3o<\/h2>\n\n\n\n<p>As mudan\u00e7as clim\u00e1ticas t\u00eam provocado altera\u00e7\u00f5es expressivas no clima de v\u00e1rias regi\u00f5es do Brasil, incluindo Belo Horizonte. Esse fen\u00f4meno tem gerado invernos mais secos e ver\u00f5es mais quentes, o que impacta diretamente a flora, a fauna e a sa\u00fade humana. Os cientistas est\u00e3o constantemente monitorando tais mudan\u00e7as para entender seus efeitos e encontrar estrat\u00e9gias de mitiga\u00e7\u00e3o.<\/p>\n\n\n\n<p>A incid\u00eancia de chuvas intensas e o aumento de calor s\u00e3o exemplos de eventos exacerbados pelas mudan\u00e7as clim\u00e1ticas. Tal situa\u00e7\u00e3o requer que os cidad\u00e3os de Belo Horizonte e outras cidades estejam cientes dos padr\u00f5es clim\u00e1ticos e preparados para responder a essas novas realidades.<\/p>\n\n\n\n<h2 class=\"wp-block-heading\">O que dizem Inmet e Climatempo sobre o clima em Belo Horizonte?<\/h2>\n\n\n\n<p>Tanto o Inmet como o Climatempo apontam para um cen\u00e1rio de estabilidade clim\u00e1tica na pr\u00f3xima semana, por\u00e9m, com a possibilidade de chuvas ocasionais no per\u00edodo da tarde. Isso se alinha ao comportamento caracter\u00edstico da esta\u00e7\u00e3o atual, onde chuvas convectivas s\u00e3o comuns. Especialistas alertam que \u00e9 crucial estar preparado para poss\u00edveis altera\u00e7\u00f5es repentinas devido \u00e0 influ\u00eancias clim\u00e1ticas regionais e globais.<\/p>\n\n\n\n<p>Os residentes s\u00e3o aconselhados a acompanhar os boletins meteorol\u00f3gicos di\u00e1rios, que frequentemente oferecem dados mais precisos sobre varia\u00e7\u00f5es clim\u00e1ticas de curto prazo, permitindo adapta\u00e7\u00f5es com rapidez.<\/p>\n\n\n\n<h2 class=\"wp-block-heading\">Como interpretar a previs\u00e3o do tempo corretamente?<\/h2>\n\n\n\n<p>Entender a previs\u00e3o do tempo requer aten\u00e7\u00e3o a detalhes espec\u00edficos fornecidos por \u00f3rg\u00e3os especializados. Aqui est\u00e3o algumas dicas para interpretar efetivamente as previs\u00f5es clim\u00e1ticas:<\/p>\n\n\n\n<ol class=\"wp-block-list\">\n<li><strong>Verifique fontes confi\u00e1veis:<\/strong> Priorize informa\u00e7\u00f5es de institutos meteorol\u00f3gicos reconhecidos.<\/li>\n\n\n\n<li><strong>Fique atento \u00e0s varia\u00e7\u00f5es clim\u00e1ticas:<\/strong> Esteja ciente das mudan\u00e7as di\u00e1rias previstas.<\/li>\n\n\n\n<li><strong>Entenda os termos meteorol\u00f3gicos:<\/strong> Condi\u00e7\u00f5es como &#8220;frente fria&#8221; ou &#8220;onda de calor&#8221; possuem significados espec\u00edficos.<\/li>\n\n\n\n<li><strong>Use aplicativos de clima:<\/strong> Ferramentas digitais oferecem atualiza\u00e7\u00f5es em tempo real.<\/li>\n<\/ol>\n\n\n\n<p>Dessa forma, pode-se minimizar riscos e otimizar atividades, aproveitando ao m\u00e1ximo as condi\u00e7\u00f5es clim\u00e1ticas favor\u00e1veis.<\/p>\n","protected":false},"excerpt":{"rendered":"<p>No contexto atual, a previs\u00e3o do tempo se torna essencial para o planejamento di\u00e1rio em v\u00e1rias esferas da vida. Com a chegada da segunda semana de fevereiro de 2025, muitos habitantes de Belo Horizonte e arredores est\u00e3o atentos \u00e0s condi\u00e7\u00f5es clim\u00e1ticas para melhor organizar suas rotinas. As vari\u00e1veis meteorol\u00f3gicas interferem significativamente no cotidiano, impactando desde [&hellip;]<\/p>\n","protected":false},"author":5,"featured_media":10959,"comment_status":"open","ping_status":"open","sticky":false,"template":"","format":"standard","meta":{"jnews-multi-image_gallery":[],"jnews_single_post":{"format":"standard"},"jnews_primary_category":[],"jnews_social_meta":[],"jnews_override_counter":[],"footnotes":""},"categories":[30,1],"tags":[3347,152,2165],"class_list":["post-17821","post","type-post","status-publish","format-standard","has-post-thumbnail","hentry","category-clima","category-noticias","tag-bh-clima","tag-clima","tag-mudancas-climaticas"],"yoast_head":"<!-- This site is optimized with the Yoast SEO plugin v23.8 - https:\/\/yoast.com\/wordpress\/plugins\/seo\/ -->\n<title>Belo Horizonte ter\u00e1 varia\u00e7\u00e3o clim\u00e1tica dr\u00e1stica na segunda semana de fevereiro - Estado de Minas - Em foco<\/title>\n<meta name=\"description\" content=\"Aten\u00e7\u00e3o, moradores de Belo Horizonte! A previs\u00e3o do tempo para a segunda semana de fevereiro de 2025 revela um clima inst\u00e1vel. Confira.\" \/>\n<meta name=\"robots\" content=\"index, follow, max-snippet:-1, max-image-preview:large, max-video-preview:-1\" \/>\n<link rel=\"canonical\" href=\"https:\/\/www.em.com.br\/emfoco\/2025\/02\/10\/belo-horizonte-tera-variacao-climatica-drastica-na-segunda-semana-de-fevereiro\/\" \/>\n<meta property=\"og:locale\" content=\"pt_BR\" \/>\n<meta property=\"og:type\" content=\"article\" \/>\n<meta property=\"og:title\" content=\"Belo Horizonte ter\u00e1 varia\u00e7\u00e3o clim\u00e1tica dr\u00e1stica na segunda semana de fevereiro - Estado de Minas - Em foco\" \/>\n<meta property=\"og:description\" content=\"Aten\u00e7\u00e3o, moradores de Belo Horizonte! A previs\u00e3o do tempo para a segunda semana de fevereiro de 2025 revela um clima inst\u00e1vel. Confira.\" \/>\n<meta property=\"og:url\" content=\"https:\/\/www.em.com.br\/emfoco\/2025\/02\/10\/belo-horizonte-tera-variacao-climatica-drastica-na-segunda-semana-de-fevereiro\/\" \/>\n<meta property=\"og:site_name\" content=\"Estado de Minas - Em foco\" \/>\n<meta property=\"article:published_time\" content=\"2025-02-10T09:20:00+00:00\" \/>\n<meta property=\"article:modified_time\" content=\"2025-02-08T11:45:21+00:00\" \/>\n<meta property=\"og:image\" content=\"https:\/\/www.em.com.br\/emfoco\/wp-content\/uploads\/2025\/01\/clima-no-telefone_1736962651020.jpg\" \/>\n\t<meta property=\"og:image:width\" content=\"1280\" \/>\n\t<meta property=\"og:image:height\" content=\"720\" \/>\n\t<meta property=\"og:image:type\" content=\"image\/jpeg\" \/>\n<meta name=\"author\" content=\"N\u00fabia Rangel\" \/>\n<meta name=\"twitter:card\" content=\"summary_large_image\" \/>\n<meta name=\"twitter:label1\" content=\"Escrito por\" \/>\n\t<meta name=\"twitter:data1\" content=\"N\u00fabia Rangel\" \/>\n\t<meta name=\"twitter:label2\" content=\"Est. tempo de leitura\" \/>\n\t<meta name=\"twitter:data2\" content=\"4 minutos\" \/>\n<!-- \/ Yoast SEO plugin. -->","yoast_head_json":{"title":"Belo Horizonte ter\u00e1 varia\u00e7\u00e3o clim\u00e1tica dr\u00e1stica na segunda semana de fevereiro - Estado de Minas - Em foco","description":"Aten\u00e7\u00e3o, moradores de Belo Horizonte! A previs\u00e3o do tempo para a segunda semana de fevereiro de 2025 revela um clima inst\u00e1vel. Confira.","robots":{"index":"index","follow":"follow","max-snippet":"max-snippet:-1","max-image-preview":"max-image-preview:large","max-video-preview":"max-video-preview:-1"},"canonical":"https:\/\/www.em.com.br\/emfoco\/2025\/02\/10\/belo-horizonte-tera-variacao-climatica-drastica-na-segunda-semana-de-fevereiro\/","og_locale":"pt_BR","og_type":"article","og_title":"Belo Horizonte ter\u00e1 varia\u00e7\u00e3o clim\u00e1tica dr\u00e1stica na segunda semana de fevereiro - Estado de Minas - Em foco","og_description":"Aten\u00e7\u00e3o, moradores de Belo Horizonte! A previs\u00e3o do tempo para a segunda semana de fevereiro de 2025 revela um clima inst\u00e1vel. Confira.","og_url":"https:\/\/www.em.com.br\/emfoco\/2025\/02\/10\/belo-horizonte-tera-variacao-climatica-drastica-na-segunda-semana-de-fevereiro\/","og_site_name":"Estado de Minas - Em foco","article_published_time":"2025-02-10T09:20:00+00:00","article_modified_time":"2025-02-08T11:45:21+00:00","og_image":[{"width":1280,"height":720,"url":"https:\/\/www.em.com.br\/emfoco\/wp-content\/uploads\/2025\/01\/clima-no-telefone_1736962651020.jpg","type":"image\/jpeg"}],"author":"N\u00fabia Rangel","twitter_card":"summary_large_image","twitter_misc":{"Escrito por":"N\u00fabia Rangel","Est. tempo de leitura":"4 minutos"},"schema":{"@context":"https:\/\/schema.org","@graph":[{"@type":"WebPage","@id":"https:\/\/www.em.com.br\/emfoco\/2025\/02\/10\/belo-horizonte-tera-variacao-climatica-drastica-na-segunda-semana-de-fevereiro\/","url":"https:\/\/www.em.com.br\/emfoco\/2025\/02\/10\/belo-horizonte-tera-variacao-climatica-drastica-na-segunda-semana-de-fevereiro\/","name":"Belo Horizonte ter\u00e1 varia\u00e7\u00e3o clim\u00e1tica dr\u00e1stica na segunda semana de fevereiro - Estado de Minas - Em foco","isPartOf":{"@id":"https:\/\/www.em.com.br\/emfoco\/#website"},"primaryImageOfPage":{"@id":"https:\/\/www.em.com.br\/emfoco\/2025\/02\/10\/belo-horizonte-tera-variacao-climatica-drastica-na-segunda-semana-de-fevereiro\/#primaryimage"},"image":{"@id":"https:\/\/www.em.com.br\/emfoco\/2025\/02\/10\/belo-horizonte-tera-variacao-climatica-drastica-na-segunda-semana-de-fevereiro\/#primaryimage"},"thumbnailUrl":"https:\/\/www.em.com.br\/emfoco\/wp-content\/uploads\/2025\/01\/clima-no-telefone_1736962651020.jpg","datePublished":"2025-02-10T09:20:00+00:00","dateModified":"2025-02-08T11:45:21+00:00","author":{"@id":"https:\/\/www.em.com.br\/emfoco\/#\/schema\/person\/524437ef54f8a5d32591b143307f2e20"},"description":"Aten\u00e7\u00e3o, moradores de Belo Horizonte! A previs\u00e3o do tempo para a segunda semana de fevereiro de 2025 revela um clima inst\u00e1vel. Confira.","breadcrumb":{"@id":"https:\/\/www.em.com.br\/emfoco\/2025\/02\/10\/belo-horizonte-tera-variacao-climatica-drastica-na-segunda-semana-de-fevereiro\/#breadcrumb"},"inLanguage":"pt-BR","potentialAction":[{"@type":"ReadAction","target":["https:\/\/www.em.com.br\/emfoco\/2025\/02\/10\/belo-horizonte-tera-variacao-climatica-drastica-na-segunda-semana-de-fevereiro\/"]}]},{"@type":"ImageObject","inLanguage":"pt-BR","@id":"https:\/\/www.em.com.br\/emfoco\/2025\/02\/10\/belo-horizonte-tera-variacao-climatica-drastica-na-segunda-semana-de-fevereiro\/#primaryimage","url":"https:\/\/www.em.com.br\/emfoco\/wp-content\/uploads\/2025\/01\/clima-no-telefone_1736962651020.jpg","contentUrl":"https:\/\/www.em.com.br\/emfoco\/wp-content\/uploads\/2025\/01\/clima-no-telefone_1736962651020.jpg","width":1280,"height":720,"caption":"Imagem ilustrativa clima no telefone - Cr\u00e9ditos: depositphotos.com \/ seemantaduttaskv@gmail.com"},{"@type":"BreadcrumbList","@id":"https:\/\/www.em.com.br\/emfoco\/2025\/02\/10\/belo-horizonte-tera-variacao-climatica-drastica-na-segunda-semana-de-fevereiro\/#breadcrumb","itemListElement":[{"@type":"ListItem","position":1,"name":"In\u00edcio","item":"https:\/\/www.em.com.br\/emfoco\/"},{"@type":"ListItem","position":2,"name":"Belo Horizonte ter\u00e1 varia\u00e7\u00e3o clim\u00e1tica dr\u00e1stica na segunda semana de fevereiro"}]},{"@type":"WebSite","@id":"https:\/\/www.em.com.br\/emfoco\/#website","url":"https:\/\/www.em.com.br\/emfoco\/","name":"Estado de Minas - Em foco","description":"Acompanhe as \u00faltimas not\u00edcias e fique bem informado sobre tudo o que acontece em Minas Gerais, Brasil e no mundo.","potentialAction":[{"@type":"SearchAction","target":{"@type":"EntryPoint","urlTemplate":"https:\/\/www.em.com.br\/emfoco\/?s={search_term_string}"},"query-input":{"@type":"PropertyValueSpecification","valueRequired":true,"valueName":"search_term_string"}}],"inLanguage":"pt-BR"},{"@type":"Person","@id":"https:\/\/www.em.com.br\/emfoco\/#\/schema\/person\/524437ef54f8a5d32591b143307f2e20","name":"N\u00fabia Rangel","image":{"@type":"ImageObject","inLanguage":"pt-BR","@id":"https:\/\/www.em.com.br\/emfoco\/#\/schema\/person\/image\/","url":"https:\/\/secure.gravatar.com\/avatar\/47cff2827a5ba23c37e8068c86817ea4?s=96&d=mm&r=g","contentUrl":"https:\/\/secure.gravatar.com\/avatar\/47cff2827a5ba23c37e8068c86817ea4?s=96&d=mm&r=g","caption":"N\u00fabia Rangel"},"sameAs":["https:\/\/www.em.com.br\/emfoco\/"],"url":"https:\/\/www.em.com.br\/emfoco\/author\/nubiamyth\/"}]}},"_links":{"self":[{"href":"https:\/\/www.em.com.br\/emfoco\/wp-json\/wp\/v2\/posts\/17821","targetHints":{"allow":["GET"]}}],"collection":[{"href":"https:\/\/www.em.com.br\/emfoco\/wp-json\/wp\/v2\/posts"}],"about":[{"href":"https:\/\/www.em.com.br\/emfoco\/wp-json\/wp\/v2\/types\/post"}],"author":[{"embeddable":true,"href":"https:\/\/www.em.com.br\/emfoco\/wp-json\/wp\/v2\/users\/5"}],"replies":[{"embeddable":true,"href":"https:\/\/www.em.com.br\/emfoco\/wp-json\/wp\/v2\/comments?post=17821"}],"version-history":[{"count":3,"href":"https:\/\/www.em.com.br\/emfoco\/wp-json\/wp\/v2\/posts\/17821\/revisions"}],"predecessor-version":[{"id":17874,"href":"https:\/\/www.em.com.br\/emfoco\/wp-json\/wp\/v2\/posts\/17821\/revisions\/17874"}],"wp:featuredmedia":[{"embeddable":true,"href":"https:\/\/www.em.com.br\/emfoco\/wp-json\/wp\/v2\/media\/10959"}],"wp:attachment":[{"href":"https:\/\/www.em.com.br\/emfoco\/wp-json\/wp\/v2\/media?parent=17821"}],"wp:term":[{"taxonomy":"category","embeddable":true,"href":"https:\/\/www.em.com.br\/emfoco\/wp-json\/wp\/v2\/categories?post=17821"},{"taxonomy":"post_tag","embeddable":true,"href":"https:\/\/www.em.com.br\/emfoco\/wp-json\/wp\/v2\/tags?post=17821"}],"curies":[{"name":"wp","href":"https:\/\/api.w.org\/{rel}","templated":true}]}}