{"id":17806,"date":"2025-02-10T19:20:00","date_gmt":"2025-02-10T22:20:00","guid":{"rendered":"https:\/\/www.em.com.br\/emfoco\/?p=17806"},"modified":"2025-02-08T09:29:13","modified_gmt":"2025-02-08T12:29:13","slug":"voce-sabia-que-minas-nao-tem-mar-mas-tem-marinha-entenda","status":"publish","type":"post","link":"https:\/\/www.em.com.br\/emfoco\/2025\/02\/10\/voce-sabia-que-minas-nao-tem-mar-mas-tem-marinha-entenda\/","title":{"rendered":"Voc\u00ea sabia que Minas n\u00e3o tem mar, mas tem Marinha? Entenda"},"content":{"rendered":"\n<p>A <strong><a href=\"https:\/\/g1.globo.com\/mg\/minas-gerais\/noticia\/2025\/02\/02\/por-que-minas-gerais-tem-marinha-entenda-o-papel-da-instituicao-no-estado.ghtml\" target=\"_blank\" rel=\"noreferrer noopener\">Capitania Fluvial de Minas Gerais<\/a><\/strong> desempenha um papel crucial na seguran\u00e7a e fiscaliza\u00e7\u00e3o das \u00e1guas interiores do estado. Com sede em <strong>Belo Horizonte<\/strong>, a institui\u00e7\u00e3o conta com tr\u00eas Delegacias Fluviais subordinadas, localizadas em <strong>Pirapora<\/strong>, <strong>Furnas <\/strong>e <strong>Uberaba<\/strong>. Essas delegacias s\u00e3o respons\u00e1veis por orientar os usu\u00e1rios sobre a navega\u00e7\u00e3o segura, prevenir a polui\u00e7\u00e3o h\u00eddrica e garantir a salvaguarda da vida humana nos rios, lagos e represas de <strong><a href=\"https:\/\/www.em.com.br\/emfoco\/2025\/02\/04\/explorando-minas-gerais\/\" target=\"_blank\" rel=\"noreferrer noopener\">Minas Gerais<\/a><\/strong>.<\/p>\n\n\n\n<p>O governador <strong>Romeu Zema<\/strong> participou recentemente da cerim\u00f4nia de passagem de comando da Capitania Fluvial, onde o capit\u00e3o de mar e guerra <strong>Alessandro de Paula Lima<\/strong> foi nomeado como o novo capit\u00e3o dos <strong>Portos de Minas Gerais<\/strong>. Ele sucede o capit\u00e3o<strong> Leonardo Carvalho de Lucena Navaes<\/strong>, que esteve \u00e0 frente da institui\u00e7\u00e3o nos \u00faltimos dois anos. Durante o evento, o governador destacou a import\u00e2ncia da presen\u00e7a da Marinha no estado e os avan\u00e7os na seguran\u00e7a da navega\u00e7\u00e3o interna.<\/p>\n\n\n\n<h2 class=\"wp-block-heading\">Qual a import\u00e2ncia da Capitania Fluvial para Minas Gerais?<\/h2>\n\n\n\n<p>A Capitania Fluvial de Minas Gerais tem uma hist\u00f3ria significativa no estado, remontando a 1926, quando foi criada pelo presidente<strong> Arthur Bernardes<\/strong>. A institui\u00e7\u00e3o surgiu em resposta \u00e0 crescente import\u00e2ncia econ\u00f4mica da navega\u00e7\u00e3o no Rio S\u00e3o Francisco. Hoje, a capitania continua a desempenhar um papel vital na seguran\u00e7a das \u00e1guas interiores, contribuindo para a preven\u00e7\u00e3o de acidentes e a prote\u00e7\u00e3o ambiental.<\/p>\n\n\n\n<p>As delegacias fluviais em Pirapora, Furnas e Uberaba atuam de forma estrat\u00e9gica para cobrir diferentes regi\u00f5es do estado. Elas s\u00e3o respons\u00e1veis por fiscalizar as atividades de navega\u00e7\u00e3o, garantir o cumprimento das normas de seguran\u00e7a e promover a educa\u00e7\u00e3o ambiental entre os usu\u00e1rios das vias fluviais. Essa atua\u00e7\u00e3o abrangente \u00e9 essencial para manter a seguran\u00e7a e a sustentabilidade dos recursos h\u00eddricos de Minas Gerais.<\/p>\n\n\n\n<figure class=\"wp-block-image\"><img decoding=\"async\" src=\"https:\/\/www.em.com.br\/emfoco\/wp-content\/uploads\/2025\/02\/esse-38-1024x576.jpg\" alt=\"\"\/><figcaption class=\"wp-element-caption\">Cr\u00e9ditos: Wikimedia Commons<\/figcaption><\/figure>\n\n\n\n<h2 class=\"wp-block-heading\">Como a Capitania Fluvial contribui para a seguran\u00e7a da navega\u00e7\u00e3o?<\/h2>\n\n\n\n<p>A Capitania Fluvial de Minas Gerais adota diversas medidas para assegurar a seguran\u00e7a da navega\u00e7\u00e3o nas \u00e1guas do estado. Entre as principais a\u00e7\u00f5es est\u00e3o fiscalizar embarca\u00e7\u00f5es, a realiza\u00e7\u00e3o de vistorias t\u00e9cnicas e a emiss\u00e3o de certificados de seguran\u00e7a. Al\u00e9m disso, a capitania promove campanhas educativas para conscientizar os navegantes sobre a import\u00e2ncia do cumprimento das normas de seguran\u00e7a e da preserva\u00e7\u00e3o ambiental.<\/p>\n\n\n\n<p>Outra contribui\u00e7\u00e3o significativa da capitania \u00e9 a realiza\u00e7\u00e3o de treinamentos e exerc\u00edcios de simula\u00e7\u00e3o de emerg\u00eancia. Essas atividades preparam as equipes para responder eficazmente a situa\u00e7\u00f5es de risco, minimizando o impacto de poss\u00edveis acidentes. A presen\u00e7a constante da capitania nas \u00e1guas de Minas Gerais tem sido fundamental para reduzir a ocorr\u00eancia de incidentes e garantir a tranquilidade dos usu\u00e1rios.<\/p>\n\n\n\n<h2 class=\"wp-block-heading\">Quais s\u00e3o os desafios enfrentados pela Capitania Fluvial?<\/h2>\n\n\n\n<p>Apesar dos avan\u00e7os na seguran\u00e7a da navega\u00e7\u00e3o, a Capitania Fluvial de Minas Gerais enfrenta desafios cont\u00ednuos. A expans\u00e3o das atividades econ\u00f4micas e o aumento do tr\u00e1fego fluvial exigem uma vigil\u00e2ncia constante e a adapta\u00e7\u00e3o das estrat\u00e9gias de fiscaliza\u00e7\u00e3o. Al\u00e9m disso, a preserva\u00e7\u00e3o dos recursos h\u00eddricos e a preven\u00e7\u00e3o da polui\u00e7\u00e3o s\u00e3o quest\u00f5es priorit\u00e1rias que demandam esfor\u00e7os conjuntos entre a capitania, os usu\u00e1rios e a sociedade.<\/p>\n\n\n\n<p>Outro desafio importante \u00e9 a capacita\u00e7\u00e3o cont\u00ednua das equipes e a atualiza\u00e7\u00e3o das tecnologias utilizadas nas opera\u00e7\u00f5es de fiscaliza\u00e7\u00e3o. A capitania precisa estar sempre preparada para lidar com novas demandas e garantir a efici\u00eancia de suas a\u00e7\u00f5es. A colabora\u00e7\u00e3o com outras institui\u00e7\u00f5es e a participa\u00e7\u00e3o em f\u00f3runs de discuss\u00e3o sobre seguran\u00e7a e meio ambiente s\u00e3o essenciais para enfrentar esses desafios eficazmente.<\/p>\n\n\n\n<p>Em suma, a Capitania Fluvial de Minas Gerais desempenha um papel vital na seguran\u00e7a e sustentabilidade das \u00e1guas do estado. Com uma atua\u00e7\u00e3o abrangente e estrat\u00e9gica, a institui\u00e7\u00e3o continua a contribuir para a prote\u00e7\u00e3o dos recursos h\u00eddricos e a seguran\u00e7a dos navegantes, enfrentando desafios com dedica\u00e7\u00e3o e compromisso.<\/p>\n","protected":false},"excerpt":{"rendered":"<p>A Capitania Fluvial de Minas Gerais desempenha um papel crucial na seguran\u00e7a e fiscaliza\u00e7\u00e3o das \u00e1guas interiores do estado. Com sede em Belo Horizonte, a institui\u00e7\u00e3o conta com tr\u00eas Delegacias Fluviais subordinadas, localizadas em Pirapora, Furnas e Uberaba. Essas delegacias s\u00e3o respons\u00e1veis por orientar os usu\u00e1rios sobre a navega\u00e7\u00e3o segura, prevenir a polui\u00e7\u00e3o h\u00eddrica e [&hellip;]<\/p>\n","protected":false},"author":5,"featured_media":17816,"comment_status":"open","ping_status":"open","sticky":false,"template":"","format":"standard","meta":{"jnews-multi-image_gallery":[],"jnews_single_post":{"format":"standard"},"jnews_primary_category":[],"jnews_social_meta":[],"jnews_override_counter":[],"footnotes":""},"categories":[26,1],"tags":[1243,1441,207],"class_list":["post-17806","post","type-post","status-publish","format-standard","has-post-thumbnail","hentry","category-cidades","category-noticias","tag-curiosidade","tag-curiosidades","tag-minas-gerais"],"yoast_head":"<!-- This site is optimized with the Yoast SEO plugin v23.8 - https:\/\/yoast.com\/wordpress\/plugins\/seo\/ -->\n<title>Voc\u00ea sabia que Minas n\u00e3o tem mar, mas tem Marinha? Entenda - Estado de Minas - Em foco<\/title>\n<meta name=\"description\" content=\"Entenda qual \u00e9 a fun\u00e7\u00e3o da Capitania Fluvial de Minas Gerais e como ela trabalha para garantir que o estado fique seguro.\" \/>\n<meta name=\"robots\" content=\"index, follow, max-snippet:-1, max-image-preview:large, max-video-preview:-1\" \/>\n<link rel=\"canonical\" href=\"https:\/\/www.em.com.br\/emfoco\/2025\/02\/10\/voce-sabia-que-minas-nao-tem-mar-mas-tem-marinha-entenda\/\" \/>\n<meta property=\"og:locale\" content=\"pt_BR\" \/>\n<meta property=\"og:type\" content=\"article\" \/>\n<meta property=\"og:title\" content=\"Voc\u00ea sabia que Minas n\u00e3o tem mar, mas tem Marinha? Entenda - Estado de Minas - Em foco\" \/>\n<meta property=\"og:description\" content=\"Entenda qual \u00e9 a fun\u00e7\u00e3o da Capitania Fluvial de Minas Gerais e como ela trabalha para garantir que o estado fique seguro.\" \/>\n<meta property=\"og:url\" content=\"https:\/\/www.em.com.br\/emfoco\/2025\/02\/10\/voce-sabia-que-minas-nao-tem-mar-mas-tem-marinha-entenda\/\" \/>\n<meta property=\"og:site_name\" content=\"Estado de Minas - Em foco\" \/>\n<meta property=\"article:published_time\" content=\"2025-02-10T22:20:00+00:00\" \/>\n<meta property=\"article:modified_time\" content=\"2025-02-08T12:29:13+00:00\" \/>\n<meta property=\"og:image\" content=\"https:\/\/www.em.com.br\/emfoco\/wp-content\/uploads\/2025\/02\/Concurso-Marinha-do-Brasil.jpeg\" \/>\n\t<meta property=\"og:image:width\" content=\"1280\" \/>\n\t<meta property=\"og:image:height\" content=\"720\" \/>\n\t<meta property=\"og:image:type\" content=\"image\/jpeg\" \/>\n<meta name=\"author\" content=\"N\u00fabia Rangel\" \/>\n<meta name=\"twitter:card\" content=\"summary_large_image\" \/>\n<meta name=\"twitter:label1\" content=\"Escrito por\" \/>\n\t<meta name=\"twitter:data1\" content=\"N\u00fabia Rangel\" \/>\n\t<meta name=\"twitter:label2\" content=\"Est. tempo de leitura\" \/>\n\t<meta name=\"twitter:data2\" content=\"4 minutos\" \/>\n<!-- \/ Yoast SEO plugin. -->","yoast_head_json":{"title":"Voc\u00ea sabia que Minas n\u00e3o tem mar, mas tem Marinha? Entenda - Estado de Minas - Em foco","description":"Entenda qual \u00e9 a fun\u00e7\u00e3o da Capitania Fluvial de Minas Gerais e como ela trabalha para garantir que o estado fique seguro.","robots":{"index":"index","follow":"follow","max-snippet":"max-snippet:-1","max-image-preview":"max-image-preview:large","max-video-preview":"max-video-preview:-1"},"canonical":"https:\/\/www.em.com.br\/emfoco\/2025\/02\/10\/voce-sabia-que-minas-nao-tem-mar-mas-tem-marinha-entenda\/","og_locale":"pt_BR","og_type":"article","og_title":"Voc\u00ea sabia que Minas n\u00e3o tem mar, mas tem Marinha? Entenda - Estado de Minas - Em foco","og_description":"Entenda qual \u00e9 a fun\u00e7\u00e3o da Capitania Fluvial de Minas Gerais e como ela trabalha para garantir que o estado fique seguro.","og_url":"https:\/\/www.em.com.br\/emfoco\/2025\/02\/10\/voce-sabia-que-minas-nao-tem-mar-mas-tem-marinha-entenda\/","og_site_name":"Estado de Minas - Em foco","article_published_time":"2025-02-10T22:20:00+00:00","article_modified_time":"2025-02-08T12:29:13+00:00","og_image":[{"width":1280,"height":720,"url":"https:\/\/www.em.com.br\/emfoco\/wp-content\/uploads\/2025\/02\/Concurso-Marinha-do-Brasil.jpeg","type":"image\/jpeg"}],"author":"N\u00fabia Rangel","twitter_card":"summary_large_image","twitter_misc":{"Escrito por":"N\u00fabia Rangel","Est. tempo de leitura":"4 minutos"},"schema":{"@context":"https:\/\/schema.org","@graph":[{"@type":"WebPage","@id":"https:\/\/www.em.com.br\/emfoco\/2025\/02\/10\/voce-sabia-que-minas-nao-tem-mar-mas-tem-marinha-entenda\/","url":"https:\/\/www.em.com.br\/emfoco\/2025\/02\/10\/voce-sabia-que-minas-nao-tem-mar-mas-tem-marinha-entenda\/","name":"Voc\u00ea sabia que Minas n\u00e3o tem mar, mas tem Marinha? Entenda - Estado de Minas - Em foco","isPartOf":{"@id":"https:\/\/www.em.com.br\/emfoco\/#website"},"primaryImageOfPage":{"@id":"https:\/\/www.em.com.br\/emfoco\/2025\/02\/10\/voce-sabia-que-minas-nao-tem-mar-mas-tem-marinha-entenda\/#primaryimage"},"image":{"@id":"https:\/\/www.em.com.br\/emfoco\/2025\/02\/10\/voce-sabia-que-minas-nao-tem-mar-mas-tem-marinha-entenda\/#primaryimage"},"thumbnailUrl":"https:\/\/www.em.com.br\/emfoco\/wp-content\/uploads\/2025\/02\/Concurso-Marinha-do-Brasil.jpeg","datePublished":"2025-02-10T22:20:00+00:00","dateModified":"2025-02-08T12:29:13+00:00","author":{"@id":"https:\/\/www.em.com.br\/emfoco\/#\/schema\/person\/524437ef54f8a5d32591b143307f2e20"},"description":"Entenda qual \u00e9 a fun\u00e7\u00e3o da Capitania Fluvial de Minas Gerais e como ela trabalha para garantir que o estado fique seguro.","breadcrumb":{"@id":"https:\/\/www.em.com.br\/emfoco\/2025\/02\/10\/voce-sabia-que-minas-nao-tem-mar-mas-tem-marinha-entenda\/#breadcrumb"},"inLanguage":"pt-BR","potentialAction":[{"@type":"ReadAction","target":["https:\/\/www.em.com.br\/emfoco\/2025\/02\/10\/voce-sabia-que-minas-nao-tem-mar-mas-tem-marinha-entenda\/"]}]},{"@type":"ImageObject","inLanguage":"pt-BR","@id":"https:\/\/www.em.com.br\/emfoco\/2025\/02\/10\/voce-sabia-que-minas-nao-tem-mar-mas-tem-marinha-entenda\/#primaryimage","url":"https:\/\/www.em.com.br\/emfoco\/wp-content\/uploads\/2025\/02\/Concurso-Marinha-do-Brasil.jpeg","contentUrl":"https:\/\/www.em.com.br\/emfoco\/wp-content\/uploads\/2025\/02\/Concurso-Marinha-do-Brasil.jpeg","width":1280,"height":720,"caption":"Marinha - Cr\u00e9ditos: Divulga\u00e7\u00e3o\/Marinha do Brasil"},{"@type":"BreadcrumbList","@id":"https:\/\/www.em.com.br\/emfoco\/2025\/02\/10\/voce-sabia-que-minas-nao-tem-mar-mas-tem-marinha-entenda\/#breadcrumb","itemListElement":[{"@type":"ListItem","position":1,"name":"In\u00edcio","item":"https:\/\/www.em.com.br\/emfoco\/"},{"@type":"ListItem","position":2,"name":"Voc\u00ea sabia que Minas n\u00e3o tem mar, mas tem Marinha? Entenda"}]},{"@type":"WebSite","@id":"https:\/\/www.em.com.br\/emfoco\/#website","url":"https:\/\/www.em.com.br\/emfoco\/","name":"Estado de Minas - Em foco","description":"Acompanhe as \u00faltimas not\u00edcias e fique bem informado sobre tudo o que acontece em Minas Gerais, Brasil e no mundo.","potentialAction":[{"@type":"SearchAction","target":{"@type":"EntryPoint","urlTemplate":"https:\/\/www.em.com.br\/emfoco\/?s={search_term_string}"},"query-input":{"@type":"PropertyValueSpecification","valueRequired":true,"valueName":"search_term_string"}}],"inLanguage":"pt-BR"},{"@type":"Person","@id":"https:\/\/www.em.com.br\/emfoco\/#\/schema\/person\/524437ef54f8a5d32591b143307f2e20","name":"N\u00fabia Rangel","image":{"@type":"ImageObject","inLanguage":"pt-BR","@id":"https:\/\/www.em.com.br\/emfoco\/#\/schema\/person\/image\/","url":"https:\/\/secure.gravatar.com\/avatar\/47cff2827a5ba23c37e8068c86817ea4?s=96&d=mm&r=g","contentUrl":"https:\/\/secure.gravatar.com\/avatar\/47cff2827a5ba23c37e8068c86817ea4?s=96&d=mm&r=g","caption":"N\u00fabia Rangel"},"sameAs":["https:\/\/www.em.com.br\/emfoco\/"],"url":"https:\/\/www.em.com.br\/emfoco\/author\/nubiamyth\/"}]}},"_links":{"self":[{"href":"https:\/\/www.em.com.br\/emfoco\/wp-json\/wp\/v2\/posts\/17806","targetHints":{"allow":["GET"]}}],"collection":[{"href":"https:\/\/www.em.com.br\/emfoco\/wp-json\/wp\/v2\/posts"}],"about":[{"href":"https:\/\/www.em.com.br\/emfoco\/wp-json\/wp\/v2\/types\/post"}],"author":[{"embeddable":true,"href":"https:\/\/www.em.com.br\/emfoco\/wp-json\/wp\/v2\/users\/5"}],"replies":[{"embeddable":true,"href":"https:\/\/www.em.com.br\/emfoco\/wp-json\/wp\/v2\/comments?post=17806"}],"version-history":[{"count":2,"href":"https:\/\/www.em.com.br\/emfoco\/wp-json\/wp\/v2\/posts\/17806\/revisions"}],"predecessor-version":[{"id":17817,"href":"https:\/\/www.em.com.br\/emfoco\/wp-json\/wp\/v2\/posts\/17806\/revisions\/17817"}],"wp:featuredmedia":[{"embeddable":true,"href":"https:\/\/www.em.com.br\/emfoco\/wp-json\/wp\/v2\/media\/17816"}],"wp:attachment":[{"href":"https:\/\/www.em.com.br\/emfoco\/wp-json\/wp\/v2\/media?parent=17806"}],"wp:term":[{"taxonomy":"category","embeddable":true,"href":"https:\/\/www.em.com.br\/emfoco\/wp-json\/wp\/v2\/categories?post=17806"},{"taxonomy":"post_tag","embeddable":true,"href":"https:\/\/www.em.com.br\/emfoco\/wp-json\/wp\/v2\/tags?post=17806"}],"curies":[{"name":"wp","href":"https:\/\/api.w.org\/{rel}","templated":true}]}}