{"id":178053,"date":"2026-03-08T14:45:00","date_gmt":"2026-03-08T17:45:00","guid":{"rendered":"https:\/\/www.em.com.br\/emfoco\/?p=178053"},"modified":"2026-03-07T20:43:56","modified_gmt":"2026-03-07T23:43:56","slug":"nao-jogue-fora-os-tubos-de-papel-higienico-veja-como-transforma-los-em-uma-linda-decoracao-para-a-mesa","status":"publish","type":"post","link":"https:\/\/www.em.com.br\/emfoco\/2026\/03\/08\/nao-jogue-fora-os-tubos-de-papel-higienico-veja-como-transforma-los-em-uma-linda-decoracao-para-a-mesa\/","title":{"rendered":"N\u00e3o jogue fora os tubos de papel higi\u00eanico: veja como transform\u00e1-los em uma linda decora\u00e7\u00e3o para a mesa"},"content":{"rendered":"\n<p>Transformar o lixo em solu\u00e7\u00f5es inteligentes \u00e9 o segredo de quem busca um escrit\u00f3rio moderno, sustent\u00e1vel e sem gastar absolutamente nada em 2026. Reaproveitar <strong>tubos de papel higi\u00eanico<\/strong> para criar um organizador de mesa personalizado \u00e9 uma maneira genial de praticar o consumo consciente enquanto renova a energia do seu espa\u00e7o de trabalho di\u00e1rio. Com criatividade e poucos minutos, voc\u00ea organiza canetas e acess\u00f3rios, demonstrando que a intelig\u00eancia dom\u00e9stica \u00e9 a melhor ferramenta para um cotidiano mais produtivo e equilibrado para toda a sua fam\u00edlia.<\/p>\n\n\n\n<h2 class=\"wp-block-heading\">Por que reciclar tubos de papel higi\u00eanico no seu escrit\u00f3rio<\/h2>\n\n\n\n<p>Reciclar materiais descart\u00e1veis \u00e9 uma estrat\u00e9gia fundamental para reduzir o desperd\u00edcio ambiental e promover uma economia real dentro do seu or\u00e7amento dom\u00e9stico. Dar uma nova fun\u00e7\u00e3o aos <a href=\"https:\/\/www.em.com.br\/emfoco\/2025\/11\/11\/recicle-tubos-de-papelao-com-este-projeto-faca-voce-mesmo-e-transforme-os-em-uma-ideia-incrivel\/\" target=\"_blank\" rel=\"noreferrer noopener\">tubos de papel\u00e3o <\/a>evita que itens \u00fateis sobrecarreguem os aterros sanit\u00e1rios e poluam o planeta de forma totalmente desnecess\u00e1ria e agressiva.<\/p>\n\n\n\n<p>Al\u00e9m do benef\u00edcio ecol\u00f3gico, essa pr\u00e1tica artesanal permite que voc\u00ea personalize o seu ambiente profissional com um toque de exclusividade, charme e autenticidade. \u00c9 uma forma l\u00fadica de exercitar a mente e transformar objetos simples em pe\u00e7as de design funcional que facilitam a gest\u00e3o das tarefas e o bem-estar no lar.<\/p>\n\n\n\n<figure class=\"wp-block-image size-large\"><img loading=\"lazy\" decoding=\"async\" width=\"1024\" height=\"576\" src=\"https:\/\/www.em.com.br\/emfoco\/wp-content\/uploads\/2026\/03\/ChatGPT-Image-5-de-mar.-de-2026-18_36_46-1-1024x576.png\" alt=\"O organizador de mesa mais criativo com reciclagem\" class=\"wp-image-178119\" srcset=\"https:\/\/www.em.com.br\/emfoco\/wp-content\/uploads\/2026\/03\/ChatGPT-Image-5-de-mar.-de-2026-18_36_46-1-1024x576.png 1024w, https:\/\/www.em.com.br\/emfoco\/wp-content\/uploads\/2026\/03\/ChatGPT-Image-5-de-mar.-de-2026-18_36_46-1-300x169.png 300w, https:\/\/www.em.com.br\/emfoco\/wp-content\/uploads\/2026\/03\/ChatGPT-Image-5-de-mar.-de-2026-18_36_46-1-768x432.png 768w, https:\/\/www.em.com.br\/emfoco\/wp-content\/uploads\/2026\/03\/ChatGPT-Image-5-de-mar.-de-2026-18_36_46-1-750x422.png 750w, https:\/\/www.em.com.br\/emfoco\/wp-content\/uploads\/2026\/03\/ChatGPT-Image-5-de-mar.-de-2026-18_36_46-1-1140x641.png 1140w, https:\/\/www.em.com.br\/emfoco\/wp-content\/uploads\/2026\/03\/ChatGPT-Image-5-de-mar.-de-2026-18_36_46-1.png 1280w\" sizes=\"auto, (max-width: 1024px) 100vw, 1024px\" \/><figcaption class=\"wp-element-caption\">O organizador de mesa mais criativo com reciclagem<\/figcaption><\/figure>\n\n\n\n<h2 class=\"wp-block-heading\">Como montar o seu organizador de mesa de forma simples<\/h2>\n\n\n\n<p>O primeiro passo t\u00e9cnico consiste em higienizar e cortar os <a href=\"https:\/\/br.pinterest.com\/luciasivon\/tubos-de-papel-higienico\/\" target=\"_blank\" rel=\"noreferrer noopener\">tubos <\/a>em alturas variadas para criar um efeito visual din\u00e2mico, moderno e ergon\u00f4mico na sua mesa. Utilize uma base firme de papel\u00e3o reciclado ou madeira para fixar as pe\u00e7as com cola resistente, garantindo que a estrutura suporte o peso dos acess\u00f3rios sem ceder ou tombar.<\/p>\n\n\n\n<p>Voc\u00ea pode encapar cada compartimento com pap\u00e9is colorivos, retalhos de tecidos ou at\u00e9 mesmo pinturas que harmonizem com a decora\u00e7\u00e3o atual do seu escrit\u00f3rio de maneira charmosa. Essa montagem r\u00e1pida entrega um resultado profissional que valoriza o seu talento manual e organiza o seu material de escrita com perfei\u00e7\u00e3o e agilidade.<\/p>\n\n\n\n<h2 class=\"wp-block-heading\">Quais materiais s\u00e3o necess\u00e1rios para come\u00e7ar o seu projeto<\/h2>\n\n\n\n<p>Para que o seu momento de cria\u00e7\u00e3o flua com total perfei\u00e7\u00e3o e sem interrup\u00e7\u00f5es estressantes, \u00e9 fundamental organizar uma esta\u00e7\u00e3o de trabalho produtiva e bem equipada. Ter as ferramentas b\u00e1sicas \u00e0 m\u00e3o garante acabamentos impec\u00e1veis e evita que voc\u00ea perca o entusiasmo criativo procurando materiais que j\u00e1 possui guardados em suas gavetas de utilidades dom\u00e9sticas.<\/p>\n\n\n\n<ul class=\"wp-block-list\">\n<li>Pelo menos cinco tubos de papel higi\u00eanico ou papel toalha limpos e em bom estado.<\/li>\n\n\n\n<li>Base de papel\u00e3o r\u00edgida para sustentar todos os compartimentos de forma segura e est\u00e1vel.<\/li>\n\n\n\n<li>Cola branca de alta resist\u00eancia ou cola quente para garantir uma fixa\u00e7\u00e3o instant\u00e2nea e duradoura.<\/li>\n\n\n\n<li>Pap\u00e9is decorativos, tintas acr\u00edlicas, fitas ou retalhos de tecidos para o acabamento est\u00e9tico final.<\/li>\n\n\n\n<li>Tesoura bem afiada, r\u00e9gua e l\u00e1pis para garantir cortes sim\u00e9tricos, precisos e sem rebarbas.<\/li>\n<\/ul>\n\n\n\n<figure class=\"wp-block-image size-large\"><img loading=\"lazy\" decoding=\"async\" width=\"1024\" height=\"576\" src=\"https:\/\/www.em.com.br\/emfoco\/wp-content\/uploads\/2026\/03\/ChatGPT-Image-5-de-mar.-de-2026-18_37_49-1-1024x576.png\" alt=\"O organizador de mesa mais criativo com reciclagem\" class=\"wp-image-178121\" srcset=\"https:\/\/www.em.com.br\/emfoco\/wp-content\/uploads\/2026\/03\/ChatGPT-Image-5-de-mar.-de-2026-18_37_49-1-1024x576.png 1024w, https:\/\/www.em.com.br\/emfoco\/wp-content\/uploads\/2026\/03\/ChatGPT-Image-5-de-mar.-de-2026-18_37_49-1-300x169.png 300w, https:\/\/www.em.com.br\/emfoco\/wp-content\/uploads\/2026\/03\/ChatGPT-Image-5-de-mar.-de-2026-18_37_49-1-768x432.png 768w, https:\/\/www.em.com.br\/emfoco\/wp-content\/uploads\/2026\/03\/ChatGPT-Image-5-de-mar.-de-2026-18_37_49-1-750x422.png 750w, https:\/\/www.em.com.br\/emfoco\/wp-content\/uploads\/2026\/03\/ChatGPT-Image-5-de-mar.-de-2026-18_37_49-1-1140x641.png 1140w, https:\/\/www.em.com.br\/emfoco\/wp-content\/uploads\/2026\/03\/ChatGPT-Image-5-de-mar.-de-2026-18_37_49-1.png 1280w\" sizes=\"auto, (max-width: 1024px) 100vw, 1024px\" \/><figcaption class=\"wp-element-caption\">O organizador de mesa mais criativo com reciclagem<\/figcaption><\/figure>\n\n\n\n<h2 class=\"wp-block-heading\">Por que a organiza\u00e7\u00e3o da mesa melhora a sua produtividade<\/h2>\n\n\n\n<p>Manter a superf\u00edcie de trabalho livre de bagun\u00e7a \u00e9 um fator determinante para aumentar o seu foco e reduzir a fadiga mental durante o dia. Quando cada caneta e acess\u00f3rio possui o seu lugar espec\u00edfico, voc\u00ea poupa tempo precioso e evita distra\u00e7\u00f5es visuais que prejudicam o desempenho das suas tarefas e metas profissionais.<\/p>\n\n\n\n<p>Um ambiente limpo e bem estruturado reflete diretamente na sua sa\u00fade emocional, promovendo uma sensa\u00e7\u00e3o de controle, calma e satisfa\u00e7\u00e3o em meio \u00e0 rotina. A organiza\u00e7\u00e3o artesanal traz um bem-estar visual que estimula a clareza de ideias e torna o seu escrit\u00f3rio um lugar muito mais acolhedor, inspirador e alegre.<\/p>\n\n\n\n<h2 class=\"wp-block-heading\">Qual o momento de transformar a sua rotina de trabalho hoje<\/h2>\n\n\n\n<p>Encontrar a harmonia em um escrit\u00f3rio bem organizado \u00e9 o resultado de pequenos gestos de cuidado que facilitam a gest\u00e3o do seu tempo e elevam a sua autoconfian\u00e7a. N\u00e3o permita que a desordem ou a falta de recursos financeiros apaguem a sua criatividade e a sua vontade de tornar o seu dia a dia mais leve e produtivo.<\/p>\n\n\n\n<p>O momento de agir e sentir o orgulho imenso de uma vida mais equilibrada e ecologicamente correta \u00e9 agora, ent\u00e3o resgate os seus materiais hoje mesmo! D\u00ea vida nova ao que seria descartado, proteja o futuro do planeta e sinta a profunda satisfa\u00e7\u00e3o de renovar a sua mesa com as suas m\u00e3os talentosas antes que o dia termine!<\/p>\n","protected":false},"excerpt":{"rendered":"<p>Transformar o lixo em solu\u00e7\u00f5es inteligentes \u00e9 o segredo de quem busca um escrit\u00f3rio moderno, sustent\u00e1vel e sem gastar absolutamente nada em 2026. Reaproveitar tubos de papel higi\u00eanico para criar um organizador de mesa personalizado \u00e9 uma maneira genial de praticar o consumo consciente enquanto renova a energia do seu espa\u00e7o de trabalho di\u00e1rio. Com [&hellip;]<\/p>\n","protected":false},"author":11,"featured_media":120600,"comment_status":"open","ping_status":"open","sticky":false,"template":"","format":"standard","meta":{"jnews-multi-image_gallery":[],"jnews_single_post":{"format":"standard"},"jnews_primary_category":[],"jnews_social_meta":[],"jnews_override_counter":[],"footnotes":""},"categories":[8819,1],"tags":[770,5115,25773,22414],"class_list":["post-178053","post","type-post","status-publish","format-standard","has-post-thumbnail","hentry","category-curiosidades","category-noticias","tag-artesanato","tag-diy","tag-organizador-de-mesa","tag-tubos-de-papel-higienico"],"yoast_head":"<!-- This site is optimized with the Yoast SEO plugin v23.8 - https:\/\/yoast.com\/wordpress\/plugins\/seo\/ -->\n<title>N\u00e3o jogue fora os tubos de papel higi\u00eanico: veja como transform\u00e1-los em uma linda decora\u00e7\u00e3o para a mesa - Estado de Minas - Em foco<\/title>\n<meta name=\"description\" content=\"Aprenda como transformar tubos de papel higi\u00eanico em um organizador de mesa criativo e sustent\u00e1vel.\" \/>\n<meta name=\"robots\" content=\"index, follow, max-snippet:-1, max-image-preview:large, max-video-preview:-1\" \/>\n<link rel=\"canonical\" href=\"https:\/\/www.em.com.br\/emfoco\/2026\/03\/08\/nao-jogue-fora-os-tubos-de-papel-higienico-veja-como-transforma-los-em-uma-linda-decoracao-para-a-mesa\/\" \/>\n<meta property=\"og:locale\" content=\"pt_BR\" \/>\n<meta property=\"og:type\" content=\"article\" \/>\n<meta property=\"og:title\" content=\"N\u00e3o jogue fora os tubos de papel higi\u00eanico: veja como transform\u00e1-los em uma linda decora\u00e7\u00e3o para a mesa - Estado de Minas - Em foco\" \/>\n<meta property=\"og:description\" content=\"Aprenda como transformar tubos de papel higi\u00eanico em um organizador de mesa criativo e sustent\u00e1vel.\" \/>\n<meta property=\"og:url\" content=\"https:\/\/www.em.com.br\/emfoco\/2026\/03\/08\/nao-jogue-fora-os-tubos-de-papel-higienico-veja-como-transforma-los-em-uma-linda-decoracao-para-a-mesa\/\" \/>\n<meta property=\"og:site_name\" content=\"Estado de Minas - Em foco\" \/>\n<meta property=\"article:published_time\" content=\"2026-03-08T17:45:00+00:00\" \/>\n<meta property=\"article:modified_time\" content=\"2026-03-07T23:43:56+00:00\" \/>\n<meta property=\"og:image\" content=\"https:\/\/www.em.com.br\/emfoco\/wp-content\/uploads\/2025\/10\/tubos-de-papel-higienico_1761692559281.jpg\" \/>\n\t<meta property=\"og:image:width\" content=\"1280\" \/>\n\t<meta property=\"og:image:height\" content=\"720\" \/>\n\t<meta property=\"og:image:type\" content=\"image\/jpeg\" \/>\n<meta name=\"author\" content=\"Andre\u0301 Rangel\u00a0\" \/>\n<meta name=\"twitter:card\" content=\"summary_large_image\" \/>\n<meta name=\"twitter:label1\" content=\"Escrito por\" \/>\n\t<meta name=\"twitter:data1\" content=\"Andre\u0301 Rangel\u00a0\" \/>\n\t<meta name=\"twitter:label2\" content=\"Est. tempo de leitura\" \/>\n\t<meta name=\"twitter:data2\" content=\"5 minutos\" \/>\n<!-- \/ Yoast SEO plugin. -->","yoast_head_json":{"title":"N\u00e3o jogue fora os tubos de papel higi\u00eanico: veja como transform\u00e1-los em uma linda decora\u00e7\u00e3o para a mesa - Estado de Minas - Em foco","description":"Aprenda como transformar tubos de papel higi\u00eanico em um organizador de mesa criativo e sustent\u00e1vel.","robots":{"index":"index","follow":"follow","max-snippet":"max-snippet:-1","max-image-preview":"max-image-preview:large","max-video-preview":"max-video-preview:-1"},"canonical":"https:\/\/www.em.com.br\/emfoco\/2026\/03\/08\/nao-jogue-fora-os-tubos-de-papel-higienico-veja-como-transforma-los-em-uma-linda-decoracao-para-a-mesa\/","og_locale":"pt_BR","og_type":"article","og_title":"N\u00e3o jogue fora os tubos de papel higi\u00eanico: veja como transform\u00e1-los em uma linda decora\u00e7\u00e3o para a mesa - Estado de Minas - Em foco","og_description":"Aprenda como transformar tubos de papel higi\u00eanico em um organizador de mesa criativo e sustent\u00e1vel.","og_url":"https:\/\/www.em.com.br\/emfoco\/2026\/03\/08\/nao-jogue-fora-os-tubos-de-papel-higienico-veja-como-transforma-los-em-uma-linda-decoracao-para-a-mesa\/","og_site_name":"Estado de Minas - Em foco","article_published_time":"2026-03-08T17:45:00+00:00","article_modified_time":"2026-03-07T23:43:56+00:00","og_image":[{"width":1280,"height":720,"url":"https:\/\/www.em.com.br\/emfoco\/wp-content\/uploads\/2025\/10\/tubos-de-papel-higienico_1761692559281.jpg","type":"image\/jpeg"}],"author":"Andre\u0301 Rangel\u00a0","twitter_card":"summary_large_image","twitter_misc":{"Escrito por":"Andre\u0301 Rangel\u00a0","Est. tempo de leitura":"5 minutos"},"schema":{"@context":"https:\/\/schema.org","@graph":[{"@type":"WebPage","@id":"https:\/\/www.em.com.br\/emfoco\/2026\/03\/08\/nao-jogue-fora-os-tubos-de-papel-higienico-veja-como-transforma-los-em-uma-linda-decoracao-para-a-mesa\/","url":"https:\/\/www.em.com.br\/emfoco\/2026\/03\/08\/nao-jogue-fora-os-tubos-de-papel-higienico-veja-como-transforma-los-em-uma-linda-decoracao-para-a-mesa\/","name":"N\u00e3o jogue fora os tubos de papel higi\u00eanico: veja como transform\u00e1-los em uma linda decora\u00e7\u00e3o para a mesa - Estado de Minas - Em foco","isPartOf":{"@id":"https:\/\/www.em.com.br\/emfoco\/#website"},"primaryImageOfPage":{"@id":"https:\/\/www.em.com.br\/emfoco\/2026\/03\/08\/nao-jogue-fora-os-tubos-de-papel-higienico-veja-como-transforma-los-em-uma-linda-decoracao-para-a-mesa\/#primaryimage"},"image":{"@id":"https:\/\/www.em.com.br\/emfoco\/2026\/03\/08\/nao-jogue-fora-os-tubos-de-papel-higienico-veja-como-transforma-los-em-uma-linda-decoracao-para-a-mesa\/#primaryimage"},"thumbnailUrl":"https:\/\/www.em.com.br\/emfoco\/wp-content\/uploads\/2025\/10\/tubos-de-papel-higienico_1761692559281.jpg","datePublished":"2026-03-08T17:45:00+00:00","dateModified":"2026-03-07T23:43:56+00:00","author":{"@id":"https:\/\/www.em.com.br\/emfoco\/#\/schema\/person\/60eda09c1fedf0d6891f4cef4b60b8b8"},"description":"Aprenda como transformar tubos de papel higi\u00eanico em um organizador de mesa criativo e sustent\u00e1vel.","breadcrumb":{"@id":"https:\/\/www.em.com.br\/emfoco\/2026\/03\/08\/nao-jogue-fora-os-tubos-de-papel-higienico-veja-como-transforma-los-em-uma-linda-decoracao-para-a-mesa\/#breadcrumb"},"inLanguage":"pt-BR","potentialAction":[{"@type":"ReadAction","target":["https:\/\/www.em.com.br\/emfoco\/2026\/03\/08\/nao-jogue-fora-os-tubos-de-papel-higienico-veja-como-transforma-los-em-uma-linda-decoracao-para-a-mesa\/"]}]},{"@type":"ImageObject","inLanguage":"pt-BR","@id":"https:\/\/www.em.com.br\/emfoco\/2026\/03\/08\/nao-jogue-fora-os-tubos-de-papel-higienico-veja-como-transforma-los-em-uma-linda-decoracao-para-a-mesa\/#primaryimage","url":"https:\/\/www.em.com.br\/emfoco\/wp-content\/uploads\/2025\/10\/tubos-de-papel-higienico_1761692559281.jpg","contentUrl":"https:\/\/www.em.com.br\/emfoco\/wp-content\/uploads\/2025\/10\/tubos-de-papel-higienico_1761692559281.jpg","width":1280,"height":720,"caption":"Decora\u00e7\u00e3o ecol\u00f3gica que encanta e ajuda o planeta - Cr\u00e9ditos: depositphotos.com \/ mschuppi"},{"@type":"BreadcrumbList","@id":"https:\/\/www.em.com.br\/emfoco\/2026\/03\/08\/nao-jogue-fora-os-tubos-de-papel-higienico-veja-como-transforma-los-em-uma-linda-decoracao-para-a-mesa\/#breadcrumb","itemListElement":[{"@type":"ListItem","position":1,"name":"In\u00edcio","item":"https:\/\/www.em.com.br\/emfoco\/"},{"@type":"ListItem","position":2,"name":"N\u00e3o jogue fora os tubos de papel higi\u00eanico: veja como transform\u00e1-los em uma linda decora\u00e7\u00e3o para a mesa"}]},{"@type":"WebSite","@id":"https:\/\/www.em.com.br\/emfoco\/#website","url":"https:\/\/www.em.com.br\/emfoco\/","name":"Estado de Minas - Em foco","description":"Acompanhe as \u00faltimas not\u00edcias e fique bem informado sobre tudo o que acontece em Minas Gerais, Brasil e no mundo.","potentialAction":[{"@type":"SearchAction","target":{"@type":"EntryPoint","urlTemplate":"https:\/\/www.em.com.br\/emfoco\/?s={search_term_string}"},"query-input":{"@type":"PropertyValueSpecification","valueRequired":true,"valueName":"search_term_string"}}],"inLanguage":"pt-BR"},{"@type":"Person","@id":"https:\/\/www.em.com.br\/emfoco\/#\/schema\/person\/60eda09c1fedf0d6891f4cef4b60b8b8","name":"Andre\u0301 Rangel\u00a0","image":{"@type":"ImageObject","inLanguage":"pt-BR","@id":"https:\/\/www.em.com.br\/emfoco\/#\/schema\/person\/image\/","url":"https:\/\/secure.gravatar.com\/avatar\/6234dc814c77c8ef6d8bba622c787efc?s=96&d=mm&r=g","contentUrl":"https:\/\/secure.gravatar.com\/avatar\/6234dc814c77c8ef6d8bba622c787efc?s=96&d=mm&r=g","caption":"Andre\u0301 Rangel\u00a0"},"url":"https:\/\/www.em.com.br\/emfoco\/author\/luizmyth\/"}]}},"_links":{"self":[{"href":"https:\/\/www.em.com.br\/emfoco\/wp-json\/wp\/v2\/posts\/178053","targetHints":{"allow":["GET"]}}],"collection":[{"href":"https:\/\/www.em.com.br\/emfoco\/wp-json\/wp\/v2\/posts"}],"about":[{"href":"https:\/\/www.em.com.br\/emfoco\/wp-json\/wp\/v2\/types\/post"}],"author":[{"embeddable":true,"href":"https:\/\/www.em.com.br\/emfoco\/wp-json\/wp\/v2\/users\/11"}],"replies":[{"embeddable":true,"href":"https:\/\/www.em.com.br\/emfoco\/wp-json\/wp\/v2\/comments?post=178053"}],"version-history":[{"count":4,"href":"https:\/\/www.em.com.br\/emfoco\/wp-json\/wp\/v2\/posts\/178053\/revisions"}],"predecessor-version":[{"id":178123,"href":"https:\/\/www.em.com.br\/emfoco\/wp-json\/wp\/v2\/posts\/178053\/revisions\/178123"}],"wp:featuredmedia":[{"embeddable":true,"href":"https:\/\/www.em.com.br\/emfoco\/wp-json\/wp\/v2\/media\/120600"}],"wp:attachment":[{"href":"https:\/\/www.em.com.br\/emfoco\/wp-json\/wp\/v2\/media?parent=178053"}],"wp:term":[{"taxonomy":"category","embeddable":true,"href":"https:\/\/www.em.com.br\/emfoco\/wp-json\/wp\/v2\/categories?post=178053"},{"taxonomy":"post_tag","embeddable":true,"href":"https:\/\/www.em.com.br\/emfoco\/wp-json\/wp\/v2\/tags?post=178053"}],"curies":[{"name":"wp","href":"https:\/\/api.w.org\/{rel}","templated":true}]}}