{"id":177974,"date":"2026-03-07T08:55:00","date_gmt":"2026-03-07T11:55:00","guid":{"rendered":"https:\/\/www.em.com.br\/emfoco\/?p=177974"},"modified":"2026-03-06T23:12:07","modified_gmt":"2026-03-07T02:12:07","slug":"com-um-pouco-de-tecido-veja-como-criar-um-organizador-de-sapatos-pratico-com-um-projeto-muito-facil","status":"publish","type":"post","link":"https:\/\/www.em.com.br\/emfoco\/2026\/03\/07\/com-um-pouco-de-tecido-veja-como-criar-um-organizador-de-sapatos-pratico-com-um-projeto-muito-facil\/","title":{"rendered":"Com um pouco de tecido, veja como criar um organizador de sapatos pr\u00e1tico com um projeto muito f\u00e1cil"},"content":{"rendered":"\n<p>Manter a casa em ordem \u00e9 um desafio real para quem gerencia a rotina da fam\u00edlia, mas projetos manuais trazem solu\u00e7\u00f5es geniais para o nosso bem-estar. Criar o seu pr\u00f3prio organizador de sapatos em tecido \u00e9 uma estrat\u00e9gia de economia dom\u00e9stica inteligente que evita o desgaste precoce dos cal\u00e7ados e libera espa\u00e7o precioso no arm\u00e1rio. Al\u00e9m de ser uma atividade vapt-vupt e relaxante, essa pe\u00e7a artesanal garante que t\u00eanis e sand\u00e1lias fiquem protegidos da poeira e sempre prontos para a correria do dia a dia.<\/p>\n\n\n\n<h2 class=\"wp-block-heading\">Como um organizador artesanal facilita a rotina da casa<\/h2>\n\n\n\n<p>Ter cal\u00e7ados amontoados no fundo do guarda-roupa n\u00e3o apenas estraga o material, mas gera um estresse visual desnecess\u00e1rio no seu santu\u00e1rio familiar. Um <a href=\"https:\/\/www.em.com.br\/emfoco\/2026\/02\/22\/se-voce-tiver-um-pedaco-de-tecido-sobrando-crie-um-organizador-util-para-a-cozinha\/\" target=\"_blank\" rel=\"noreferrer noopener\">organizador <\/a>vertical de tecido permite que cada par tenha seu pr\u00f3prio espa\u00e7o ventilado, preservando a higiene e a durabilidade dos itens de que voc\u00ea tanto gosta.<\/p>\n\n\n\n<p>Essa solu\u00e7\u00e3o inteligente substitui as caixas pl\u00e1sticas caras por uma alternativa sustent\u00e1vel e totalmente lav\u00e1vel, facilitando a limpeza profunda do ambiente dom\u00e9stico. \u00c9 um investimento de tempo pequeno que traz um retorno imenso em paz mental e organiza\u00e7\u00e3o pr\u00e1tica para todos os moradores da sua resid\u00eancia.<\/p>\n\n\n\n<figure class=\"wp-block-image size-large\"><img loading=\"lazy\" decoding=\"async\" width=\"1024\" height=\"576\" src=\"https:\/\/www.em.com.br\/emfoco\/wp-content\/uploads\/2026\/03\/ChatGPT-Image-5-de-mar.-de-2026-17_29_52-1-1024x576.png\" alt=\"Como fazer um organizador de sapatos em tecido\" class=\"wp-image-178027\" srcset=\"https:\/\/www.em.com.br\/emfoco\/wp-content\/uploads\/2026\/03\/ChatGPT-Image-5-de-mar.-de-2026-17_29_52-1-1024x576.png 1024w, https:\/\/www.em.com.br\/emfoco\/wp-content\/uploads\/2026\/03\/ChatGPT-Image-5-de-mar.-de-2026-17_29_52-1-300x169.png 300w, https:\/\/www.em.com.br\/emfoco\/wp-content\/uploads\/2026\/03\/ChatGPT-Image-5-de-mar.-de-2026-17_29_52-1-768x432.png 768w, https:\/\/www.em.com.br\/emfoco\/wp-content\/uploads\/2026\/03\/ChatGPT-Image-5-de-mar.-de-2026-17_29_52-1-750x422.png 750w, https:\/\/www.em.com.br\/emfoco\/wp-content\/uploads\/2026\/03\/ChatGPT-Image-5-de-mar.-de-2026-17_29_52-1-1140x641.png 1140w, https:\/\/www.em.com.br\/emfoco\/wp-content\/uploads\/2026\/03\/ChatGPT-Image-5-de-mar.-de-2026-17_29_52-1.png 1280w\" sizes=\"auto, (max-width: 1024px) 100vw, 1024px\" \/><figcaption class=\"wp-element-caption\">Como fazer um organizador de sapatos em tecido<\/figcaption><\/figure>\n\n\n\n<h2 class=\"wp-block-heading\">Quais materiais voc\u00ea deve separar para come\u00e7ar agora<\/h2>\n\n\n\n<p>Para tirar esse projeto do papel com total sucesso, \u00e9 fundamental reunir ferramentas que garantam um acabamento resistente e capaz de suportar o peso dos sapatos. A escolha de um tecido encorpado \u00e9 o grande segredo para que os compartimentos n\u00e3o cedam com o uso frequente e o abre e fecha do arm\u00e1rio.<\/p>\n\n\n\n<p>Ter tudo organizado na sua esta\u00e7\u00e3o de trabalho evita interrup\u00e7\u00f5es cansativas e torna o processo criativo muito mais prazeroso e eficiente para a sua mente. Antes de ligar a sua m\u00e1quina de costura e come\u00e7ar a sua produ\u00e7\u00e3o, certifique-se de que os seguintes itens b\u00e1sicos j\u00e1 est\u00e3o prontos para o uso.<\/p>\n\n\n\n<ul class=\"wp-block-list\">\n<li>Tecido resistente como lona ou brim para a base e os bolsos internos.<\/li>\n\n\n\n<li>Cabide refor\u00e7ado de madeira ou metal para garantir a sustenta\u00e7\u00e3o vertical.<\/li>\n\n\n\n<li>Linha de poli\u00e9ster de boa qualidade e agulha compat\u00edvel com o pano.<\/li>\n\n\n\n<li>Tesoura bem afiada, fita m\u00e9trica e giz para realizar as marca\u00e7\u00f5es t\u00e9cnicas.<\/li>\n<\/ul>\n\n\n\n<h2 class=\"wp-block-heading\">Como costurar os compartimentos de forma simples e r\u00e1pida<\/h2>\n\n\n\n<p>O primeiro passo t\u00e9cnico consiste em medir a base do organizador de acordo com a altura dispon\u00edvel no seu arm\u00e1rio, dobrando o tecido para refor\u00e7ar a pe\u00e7a. Costure as bordas deixando uma pequena abertura para desvirar o material, garantindo um visual polido, sem fiapos aparentes e com cara de produto de loja.<\/p>\n\n\n\n<p>Utilize o giz para marcar divis\u00f3rias iguais onde os bolsos laterais ser\u00e3o fixados, criando compartimentos seguros para cada tipo de cal\u00e7ado da fam\u00edlia. Aplique o vi\u00e9s em toda a borda para refor\u00e7ar as costuras principais e dar aquele toque profissional que valoriza imensamente qualquer trabalho manual feito com carinho.<\/p>\n\n\n\n<p>Selecionamos o v\u00eddeo do <strong><strong><a href=\"https:\/\/www.youtube.com\/@showdeartesanato\" target=\"_blank\" rel=\"noreferrer noopener\">Show de Artesanato<\/a><\/strong><\/strong> que faz sucesso no YouTube com seus mais de 2 milh\u00f5es de inscritos, e mostra como fazer:<\/p>\n\n\n\n<figure class=\"wp-block-embed is-type-video is-provider-youtube wp-block-embed-youtube wp-embed-aspect-16-9 wp-has-aspect-ratio\"><div class=\"wp-block-embed__wrapper\">\n<div class=\"jeg_video_container jeg_video_content\"><iframe loading=\"lazy\" title=\"COMO FAZER ORGANIZADOR DE TECIDO | sapateira de tecido | SHOW DE ARTESANATO\" width=\"500\" height=\"281\" src=\"https:\/\/www.youtube.com\/embed\/RRCAeQ7BjWY?feature=oembed\" frameborder=\"0\" allow=\"accelerometer; autoplay; clipboard-write; encrypted-media; gyroscope; picture-in-picture; web-share\" referrerpolicy=\"strict-origin-when-cross-origin\" allowfullscreen><\/iframe><\/div>\n<\/div><\/figure>\n\n\n\n<h2 class=\"wp-block-heading\">Quais erros de costura podem prejudicar o seu resultado final<\/h2>\n\n\n\n<p>Um dos deslizes mais frequentes \u00e9 escolher agulhas e linhas incompat\u00edveis com o tecido grosso, o que pode danificar a fibra e causar falhas na costura. Deixar margens insuficientes tamb\u00e9m \u00e9 perigoso, pois o tecido pode desfiar com o peso dos sapatos e arruinar sua pe\u00e7a artesanal ap\u00f3s poucos dias de uso.<\/p>\n\n\n\n<p>O uso de moldes de papel \u00e9 essencial para garantir simetria e precis\u00e3o milim\u00e9trica, reduzindo desperd\u00edcios de material e frustra\u00e7\u00f5es durante a montagem final. Come\u00e7ar por projetos menores e b\u00e1sicos fortalece sua confian\u00e7a pessoal antes de tentar pe\u00e7as complexas que exigem t\u00e9cnica avan\u00e7ada e muito mais tempo de dedica\u00e7\u00e3o.<\/p>\n\n\n\n<h2 class=\"wp-block-heading\">Qual o segredo para resgatar a harmonia do seu arm\u00e1rio hoje<\/h2>\n\n\n\n<p>Chegou o momento de parar de perder tempo procurando pares perdidos na bagun\u00e7a e transformar a energia do seu lar com um toque de cuidado artesanal. Sua fam\u00edlia merece um ambiente onde a organiza\u00e7\u00e3o flua naturalmente e seus sapatos favoritos sejam preservados com o carinho e a dedica\u00e7\u00e3o que voc\u00ea mesma costurou.<\/p>\n\n\n\n<p>N\u00e3o adie nem mais um minuto essa oportunidade \u00fanica de renovar seu guarda-roupa com uma solu\u00e7\u00e3o econ\u00f4mica, pr\u00e1tica e extremamente charmosa para o seu cotidiano! Pegue seus tecidos agora, ligue a m\u00e1quina e sinta a satisfa\u00e7\u00e3o de criar uma casa mais harmoniosa para quem voc\u00ea ama antes que o dia acabe!<\/p>\n","protected":false},"excerpt":{"rendered":"<p>Manter a casa em ordem \u00e9 um desafio real para quem gerencia a rotina da fam\u00edlia, mas projetos manuais trazem solu\u00e7\u00f5es geniais para o nosso bem-estar. Criar o seu pr\u00f3prio organizador de sapatos em tecido \u00e9 uma estrat\u00e9gia de economia dom\u00e9stica inteligente que evita o desgaste precoce dos cal\u00e7ados e libera espa\u00e7o precioso no arm\u00e1rio. [&hellip;]<\/p>\n","protected":false},"author":11,"featured_media":178028,"comment_status":"open","ping_status":"open","sticky":false,"template":"","format":"standard","meta":{"jnews-multi-image_gallery":[],"jnews_single_post":{"format":"standard"},"jnews_primary_category":[],"jnews_social_meta":[],"jnews_override_counter":[],"footnotes":""},"categories":[8819,1],"tags":[770,16487,25769,25768],"class_list":["post-177974","post","type-post","status-publish","format-standard","has-post-thumbnail","hentry","category-curiosidades","category-noticias","tag-artesanato","tag-costura","tag-organizador-de-sapatos","tag-passo-a-passo"],"yoast_head":"<!-- This site is optimized with the Yoast SEO plugin v23.8 - https:\/\/yoast.com\/wordpress\/plugins\/seo\/ -->\n<title>Com um pouco de tecido, veja como criar um organizador de sapatos pr\u00e1tico com um projeto muito f\u00e1cil - Estado de Minas - Em foco<\/title>\n<meta name=\"description\" content=\"Aprenda como fazer um organizador de sapatos em tecido e deixe seu arm\u00e1rio mais organizado com um projeto simples de costura.\" \/>\n<meta name=\"robots\" content=\"index, follow, max-snippet:-1, max-image-preview:large, max-video-preview:-1\" \/>\n<link rel=\"canonical\" href=\"https:\/\/www.em.com.br\/emfoco\/2026\/03\/07\/com-um-pouco-de-tecido-veja-como-criar-um-organizador-de-sapatos-pratico-com-um-projeto-muito-facil\/\" \/>\n<meta property=\"og:locale\" content=\"pt_BR\" \/>\n<meta property=\"og:type\" content=\"article\" \/>\n<meta property=\"og:title\" content=\"Com um pouco de tecido, veja como criar um organizador de sapatos pr\u00e1tico com um projeto muito f\u00e1cil - Estado de Minas - Em foco\" \/>\n<meta property=\"og:description\" content=\"Aprenda como fazer um organizador de sapatos em tecido e deixe seu arm\u00e1rio mais organizado com um projeto simples de costura.\" \/>\n<meta property=\"og:url\" content=\"https:\/\/www.em.com.br\/emfoco\/2026\/03\/07\/com-um-pouco-de-tecido-veja-como-criar-um-organizador-de-sapatos-pratico-com-um-projeto-muito-facil\/\" \/>\n<meta property=\"og:site_name\" content=\"Estado de Minas - Em foco\" \/>\n<meta property=\"article:published_time\" content=\"2026-03-07T11:55:00+00:00\" \/>\n<meta property=\"article:modified_time\" content=\"2026-03-07T02:12:07+00:00\" \/>\n<meta property=\"og:image\" content=\"https:\/\/www.em.com.br\/emfoco\/wp-content\/uploads\/2026\/03\/ChatGPT-Image-5-de-mar.-de-2026-17_32_12-1.png\" \/>\n\t<meta property=\"og:image:width\" content=\"1280\" \/>\n\t<meta property=\"og:image:height\" content=\"720\" \/>\n\t<meta property=\"og:image:type\" content=\"image\/png\" \/>\n<meta name=\"author\" content=\"Andre\u0301 Rangel\u00a0\" \/>\n<meta name=\"twitter:card\" content=\"summary_large_image\" \/>\n<meta name=\"twitter:label1\" content=\"Escrito por\" \/>\n\t<meta name=\"twitter:data1\" content=\"Andre\u0301 Rangel\u00a0\" \/>\n\t<meta name=\"twitter:label2\" content=\"Est. tempo de leitura\" \/>\n\t<meta name=\"twitter:data2\" content=\"5 minutos\" \/>\n<!-- \/ Yoast SEO plugin. -->","yoast_head_json":{"title":"Com um pouco de tecido, veja como criar um organizador de sapatos pr\u00e1tico com um projeto muito f\u00e1cil - Estado de Minas - Em foco","description":"Aprenda como fazer um organizador de sapatos em tecido e deixe seu arm\u00e1rio mais organizado com um projeto simples de costura.","robots":{"index":"index","follow":"follow","max-snippet":"max-snippet:-1","max-image-preview":"max-image-preview:large","max-video-preview":"max-video-preview:-1"},"canonical":"https:\/\/www.em.com.br\/emfoco\/2026\/03\/07\/com-um-pouco-de-tecido-veja-como-criar-um-organizador-de-sapatos-pratico-com-um-projeto-muito-facil\/","og_locale":"pt_BR","og_type":"article","og_title":"Com um pouco de tecido, veja como criar um organizador de sapatos pr\u00e1tico com um projeto muito f\u00e1cil - Estado de Minas - Em foco","og_description":"Aprenda como fazer um organizador de sapatos em tecido e deixe seu arm\u00e1rio mais organizado com um projeto simples de costura.","og_url":"https:\/\/www.em.com.br\/emfoco\/2026\/03\/07\/com-um-pouco-de-tecido-veja-como-criar-um-organizador-de-sapatos-pratico-com-um-projeto-muito-facil\/","og_site_name":"Estado de Minas - Em foco","article_published_time":"2026-03-07T11:55:00+00:00","article_modified_time":"2026-03-07T02:12:07+00:00","og_image":[{"width":1280,"height":720,"url":"https:\/\/www.em.com.br\/emfoco\/wp-content\/uploads\/2026\/03\/ChatGPT-Image-5-de-mar.-de-2026-17_32_12-1.png","type":"image\/png"}],"author":"Andre\u0301 Rangel\u00a0","twitter_card":"summary_large_image","twitter_misc":{"Escrito por":"Andre\u0301 Rangel\u00a0","Est. tempo de leitura":"5 minutos"},"schema":{"@context":"https:\/\/schema.org","@graph":[{"@type":"WebPage","@id":"https:\/\/www.em.com.br\/emfoco\/2026\/03\/07\/com-um-pouco-de-tecido-veja-como-criar-um-organizador-de-sapatos-pratico-com-um-projeto-muito-facil\/","url":"https:\/\/www.em.com.br\/emfoco\/2026\/03\/07\/com-um-pouco-de-tecido-veja-como-criar-um-organizador-de-sapatos-pratico-com-um-projeto-muito-facil\/","name":"Com um pouco de tecido, veja como criar um organizador de sapatos pr\u00e1tico com um projeto muito f\u00e1cil - Estado de Minas - Em foco","isPartOf":{"@id":"https:\/\/www.em.com.br\/emfoco\/#website"},"primaryImageOfPage":{"@id":"https:\/\/www.em.com.br\/emfoco\/2026\/03\/07\/com-um-pouco-de-tecido-veja-como-criar-um-organizador-de-sapatos-pratico-com-um-projeto-muito-facil\/#primaryimage"},"image":{"@id":"https:\/\/www.em.com.br\/emfoco\/2026\/03\/07\/com-um-pouco-de-tecido-veja-como-criar-um-organizador-de-sapatos-pratico-com-um-projeto-muito-facil\/#primaryimage"},"thumbnailUrl":"https:\/\/www.em.com.br\/emfoco\/wp-content\/uploads\/2026\/03\/ChatGPT-Image-5-de-mar.-de-2026-17_32_12-1.png","datePublished":"2026-03-07T11:55:00+00:00","dateModified":"2026-03-07T02:12:07+00:00","author":{"@id":"https:\/\/www.em.com.br\/emfoco\/#\/schema\/person\/60eda09c1fedf0d6891f4cef4b60b8b8"},"description":"Aprenda como fazer um organizador de sapatos em tecido e deixe seu arm\u00e1rio mais organizado com um projeto simples de costura.","breadcrumb":{"@id":"https:\/\/www.em.com.br\/emfoco\/2026\/03\/07\/com-um-pouco-de-tecido-veja-como-criar-um-organizador-de-sapatos-pratico-com-um-projeto-muito-facil\/#breadcrumb"},"inLanguage":"pt-BR","potentialAction":[{"@type":"ReadAction","target":["https:\/\/www.em.com.br\/emfoco\/2026\/03\/07\/com-um-pouco-de-tecido-veja-como-criar-um-organizador-de-sapatos-pratico-com-um-projeto-muito-facil\/"]}]},{"@type":"ImageObject","inLanguage":"pt-BR","@id":"https:\/\/www.em.com.br\/emfoco\/2026\/03\/07\/com-um-pouco-de-tecido-veja-como-criar-um-organizador-de-sapatos-pratico-com-um-projeto-muito-facil\/#primaryimage","url":"https:\/\/www.em.com.br\/emfoco\/wp-content\/uploads\/2026\/03\/ChatGPT-Image-5-de-mar.-de-2026-17_32_12-1.png","contentUrl":"https:\/\/www.em.com.br\/emfoco\/wp-content\/uploads\/2026\/03\/ChatGPT-Image-5-de-mar.-de-2026-17_32_12-1.png","width":1280,"height":720,"caption":"Como fazer um organizador de sapatos em tecido"},{"@type":"BreadcrumbList","@id":"https:\/\/www.em.com.br\/emfoco\/2026\/03\/07\/com-um-pouco-de-tecido-veja-como-criar-um-organizador-de-sapatos-pratico-com-um-projeto-muito-facil\/#breadcrumb","itemListElement":[{"@type":"ListItem","position":1,"name":"In\u00edcio","item":"https:\/\/www.em.com.br\/emfoco\/"},{"@type":"ListItem","position":2,"name":"Com um pouco de tecido, veja como criar um organizador de sapatos pr\u00e1tico com um projeto muito f\u00e1cil"}]},{"@type":"WebSite","@id":"https:\/\/www.em.com.br\/emfoco\/#website","url":"https:\/\/www.em.com.br\/emfoco\/","name":"Estado de Minas - Em foco","description":"Acompanhe as \u00faltimas not\u00edcias e fique bem informado sobre tudo o que acontece em Minas Gerais, Brasil e no mundo.","potentialAction":[{"@type":"SearchAction","target":{"@type":"EntryPoint","urlTemplate":"https:\/\/www.em.com.br\/emfoco\/?s={search_term_string}"},"query-input":{"@type":"PropertyValueSpecification","valueRequired":true,"valueName":"search_term_string"}}],"inLanguage":"pt-BR"},{"@type":"Person","@id":"https:\/\/www.em.com.br\/emfoco\/#\/schema\/person\/60eda09c1fedf0d6891f4cef4b60b8b8","name":"Andre\u0301 Rangel\u00a0","image":{"@type":"ImageObject","inLanguage":"pt-BR","@id":"https:\/\/www.em.com.br\/emfoco\/#\/schema\/person\/image\/","url":"https:\/\/secure.gravatar.com\/avatar\/6234dc814c77c8ef6d8bba622c787efc?s=96&d=mm&r=g","contentUrl":"https:\/\/secure.gravatar.com\/avatar\/6234dc814c77c8ef6d8bba622c787efc?s=96&d=mm&r=g","caption":"Andre\u0301 Rangel\u00a0"},"url":"https:\/\/www.em.com.br\/emfoco\/author\/luizmyth\/"}]}},"_links":{"self":[{"href":"https:\/\/www.em.com.br\/emfoco\/wp-json\/wp\/v2\/posts\/177974","targetHints":{"allow":["GET"]}}],"collection":[{"href":"https:\/\/www.em.com.br\/emfoco\/wp-json\/wp\/v2\/posts"}],"about":[{"href":"https:\/\/www.em.com.br\/emfoco\/wp-json\/wp\/v2\/types\/post"}],"author":[{"embeddable":true,"href":"https:\/\/www.em.com.br\/emfoco\/wp-json\/wp\/v2\/users\/11"}],"replies":[{"embeddable":true,"href":"https:\/\/www.em.com.br\/emfoco\/wp-json\/wp\/v2\/comments?post=177974"}],"version-history":[{"count":4,"href":"https:\/\/www.em.com.br\/emfoco\/wp-json\/wp\/v2\/posts\/177974\/revisions"}],"predecessor-version":[{"id":178038,"href":"https:\/\/www.em.com.br\/emfoco\/wp-json\/wp\/v2\/posts\/177974\/revisions\/178038"}],"wp:featuredmedia":[{"embeddable":true,"href":"https:\/\/www.em.com.br\/emfoco\/wp-json\/wp\/v2\/media\/178028"}],"wp:attachment":[{"href":"https:\/\/www.em.com.br\/emfoco\/wp-json\/wp\/v2\/media?parent=177974"}],"wp:term":[{"taxonomy":"category","embeddable":true,"href":"https:\/\/www.em.com.br\/emfoco\/wp-json\/wp\/v2\/categories?post=177974"},{"taxonomy":"post_tag","embeddable":true,"href":"https:\/\/www.em.com.br\/emfoco\/wp-json\/wp\/v2\/tags?post=177974"}],"curies":[{"name":"wp","href":"https:\/\/api.w.org\/{rel}","templated":true}]}}