{"id":177941,"date":"2026-03-05T17:25:00","date_gmt":"2026-03-05T20:25:00","guid":{"rendered":"https:\/\/www.em.com.br\/emfoco\/?p=177941"},"modified":"2026-03-05T16:41:52","modified_gmt":"2026-03-05T19:41:52","slug":"o-ministerio-do-bem-estar-social-abre-inscricoes-para-que-idosos-recebam-um-auxilio-maximo-de-6-200","status":"publish","type":"post","link":"https:\/\/www.em.com.br\/emfoco\/2026\/03\/05\/o-ministerio-do-bem-estar-social-abre-inscricoes-para-que-idosos-recebam-um-auxilio-maximo-de-6-200\/","title":{"rendered":"O Minist\u00e9rio do Bem-estar Social abre inscri\u00e7\u00f5es para que idosos recebam um aux\u00edlio m\u00e1ximo de $6.200"},"content":{"rendered":"\n<p>Quando um governo abre inscri\u00e7\u00f5es para um <strong>benef\u00edcio voltado a idosos<\/strong>, o ponto mais importante n\u00e3o \u00e9 s\u00f3 o valor, mas sim como garantir o acesso sem cair em erros, golpes ou recusas por falta de documento. No M\u00e9xico, a <strong>Secretaria de Bienestar<\/strong> costuma organizar per\u00edodos de cadastro presenciais para a <strong>pens\u00e3o de adultos maiores<\/strong>, com pagamento bimestral que em 2025 foi divulgado como at\u00e9 <strong>$6.200 pesos<\/strong>, e o processo exige aten\u00e7\u00e3o a <strong>prazos, m\u00f3dulos e comprova\u00e7\u00f5es<\/strong>.<\/p>\n\n\n\n<h2 class=\"wp-block-heading\">Quem pode se inscrever e quais s\u00e3o os crit\u00e9rios que costumam valer?<\/h2>\n\n\n\n<p>Em linhas gerais, a <strong>Pensi\u00f3n para el Bienestar de las Personas Adultas Mayores<\/strong> \u00e9 direcionada a pessoas com <strong><a href=\"https:\/\/www.em.com.br\/emfoco\/2026\/03\/01\/motoristas-acima-de-65-anos-precisam-passar-por-exame-obrigatorio-ou-podem-ter-a-renovacao-da-cnh-bloqueada-no-sistema\/\" target=\"_blank\" rel=\"noreferrer noopener\">65 anos<\/a> ou mais<\/strong>, com cadastro feito em <strong>m\u00f3dulos de atendimento<\/strong> definidos pelo governo. A inscri\u00e7\u00e3o tende a ser presencial e, em alguns per\u00edodos, a agenda \u00e9 organizada por <strong>letra inicial do primeiro sobrenome<\/strong>, o que evita filas e concentra atendimentos por dia.<\/p>\n\n\n\n<p>O valor pode variar conforme o ano e <strong>reajustes oficiais<\/strong>, por isso \u00e9 essencial conferir a informa\u00e7\u00e3o mais recente no canal do governo antes de se deslocar. H\u00e1 registros oficiais indicando <strong>pagamento bimestral de 6.200 pesos<\/strong> em 2025 e atualiza\u00e7\u00e3o para <strong>6.400 pesos em 2026<\/strong>, o que refor\u00e7a que a regra pr\u00e1tica \u00e9 sempre validar o <strong>valor vigente do benef\u00edcio<\/strong> no momento do cadastro e do calend\u00e1rio de pagamento.<\/p>\n\n\n\n<h2 class=\"wp-block-heading\">Como funcionam os prazos e a l\u00f3gica de atendimento por m\u00f3dulos?<\/h2>\n\n\n\n<p>Os per\u00edodos de registro costumam ser anunciados com <strong>datas oficiais de inscri\u00e7\u00e3o<\/strong> e atendimento presencial, inclusive com cronogramas por letra do sobrenome. Em junho de 2025, por exemplo, foi divulgado um ciclo de registro entre <strong>9 e 21 de junho<\/strong>, com orienta\u00e7\u00e3o para procurar o <strong>m\u00f3dulo correspondente ao local de resid\u00eancia<\/strong>, seguindo o calend\u00e1rio do governo.<\/p>\n\n\n\n<p>Para evitar perda de viagem, o ideal \u00e9 tratar o cadastro como um <strong>procedimento formal de inscri\u00e7\u00e3o<\/strong>, voc\u00ea re\u00fane documentos, confirma o m\u00f3dulo correto e comparece no dia indicado. Se houver qualquer diverg\u00eancia, como <strong>endere\u00e7o desatualizado<\/strong> ou documento faltante, o atendimento pode n\u00e3o avan\u00e7ar, mesmo que a pessoa cumpra a <strong>idade m\u00ednima exigida<\/strong>.<\/p>\n\n\n\n<figure class=\"wp-block-image size-large\"><img loading=\"lazy\" decoding=\"async\" width=\"1024\" height=\"576\" src=\"https:\/\/www.em.com.br\/emfoco\/wp-content\/uploads\/2026\/03\/X-66-1024x576.jpg\" alt=\"O Minist\u00e9rio do Bem-estar Social abre inscri\u00e7\u00f5es para que idosos recebam um aux\u00edlio m\u00e1ximo de $6.200\" class=\"wp-image-177951\" srcset=\"https:\/\/www.em.com.br\/emfoco\/wp-content\/uploads\/2026\/03\/X-66-1024x576.jpg 1024w, https:\/\/www.em.com.br\/emfoco\/wp-content\/uploads\/2026\/03\/X-66-300x169.jpg 300w, https:\/\/www.em.com.br\/emfoco\/wp-content\/uploads\/2026\/03\/X-66-768x432.jpg 768w, https:\/\/www.em.com.br\/emfoco\/wp-content\/uploads\/2026\/03\/X-66-1536x864.jpg 1536w, https:\/\/www.em.com.br\/emfoco\/wp-content\/uploads\/2026\/03\/X-66-2048x1152.jpg 2048w, https:\/\/www.em.com.br\/emfoco\/wp-content\/uploads\/2026\/03\/X-66-750x422.jpg 750w, https:\/\/www.em.com.br\/emfoco\/wp-content\/uploads\/2026\/03\/X-66-1140x641.jpg 1140w\" sizes=\"auto, (max-width: 1024px) 100vw, 1024px\" \/><figcaption class=\"wp-element-caption\">Valores podem mudar de um ano para outro por reajustes oficiais<\/figcaption><\/figure>\n\n\n\n<h2 class=\"wp-block-heading\">Quais documentos normalmente s\u00e3o exigidos e como preparar uma pasta \u201c\u00e0 prova de indeferimento\u201d?<\/h2>\n\n\n\n<p>Mesmo quando o benef\u00edcio \u00e9 de alcance amplo, o cadastro costuma depender de <strong>identifica\u00e7\u00e3o oficial<\/strong>, comprova\u00e7\u00e3o de v\u00ednculo com o territ\u00f3rio e dados de contato. Para reduzir risco de indeferimento por detalhe, faz diferen\u00e7a levar <strong>documentos originais leg\u00edveis<\/strong> e manter consist\u00eancia entre nome, data de nascimento e endere\u00e7o em todos os pap\u00e9is.<\/p>\n\n\n\n<p>Antes de sair de casa, vale conferir esta lista de itens que aparecem com frequ\u00eancia nas orienta\u00e7\u00f5es do programa, porque \u00e9 exatamente aqui que muita gente perde tempo por um <strong>documento esquecido<\/strong> ou informa\u00e7\u00e3o incompleta:<\/p>\n\n\n\n<ul class=\"wp-block-list\">\n<li><strong>Documento de identidade oficial vigente<\/strong><\/li>\n\n\n\n<li><strong>CURP<\/strong><\/li>\n\n\n\n<li><strong>Certid\u00e3o de nascimento<\/strong><\/li>\n\n\n\n<li><strong>Comprovante de endere\u00e7o recente<\/strong><\/li>\n\n\n\n<li><strong>Telefone de contato<\/strong><\/li>\n<\/ul>\n\n\n\n<h2 class=\"wp-block-heading\">\u00c9 poss\u00edvel fazer o cadastro com representante e quais cuidados jur\u00eddicos ajudam?<\/h2>\n\n\n\n<p>Quando o idoso tem <strong>limita\u00e7\u00e3o de locomo\u00e7\u00e3o<\/strong> ou dificuldade para comparecer, \u00e9 comum existir a possibilidade de <strong>representa\u00e7\u00e3o no ato do cadastro<\/strong>, desde que a pessoa leve documenta\u00e7\u00e3o completa e siga as regras do m\u00f3dulo. Na pr\u00e1tica, a prote\u00e7\u00e3o do benefici\u00e1rio come\u00e7a com um princ\u00edpio simples, ningu\u00e9m deve entregar <strong>documento original para intermedi\u00e1rio<\/strong> fora do canal oficial.<\/p>\n\n\n\n<p>O cuidado mais importante \u00e9 preservar a <strong>seguran\u00e7a do titular do benef\u00edcio<\/strong>. Sempre que houver representante, recomenda-se que o idoso saiba exatamente o que est\u00e1 sendo solicitado, guarde <strong>comprovantes do atendimento<\/strong> e acompanhe a etapa seguinte, que costuma ser a <strong>emiss\u00e3o de cart\u00e3o para recebimento do pagamento<\/strong>.<\/p>\n\n\n\n<h2 class=\"wp-block-heading\">Como funciona o apoio financeiro para idosos no Brasil e quais s\u00e3o as diferen\u00e7as?<\/h2>\n\n\n\n<p>No Brasil, tamb\u00e9m existem programas de <strong>prote\u00e7\u00e3o social voltados para idosos<\/strong>, mas o modelo \u00e9 diferente do que ocorre no M\u00e9xico. Enquanto o benef\u00edcio mexicano \u00e9 pago de forma ampla para pessoas acima de determinada idade, no Brasil a concess\u00e3o costuma depender de <strong>crit\u00e9rios de renda e vulnerabilidade social<\/strong>, especialmente no caso do Benef\u00edcio de Presta\u00e7\u00e3o Continuada, conhecido como <strong>BPC<\/strong>.<\/p>\n\n\n\n<p>O BPC garante o pagamento de <strong>um sal\u00e1rio m\u00ednimo mensal<\/strong> para idosos com <strong>65 anos ou mais<\/strong> que comprovem baixa renda familiar. O cadastro \u00e9 feito por meio do <strong>Cadastro \u00danico para Programas Sociais<\/strong> e a an\u00e1lise \u00e9 realizada pelo <strong><a href=\"https:\/\/www.gov.br\/inss\/pt-br\" target=\"_blank\" rel=\"noreferrer noopener\">INSS<\/a><\/strong>, o que mostra que, embora os dois pa\u00edses tenham pol\u00edticas de assist\u00eancia para idosos, os crit\u00e9rios e a forma de acesso podem ser bastante diferentes.<\/p>\n\n\n\n<h2 class=\"wp-block-heading\">Como evitar golpes e conferir se a convocat\u00f3ria \u00e9 verdadeira?<\/h2>\n\n\n\n<p><strong>Benef\u00edcios para idosos<\/strong> s\u00e3o alvos frequentes de fraude, porque golpistas exploram urg\u00eancia, filas e promessas de \u201cadiantamento\u201d mediante taxa. A regra de ouro \u00e9 desconfiar de qualquer pedido de <strong>pagamento para liberar inscri\u00e7\u00e3o<\/strong>, acelerar cart\u00e3o ou \u201cgarantir vaga\u201d, porque o processo oficial \u00e9 anunciado por <strong>canais governamentais<\/strong> e realizado em m\u00f3dulos autorizados.<\/p>\n\n\n\n<p>Para se proteger de forma pr\u00e1tica, siga estes passos de verifica\u00e7\u00e3o antes de compartilhar dados pessoais ou se deslocar:<\/p>\n\n\n\n<ul class=\"wp-block-list\">\n<li><strong>Confirme datas e requisitos em canais oficiais do governo<\/strong><\/li>\n\n\n\n<li><strong>Procure o endere\u00e7o do m\u00f3dulo por fonte institucional<\/strong><\/li>\n\n\n\n<li><strong>N\u00e3o entregue documentos a desconhecidos<\/strong><\/li>\n\n\n\n<li><strong>Guarde comprovantes do atendimento e protocolo de inscri\u00e7\u00e3o<\/strong><\/li>\n<\/ul>\n\n\n\n<p>Seguir essas recomenda\u00e7\u00f5es simples ajuda a garantir que o processo de inscri\u00e7\u00e3o ocorra com mais seguran\u00e7a e tranquilidade. Programas de apoio financeiro para idosos s\u00e3o importantes instrumentos de prote\u00e7\u00e3o social e podem representar um refor\u00e7o significativo na renda durante a aposentadoria.<\/p>\n\n\n\n<p>Por isso, manter aten\u00e7\u00e3o \u00e0s <strong>informa\u00e7\u00f5es oficiais<\/strong>, preparar corretamente os <strong>documentos exigidos<\/strong> e evitar intermedi\u00e1rios s\u00e3o atitudes essenciais para aproveitar o benef\u00edcio sem riscos. Com organiza\u00e7\u00e3o e acesso \u00e0s orienta\u00e7\u00f5es corretas, o idoso ou sua fam\u00edlia conseguem realizar o cadastro de forma segura e garantir o <strong>recebimento do apoio governamental<\/strong>.<\/p>\n","protected":false},"excerpt":{"rendered":"<p>Quando um governo abre inscri\u00e7\u00f5es para um benef\u00edcio voltado a idosos, o ponto mais importante n\u00e3o \u00e9 s\u00f3 o valor, mas sim como garantir o acesso sem cair em erros, golpes ou recusas por falta de documento. No M\u00e9xico, a Secretaria de Bienestar costuma organizar per\u00edodos de cadastro presenciais para a pens\u00e3o de adultos maiores, [&hellip;]<\/p>\n","protected":false},"author":28,"featured_media":177949,"comment_status":"open","ping_status":"open","sticky":false,"template":"","format":"standard","meta":{"jnews-multi-image_gallery":[],"jnews_single_post":{"format":"standard"},"jnews_primary_category":[],"jnews_social_meta":[],"jnews_override_counter":[],"footnotes":""},"categories":[138],"tags":[25761,25760,25762,25759],"class_list":["post-177941","post","type-post","status-publish","format-standard","has-post-thumbnail","hentry","category-mundo","tag-adultos-mayores","tag-pension-bienestar","tag-registro-en-modulos","tag-secretaria-de-bienestar"],"yoast_head":"<!-- This site is optimized with the Yoast SEO plugin v23.8 - https:\/\/yoast.com\/wordpress\/plugins\/seo\/ -->\n<title>O Minist\u00e9rio do Bem-estar Social abre inscri\u00e7\u00f5es para que idosos recebam um aux\u00edlio m\u00e1ximo de $6.200 - Estado de Minas - Em foco<\/title>\n<meta name=\"description\" content=\"Guia pr\u00e1tico para inscri\u00e7\u00e3o de idosos em benef\u00edcio no M\u00e9xico, com prazos, documentos, representante e cuidados contra golpes.\" \/>\n<meta name=\"robots\" content=\"index, follow, max-snippet:-1, max-image-preview:large, max-video-preview:-1\" \/>\n<link rel=\"canonical\" href=\"https:\/\/www.em.com.br\/emfoco\/2026\/03\/05\/o-ministerio-do-bem-estar-social-abre-inscricoes-para-que-idosos-recebam-um-auxilio-maximo-de-6-200\/\" \/>\n<meta property=\"og:locale\" content=\"pt_BR\" \/>\n<meta property=\"og:type\" content=\"article\" \/>\n<meta property=\"og:title\" content=\"O Minist\u00e9rio do Bem-estar Social abre inscri\u00e7\u00f5es para que idosos recebam um aux\u00edlio m\u00e1ximo de $6.200 - Estado de Minas - Em foco\" \/>\n<meta property=\"og:description\" content=\"Guia pr\u00e1tico para inscri\u00e7\u00e3o de idosos em benef\u00edcio no M\u00e9xico, com prazos, documentos, representante e cuidados contra golpes.\" \/>\n<meta property=\"og:url\" content=\"https:\/\/www.em.com.br\/emfoco\/2026\/03\/05\/o-ministerio-do-bem-estar-social-abre-inscricoes-para-que-idosos-recebam-um-auxilio-maximo-de-6-200\/\" \/>\n<meta property=\"og:site_name\" content=\"Estado de Minas - Em foco\" \/>\n<meta property=\"article:published_time\" content=\"2026-03-05T20:25:00+00:00\" \/>\n<meta property=\"article:modified_time\" content=\"2026-03-05T19:41:52+00:00\" \/>\n<meta property=\"og:image\" content=\"https:\/\/www.em.com.br\/emfoco\/wp-content\/uploads\/2026\/03\/X-67.jpg\" \/>\n\t<meta property=\"og:image:width\" content=\"2560\" \/>\n\t<meta property=\"og:image:height\" content=\"1440\" \/>\n\t<meta property=\"og:image:type\" content=\"image\/jpeg\" \/>\n<meta name=\"author\" content=\"Elis Gabrielle Santos Souza\" \/>\n<meta name=\"twitter:card\" content=\"summary_large_image\" \/>\n<meta name=\"twitter:label1\" content=\"Escrito por\" \/>\n\t<meta name=\"twitter:data1\" content=\"Elis Gabrielle Santos Souza\" \/>\n\t<meta name=\"twitter:label2\" content=\"Est. tempo de leitura\" \/>\n\t<meta name=\"twitter:data2\" content=\"6 minutos\" \/>\n<!-- \/ Yoast SEO plugin. -->","yoast_head_json":{"title":"O Minist\u00e9rio do Bem-estar Social abre inscri\u00e7\u00f5es para que idosos recebam um aux\u00edlio m\u00e1ximo de $6.200 - Estado de Minas - Em foco","description":"Guia pr\u00e1tico para inscri\u00e7\u00e3o de idosos em benef\u00edcio no M\u00e9xico, com prazos, documentos, representante e cuidados contra golpes.","robots":{"index":"index","follow":"follow","max-snippet":"max-snippet:-1","max-image-preview":"max-image-preview:large","max-video-preview":"max-video-preview:-1"},"canonical":"https:\/\/www.em.com.br\/emfoco\/2026\/03\/05\/o-ministerio-do-bem-estar-social-abre-inscricoes-para-que-idosos-recebam-um-auxilio-maximo-de-6-200\/","og_locale":"pt_BR","og_type":"article","og_title":"O Minist\u00e9rio do Bem-estar Social abre inscri\u00e7\u00f5es para que idosos recebam um aux\u00edlio m\u00e1ximo de $6.200 - Estado de Minas - Em foco","og_description":"Guia pr\u00e1tico para inscri\u00e7\u00e3o de idosos em benef\u00edcio no M\u00e9xico, com prazos, documentos, representante e cuidados contra golpes.","og_url":"https:\/\/www.em.com.br\/emfoco\/2026\/03\/05\/o-ministerio-do-bem-estar-social-abre-inscricoes-para-que-idosos-recebam-um-auxilio-maximo-de-6-200\/","og_site_name":"Estado de Minas - Em foco","article_published_time":"2026-03-05T20:25:00+00:00","article_modified_time":"2026-03-05T19:41:52+00:00","og_image":[{"width":2560,"height":1440,"url":"https:\/\/www.em.com.br\/emfoco\/wp-content\/uploads\/2026\/03\/X-67.jpg","type":"image\/jpeg"}],"author":"Elis Gabrielle Santos Souza","twitter_card":"summary_large_image","twitter_misc":{"Escrito por":"Elis Gabrielle Santos Souza","Est. tempo de leitura":"6 minutos"},"schema":{"@context":"https:\/\/schema.org","@graph":[{"@type":"WebPage","@id":"https:\/\/www.em.com.br\/emfoco\/2026\/03\/05\/o-ministerio-do-bem-estar-social-abre-inscricoes-para-que-idosos-recebam-um-auxilio-maximo-de-6-200\/","url":"https:\/\/www.em.com.br\/emfoco\/2026\/03\/05\/o-ministerio-do-bem-estar-social-abre-inscricoes-para-que-idosos-recebam-um-auxilio-maximo-de-6-200\/","name":"O Minist\u00e9rio do Bem-estar Social abre inscri\u00e7\u00f5es para que idosos recebam um aux\u00edlio m\u00e1ximo de $6.200 - Estado de Minas - Em foco","isPartOf":{"@id":"https:\/\/www.em.com.br\/emfoco\/#website"},"primaryImageOfPage":{"@id":"https:\/\/www.em.com.br\/emfoco\/2026\/03\/05\/o-ministerio-do-bem-estar-social-abre-inscricoes-para-que-idosos-recebam-um-auxilio-maximo-de-6-200\/#primaryimage"},"image":{"@id":"https:\/\/www.em.com.br\/emfoco\/2026\/03\/05\/o-ministerio-do-bem-estar-social-abre-inscricoes-para-que-idosos-recebam-um-auxilio-maximo-de-6-200\/#primaryimage"},"thumbnailUrl":"https:\/\/www.em.com.br\/emfoco\/wp-content\/uploads\/2026\/03\/X-67.jpg","datePublished":"2026-03-05T20:25:00+00:00","dateModified":"2026-03-05T19:41:52+00:00","author":{"@id":"https:\/\/www.em.com.br\/emfoco\/#\/schema\/person\/0c545bffa944f9caa147d776b5f6f1f5"},"description":"Guia pr\u00e1tico para inscri\u00e7\u00e3o de idosos em benef\u00edcio no M\u00e9xico, com prazos, documentos, representante e cuidados contra golpes.","breadcrumb":{"@id":"https:\/\/www.em.com.br\/emfoco\/2026\/03\/05\/o-ministerio-do-bem-estar-social-abre-inscricoes-para-que-idosos-recebam-um-auxilio-maximo-de-6-200\/#breadcrumb"},"inLanguage":"pt-BR","potentialAction":[{"@type":"ReadAction","target":["https:\/\/www.em.com.br\/emfoco\/2026\/03\/05\/o-ministerio-do-bem-estar-social-abre-inscricoes-para-que-idosos-recebam-um-auxilio-maximo-de-6-200\/"]}]},{"@type":"ImageObject","inLanguage":"pt-BR","@id":"https:\/\/www.em.com.br\/emfoco\/2026\/03\/05\/o-ministerio-do-bem-estar-social-abre-inscricoes-para-que-idosos-recebam-um-auxilio-maximo-de-6-200\/#primaryimage","url":"https:\/\/www.em.com.br\/emfoco\/wp-content\/uploads\/2026\/03\/X-67.jpg","contentUrl":"https:\/\/www.em.com.br\/emfoco\/wp-content\/uploads\/2026\/03\/X-67.jpg","width":2560,"height":1440,"caption":"Pagamento bimestral costuma ser feito por cart\u00e3o de benef\u00edcio"},{"@type":"BreadcrumbList","@id":"https:\/\/www.em.com.br\/emfoco\/2026\/03\/05\/o-ministerio-do-bem-estar-social-abre-inscricoes-para-que-idosos-recebam-um-auxilio-maximo-de-6-200\/#breadcrumb","itemListElement":[{"@type":"ListItem","position":1,"name":"In\u00edcio","item":"https:\/\/www.em.com.br\/emfoco\/"},{"@type":"ListItem","position":2,"name":"O Minist\u00e9rio do Bem-estar Social abre inscri\u00e7\u00f5es para que idosos recebam um aux\u00edlio m\u00e1ximo de $6.200"}]},{"@type":"WebSite","@id":"https:\/\/www.em.com.br\/emfoco\/#website","url":"https:\/\/www.em.com.br\/emfoco\/","name":"Estado de Minas - Em foco","description":"Acompanhe as \u00faltimas not\u00edcias e fique bem informado sobre tudo o que acontece em Minas Gerais, Brasil e no mundo.","potentialAction":[{"@type":"SearchAction","target":{"@type":"EntryPoint","urlTemplate":"https:\/\/www.em.com.br\/emfoco\/?s={search_term_string}"},"query-input":{"@type":"PropertyValueSpecification","valueRequired":true,"valueName":"search_term_string"}}],"inLanguage":"pt-BR"},{"@type":"Person","@id":"https:\/\/www.em.com.br\/emfoco\/#\/schema\/person\/0c545bffa944f9caa147d776b5f6f1f5","name":"Elis Gabrielle Santos Souza","image":{"@type":"ImageObject","inLanguage":"pt-BR","@id":"https:\/\/www.em.com.br\/emfoco\/#\/schema\/person\/image\/","url":"https:\/\/secure.gravatar.com\/avatar\/1dc86c254cebb74d9c8a14da612c52db?s=96&d=mm&r=g","contentUrl":"https:\/\/secure.gravatar.com\/avatar\/1dc86c254cebb74d9c8a14da612c52db?s=96&d=mm&r=g","caption":"Elis Gabrielle Santos Souza"},"sameAs":["https:\/\/www.em.com.br\/emfoco"],"url":"https:\/\/www.em.com.br\/emfoco\/author\/elis-myth\/"}]}},"_links":{"self":[{"href":"https:\/\/www.em.com.br\/emfoco\/wp-json\/wp\/v2\/posts\/177941","targetHints":{"allow":["GET"]}}],"collection":[{"href":"https:\/\/www.em.com.br\/emfoco\/wp-json\/wp\/v2\/posts"}],"about":[{"href":"https:\/\/www.em.com.br\/emfoco\/wp-json\/wp\/v2\/types\/post"}],"author":[{"embeddable":true,"href":"https:\/\/www.em.com.br\/emfoco\/wp-json\/wp\/v2\/users\/28"}],"replies":[{"embeddable":true,"href":"https:\/\/www.em.com.br\/emfoco\/wp-json\/wp\/v2\/comments?post=177941"}],"version-history":[{"count":1,"href":"https:\/\/www.em.com.br\/emfoco\/wp-json\/wp\/v2\/posts\/177941\/revisions"}],"predecessor-version":[{"id":177954,"href":"https:\/\/www.em.com.br\/emfoco\/wp-json\/wp\/v2\/posts\/177941\/revisions\/177954"}],"wp:featuredmedia":[{"embeddable":true,"href":"https:\/\/www.em.com.br\/emfoco\/wp-json\/wp\/v2\/media\/177949"}],"wp:attachment":[{"href":"https:\/\/www.em.com.br\/emfoco\/wp-json\/wp\/v2\/media?parent=177941"}],"wp:term":[{"taxonomy":"category","embeddable":true,"href":"https:\/\/www.em.com.br\/emfoco\/wp-json\/wp\/v2\/categories?post=177941"},{"taxonomy":"post_tag","embeddable":true,"href":"https:\/\/www.em.com.br\/emfoco\/wp-json\/wp\/v2\/tags?post=177941"}],"curies":[{"name":"wp","href":"https:\/\/api.w.org\/{rel}","templated":true}]}}