{"id":177930,"date":"2026-03-06T21:15:51","date_gmt":"2026-03-07T00:15:51","guid":{"rendered":"https:\/\/www.em.com.br\/emfoco\/?p=177930"},"modified":"2026-03-05T17:46:00","modified_gmt":"2026-03-05T20:46:00","slug":"as-frases-que-pessoas-mal-educadas-usam-segundo-a-psicologia","status":"publish","type":"post","link":"https:\/\/www.em.com.br\/emfoco\/2026\/03\/06\/as-frases-que-pessoas-mal-educadas-usam-segundo-a-psicologia\/","title":{"rendered":"As frases que pessoas mal-educadas usam, segundo a psicologia"},"content":{"rendered":"\n<p>Imagine algu\u00e9m desabafando com voc\u00ea e recebendo como resposta um simples <strong>isso \u00e9 bobagem<\/strong>. Em poucos segundos, o clima <b>muda<\/b>, a pessoa se fecha e a conversa morre. A forma como nos <b>comunicamos<\/b> diariamente pode aproximar ou afastar, criar confian\u00e7a ou levantar muros, e muitas vezes isso acontece por causa de frases que repetimos no autom\u00e1tico, sem perceber o <strong>impacto emocional<\/strong> que causam.<\/p>\n\n\n\n<h2 class=\"wp-block-heading\">Quais frases mostram falta de educa\u00e7\u00e3o emocional no dia a dia?<\/h2>\n\n\n\n<p>Algumas express\u00f5es comuns revelam baixa <strong>intelig\u00eancia emocional<\/strong> e pouca disposi\u00e7\u00e3o para ouvir o outro. \u00c0s vezes, quem fala nem percebe, mas essas frases criam dist\u00e2ncia, passam sensa\u00e7\u00e3o de <b>frieza<\/b> e geram um clima de <strong>tens\u00e3o constante<\/strong> nas rela\u00e7\u00f5es, seja no trabalho, na fam\u00edlia ou entre amigos.<\/p>\n\n\n\n<p>Uma das mais usadas \u00e9 <strong>\u00e9 o que tem pra hoje<\/strong>, dita para encerrar o assunto sem di\u00e1logo. Dita assim, transmite <b>resigna\u00e7\u00e3o passiva<\/b>, como se nada pudesse ser feito, e comunica que a pessoa n\u00e3o pretende se envolver com o problema. Em vez de buscar <b>alternativas<\/b> juntos, quem fala se coloca como espectador, o que muitas vezes gera frustra\u00e7\u00e3o em quem escuta.<\/p>\n\n\n<div class=\"wp-block-image\">\n<figure class=\"aligncenter size-large\"><img loading=\"lazy\" decoding=\"async\" width=\"1024\" height=\"576\" src=\"https:\/\/www.em.com.br\/emfoco\/wp-content\/uploads\/2026\/03\/Gemini_Generated_Image_3zo92t3zo92t3zo9-1-1024x576.png\" alt=\"\" class=\"wp-image-177485\" srcset=\"https:\/\/www.em.com.br\/emfoco\/wp-content\/uploads\/2026\/03\/Gemini_Generated_Image_3zo92t3zo92t3zo9-1-1024x576.png 1024w, https:\/\/www.em.com.br\/emfoco\/wp-content\/uploads\/2026\/03\/Gemini_Generated_Image_3zo92t3zo92t3zo9-1-300x169.png 300w, https:\/\/www.em.com.br\/emfoco\/wp-content\/uploads\/2026\/03\/Gemini_Generated_Image_3zo92t3zo92t3zo9-1-768x432.png 768w, https:\/\/www.em.com.br\/emfoco\/wp-content\/uploads\/2026\/03\/Gemini_Generated_Image_3zo92t3zo92t3zo9-1-750x422.png 750w, https:\/\/www.em.com.br\/emfoco\/wp-content\/uploads\/2026\/03\/Gemini_Generated_Image_3zo92t3zo92t3zo9-1-1140x641.png 1140w, https:\/\/www.em.com.br\/emfoco\/wp-content\/uploads\/2026\/03\/Gemini_Generated_Image_3zo92t3zo92t3zo9-1.png 1280w\" sizes=\"auto, (max-width: 1024px) 100vw, 1024px\" \/><figcaption class=\"wp-element-caption\">Algumas express\u00f5es comuns revelam baixa intelig\u00eancia emocional e pouca disposi\u00e7\u00e3o para ouvir o outro<\/figcaption><\/figure><\/div>\n\n\n<p>Leia tamb\u00e9m:&nbsp;<a href=\"https:\/\/www.em.com.br\/emfoco\/2026\/03\/04\/psicologia-explica-o-que-significa-limpar-enquanto-cozinha-e-4-padroes-comuns\/\" target=\"_blank\" rel=\"noopener\">Psicologia explica o que significa limpar enquanto cozinha e 4 padr\u00f5es comuns<\/a><\/p>\n\n\n\n<h2 class=\"wp-block-heading\">Como frases de afastamento e indiferen\u00e7a afetam os v\u00ednculos?<\/h2>\n\n\n\n<p>Outra express\u00e3o muito comum \u00e9 <strong>isso n\u00e3o \u00e9 comigo<\/strong> ou \u201cn\u00e3o \u00e9 meu problema\u201d, que demonstra um <b>desligamento total<\/b>. Essa postura passa a sensa\u00e7\u00e3o de que, se algo n\u00e3o atinge diretamente a rotina de quem fala, pode simplesmente ser ignorado, o que enfraquece a no\u00e7\u00e3o de <b>apoio m\u00fatuo<\/b> e parceria.<\/p>\n\n\n\n<p>Do ponto de vista das rela\u00e7\u00f5es, essa linguagem cria um sentimento de <strong>abandono emocional<\/strong> em quem precisa de ajuda. Com o tempo, a pessoa pode deixar de pedir apoio, internalizar que est\u00e1 \u201csozinha\u201d e evitar expor suas <b>necessidades afetivas<\/b>, por medo de ser novamente ignorada ou <b>julgada<\/b>.<\/p>\n\n\n\n<h2 class=\"wp-block-heading\">Quais frases demonstram indiferen\u00e7a e desrespeito emocional?<\/h2>\n\n\n\n<p>Express\u00f5es como <strong>n\u00e3o tenho tempo pra isso<\/strong>, ditas de forma seca, costumam doer bastante. Mesmo em dias corridos, a forma de responder faz diferen\u00e7a, e dizer isso repetidamente passa a sensa\u00e7\u00e3o de que o outro n\u00e3o \u00e9 <b>prioridade<\/b> alguma, como se seus sentimentos ocupassem um lugar irrelevante na sua vida ou nas suas <b>preocupa\u00e7\u00f5es di\u00e1rias<\/b>.<\/p>\n\n\n\n<p>Frases do tipo <strong>n\u00e3o t\u00f4 nem a\u00ed<\/strong>, \u201cn\u00e3o me importo\u201d ou \u201cisso \u00e9 bobagem\u201d invalidam a experi\u00eancia de quem fala. Elas cortam o di\u00e1logo, desvalorizam <b>sentimentos reais<\/b> e podem fazer a pessoa se sentir inferiorizada ou <b>ridicularizada<\/b>, prejudicando a <strong>confian\u00e7a m\u00fatua<\/strong> e o desejo de continuar compartilhando o que sente.<\/p>\n\n\n<div class=\"wp-block-image\">\n<figure class=\"aligncenter size-large\"><img loading=\"lazy\" decoding=\"async\" width=\"1024\" height=\"576\" src=\"https:\/\/www.em.com.br\/emfoco\/wp-content\/uploads\/2025\/09\/mentirosa_1757652189482-1024x576.jpg\" alt=\"\" class=\"wp-image-103495\" srcset=\"https:\/\/www.em.com.br\/emfoco\/wp-content\/uploads\/2025\/09\/mentirosa_1757652189482-1024x576.jpg 1024w, https:\/\/www.em.com.br\/emfoco\/wp-content\/uploads\/2025\/09\/mentirosa_1757652189482-300x169.jpg 300w, https:\/\/www.em.com.br\/emfoco\/wp-content\/uploads\/2025\/09\/mentirosa_1757652189482-768x432.jpg 768w, https:\/\/www.em.com.br\/emfoco\/wp-content\/uploads\/2025\/09\/mentirosa_1757652189482-750x422.jpg 750w, https:\/\/www.em.com.br\/emfoco\/wp-content\/uploads\/2025\/09\/mentirosa_1757652189482-1140x641.jpg 1140w, https:\/\/www.em.com.br\/emfoco\/wp-content\/uploads\/2025\/09\/mentirosa_1757652189482.jpg 1280w\" sizes=\"auto, (max-width: 1024px) 100vw, 1024px\" \/><figcaption class=\"wp-element-caption\">Express\u00f5es como n\u00e3o tenho tempo pra isso, ditas de forma seca, costumam doer bastante &#8211; Cr\u00e9ditos: depositphotos.com \/ elwynn<\/figcaption><\/figure><\/div>\n\n\n<h2 class=\"wp-block-heading\">Por que frases r\u00edgidas e arrogantes prejudicam as rela\u00e7\u00f5es?<\/h2>\n\n\n\n<p>Outro grupo perigoso de express\u00f5es envolve rigidez e falta de <a href=\"https:\/\/clinicadepsicologianodari.com.br\/o-que-e-autocritica\/\" target=\"_blank\" rel=\"noreferrer noopener\">autocr\u00edtica <\/a>saud\u00e1vel. Quando algu\u00e9m diz <strong>eu sou assim e pronto<\/strong>, envia a mensagem de que n\u00e3o est\u00e1 disposto a rever atitudes, mesmo que <b>machuquem<\/b>. Isso dificulta acordos, adapta\u00e7\u00f5es e qualquer tentativa de <b>conviv\u00eancia melhor<\/b>, porque fecha a porta para mudan\u00e7as.<\/p>\n\n\n\n<p>Frases como <strong>eu avisei, sempre t\u00f4 certo<\/strong> ou \u201ceu nunca erro\u201d carregam um tom de <b>superioridade arrogante<\/b>. Em vez de criar um ambiente em que todos possam errar e aprender, refor\u00e7am competi\u00e7\u00e3o, orgulho e medo de falhar, o que bloqueia di\u00e1logos sinceros e qualquer <b>crescimento conjunto<\/b>.<\/p>\n\n\n\n<h2 class=\"wp-block-heading\">Como substituir frases agressivas por uma comunica\u00e7\u00e3o mais saud\u00e1vel?<\/h2>\n\n\n\n<p>Felizmente, \u00e9 poss\u00edvel trocar essas express\u00f5es por outras mais cuidadosas, sem perder a <b>honestidade pessoal<\/b>. Pequenas mudan\u00e7as de linguagem j\u00e1 tornam a conversa mais respeitosa e mostram que voc\u00ea reconhece a import\u00e2ncia do outro e das suas <strong>emo\u00e7\u00f5es presentes<\/strong>. Veja algumas substitui\u00e7\u00f5es simples que podem ajudar:<\/p>\n\n\n\n<div class=\"google-auto-ads-ignore\" style=\"box-sizing: border-box; display: flex; flex-direction: column; width: 100%; max-width: 800px; margin: 30px auto; background-color: #f0faff; color: #1f1f1f; border-radius: 12px; overflow: hidden; font-family: 'Segoe UI', Roboto, Helvetica, Arial, sans-serif; box-shadow: 0 4px 15px rgba(0,0,0,0.08); border: 1px solid #d9f7ff; position: relative; z-index: 5;\">\n\n  <div style=\"background-color: #e6f7ff; padding: 25px; border-bottom: 3px solid #1890ff; text-align: center;\">\n    <h2 style=\"margin: 0; color: #003a8c; font-size: 1.5rem; line-height: 1.3;\">\u2728 Transformando a Comunica\u00e7\u00e3o<\/h2>\n    <div style=\"font-size: 0.95rem; margin-top: 8px; color: #434343; opacity: 0.9;\">Substitua frases autom\u00e1ticas por express\u00f5es que geram conex\u00e3o e respeito<\/div>\n  <\/div>\n\n  <div style=\"padding: 25px; display: flex; flex-wrap: wrap; gap: 20px;\">\n    \n    <div style=\"flex: 1 1 300px; background-color: #ffffff; border-radius: 8px; padding: 20px; border: 1px solid #bae7ff; box-shadow: 0 2px 5px rgba(0,0,0,0.02);\">\n      <h3 style=\"margin: 0 0 15px 0; color: #096dd9; font-size: 1.1rem; font-weight: bold; border-bottom: 1px solid #e6f7ff; padding-bottom: 8px;\">\n        \ud83e\udd1d Colabora\u00e7\u00e3o e Solu\u00e7\u00f5es\n      <\/h3>\n      \n      <div style=\"margin-bottom: 12px;\">\n        <strong style=\"display: block; font-size: 0.85rem; color: #595959; text-transform: none; margin-bottom: 4px;\">Perspectivas e Apoio<\/strong>\n        <div style=\"font-size: 0.95rem; line-height: 1.5; font-weight: 400;\">\n          \u2022 Em vez de <b>\u00e9 o que tem pra hoje<\/b>, usar: &#8220;por enquanto, essa \u00e9 a op\u00e7\u00e3o que temos, mas podemos pensar em outras <b>possibilidades depois<\/b>&#8220;.<br>\n          \u2022 No lugar de <b>n\u00e3o \u00e9 meu problema<\/b>, dizer: &#8220;n\u00e3o consigo resolver diretamente, mas posso ver <b>quem pode ajudar<\/b>&#8220;.\n        <\/div>\n      <\/div>\n    <\/div>\n\n    <div style=\"flex: 1 1 300px; background-color: #ffffff; border-radius: 8px; padding: 20px; border: 1px solid #bae7ff; box-shadow: 0 2px 5px rgba(0,0,0,0.02);\">\n      <h3 style=\"margin: 0 0 15px 0; color: #096dd9; font-size: 1.1rem; font-weight: bold; border-bottom: 1px solid #e6f7ff; padding-bottom: 8px;\">\n        \ud83d\udca1 Empatia e Presen\u00e7a\n      <\/h3>\n      \n      <div style=\"margin-bottom: 12px;\">\n        <strong style=\"display: block; font-size: 0.85rem; color: #595959; text-transform: none; margin-bottom: 4px;\">Valida\u00e7\u00e3o de Sentimentos<\/strong>\n        <div style=\"font-size: 0.95rem; line-height: 1.5; font-weight: 400;\">\n          \u2022 Ao inv\u00e9s de <b>n\u00e3o tenho tempo pra isso<\/b>, falar: &#8220;agora est\u00e1 corrido, mas podemos retomar essa <b>conversa mais tarde<\/b>&#8220;.<br>\n          \u2022 Substituir <b>n\u00e3o me importo<\/b> por: &#8220;talvez eu n\u00e3o sinta o mesmo, mas entendo que isso \u00e9 <b>importante para voc\u00ea<\/b>&#8220;.<br>\n          \u2022 Trocar <b>isso \u00e9 bobagem<\/b> por: &#8220;para alguns pode parecer pequeno, mas vejo que \u00e9 relevante para quem est\u00e1 <b>sentindo isso<\/b>&#8220;.\n        <\/div>\n      <\/div>\n    <\/div>\n\n  <\/div>\n<\/div>\n\n\n\n<p>Esses ajustes preservam quem voc\u00ea \u00e9, mas reduzem o tom de <b>ataque<\/b> e descaso, fortalecendo os la\u00e7os e abrindo espa\u00e7o para conversas mais profundas. Com o tempo, essa forma de falar cria um ambiente mais leve, em que todos se sentem <strong>ouvidos<\/strong> e respeitados, e as diferen\u00e7as deixam de ser motivo de guerra para se tornar oportunidade de <b>conex\u00e3o<\/b>.<\/p>\n","protected":false},"excerpt":{"rendered":"<p>Imagine algu\u00e9m desabafando com voc\u00ea e recebendo como resposta um simples isso \u00e9 bobagem. Em poucos segundos, o clima muda, a pessoa se fecha e a conversa morre. A forma como nos comunicamos diariamente pode aproximar ou afastar, criar confian\u00e7a ou levantar muros, e muitas vezes isso acontece por causa de frases que repetimos no [&hellip;]<\/p>\n","protected":false},"author":9,"featured_media":178044,"comment_status":"open","ping_status":"open","sticky":false,"template":"","format":"standard","meta":{"jnews-multi-image_gallery":[],"jnews_single_post":{"format":"standard"},"jnews_primary_category":[],"jnews_social_meta":[],"jnews_override_counter":[],"footnotes":""},"categories":[8819,1],"tags":[500,25756,7528,5155],"class_list":["post-177930","post","type-post","status-publish","format-standard","has-post-thumbnail","hentry","category-curiosidades","category-noticias","tag-educacao","tag-falas","tag-inteligencia-emocional","tag-psicologia"],"yoast_head":"<!-- This site is optimized with the Yoast SEO plugin v23.8 - https:\/\/yoast.com\/wordpress\/plugins\/seo\/ -->\n<title>As frases que pessoas mal-educadas usam, segundo a psicologia - Estado de Minas - Em foco<\/title>\n<meta name=\"description\" content=\"Psicologia explica como frases comuns do dia a dia podem revelar falta de intelig\u00eancia emocional e prejudicar rela\u00e7\u00f5es.\" \/>\n<meta name=\"robots\" content=\"index, follow, max-snippet:-1, max-image-preview:large, max-video-preview:-1\" \/>\n<link rel=\"canonical\" href=\"https:\/\/www.em.com.br\/emfoco\/2026\/03\/06\/as-frases-que-pessoas-mal-educadas-usam-segundo-a-psicologia\/\" \/>\n<meta property=\"og:locale\" content=\"pt_BR\" \/>\n<meta property=\"og:type\" content=\"article\" \/>\n<meta property=\"og:title\" content=\"As frases que pessoas mal-educadas usam, segundo a psicologia - Estado de Minas - Em foco\" \/>\n<meta property=\"og:description\" content=\"Psicologia explica como frases comuns do dia a dia podem revelar falta de intelig\u00eancia emocional e prejudicar rela\u00e7\u00f5es.\" \/>\n<meta property=\"og:url\" content=\"https:\/\/www.em.com.br\/emfoco\/2026\/03\/06\/as-frases-que-pessoas-mal-educadas-usam-segundo-a-psicologia\/\" \/>\n<meta property=\"og:site_name\" content=\"Estado de Minas - Em foco\" \/>\n<meta property=\"article:published_time\" content=\"2026-03-07T00:15:51+00:00\" \/>\n<meta property=\"article:modified_time\" content=\"2026-03-05T20:46:00+00:00\" \/>\n<meta property=\"og:image\" content=\"https:\/\/www.em.com.br\/emfoco\/wp-content\/uploads\/2026\/03\/Gemini_Generated_Image_3mgnea3mgnea3mgn-1.png\" \/>\n\t<meta property=\"og:image:width\" content=\"1280\" \/>\n\t<meta property=\"og:image:height\" content=\"720\" \/>\n\t<meta property=\"og:image:type\" content=\"image\/png\" \/>\n<meta name=\"author\" content=\"Daniely Cardoso\" \/>\n<meta name=\"twitter:card\" content=\"summary_large_image\" \/>\n<meta name=\"twitter:label1\" content=\"Escrito por\" \/>\n\t<meta name=\"twitter:data1\" content=\"Daniely Cardoso\" \/>\n\t<meta name=\"twitter:label2\" content=\"Est. tempo de leitura\" \/>\n\t<meta name=\"twitter:data2\" content=\"6 minutos\" \/>\n<!-- \/ Yoast SEO plugin. -->","yoast_head_json":{"title":"As frases que pessoas mal-educadas usam, segundo a psicologia - Estado de Minas - Em foco","description":"Psicologia explica como frases comuns do dia a dia podem revelar falta de intelig\u00eancia emocional e prejudicar rela\u00e7\u00f5es.","robots":{"index":"index","follow":"follow","max-snippet":"max-snippet:-1","max-image-preview":"max-image-preview:large","max-video-preview":"max-video-preview:-1"},"canonical":"https:\/\/www.em.com.br\/emfoco\/2026\/03\/06\/as-frases-que-pessoas-mal-educadas-usam-segundo-a-psicologia\/","og_locale":"pt_BR","og_type":"article","og_title":"As frases que pessoas mal-educadas usam, segundo a psicologia - Estado de Minas - Em foco","og_description":"Psicologia explica como frases comuns do dia a dia podem revelar falta de intelig\u00eancia emocional e prejudicar rela\u00e7\u00f5es.","og_url":"https:\/\/www.em.com.br\/emfoco\/2026\/03\/06\/as-frases-que-pessoas-mal-educadas-usam-segundo-a-psicologia\/","og_site_name":"Estado de Minas - Em foco","article_published_time":"2026-03-07T00:15:51+00:00","article_modified_time":"2026-03-05T20:46:00+00:00","og_image":[{"width":1280,"height":720,"url":"https:\/\/www.em.com.br\/emfoco\/wp-content\/uploads\/2026\/03\/Gemini_Generated_Image_3mgnea3mgnea3mgn-1.png","type":"image\/png"}],"author":"Daniely Cardoso","twitter_card":"summary_large_image","twitter_misc":{"Escrito por":"Daniely Cardoso","Est. tempo de leitura":"6 minutos"},"schema":{"@context":"https:\/\/schema.org","@graph":[{"@type":"WebPage","@id":"https:\/\/www.em.com.br\/emfoco\/2026\/03\/06\/as-frases-que-pessoas-mal-educadas-usam-segundo-a-psicologia\/","url":"https:\/\/www.em.com.br\/emfoco\/2026\/03\/06\/as-frases-que-pessoas-mal-educadas-usam-segundo-a-psicologia\/","name":"As frases que pessoas mal-educadas usam, segundo a psicologia - Estado de Minas - Em foco","isPartOf":{"@id":"https:\/\/www.em.com.br\/emfoco\/#website"},"primaryImageOfPage":{"@id":"https:\/\/www.em.com.br\/emfoco\/2026\/03\/06\/as-frases-que-pessoas-mal-educadas-usam-segundo-a-psicologia\/#primaryimage"},"image":{"@id":"https:\/\/www.em.com.br\/emfoco\/2026\/03\/06\/as-frases-que-pessoas-mal-educadas-usam-segundo-a-psicologia\/#primaryimage"},"thumbnailUrl":"https:\/\/www.em.com.br\/emfoco\/wp-content\/uploads\/2026\/03\/Gemini_Generated_Image_3mgnea3mgnea3mgn-1.png","datePublished":"2026-03-07T00:15:51+00:00","dateModified":"2026-03-05T20:46:00+00:00","author":{"@id":"https:\/\/www.em.com.br\/emfoco\/#\/schema\/person\/0a8186d72f2c3a5c6276d90b41f271a0"},"description":"Psicologia explica como frases comuns do dia a dia podem revelar falta de intelig\u00eancia emocional e prejudicar rela\u00e7\u00f5es.","breadcrumb":{"@id":"https:\/\/www.em.com.br\/emfoco\/2026\/03\/06\/as-frases-que-pessoas-mal-educadas-usam-segundo-a-psicologia\/#breadcrumb"},"inLanguage":"pt-BR","potentialAction":[{"@type":"ReadAction","target":["https:\/\/www.em.com.br\/emfoco\/2026\/03\/06\/as-frases-que-pessoas-mal-educadas-usam-segundo-a-psicologia\/"]}]},{"@type":"ImageObject","inLanguage":"pt-BR","@id":"https:\/\/www.em.com.br\/emfoco\/2026\/03\/06\/as-frases-que-pessoas-mal-educadas-usam-segundo-a-psicologia\/#primaryimage","url":"https:\/\/www.em.com.br\/emfoco\/wp-content\/uploads\/2026\/03\/Gemini_Generated_Image_3mgnea3mgnea3mgn-1.png","contentUrl":"https:\/\/www.em.com.br\/emfoco\/wp-content\/uploads\/2026\/03\/Gemini_Generated_Image_3mgnea3mgnea3mgn-1.png","width":1280,"height":720,"caption":"Frases como eu avisei, sempre t\u00f4 certo ou \u201ceu nunca erro\u201d carregam um tom de superioridade arrogante"},{"@type":"BreadcrumbList","@id":"https:\/\/www.em.com.br\/emfoco\/2026\/03\/06\/as-frases-que-pessoas-mal-educadas-usam-segundo-a-psicologia\/#breadcrumb","itemListElement":[{"@type":"ListItem","position":1,"name":"In\u00edcio","item":"https:\/\/www.em.com.br\/emfoco\/"},{"@type":"ListItem","position":2,"name":"As frases que pessoas mal-educadas usam, segundo a psicologia"}]},{"@type":"WebSite","@id":"https:\/\/www.em.com.br\/emfoco\/#website","url":"https:\/\/www.em.com.br\/emfoco\/","name":"Estado de Minas - Em foco","description":"Acompanhe as \u00faltimas not\u00edcias e fique bem informado sobre tudo o que acontece em Minas Gerais, Brasil e no mundo.","potentialAction":[{"@type":"SearchAction","target":{"@type":"EntryPoint","urlTemplate":"https:\/\/www.em.com.br\/emfoco\/?s={search_term_string}"},"query-input":{"@type":"PropertyValueSpecification","valueRequired":true,"valueName":"search_term_string"}}],"inLanguage":"pt-BR"},{"@type":"Person","@id":"https:\/\/www.em.com.br\/emfoco\/#\/schema\/person\/0a8186d72f2c3a5c6276d90b41f271a0","name":"Daniely Cardoso","image":{"@type":"ImageObject","inLanguage":"pt-BR","@id":"https:\/\/www.em.com.br\/emfoco\/#\/schema\/person\/image\/","url":"https:\/\/secure.gravatar.com\/avatar\/4b80ddbd124d1f071b626d52d62e5dff?s=96&d=mm&r=g","contentUrl":"https:\/\/secure.gravatar.com\/avatar\/4b80ddbd124d1f071b626d52d62e5dff?s=96&d=mm&r=g","caption":"Daniely Cardoso"},"url":"https:\/\/www.em.com.br\/emfoco\/author\/danielymyth\/"}]}},"_links":{"self":[{"href":"https:\/\/www.em.com.br\/emfoco\/wp-json\/wp\/v2\/posts\/177930","targetHints":{"allow":["GET"]}}],"collection":[{"href":"https:\/\/www.em.com.br\/emfoco\/wp-json\/wp\/v2\/posts"}],"about":[{"href":"https:\/\/www.em.com.br\/emfoco\/wp-json\/wp\/v2\/types\/post"}],"author":[{"embeddable":true,"href":"https:\/\/www.em.com.br\/emfoco\/wp-json\/wp\/v2\/users\/9"}],"replies":[{"embeddable":true,"href":"https:\/\/www.em.com.br\/emfoco\/wp-json\/wp\/v2\/comments?post=177930"}],"version-history":[{"count":2,"href":"https:\/\/www.em.com.br\/emfoco\/wp-json\/wp\/v2\/posts\/177930\/revisions"}],"predecessor-version":[{"id":178046,"href":"https:\/\/www.em.com.br\/emfoco\/wp-json\/wp\/v2\/posts\/177930\/revisions\/178046"}],"wp:featuredmedia":[{"embeddable":true,"href":"https:\/\/www.em.com.br\/emfoco\/wp-json\/wp\/v2\/media\/178044"}],"wp:attachment":[{"href":"https:\/\/www.em.com.br\/emfoco\/wp-json\/wp\/v2\/media?parent=177930"}],"wp:term":[{"taxonomy":"category","embeddable":true,"href":"https:\/\/www.em.com.br\/emfoco\/wp-json\/wp\/v2\/categories?post=177930"},{"taxonomy":"post_tag","embeddable":true,"href":"https:\/\/www.em.com.br\/emfoco\/wp-json\/wp\/v2\/tags?post=177930"}],"curies":[{"name":"wp","href":"https:\/\/api.w.org\/{rel}","templated":true}]}}