{"id":177925,"date":"2026-03-06T21:25:21","date_gmt":"2026-03-07T00:25:21","guid":{"rendered":"https:\/\/www.em.com.br\/emfoco\/?p=177925"},"modified":"2026-03-05T18:22:54","modified_gmt":"2026-03-05T21:22:54","slug":"as-melhores-flores-para-salas-pequenas-que-trazem-cor-e-perfume-sem-ocupar-muito-espaco-no-dia-a-dia","status":"publish","type":"post","link":"https:\/\/www.em.com.br\/emfoco\/2026\/03\/06\/as-melhores-flores-para-salas-pequenas-que-trazem-cor-e-perfume-sem-ocupar-muito-espaco-no-dia-a-dia\/","title":{"rendered":"As melhores flores para salas pequenas que trazem cor e perfume sem ocupar muito espa\u00e7o no dia a dia"},"content":{"rendered":"\n<p>Imagine chegar em casa depois de um dia puxado e sentir, logo na sala, o frescor de um pequeno jardim particular. \u00c9 isso que o <strong>design biof\u00edlico<\/strong> com flores ornamentais prop\u00f5e: aproximar as pessoas da <strong>natureza dentro<\/strong> de casa, usando cores, texturas e elementos vivos, sem precisar de grandes reformas ou gastos exagerados.<\/p>\n\n\n\n<h2 class=\"wp-block-heading\">O que \u00e9 design biof\u00edlico na sala e por que as flores fazem tanta diferen\u00e7a<\/h2>\n\n\n\n<p>O <strong>design biof\u00edlico<\/strong> na sala \u00e9 a arte de integrar plantas e elementos naturais ao ambiente de forma <strong>intencional e<\/strong> harmoniosa. N\u00e3o \u00e9 \u201cespalhar vasinhos\u201d, mas criar uma conex\u00e3o visual e emocional com a natureza, deixando o espa\u00e7o mais acolhedor, vivo e com sensa\u00e7\u00e3o de respiro.<\/p>\n\n\n\n<p>As flores ornamentais s\u00e3o centrais porque trazem <strong>cor, movimento<\/strong> e at\u00e9 um perfume suave, quebrando a monotonia de m\u00f3veis e paredes. Com a escolha certa de esp\u00e9cies, \u00e9 poss\u00edvel destacar cantos espec\u00edficos, suavizar \u00e1reas muito frias e at\u00e9 separar sutilmente os espa\u00e7os de estar, TV e <strong>jantar na<\/strong> mesma sala.<\/p>\n\n\n<div class=\"wp-block-image\">\n<figure class=\"aligncenter size-large\"><img loading=\"lazy\" decoding=\"async\" width=\"1024\" height=\"576\" src=\"https:\/\/www.em.com.br\/emfoco\/wp-content\/uploads\/2026\/03\/sala-biofilica_1772745670039-1024x576.jpg\" alt=\"\" class=\"wp-image-178085\" srcset=\"https:\/\/www.em.com.br\/emfoco\/wp-content\/uploads\/2026\/03\/sala-biofilica_1772745670039-1024x576.jpg 1024w, https:\/\/www.em.com.br\/emfoco\/wp-content\/uploads\/2026\/03\/sala-biofilica_1772745670039-300x169.jpg 300w, https:\/\/www.em.com.br\/emfoco\/wp-content\/uploads\/2026\/03\/sala-biofilica_1772745670039-768x432.jpg 768w, https:\/\/www.em.com.br\/emfoco\/wp-content\/uploads\/2026\/03\/sala-biofilica_1772745670039-750x422.jpg 750w, https:\/\/www.em.com.br\/emfoco\/wp-content\/uploads\/2026\/03\/sala-biofilica_1772745670039-1140x641.jpg 1140w, https:\/\/www.em.com.br\/emfoco\/wp-content\/uploads\/2026\/03\/sala-biofilica_1772745670039.jpg 1280w\" sizes=\"auto, (max-width: 1024px) 100vw, 1024px\" \/><figcaption class=\"wp-element-caption\">As flores ornamentais s\u00e3o centrais porque trazem cor, movimento e at\u00e9 um perfume suave &#8211; Cr\u00e9ditos: depositphotos.com \/ ArchiVIz<\/figcaption><\/figure><\/div>\n\n\n<p>Leia tamb\u00e9m:&nbsp;<a href=\"https:\/\/www.em.com.br\/emfoco\/2026\/02\/26\/por-dentro-da-mansao-de-bad-bunny-em-los-angeles-decoracao-exclusiva-e-ambientes-de-alto-padrao\/\" target=\"_blank\" rel=\"noopener\">Por dentro da mans\u00e3o de Bad Bunny em Los Angeles: decora\u00e7\u00e3o exclusiva e ambientes de alto padr\u00e3o<\/a><\/p>\n\n\n\n<h2 class=\"wp-block-heading\">Como montar um design biof\u00edlico na sala usando flores ornamentais<\/h2>\n\n\n\n<p>Para montar um cantinho verde na sala, vale observar com calma o ambiente: onde entra mais <strong>luz natural<\/strong>, quais cantos est\u00e3o vazios, quais m\u00f3veis podem receber vasos e onde a circula\u00e7\u00e3o de pessoas \u00e9 mais intensa. Assim, voc\u00ea evita exageros e cria uma composi\u00e7\u00e3o leve, bonita e <strong>funcional para<\/strong> o dia a dia.<\/p>\n\n\n\n<p>Depois, pense no estilo que combina com voc\u00ea: algo mais minimalista, tropical, rom\u00e2ntico, r\u00fastico ou contempor\u00e2neo. A partir disso, escolha esp\u00e9cies que se adaptem \u00e0 luminosidade do local e crie camadas de altura, misturando vasos no ch\u00e3o, sobre m\u00f3veis e em prateleiras para dar profundidade e um ar de <strong>paisagem natural<\/strong> em miniatura.<\/p>\n\n\n\n<figure class=\"wp-block-embed is-type-rich is-provider-pinterest wp-block-embed-pinterest\"><div class=\"wp-block-embed__wrapper\">\n<iframe loading=\"lazy\" title=\"The Prettiest Pink Indoor Plants (And How to Care for Them)\" src=\"https:\/\/assets.pinterest.com\/ext\/embed.html?id=140806234548459&#038;src=oembed\" height=\"924\" width=\"450\" frameborder=\"0\" scrolling=\"no\" ><\/iframe>\n<\/div><\/figure>\n\n\n\n<h2 class=\"wp-block-heading\">Quais flores ornamentais funcionam melhor na sala do dia a dia<\/h2>\n\n\n\n<p>Na hora de escolher as flores ornamentais, \u00e9 importante pensar em praticidade, necessidade de luz e perfume. Salas pequenas costumam ficar mais agrad\u00e1veis com fragr\u00e2ncias suaves e cores delicadas, enquanto espa\u00e7os maiores aceitam arranjos mais intensos e <strong>volumosos sem<\/strong> pesar no visual.<\/p>\n\n\n\n<p>Para facilitar, veja algumas esp\u00e9cies que costumam se adaptar bem a ambientes internos e deixam a sala com cara de casa viva e bem cuidada:<\/p>\n\n\n\n<ul class=\"wp-block-list\">\n<li><strong>Orqu\u00eddeas delicadas<\/strong>: perfeitas para mesas e aparadores, gostam de luz indireta e t\u00eam flores que duram bastante tempo.<\/li>\n\n\n\n<li><strong>Anthurium colorido<\/strong>: resistente e marcante, combina bem com salas modernas e cheias de personalidade.<\/li>\n\n\n\n<li><strong>Violeta-africana<\/strong>: de pequeno porte, \u00f3tima para estantes e mesas laterais, prefere sombra luminosa e ambiente acolhedor.<\/li>\n\n\n\n<li><strong>L\u00edrio-da-paz branco<\/strong>: mistura folhagem verde intensa com flores claras, trazendo sensa\u00e7\u00e3o de calma e equil\u00edbrio.<\/li>\n\n\n\n<li><strong>Brom\u00e9lias ornamentais<\/strong>: d\u00e3o um toque tropical, com cores fortes e boa adapta\u00e7\u00e3o \u00e0 luz filtrada pela janela.<\/li>\n<\/ul>\n\n\n\n<p>Para voc\u00ea que gosta de plantas, separamos um v\u00eddeo do canal <a href=\"https:\/\/www.youtube.com\/@MinhasPlantas\">Minhas<\/a><a href=\"https:\/\/www.youtube.com\/@MinhasPlantas\" target=\"_blank\" rel=\"noreferrer noopener\"> <\/a><a href=\"https:\/\/www.youtube.com\/@MinhasPlantas\">Plantas<\/a> com dicas de plantas para interior:<\/p>\n\n\n\n<figure class=\"wp-block-embed is-type-video is-provider-youtube wp-block-embed-youtube wp-embed-aspect-16-9 wp-has-aspect-ratio\"><div class=\"wp-block-embed__wrapper\">\n<div class=\"jeg_video_container jeg_video_content\"><iframe loading=\"lazy\" title=\"15 PLANTAS GRANDES para SALA: sugest\u00f5es de DECORA\u00c7\u00c3O de CASA\" width=\"500\" height=\"281\" src=\"https:\/\/www.youtube.com\/embed\/O-MCGpPjmoY?start=1&#038;feature=oembed\" frameborder=\"0\" allow=\"accelerometer; autoplay; clipboard-write; encrypted-media; gyroscope; picture-in-picture; web-share\" referrerpolicy=\"strict-origin-when-cross-origin\" allowfullscreen><\/iframe><\/div>\n<\/div><\/figure>\n\n\n\n<h2 class=\"wp-block-heading\">Como manter o design biof\u00edlico com flores sempre bonito na sala<\/h2>\n\n\n\n<p>Para que o visual continue agrad\u00e1vel e n\u00e3o vire dor de cabe\u00e7a, vale apostar em esp\u00e9cies mais resistentes e rotinas simples. Observar a necessidade de <strong>luz e<\/strong> \u00e1gua de cada planta \u00e9 o primeiro passo, evitando excesso de rega e sol direto onde n\u00e3o \u00e9 indicado, o que pode queimar folhas e enfraquecer as flores.<\/p>\n\n\n\n<p>Outra dica \u00e9 girar os vasos de vez em quando para que cres\u00e7am de forma equilibrada, tirar folhas secas e flores murchas e ficar de olho em pragas. Intercalar plantas envasadas com arranjos de flores de corte tamb\u00e9m funciona bem: voc\u00ea mant\u00e9m uma base verde constante e varia as cores conforme as <strong>esta\u00e7\u00f5es do<\/strong> ano.<\/p>\n\n\n\n<figure class=\"wp-block-embed is-type-rich is-provider-pinterest wp-block-embed-pinterest\"><div class=\"wp-block-embed__wrapper\">\n<iframe loading=\"lazy\" title=\" \" src=\"https:\/\/assets.pinterest.com\/ext\/embed.html?id=4855512094765316&#038;src=oembed\" height=\"810\" width=\"450\" frameborder=\"0\" scrolling=\"no\" ><\/iframe>\n<\/div><\/figure>\n\n\n\n<h2 class=\"wp-block-heading\">Como integrar flores ornamentais \u00e0 decora\u00e7\u00e3o da sala de forma harmoniosa<\/h2>\n\n\n\n<p>As flores conversam melhor com o resto da decora\u00e7\u00e3o quando cores e materiais est\u00e3o em sintonia. Vasos de <strong>cer\u00e2mica, vidro<\/strong>, fibras naturais ou metal ajudam a refor\u00e7ar o estilo da sala, seja ele mais r\u00fastico, cl\u00e1ssico ou moderno, sem brigar com sof\u00e1s, tapetes e m\u00f3veis j\u00e1 existentes.<\/p>\n\n\n\n<p>Detalhes como almofadas, quadros e tapetes com estampas bot\u00e2nicas podem completar o clima natural sem exagero. Assim, as flores funcionam como ponto de equil\u00edbrio entre TV, eletr\u00f4nicos e superf\u00edcies frias, trazendo aconchego e aquela sensa\u00e7\u00e3o gostosa de ter um pedacinho de <strong>jardim dentro<\/strong> de casa.<\/p>\n","protected":false},"excerpt":{"rendered":"<p>Imagine chegar em casa depois de um dia puxado e sentir, logo na sala, o frescor de um pequeno jardim particular. \u00c9 isso que o design biof\u00edlico com flores ornamentais prop\u00f5e: aproximar as pessoas da natureza dentro de casa, usando cores, texturas e elementos vivos, sem precisar de grandes reformas ou gastos exagerados. O que [&hellip;]<\/p>\n","protected":false},"author":9,"featured_media":178087,"comment_status":"open","ping_status":"open","sticky":false,"template":"","format":"standard","meta":{"jnews-multi-image_gallery":[],"jnews_single_post":{"format":"standard"},"jnews_primary_category":[],"jnews_social_meta":[],"jnews_override_counter":[],"footnotes":""},"categories":[8819,1],"tags":[25755,7810,14761],"class_list":["post-177925","post","type-post","status-publish","format-standard","has-post-thumbnail","hentry","category-curiosidades","category-noticias","tag-design-biofilico","tag-flores-ornamentais","tag-sala-de-estar"],"yoast_head":"<!-- This site is optimized with the Yoast SEO plugin v23.8 - https:\/\/yoast.com\/wordpress\/plugins\/seo\/ -->\n<title>As melhores flores para salas pequenas que trazem cor e perfume sem ocupar muito espa\u00e7o no dia a dia - Estado de Minas - Em foco<\/title>\n<meta name=\"description\" content=\"Transforme sua sala com o design biof\u00edlico usando flores ornamentais para criar um ambiente vivo e acolhedor\" \/>\n<meta name=\"robots\" content=\"index, follow, max-snippet:-1, max-image-preview:large, max-video-preview:-1\" \/>\n<link rel=\"canonical\" href=\"https:\/\/www.em.com.br\/emfoco\/2026\/03\/06\/as-melhores-flores-para-salas-pequenas-que-trazem-cor-e-perfume-sem-ocupar-muito-espaco-no-dia-a-dia\/\" \/>\n<meta property=\"og:locale\" content=\"pt_BR\" \/>\n<meta property=\"og:type\" content=\"article\" \/>\n<meta property=\"og:title\" content=\"As melhores flores para salas pequenas que trazem cor e perfume sem ocupar muito espa\u00e7o no dia a dia - Estado de Minas - Em foco\" \/>\n<meta property=\"og:description\" content=\"Transforme sua sala com o design biof\u00edlico usando flores ornamentais para criar um ambiente vivo e acolhedor\" \/>\n<meta property=\"og:url\" content=\"https:\/\/www.em.com.br\/emfoco\/2026\/03\/06\/as-melhores-flores-para-salas-pequenas-que-trazem-cor-e-perfume-sem-ocupar-muito-espaco-no-dia-a-dia\/\" \/>\n<meta property=\"og:site_name\" content=\"Estado de Minas - Em foco\" \/>\n<meta property=\"article:published_time\" content=\"2026-03-07T00:25:21+00:00\" \/>\n<meta property=\"article:modified_time\" content=\"2026-03-05T21:22:54+00:00\" \/>\n<meta property=\"og:image\" content=\"https:\/\/www.em.com.br\/emfoco\/wp-content\/uploads\/2026\/03\/sala-biofilica_1772745765771.jpg\" \/>\n\t<meta property=\"og:image:width\" content=\"1280\" \/>\n\t<meta property=\"og:image:height\" content=\"720\" \/>\n\t<meta property=\"og:image:type\" content=\"image\/jpeg\" \/>\n<meta name=\"author\" content=\"Daniely Cardoso\" \/>\n<meta name=\"twitter:card\" content=\"summary_large_image\" \/>\n<meta name=\"twitter:label1\" content=\"Escrito por\" \/>\n\t<meta name=\"twitter:data1\" content=\"Daniely Cardoso\" \/>\n\t<meta name=\"twitter:label2\" content=\"Est. tempo de leitura\" \/>\n\t<meta name=\"twitter:data2\" content=\"5 minutos\" \/>\n<!-- \/ Yoast SEO plugin. -->","yoast_head_json":{"title":"As melhores flores para salas pequenas que trazem cor e perfume sem ocupar muito espa\u00e7o no dia a dia - Estado de Minas - Em foco","description":"Transforme sua sala com o design biof\u00edlico usando flores ornamentais para criar um ambiente vivo e acolhedor","robots":{"index":"index","follow":"follow","max-snippet":"max-snippet:-1","max-image-preview":"max-image-preview:large","max-video-preview":"max-video-preview:-1"},"canonical":"https:\/\/www.em.com.br\/emfoco\/2026\/03\/06\/as-melhores-flores-para-salas-pequenas-que-trazem-cor-e-perfume-sem-ocupar-muito-espaco-no-dia-a-dia\/","og_locale":"pt_BR","og_type":"article","og_title":"As melhores flores para salas pequenas que trazem cor e perfume sem ocupar muito espa\u00e7o no dia a dia - Estado de Minas - Em foco","og_description":"Transforme sua sala com o design biof\u00edlico usando flores ornamentais para criar um ambiente vivo e acolhedor","og_url":"https:\/\/www.em.com.br\/emfoco\/2026\/03\/06\/as-melhores-flores-para-salas-pequenas-que-trazem-cor-e-perfume-sem-ocupar-muito-espaco-no-dia-a-dia\/","og_site_name":"Estado de Minas - Em foco","article_published_time":"2026-03-07T00:25:21+00:00","article_modified_time":"2026-03-05T21:22:54+00:00","og_image":[{"width":1280,"height":720,"url":"https:\/\/www.em.com.br\/emfoco\/wp-content\/uploads\/2026\/03\/sala-biofilica_1772745765771.jpg","type":"image\/jpeg"}],"author":"Daniely Cardoso","twitter_card":"summary_large_image","twitter_misc":{"Escrito por":"Daniely Cardoso","Est. tempo de leitura":"5 minutos"},"schema":{"@context":"https:\/\/schema.org","@graph":[{"@type":"WebPage","@id":"https:\/\/www.em.com.br\/emfoco\/2026\/03\/06\/as-melhores-flores-para-salas-pequenas-que-trazem-cor-e-perfume-sem-ocupar-muito-espaco-no-dia-a-dia\/","url":"https:\/\/www.em.com.br\/emfoco\/2026\/03\/06\/as-melhores-flores-para-salas-pequenas-que-trazem-cor-e-perfume-sem-ocupar-muito-espaco-no-dia-a-dia\/","name":"As melhores flores para salas pequenas que trazem cor e perfume sem ocupar muito espa\u00e7o no dia a dia - Estado de Minas - Em foco","isPartOf":{"@id":"https:\/\/www.em.com.br\/emfoco\/#website"},"primaryImageOfPage":{"@id":"https:\/\/www.em.com.br\/emfoco\/2026\/03\/06\/as-melhores-flores-para-salas-pequenas-que-trazem-cor-e-perfume-sem-ocupar-muito-espaco-no-dia-a-dia\/#primaryimage"},"image":{"@id":"https:\/\/www.em.com.br\/emfoco\/2026\/03\/06\/as-melhores-flores-para-salas-pequenas-que-trazem-cor-e-perfume-sem-ocupar-muito-espaco-no-dia-a-dia\/#primaryimage"},"thumbnailUrl":"https:\/\/www.em.com.br\/emfoco\/wp-content\/uploads\/2026\/03\/sala-biofilica_1772745765771.jpg","datePublished":"2026-03-07T00:25:21+00:00","dateModified":"2026-03-05T21:22:54+00:00","author":{"@id":"https:\/\/www.em.com.br\/emfoco\/#\/schema\/person\/0a8186d72f2c3a5c6276d90b41f271a0"},"description":"Transforme sua sala com o design biof\u00edlico usando flores ornamentais para criar um ambiente vivo e acolhedor","breadcrumb":{"@id":"https:\/\/www.em.com.br\/emfoco\/2026\/03\/06\/as-melhores-flores-para-salas-pequenas-que-trazem-cor-e-perfume-sem-ocupar-muito-espaco-no-dia-a-dia\/#breadcrumb"},"inLanguage":"pt-BR","potentialAction":[{"@type":"ReadAction","target":["https:\/\/www.em.com.br\/emfoco\/2026\/03\/06\/as-melhores-flores-para-salas-pequenas-que-trazem-cor-e-perfume-sem-ocupar-muito-espaco-no-dia-a-dia\/"]}]},{"@type":"ImageObject","inLanguage":"pt-BR","@id":"https:\/\/www.em.com.br\/emfoco\/2026\/03\/06\/as-melhores-flores-para-salas-pequenas-que-trazem-cor-e-perfume-sem-ocupar-muito-espaco-no-dia-a-dia\/#primaryimage","url":"https:\/\/www.em.com.br\/emfoco\/wp-content\/uploads\/2026\/03\/sala-biofilica_1772745765771.jpg","contentUrl":"https:\/\/www.em.com.br\/emfoco\/wp-content\/uploads\/2026\/03\/sala-biofilica_1772745765771.jpg","width":1280,"height":720,"caption":"O design biof\u00edlico na sala \u00e9 a arte de integrar plantas e elementos naturais ao ambiente de forma intencional e harmoniosa - Cr\u00e9ditos: depositphotos.com \/ annas.stills.gmail.com"},{"@type":"BreadcrumbList","@id":"https:\/\/www.em.com.br\/emfoco\/2026\/03\/06\/as-melhores-flores-para-salas-pequenas-que-trazem-cor-e-perfume-sem-ocupar-muito-espaco-no-dia-a-dia\/#breadcrumb","itemListElement":[{"@type":"ListItem","position":1,"name":"In\u00edcio","item":"https:\/\/www.em.com.br\/emfoco\/"},{"@type":"ListItem","position":2,"name":"As melhores flores para salas pequenas que trazem cor e perfume sem ocupar muito espa\u00e7o no dia a dia"}]},{"@type":"WebSite","@id":"https:\/\/www.em.com.br\/emfoco\/#website","url":"https:\/\/www.em.com.br\/emfoco\/","name":"Estado de Minas - Em foco","description":"Acompanhe as \u00faltimas not\u00edcias e fique bem informado sobre tudo o que acontece em Minas Gerais, Brasil e no mundo.","potentialAction":[{"@type":"SearchAction","target":{"@type":"EntryPoint","urlTemplate":"https:\/\/www.em.com.br\/emfoco\/?s={search_term_string}"},"query-input":{"@type":"PropertyValueSpecification","valueRequired":true,"valueName":"search_term_string"}}],"inLanguage":"pt-BR"},{"@type":"Person","@id":"https:\/\/www.em.com.br\/emfoco\/#\/schema\/person\/0a8186d72f2c3a5c6276d90b41f271a0","name":"Daniely Cardoso","image":{"@type":"ImageObject","inLanguage":"pt-BR","@id":"https:\/\/www.em.com.br\/emfoco\/#\/schema\/person\/image\/","url":"https:\/\/secure.gravatar.com\/avatar\/4b80ddbd124d1f071b626d52d62e5dff?s=96&d=mm&r=g","contentUrl":"https:\/\/secure.gravatar.com\/avatar\/4b80ddbd124d1f071b626d52d62e5dff?s=96&d=mm&r=g","caption":"Daniely Cardoso"},"url":"https:\/\/www.em.com.br\/emfoco\/author\/danielymyth\/"}]}},"_links":{"self":[{"href":"https:\/\/www.em.com.br\/emfoco\/wp-json\/wp\/v2\/posts\/177925","targetHints":{"allow":["GET"]}}],"collection":[{"href":"https:\/\/www.em.com.br\/emfoco\/wp-json\/wp\/v2\/posts"}],"about":[{"href":"https:\/\/www.em.com.br\/emfoco\/wp-json\/wp\/v2\/types\/post"}],"author":[{"embeddable":true,"href":"https:\/\/www.em.com.br\/emfoco\/wp-json\/wp\/v2\/users\/9"}],"replies":[{"embeddable":true,"href":"https:\/\/www.em.com.br\/emfoco\/wp-json\/wp\/v2\/comments?post=177925"}],"version-history":[{"count":2,"href":"https:\/\/www.em.com.br\/emfoco\/wp-json\/wp\/v2\/posts\/177925\/revisions"}],"predecessor-version":[{"id":178088,"href":"https:\/\/www.em.com.br\/emfoco\/wp-json\/wp\/v2\/posts\/177925\/revisions\/178088"}],"wp:featuredmedia":[{"embeddable":true,"href":"https:\/\/www.em.com.br\/emfoco\/wp-json\/wp\/v2\/media\/178087"}],"wp:attachment":[{"href":"https:\/\/www.em.com.br\/emfoco\/wp-json\/wp\/v2\/media?parent=177925"}],"wp:term":[{"taxonomy":"category","embeddable":true,"href":"https:\/\/www.em.com.br\/emfoco\/wp-json\/wp\/v2\/categories?post=177925"},{"taxonomy":"post_tag","embeddable":true,"href":"https:\/\/www.em.com.br\/emfoco\/wp-json\/wp\/v2\/tags?post=177925"}],"curies":[{"name":"wp","href":"https:\/\/api.w.org\/{rel}","templated":true}]}}