{"id":177922,"date":"2026-03-06T20:05:58","date_gmt":"2026-03-06T23:05:58","guid":{"rendered":"https:\/\/www.em.com.br\/emfoco\/?p=177922"},"modified":"2026-03-05T18:11:58","modified_gmt":"2026-03-05T21:11:58","slug":"nem-incenso-nem-desinfetante-as-plantas-que-eliminam-odores-e-trazem-frescor-imediato-para-a-sala","status":"publish","type":"post","link":"https:\/\/www.em.com.br\/emfoco\/2026\/03\/06\/nem-incenso-nem-desinfetante-as-plantas-que-eliminam-odores-e-trazem-frescor-imediato-para-a-sala\/","title":{"rendered":"Nem incenso, nem desinfetante: as plantas que eliminam odores e trazem frescor imediato para a sala"},"content":{"rendered":"\n<p>Voc\u00ea j\u00e1 entrou em uma casa e sentiu aquele <strong>cheirinho gostoso<\/strong> no ar, bem natural, que d\u00e1 vontade de ficar mais tempo ali? Muitas pessoas t\u00eam apostado em <strong>plantas arom\u00e1ticas<\/strong> dentro de casas e apartamentos como uma forma simples de deixar o ambiente mais cheiroso, agrad\u00e1vel e acolhedor, sem depender s\u00f3 de sprays e difusores artificiais.<\/p>\n\n\n\n<h2 class=\"wp-block-heading\">Por que usar plantas arom\u00e1ticas para deixar a casa mais cheirosa<\/h2>\n\n\n\n<p>As <strong>plantas perfumadas<\/strong> liberam \u00f3leos essenciais de forma cont\u00ednua ou quando s\u00e3o tocadas, regadas ou recebem vento, ajudando a neutralizar odores do ambiente e trazendo uma sensa\u00e7\u00e3o de <strong>frescor natural<\/strong>. Para quem mora em \u00e1reas urbanas, ter plantas arom\u00e1ticas em casa tamb\u00e9m pode amenizar cheiros vindos da rua ou de cozinhas muito utilizadas, deixando o ar mais leve e gostoso.<\/p>\n\n\n\n<p>Outra vantagem \u00e9 a <strong>versatilidade pr\u00e1tica<\/strong>. A mesma esp\u00e9cie que perfuma a sala pode ser usada como tempero na cozinha ou em ch\u00e1s, desde que seja pr\u00f3pria para consumo. Al\u00e9m disso, as plantas ajudam na decora\u00e7\u00e3o, criando pontos de cor e textura em prateleiras, bancadas ou varandas, cumprindo uma fun\u00e7\u00e3o est\u00e9tica, funcional e \u00e0s vezes at\u00e9 <strong>culin\u00e1ria<\/strong>.<\/p>\n\n\n\n<figure class=\"wp-block-embed is-type-rich is-provider-pinterest wp-block-embed-pinterest\"><div class=\"wp-block-embed__wrapper\">\n<iframe loading=\"lazy\" title=\"GardenEleganceHub\" src=\"https:\/\/assets.pinterest.com\/ext\/embed.html?id=1266706141828576&#038;src=oembed\" height=\"899\" width=\"450\" frameborder=\"0\" scrolling=\"no\" ><\/iframe>\n<\/div><\/figure>\n\n\n\n<p>Leia tamb\u00e9m:&nbsp;<a href=\"https:\/\/www.em.com.br\/emfoco\/2026\/03\/02\/como-plantar-melancia-em-casa-e-deixa-las-mais-docinhas-do-que-as-que-voce-compra-no-mercado\/\" target=\"_blank\" rel=\"noopener\">Como plantar melancia em casa e deix\u00e1-las mais docinhas do que as que voc\u00ea compra no mercado<\/a><\/p>\n\n\n\n<h2 class=\"wp-block-heading\">Lavanda \u00e9 a cl\u00e1ssica planta arom\u00e1tica para ambientes internos<\/h2>\n\n\n\n<p>A <strong>lavanda<\/strong> \u00e9 uma das plantas arom\u00e1ticas mais conhecidas e costuma ser associada a ambientes tranquilos, ideal para quem busca uma sensa\u00e7\u00e3o de calma depois de um dia corrido. Seu cheiro marcante se espalha com facilidade, principalmente quando h\u00e1 boa circula\u00e7\u00e3o de ar, sendo muito usada em quartos, salas de leitura e cantinhos de <strong>descanso<\/strong>.<\/p>\n\n\n\n<p>Para se desenvolver bem dentro de casa, a lavanda precisa de bastante luz indireta ou sol suave, al\u00e9m de solo bem drenado para evitar excesso de \u00e1gua nas ra\u00edzes. Em apartamentos, vasos m\u00e9dios pr\u00f3ximos a janelas costumam ser suficientes para manter a planta saud\u00e1vel, perfumando o espa\u00e7o com um aroma <strong>floral suave<\/strong>.<\/p>\n\n\n\n<ul class=\"wp-block-list\">\n<li><strong>Melhor local<\/strong> em quartos, salas e varandas com boa ilumina\u00e7\u00e3o.<\/li>\n\n\n\n<li><strong>Frequ\u00eancia de rega<\/strong> moderada, sempre evitando encharcamento.<\/li>\n\n\n\n<li><strong>Aroma floral<\/strong>, suave e relativamente cont\u00ednuo no dia a dia.<\/li>\n<\/ul>\n\n\n\n<figure class=\"wp-block-embed is-type-rich is-provider-pinterest wp-block-embed-pinterest\"><div class=\"wp-block-embed__wrapper\">\n<iframe loading=\"lazy\" title=\"Cuidados com Alecrim\" src=\"https:\/\/assets.pinterest.com\/ext\/embed.html?id=68749466718&#038;src=oembed\" height=\"899\" width=\"450\" frameborder=\"0\" scrolling=\"no\" ><\/iframe>\n<\/div><\/figure>\n\n\n\n<h2 class=\"wp-block-heading\">Hortel\u00e3 \u00e9 uma boa planta arom\u00e1tica para cozinha<\/h2>\n\n\n\n<p>A <strong>hortel\u00e3<\/strong> \u00e9 considerada uma das esp\u00e9cies mais pr\u00e1ticas para quem busca plantas cheirosas para cozinha, j\u00e1 que exala um aroma fresco sempre que as folhas s\u00e3o tocadas, cortadas ou regadas. Al\u00e9m de perfumar o ambiente, as folhas podem ser usadas em ch\u00e1s, sucos, sobremesas e pratos salgados, trazendo um toque de <strong>refresc\u00e2ncia natural<\/strong>.<\/p>\n\n\n\n<p>Por ser uma planta de crescimento r\u00e1pido, a hortel\u00e3 se adapta bem a vasos pequenos ou m\u00e9dios e n\u00e3o exige tantos cuidados espec\u00edficos, desde que receba boa luz indireta. Como se espalha com facilidade, muitas pessoas preferem deix\u00e1-la em um vaso pr\u00f3prio, mantendo o solo levemente \u00famido e evitando que a planta tome conta de <strong>canteiros inteiros<\/strong>.<\/p>\n\n\n\n<ol class=\"wp-block-list\">\n<li>Colocar o vaso perto de uma janela iluminada.<\/li>\n\n\n\n<li>Manter a terra levemente \u00famida, sem excesso de \u00e1gua.<\/li>\n\n\n\n<li>Podar as pontas com regularidade para estimular novas folhas.<\/li>\n\n\n\n<li>Retirar folhas secas para evitar pragas.<\/li>\n<\/ol>\n\n\n\n<p>Para voc\u00ea que gosta de plantar, separamos um v\u00eddeo do canal <a href=\"https:\/\/www.youtube.com\/@vidanojardim\" target=\"_blank\" rel=\"noreferrer noopener\">Vida no Jardim<\/a> com dicas de plantas arom\u00e1ticas para sua casa:<\/p>\n\n\n\n<figure class=\"wp-block-embed is-type-video is-provider-youtube wp-block-embed-youtube wp-embed-aspect-16-9 wp-has-aspect-ratio\"><div class=\"wp-block-embed__wrapper\">\n<div class=\"jeg_video_container jeg_video_content\"><iframe loading=\"lazy\" title=\"7 Sugest\u00f5es de Plantas Aroma\u0301ticas para CASA e APARTAMENTO\" width=\"500\" height=\"281\" src=\"https:\/\/www.youtube.com\/embed\/mg4yDnJOFxo?feature=oembed\" frameborder=\"0\" allow=\"accelerometer; autoplay; clipboard-write; encrypted-media; gyroscope; picture-in-picture; web-share\" referrerpolicy=\"strict-origin-when-cross-origin\" allowfullscreen><\/iframe><\/div>\n<\/div><\/figure>\n\n\n\n<h2 class=\"wp-block-heading\">Manjeric\u00e3o e alecrim s\u00e3o dupla arom\u00e1tica para sala e varanda<\/h2>\n\n\n\n<p><strong>Manjeric\u00e3o<\/strong> e alecrim formam uma combina\u00e7\u00e3o frequente em varandas, janelas e at\u00e9 salas bem iluminadas, unindo perfume e praticidade na cozinha. O manjeric\u00e3o tem cheiro intenso, muito associado \u00e0 culin\u00e1ria, enquanto o alecrim apresenta aroma mais resinoso e marcante, que se espalha quando os ramos s\u00e3o tocados ou recebem <strong>luz solar<\/strong>.<\/p>\n\n\n\n<p>Essas duas plantas arom\u00e1ticas exigem bastante claridade e algumas horas de sol por dia para ficarem bonitas e cheirosas. O manjeric\u00e3o gosta de solo \u00famido, enquanto o alecrim suporta melhor per\u00edodos de seca moderada, funcionando bem em jardineiras em peitoris de janelas, onde o vento ajuda a carregar o cheiro para dentro da casa de forma <strong>agrad\u00e1vel<\/strong>.<\/p>\n\n\n\n<figure class=\"wp-block-embed is-type-rich is-provider-pinterest wp-block-embed-pinterest\"><div class=\"wp-block-embed__wrapper\">\n<iframe loading=\"lazy\" title=\"6 Tactics To Grow Lavender In A Pot\" src=\"https:\/\/assets.pinterest.com\/ext\/embed.html?id=495466396530152409&#038;src=oembed\" height=\"775\" width=\"450\" frameborder=\"0\" scrolling=\"no\" ><\/iframe>\n<\/div><\/figure>\n\n\n\n<h2 class=\"wp-block-heading\">Como escolher a melhor planta arom\u00e1tica para cada c\u00f4modo<\/h2>\n\n\n\n<p>A escolha da <strong>planta ideal<\/strong> passa por tr\u00eas pontos principais: quantidade de luz do ambiente, circula\u00e7\u00e3o de ar e uso do c\u00f4modo no dia a dia. Em quartos, esp\u00e9cies de cheiro mais suave, como a lavanda, tendem a ser mais adequadas, enquanto cozinhas se beneficiam de ervas frescas como hortel\u00e3 e manjeric\u00e3o, que perfumam e ainda servem como <strong>tempero<\/strong>.<\/p>\n\n\n\n<p>Tamb\u00e9m \u00e9 importante verificar se algu\u00e9m em casa tem alergias ou sensibilidade a cheiros mais intensos, ajustando a quantidade de vasos ou a escolha das esp\u00e9cies. A partir da\u00ed, a combina\u00e7\u00e3o de vasos pequenos espalhados pela casa pode criar um perfume natural constante, ajudando a manter o ambiente mais cheiroso de forma simples, acess\u00edvel e <strong>acolhedora<\/strong>.<\/p>\n","protected":false},"excerpt":{"rendered":"<p>Voc\u00ea j\u00e1 entrou em uma casa e sentiu aquele cheirinho gostoso no ar, bem natural, que d\u00e1 vontade de ficar mais tempo ali? Muitas pessoas t\u00eam apostado em plantas arom\u00e1ticas dentro de casas e apartamentos como uma forma simples de deixar o ambiente mais cheiroso, agrad\u00e1vel e acolhedor, sem depender s\u00f3 de sprays e difusores [&hellip;]<\/p>\n","protected":false},"author":9,"featured_media":178071,"comment_status":"open","ping_status":"open","sticky":false,"template":"","format":"standard","meta":{"jnews-multi-image_gallery":[],"jnews_single_post":{"format":"standard"},"jnews_primary_category":[],"jnews_social_meta":[],"jnews_override_counter":[],"footnotes":""},"categories":[8691,1],"tags":[2911,7701,4687,7646],"class_list":["post-177922","post","type-post","status-publish","format-standard","has-post-thumbnail","hentry","category-bem-estar","category-noticias","tag-casa","tag-como-plantar","tag-decoracao","tag-plantas-aromaticas"],"yoast_head":"<!-- This site is optimized with the Yoast SEO plugin v23.8 - https:\/\/yoast.com\/wordpress\/plugins\/seo\/ -->\n<title>Nem incenso, nem desinfetante: as plantas que eliminam odores e trazem frescor imediato para a sala - Estado de Minas - Em foco<\/title>\n<meta name=\"description\" content=\"Abandone os sprays artificiais e use plantas arom\u00e1ticas para deixar sua casa cheirosa de forma natural\" \/>\n<meta name=\"robots\" content=\"index, follow, max-snippet:-1, max-image-preview:large, max-video-preview:-1\" \/>\n<link rel=\"canonical\" href=\"https:\/\/www.em.com.br\/emfoco\/2026\/03\/06\/nem-incenso-nem-desinfetante-as-plantas-que-eliminam-odores-e-trazem-frescor-imediato-para-a-sala\/\" \/>\n<meta property=\"og:locale\" content=\"pt_BR\" \/>\n<meta property=\"og:type\" content=\"article\" \/>\n<meta property=\"og:title\" content=\"Nem incenso, nem desinfetante: as plantas que eliminam odores e trazem frescor imediato para a sala - Estado de Minas - Em foco\" \/>\n<meta property=\"og:description\" content=\"Abandone os sprays artificiais e use plantas arom\u00e1ticas para deixar sua casa cheirosa de forma natural\" \/>\n<meta property=\"og:url\" content=\"https:\/\/www.em.com.br\/emfoco\/2026\/03\/06\/nem-incenso-nem-desinfetante-as-plantas-que-eliminam-odores-e-trazem-frescor-imediato-para-a-sala\/\" \/>\n<meta property=\"og:site_name\" content=\"Estado de Minas - Em foco\" \/>\n<meta property=\"article:published_time\" content=\"2026-03-06T23:05:58+00:00\" \/>\n<meta property=\"article:modified_time\" content=\"2026-03-05T21:11:58+00:00\" \/>\n<meta property=\"og:image\" content=\"https:\/\/www.em.com.br\/emfoco\/wp-content\/uploads\/2026\/03\/Gemini_Generated_Image_ae83v5ae83v5ae83-1.png\" \/>\n\t<meta property=\"og:image:width\" content=\"1280\" \/>\n\t<meta property=\"og:image:height\" content=\"720\" \/>\n\t<meta property=\"og:image:type\" content=\"image\/png\" \/>\n<meta name=\"author\" content=\"Daniely Cardoso\" \/>\n<meta name=\"twitter:card\" content=\"summary_large_image\" \/>\n<meta name=\"twitter:label1\" content=\"Escrito por\" \/>\n\t<meta name=\"twitter:data1\" content=\"Daniely Cardoso\" \/>\n\t<meta name=\"twitter:label2\" content=\"Est. tempo de leitura\" \/>\n\t<meta name=\"twitter:data2\" content=\"5 minutos\" \/>\n<!-- \/ Yoast SEO plugin. -->","yoast_head_json":{"title":"Nem incenso, nem desinfetante: as plantas que eliminam odores e trazem frescor imediato para a sala - Estado de Minas - Em foco","description":"Abandone os sprays artificiais e use plantas arom\u00e1ticas para deixar sua casa cheirosa de forma natural","robots":{"index":"index","follow":"follow","max-snippet":"max-snippet:-1","max-image-preview":"max-image-preview:large","max-video-preview":"max-video-preview:-1"},"canonical":"https:\/\/www.em.com.br\/emfoco\/2026\/03\/06\/nem-incenso-nem-desinfetante-as-plantas-que-eliminam-odores-e-trazem-frescor-imediato-para-a-sala\/","og_locale":"pt_BR","og_type":"article","og_title":"Nem incenso, nem desinfetante: as plantas que eliminam odores e trazem frescor imediato para a sala - Estado de Minas - Em foco","og_description":"Abandone os sprays artificiais e use plantas arom\u00e1ticas para deixar sua casa cheirosa de forma natural","og_url":"https:\/\/www.em.com.br\/emfoco\/2026\/03\/06\/nem-incenso-nem-desinfetante-as-plantas-que-eliminam-odores-e-trazem-frescor-imediato-para-a-sala\/","og_site_name":"Estado de Minas - Em foco","article_published_time":"2026-03-06T23:05:58+00:00","article_modified_time":"2026-03-05T21:11:58+00:00","og_image":[{"width":1280,"height":720,"url":"https:\/\/www.em.com.br\/emfoco\/wp-content\/uploads\/2026\/03\/Gemini_Generated_Image_ae83v5ae83v5ae83-1.png","type":"image\/png"}],"author":"Daniely Cardoso","twitter_card":"summary_large_image","twitter_misc":{"Escrito por":"Daniely Cardoso","Est. tempo de leitura":"5 minutos"},"schema":{"@context":"https:\/\/schema.org","@graph":[{"@type":"WebPage","@id":"https:\/\/www.em.com.br\/emfoco\/2026\/03\/06\/nem-incenso-nem-desinfetante-as-plantas-que-eliminam-odores-e-trazem-frescor-imediato-para-a-sala\/","url":"https:\/\/www.em.com.br\/emfoco\/2026\/03\/06\/nem-incenso-nem-desinfetante-as-plantas-que-eliminam-odores-e-trazem-frescor-imediato-para-a-sala\/","name":"Nem incenso, nem desinfetante: as plantas que eliminam odores e trazem frescor imediato para a sala - Estado de Minas - Em foco","isPartOf":{"@id":"https:\/\/www.em.com.br\/emfoco\/#website"},"primaryImageOfPage":{"@id":"https:\/\/www.em.com.br\/emfoco\/2026\/03\/06\/nem-incenso-nem-desinfetante-as-plantas-que-eliminam-odores-e-trazem-frescor-imediato-para-a-sala\/#primaryimage"},"image":{"@id":"https:\/\/www.em.com.br\/emfoco\/2026\/03\/06\/nem-incenso-nem-desinfetante-as-plantas-que-eliminam-odores-e-trazem-frescor-imediato-para-a-sala\/#primaryimage"},"thumbnailUrl":"https:\/\/www.em.com.br\/emfoco\/wp-content\/uploads\/2026\/03\/Gemini_Generated_Image_ae83v5ae83v5ae83-1.png","datePublished":"2026-03-06T23:05:58+00:00","dateModified":"2026-03-05T21:11:58+00:00","author":{"@id":"https:\/\/www.em.com.br\/emfoco\/#\/schema\/person\/0a8186d72f2c3a5c6276d90b41f271a0"},"description":"Abandone os sprays artificiais e use plantas arom\u00e1ticas para deixar sua casa cheirosa de forma natural","breadcrumb":{"@id":"https:\/\/www.em.com.br\/emfoco\/2026\/03\/06\/nem-incenso-nem-desinfetante-as-plantas-que-eliminam-odores-e-trazem-frescor-imediato-para-a-sala\/#breadcrumb"},"inLanguage":"pt-BR","potentialAction":[{"@type":"ReadAction","target":["https:\/\/www.em.com.br\/emfoco\/2026\/03\/06\/nem-incenso-nem-desinfetante-as-plantas-que-eliminam-odores-e-trazem-frescor-imediato-para-a-sala\/"]}]},{"@type":"ImageObject","inLanguage":"pt-BR","@id":"https:\/\/www.em.com.br\/emfoco\/2026\/03\/06\/nem-incenso-nem-desinfetante-as-plantas-que-eliminam-odores-e-trazem-frescor-imediato-para-a-sala\/#primaryimage","url":"https:\/\/www.em.com.br\/emfoco\/wp-content\/uploads\/2026\/03\/Gemini_Generated_Image_ae83v5ae83v5ae83-1.png","contentUrl":"https:\/\/www.em.com.br\/emfoco\/wp-content\/uploads\/2026\/03\/Gemini_Generated_Image_ae83v5ae83v5ae83-1.png","width":1280,"height":720,"caption":"As plantas perfumadas liberam \u00f3leos essenciais de forma cont\u00ednua ou quando s\u00e3o tocadas"},{"@type":"BreadcrumbList","@id":"https:\/\/www.em.com.br\/emfoco\/2026\/03\/06\/nem-incenso-nem-desinfetante-as-plantas-que-eliminam-odores-e-trazem-frescor-imediato-para-a-sala\/#breadcrumb","itemListElement":[{"@type":"ListItem","position":1,"name":"In\u00edcio","item":"https:\/\/www.em.com.br\/emfoco\/"},{"@type":"ListItem","position":2,"name":"Nem incenso, nem desinfetante: as plantas que eliminam odores e trazem frescor imediato para a sala"}]},{"@type":"WebSite","@id":"https:\/\/www.em.com.br\/emfoco\/#website","url":"https:\/\/www.em.com.br\/emfoco\/","name":"Estado de Minas - Em foco","description":"Acompanhe as \u00faltimas not\u00edcias e fique bem informado sobre tudo o que acontece em Minas Gerais, Brasil e no mundo.","potentialAction":[{"@type":"SearchAction","target":{"@type":"EntryPoint","urlTemplate":"https:\/\/www.em.com.br\/emfoco\/?s={search_term_string}"},"query-input":{"@type":"PropertyValueSpecification","valueRequired":true,"valueName":"search_term_string"}}],"inLanguage":"pt-BR"},{"@type":"Person","@id":"https:\/\/www.em.com.br\/emfoco\/#\/schema\/person\/0a8186d72f2c3a5c6276d90b41f271a0","name":"Daniely Cardoso","image":{"@type":"ImageObject","inLanguage":"pt-BR","@id":"https:\/\/www.em.com.br\/emfoco\/#\/schema\/person\/image\/","url":"https:\/\/secure.gravatar.com\/avatar\/4b80ddbd124d1f071b626d52d62e5dff?s=96&d=mm&r=g","contentUrl":"https:\/\/secure.gravatar.com\/avatar\/4b80ddbd124d1f071b626d52d62e5dff?s=96&d=mm&r=g","caption":"Daniely Cardoso"},"url":"https:\/\/www.em.com.br\/emfoco\/author\/danielymyth\/"}]}},"_links":{"self":[{"href":"https:\/\/www.em.com.br\/emfoco\/wp-json\/wp\/v2\/posts\/177922","targetHints":{"allow":["GET"]}}],"collection":[{"href":"https:\/\/www.em.com.br\/emfoco\/wp-json\/wp\/v2\/posts"}],"about":[{"href":"https:\/\/www.em.com.br\/emfoco\/wp-json\/wp\/v2\/types\/post"}],"author":[{"embeddable":true,"href":"https:\/\/www.em.com.br\/emfoco\/wp-json\/wp\/v2\/users\/9"}],"replies":[{"embeddable":true,"href":"https:\/\/www.em.com.br\/emfoco\/wp-json\/wp\/v2\/comments?post=177922"}],"version-history":[{"count":2,"href":"https:\/\/www.em.com.br\/emfoco\/wp-json\/wp\/v2\/posts\/177922\/revisions"}],"predecessor-version":[{"id":178073,"href":"https:\/\/www.em.com.br\/emfoco\/wp-json\/wp\/v2\/posts\/177922\/revisions\/178073"}],"wp:featuredmedia":[{"embeddable":true,"href":"https:\/\/www.em.com.br\/emfoco\/wp-json\/wp\/v2\/media\/178071"}],"wp:attachment":[{"href":"https:\/\/www.em.com.br\/emfoco\/wp-json\/wp\/v2\/media?parent=177922"}],"wp:term":[{"taxonomy":"category","embeddable":true,"href":"https:\/\/www.em.com.br\/emfoco\/wp-json\/wp\/v2\/categories?post=177922"},{"taxonomy":"post_tag","embeddable":true,"href":"https:\/\/www.em.com.br\/emfoco\/wp-json\/wp\/v2\/tags?post=177922"}],"curies":[{"name":"wp","href":"https:\/\/api.w.org\/{rel}","templated":true}]}}