{"id":177909,"date":"2026-03-06T18:15:57","date_gmt":"2026-03-06T21:15:57","guid":{"rendered":"https:\/\/www.em.com.br\/emfoco\/?p=177909"},"modified":"2026-03-05T18:41:08","modified_gmt":"2026-03-05T21:41:08","slug":"adeus-cabelo-loiro-a-tendencia-que-mistura-tons-e-cria-efeito-sofisticado-sem-precisar-retocar-toda-semana","status":"publish","type":"post","link":"https:\/\/www.em.com.br\/emfoco\/2026\/03\/06\/adeus-cabelo-loiro-a-tendencia-que-mistura-tons-e-cria-efeito-sofisticado-sem-precisar-retocar-toda-semana\/","title":{"rendered":"Adeus cabelo loiro: a tend\u00eancia que mistura tons e cria efeito sofisticado sem precisar retocar toda semana"},"content":{"rendered":"\n<p>Voc\u00ea j\u00e1 saiu do sal\u00e3o com aquele loiro lindo, mas que depois de poucas semanas come\u00e7ou a mostrar uma raiz marcada e um tom artificial demais? \u00c9 justamente para fugir desse visual chapado que o <b>loiro dimensional<\/b> vem ganhando espa\u00e7o, trazendo um efeito mais natural, cheio de <b>profundidade<\/b> e com manuten\u00e7\u00e3o muito mais tranquila no dia a dia.<\/p>\n\n\n\n<h2 class=\"wp-block-heading\">O que \u00e9 loiro dimensional e por que ele est\u00e1 t\u00e3o em alta<\/h2>\n\n\n\n<p>O <strong>loiro dimensional<\/strong> \u00e9 uma forma de colorir o cabelo misturando diferentes tons de <strong>loiro<\/strong>, em vez de usar uma cor s\u00f3 da raiz \u00e0s pontas. A base costuma ficar levemente mais escura ou pr\u00f3xima da cor natural, enquanto comprimentos e pontas recebem pontos de luz em \u00e1reas <b>estrat\u00e9gicas<\/b>.<\/p>\n\n\n\n<p>Esse contraste suave cria um efeito de <b>degrad\u00ea<\/b>, como se o cabelo tivesse sido clareado aos poucos pelo sol, e n\u00e3o em uma sess\u00e3o s\u00f3. Profissionais combinam nuances como bege, dourado, perolado ou acinzentado, sempre pensando em harmonizar com o <strong>tom de pele<\/strong> e com o estilo pessoal de cada pessoa.<\/p>\n\n\n\n<figure class=\"wp-block-embed is-type-rich is-provider-pinterest wp-block-embed-pinterest\"><div class=\"wp-block-embed__wrapper\">\n<iframe loading=\"lazy\" title=\" \" src=\"https:\/\/assets.pinterest.com\/ext\/embed.html?id=70437490846543&#038;src=oembed\" height=\"775\" width=\"450\" frameborder=\"0\" scrolling=\"no\" ><\/iframe>\n<\/div><\/figure>\n\n\n\n<p>Leia tamb\u00e9m:&nbsp;<a href=\"https:\/\/www.em.com.br\/emfoco\/2026\/03\/04\/adeus-loiro-uniforme-a-tendencia-de-coloracao-que-mistura-tons-e-cria-efeito-sofisticado\/\" target=\"_blank\" rel=\"noopener\">Adeus loiro uniforme! A tend\u00eancia de colora\u00e7\u00e3o que mistura tons e cria efeito sofisticado<\/a><\/p>\n\n\n\n<h2 class=\"wp-block-heading\">Como o loiro dimensional cria luz sombra e volume visual<\/h2>\n\n\n\n<p>O grande diferencial do <strong>loiro dimensional<\/strong> est\u00e1 na distribui\u00e7\u00e3o inteligente da <b>luz<\/b> ao longo da cabe\u00e7a. Mechas finas e grossas s\u00e3o intercaladas e posicionadas em pontos como contorno do rosto, topo e pontas, enquanto a raiz costuma ser mais <b>suave<\/b> e esfumada.<\/p>\n\n\n\n<p>Esse jogo de claro e escuro funciona quase como um \u201ccontorno\u201d de <strong>maquiagem<\/strong> nos fios: as partes claras destacam o movimento, e as levemente mais escuras d\u00e3o sensa\u00e7\u00e3o de densidade. Assim, at\u00e9 quem tem cabelo fino ou pouco <b>encorpado<\/b> percebe o visual mais cheio, luminoso e com mais balan\u00e7o.<\/p>\n\n\n\n<h2 class=\"wp-block-heading\">Quais s\u00e3o as principais vantagens do loiro dimensional<\/h2>\n\n\n\n<p>Uma das maiores vantagens do <em>loiro com dimens\u00e3o<\/em> \u00e9 que ele cresce de forma muito mais <strong>discreta<\/strong>, sem aquela faixa marcada na raiz. Como a transi\u00e7\u00e3o entre a cor natural e o loiro \u00e9 mais suave, o intervalo entre os retoques aumenta e o cabelo sofre menos com excesso de <b>qu\u00edmica<\/b>.<\/p>\n\n\n\n<p>Outra quest\u00e3o importante \u00e9 o visual menos artificial e mais adapt\u00e1vel \u00e0 rotina. O loiro dimensional valoriza fios lisos, ondulados, cacheados e crespos, criando um ar moderno, por\u00e9m <strong>natural<\/strong>, que combina tanto com ambientes formais quanto com momentos mais descontra\u00eddos do dia a <b>dia<\/b>.<\/p>\n\n\n\n<figure class=\"wp-block-embed is-type-rich is-provider-pinterest wp-block-embed-pinterest\"><div class=\"wp-block-embed__wrapper\">\n<iframe loading=\"lazy\" title=\"Buttery blonde hair: o loiro tend\u00eancia\" src=\"https:\/\/assets.pinterest.com\/ext\/embed.html?id=68747825090&#038;src=oembed\" height=\"899\" width=\"450\" frameborder=\"0\" scrolling=\"no\" ><\/iframe>\n<\/div><\/figure>\n\n\n\n<h2 class=\"wp-block-heading\">Como o loiro dimensional \u00e9 feito no sal\u00e3o<\/h2>\n\n\n\n<p>O passo a passo do <strong>loiro dimensional<\/strong> come\u00e7a com uma boa conversa: o profissional avalia a cor de base, hist\u00f3rico qu\u00edmico, estilo de vida e refer\u00eancias de <b>visual<\/b>. Depois, define a paleta de tons que vai harmonizar com a pele e escolhe t\u00e9cnicas como papel alum\u00ednio, free hands ou a mistura das duas, sempre respeitando os limites do <strong>fio<\/strong>.<\/p>\n\n\n\n<p>Para organizar melhor esse processo e deixar claro o que acontece na cadeira do sal\u00e3o, o cabeleireiro costuma seguir algumas etapas b\u00e1sicas, que ajudam a construir um resultado bonito e mais saud\u00e1vel para o <b>cabelo<\/b>:<\/p>\n\n\n\n<ul class=\"wp-block-list\">\n<li><strong>Planejamento:<\/strong> mapeamento das \u00e1reas que ter\u00e3o mais luz e mais sombra;<\/li>\n\n\n\n<li><strong>Sele\u00e7\u00e3o:<\/strong> escolha de mechas em diferentes espessuras e alturas da cabe\u00e7a;<\/li>\n\n\n\n<li><strong>Clareamento:<\/strong> a\u00e7\u00e3o controlada do descolorante, respeitando a resist\u00eancia do fio;<\/li>\n\n\n\n<li><strong>Tonaliza\u00e7\u00e3o:<\/strong> mistura de tons frios e quentes, conforme o efeito desejado;<\/li>\n\n\n\n<li><strong>Finaliza\u00e7\u00e3o:<\/strong> corte e styling para real\u00e7ar o movimento e a profundidade.<\/li>\n<\/ul>\n\n\n\n<p>Para voc\u00ea que quer mais dicas, separamos um v\u00eddeo do canal<a href=\"https:\/\/www.youtube.com\/@EsplendorCosm%C3%A9ticos\" target=\"_blank\" rel=\"noreferrer noopener\"> Esplendor Cosm\u00e9ticos<\/a> com uma lista de tons de loiro mais usados:<\/p>\n\n\n\n<figure class=\"wp-block-embed is-type-video is-provider-youtube wp-block-embed-youtube wp-embed-aspect-16-9 wp-has-aspect-ratio\"><div class=\"wp-block-embed__wrapper\">\n<div class=\"jeg_video_container jeg_video_content\"><iframe loading=\"lazy\" title=\"\u2b50 Cabelos LOIROS das FAMOSAS: Conhe\u00e7a os 10 Tons Mais Usados\" width=\"500\" height=\"281\" src=\"https:\/\/www.youtube.com\/embed\/ZiBVA-Gtxxo?feature=oembed\" frameborder=\"0\" allow=\"accelerometer; autoplay; clipboard-write; encrypted-media; gyroscope; picture-in-picture; web-share\" referrerpolicy=\"strict-origin-when-cross-origin\" allowfullscreen><\/iframe><\/div>\n<\/div><\/figure>\n\n\n\n<h2 class=\"wp-block-heading\">Como cuidar do loiro dimensional depois do sal\u00e3o<\/h2>\n\n\n\n<p>Depois de conquistar o <strong>loiro dos sonhos<\/strong>, a manuten\u00e7\u00e3o em casa faz toda a diferen\u00e7a para preservar brilho, maciez e nuances. Usar shampoo suave para cabelos coloridos, m\u00e1scaras nutritivas e matizadores quando necess\u00e1rio ajuda a segurar o <b>tom<\/b> bonito por mais tempo.<\/p>\n\n\n\n<p>Al\u00e9m disso, prote\u00e7\u00e3o t\u00e9rmica antes de secador, chapinha ou babyliss \u00e9 essencial para evitar ressecamento e perda de <strong>cor<\/strong>. Com uma rotina simples, por\u00e9m constante, o efeito de profundidade e aquele ar de cabelo saud\u00e1vel se mant\u00eam por muitos meses, mesmo com a <b>raiz<\/b> crescendo.<\/p>\n\n\n\n<figure class=\"wp-block-embed is-type-rich is-provider-pinterest wp-block-embed-pinterest\"><div class=\"wp-block-embed__wrapper\">\n<iframe loading=\"lazy\" title=\"Inst: @sonaemsan\" src=\"https:\/\/assets.pinterest.com\/ext\/embed.html?id=296533956730411894&#038;src=oembed\" height=\"899\" width=\"450\" frameborder=\"0\" scrolling=\"no\" ><\/iframe>\n<\/div><\/figure>\n\n\n\n<h2 class=\"wp-block-heading\">O loiro dimensional combina com todo mundo<\/h2>\n\n\n\n<p>O loiro com dimens\u00e3o \u00e9 altamente personaliz\u00e1vel e pode ser ajustado para diferentes tons de pele, idades e estilos de <b>vida<\/b>. Em quem tem medo de clarear demais, o profissional pode sugerir algo mais suave, quase um castanho iluminado, apenas para dar brilho e volume <strong>visual<\/strong>.<\/p>\n\n\n\n<p>J\u00e1 para quem gosta de um loiro mais claro, d\u00e1 para manter a raiz natural e trabalhar contrastes mais delicados, sem perder a <b>naturalidade<\/b>. Por ser t\u00e3o vers\u00e1til, o <strong>loiro dimensional<\/strong> virou uma \u00f3tima op\u00e7\u00e3o para quem quer mudar sem romper totalmente com a pr\u00f3pria imagem e sem depender de retoques constantes.<\/p>\n","protected":false},"excerpt":{"rendered":"<p>Voc\u00ea j\u00e1 saiu do sal\u00e3o com aquele loiro lindo, mas que depois de poucas semanas come\u00e7ou a mostrar uma raiz marcada e um tom artificial demais? \u00c9 justamente para fugir desse visual chapado que o loiro dimensional vem ganhando espa\u00e7o, trazendo um efeito mais natural, cheio de profundidade e com manuten\u00e7\u00e3o muito mais tranquila no [&hellip;]<\/p>\n","protected":false},"author":9,"featured_media":178062,"comment_status":"open","ping_status":"open","sticky":false,"template":"","format":"standard","meta":{"jnews-multi-image_gallery":[],"jnews_single_post":{"format":"standard"},"jnews_primary_category":[],"jnews_social_meta":[],"jnews_override_counter":[],"footnotes":""},"categories":[8691,1],"tags":[22121,2616,4905,25754],"class_list":["post-177909","post","type-post","status-publish","format-standard","has-post-thumbnail","hentry","category-bem-estar","category-noticias","tag-auto-cuidado","tag-beleza","tag-cabelo","tag-loiro-chapado"],"yoast_head":"<!-- This site is optimized with the Yoast SEO plugin v23.8 - https:\/\/yoast.com\/wordpress\/plugins\/seo\/ -->\n<title>Adeus cabelo loiro: a tend\u00eancia que mistura tons e cria efeito sofisticado sem precisar retocar toda semana - Estado de Minas - Em foco<\/title>\n<meta name=\"description\" content=\"Conhe\u00e7a o loiro dimensional e descubra como ter cabelos iluminados com profundidade e baixa manuten\u00e7\u00e3o\" \/>\n<meta name=\"robots\" content=\"index, follow, max-snippet:-1, max-image-preview:large, max-video-preview:-1\" \/>\n<link rel=\"canonical\" href=\"https:\/\/www.em.com.br\/emfoco\/2026\/03\/06\/adeus-cabelo-loiro-a-tendencia-que-mistura-tons-e-cria-efeito-sofisticado-sem-precisar-retocar-toda-semana\/\" \/>\n<meta property=\"og:locale\" content=\"pt_BR\" \/>\n<meta property=\"og:type\" content=\"article\" \/>\n<meta property=\"og:title\" content=\"Adeus cabelo loiro: a tend\u00eancia que mistura tons e cria efeito sofisticado sem precisar retocar toda semana - Estado de Minas - Em foco\" \/>\n<meta property=\"og:description\" content=\"Conhe\u00e7a o loiro dimensional e descubra como ter cabelos iluminados com profundidade e baixa manuten\u00e7\u00e3o\" \/>\n<meta property=\"og:url\" content=\"https:\/\/www.em.com.br\/emfoco\/2026\/03\/06\/adeus-cabelo-loiro-a-tendencia-que-mistura-tons-e-cria-efeito-sofisticado-sem-precisar-retocar-toda-semana\/\" \/>\n<meta property=\"og:site_name\" content=\"Estado de Minas - Em foco\" \/>\n<meta property=\"article:published_time\" content=\"2026-03-06T21:15:57+00:00\" \/>\n<meta property=\"article:modified_time\" content=\"2026-03-05T21:41:08+00:00\" \/>\n<meta property=\"og:image\" content=\"https:\/\/www.em.com.br\/emfoco\/wp-content\/uploads\/2026\/03\/Gemini_Generated_Image_bvf2s5bvf2s5bvf2-1.png\" \/>\n\t<meta property=\"og:image:width\" content=\"1280\" \/>\n\t<meta property=\"og:image:height\" content=\"720\" \/>\n\t<meta property=\"og:image:type\" content=\"image\/png\" \/>\n<meta name=\"author\" content=\"Daniely Cardoso\" \/>\n<meta name=\"twitter:card\" content=\"summary_large_image\" \/>\n<meta name=\"twitter:label1\" content=\"Escrito por\" \/>\n\t<meta name=\"twitter:data1\" content=\"Daniely Cardoso\" \/>\n\t<meta name=\"twitter:label2\" content=\"Est. tempo de leitura\" \/>\n\t<meta name=\"twitter:data2\" content=\"5 minutos\" \/>\n<!-- \/ Yoast SEO plugin. -->","yoast_head_json":{"title":"Adeus cabelo loiro: a tend\u00eancia que mistura tons e cria efeito sofisticado sem precisar retocar toda semana - Estado de Minas - Em foco","description":"Conhe\u00e7a o loiro dimensional e descubra como ter cabelos iluminados com profundidade e baixa manuten\u00e7\u00e3o","robots":{"index":"index","follow":"follow","max-snippet":"max-snippet:-1","max-image-preview":"max-image-preview:large","max-video-preview":"max-video-preview:-1"},"canonical":"https:\/\/www.em.com.br\/emfoco\/2026\/03\/06\/adeus-cabelo-loiro-a-tendencia-que-mistura-tons-e-cria-efeito-sofisticado-sem-precisar-retocar-toda-semana\/","og_locale":"pt_BR","og_type":"article","og_title":"Adeus cabelo loiro: a tend\u00eancia que mistura tons e cria efeito sofisticado sem precisar retocar toda semana - Estado de Minas - Em foco","og_description":"Conhe\u00e7a o loiro dimensional e descubra como ter cabelos iluminados com profundidade e baixa manuten\u00e7\u00e3o","og_url":"https:\/\/www.em.com.br\/emfoco\/2026\/03\/06\/adeus-cabelo-loiro-a-tendencia-que-mistura-tons-e-cria-efeito-sofisticado-sem-precisar-retocar-toda-semana\/","og_site_name":"Estado de Minas - Em foco","article_published_time":"2026-03-06T21:15:57+00:00","article_modified_time":"2026-03-05T21:41:08+00:00","og_image":[{"width":1280,"height":720,"url":"https:\/\/www.em.com.br\/emfoco\/wp-content\/uploads\/2026\/03\/Gemini_Generated_Image_bvf2s5bvf2s5bvf2-1.png","type":"image\/png"}],"author":"Daniely Cardoso","twitter_card":"summary_large_image","twitter_misc":{"Escrito por":"Daniely Cardoso","Est. tempo de leitura":"5 minutos"},"schema":{"@context":"https:\/\/schema.org","@graph":[{"@type":"WebPage","@id":"https:\/\/www.em.com.br\/emfoco\/2026\/03\/06\/adeus-cabelo-loiro-a-tendencia-que-mistura-tons-e-cria-efeito-sofisticado-sem-precisar-retocar-toda-semana\/","url":"https:\/\/www.em.com.br\/emfoco\/2026\/03\/06\/adeus-cabelo-loiro-a-tendencia-que-mistura-tons-e-cria-efeito-sofisticado-sem-precisar-retocar-toda-semana\/","name":"Adeus cabelo loiro: a tend\u00eancia que mistura tons e cria efeito sofisticado sem precisar retocar toda semana - Estado de Minas - Em foco","isPartOf":{"@id":"https:\/\/www.em.com.br\/emfoco\/#website"},"primaryImageOfPage":{"@id":"https:\/\/www.em.com.br\/emfoco\/2026\/03\/06\/adeus-cabelo-loiro-a-tendencia-que-mistura-tons-e-cria-efeito-sofisticado-sem-precisar-retocar-toda-semana\/#primaryimage"},"image":{"@id":"https:\/\/www.em.com.br\/emfoco\/2026\/03\/06\/adeus-cabelo-loiro-a-tendencia-que-mistura-tons-e-cria-efeito-sofisticado-sem-precisar-retocar-toda-semana\/#primaryimage"},"thumbnailUrl":"https:\/\/www.em.com.br\/emfoco\/wp-content\/uploads\/2026\/03\/Gemini_Generated_Image_bvf2s5bvf2s5bvf2-1.png","datePublished":"2026-03-06T21:15:57+00:00","dateModified":"2026-03-05T21:41:08+00:00","author":{"@id":"https:\/\/www.em.com.br\/emfoco\/#\/schema\/person\/0a8186d72f2c3a5c6276d90b41f271a0"},"description":"Conhe\u00e7a o loiro dimensional e descubra como ter cabelos iluminados com profundidade e baixa manuten\u00e7\u00e3o","breadcrumb":{"@id":"https:\/\/www.em.com.br\/emfoco\/2026\/03\/06\/adeus-cabelo-loiro-a-tendencia-que-mistura-tons-e-cria-efeito-sofisticado-sem-precisar-retocar-toda-semana\/#breadcrumb"},"inLanguage":"pt-BR","potentialAction":[{"@type":"ReadAction","target":["https:\/\/www.em.com.br\/emfoco\/2026\/03\/06\/adeus-cabelo-loiro-a-tendencia-que-mistura-tons-e-cria-efeito-sofisticado-sem-precisar-retocar-toda-semana\/"]}]},{"@type":"ImageObject","inLanguage":"pt-BR","@id":"https:\/\/www.em.com.br\/emfoco\/2026\/03\/06\/adeus-cabelo-loiro-a-tendencia-que-mistura-tons-e-cria-efeito-sofisticado-sem-precisar-retocar-toda-semana\/#primaryimage","url":"https:\/\/www.em.com.br\/emfoco\/wp-content\/uploads\/2026\/03\/Gemini_Generated_Image_bvf2s5bvf2s5bvf2-1.png","contentUrl":"https:\/\/www.em.com.br\/emfoco\/wp-content\/uploads\/2026\/03\/Gemini_Generated_Image_bvf2s5bvf2s5bvf2-1.png","width":1280,"height":720,"caption":"O loiro dimensional \u00e9 uma forma de colorir o cabelo misturando diferentes tons de loiro, em vez de usar uma cor s\u00f3 da raiz \u00e0s pontas"},{"@type":"BreadcrumbList","@id":"https:\/\/www.em.com.br\/emfoco\/2026\/03\/06\/adeus-cabelo-loiro-a-tendencia-que-mistura-tons-e-cria-efeito-sofisticado-sem-precisar-retocar-toda-semana\/#breadcrumb","itemListElement":[{"@type":"ListItem","position":1,"name":"In\u00edcio","item":"https:\/\/www.em.com.br\/emfoco\/"},{"@type":"ListItem","position":2,"name":"Adeus cabelo loiro: a tend\u00eancia que mistura tons e cria efeito sofisticado sem precisar retocar toda semana"}]},{"@type":"WebSite","@id":"https:\/\/www.em.com.br\/emfoco\/#website","url":"https:\/\/www.em.com.br\/emfoco\/","name":"Estado de Minas - Em foco","description":"Acompanhe as \u00faltimas not\u00edcias e fique bem informado sobre tudo o que acontece em Minas Gerais, Brasil e no mundo.","potentialAction":[{"@type":"SearchAction","target":{"@type":"EntryPoint","urlTemplate":"https:\/\/www.em.com.br\/emfoco\/?s={search_term_string}"},"query-input":{"@type":"PropertyValueSpecification","valueRequired":true,"valueName":"search_term_string"}}],"inLanguage":"pt-BR"},{"@type":"Person","@id":"https:\/\/www.em.com.br\/emfoco\/#\/schema\/person\/0a8186d72f2c3a5c6276d90b41f271a0","name":"Daniely Cardoso","image":{"@type":"ImageObject","inLanguage":"pt-BR","@id":"https:\/\/www.em.com.br\/emfoco\/#\/schema\/person\/image\/","url":"https:\/\/secure.gravatar.com\/avatar\/4b80ddbd124d1f071b626d52d62e5dff?s=96&d=mm&r=g","contentUrl":"https:\/\/secure.gravatar.com\/avatar\/4b80ddbd124d1f071b626d52d62e5dff?s=96&d=mm&r=g","caption":"Daniely Cardoso"},"url":"https:\/\/www.em.com.br\/emfoco\/author\/danielymyth\/"}]}},"_links":{"self":[{"href":"https:\/\/www.em.com.br\/emfoco\/wp-json\/wp\/v2\/posts\/177909","targetHints":{"allow":["GET"]}}],"collection":[{"href":"https:\/\/www.em.com.br\/emfoco\/wp-json\/wp\/v2\/posts"}],"about":[{"href":"https:\/\/www.em.com.br\/emfoco\/wp-json\/wp\/v2\/types\/post"}],"author":[{"embeddable":true,"href":"https:\/\/www.em.com.br\/emfoco\/wp-json\/wp\/v2\/users\/9"}],"replies":[{"embeddable":true,"href":"https:\/\/www.em.com.br\/emfoco\/wp-json\/wp\/v2\/comments?post=177909"}],"version-history":[{"count":3,"href":"https:\/\/www.em.com.br\/emfoco\/wp-json\/wp\/v2\/posts\/177909\/revisions"}],"predecessor-version":[{"id":178126,"href":"https:\/\/www.em.com.br\/emfoco\/wp-json\/wp\/v2\/posts\/177909\/revisions\/178126"}],"wp:featuredmedia":[{"embeddable":true,"href":"https:\/\/www.em.com.br\/emfoco\/wp-json\/wp\/v2\/media\/178062"}],"wp:attachment":[{"href":"https:\/\/www.em.com.br\/emfoco\/wp-json\/wp\/v2\/media?parent=177909"}],"wp:term":[{"taxonomy":"category","embeddable":true,"href":"https:\/\/www.em.com.br\/emfoco\/wp-json\/wp\/v2\/categories?post=177909"},{"taxonomy":"post_tag","embeddable":true,"href":"https:\/\/www.em.com.br\/emfoco\/wp-json\/wp\/v2\/tags?post=177909"}],"curies":[{"name":"wp","href":"https:\/\/api.w.org\/{rel}","templated":true}]}}