{"id":177908,"date":"2026-03-06T17:55:51","date_gmt":"2026-03-06T20:55:51","guid":{"rendered":"https:\/\/www.em.com.br\/emfoco\/?p=177908"},"modified":"2026-03-05T18:38:00","modified_gmt":"2026-03-05T21:38:00","slug":"diga-adeus-a-sua-cabeceira-sem-graca-as-ideias-criativas-para-decora-la-sem-gastar-uma-fortuna","status":"publish","type":"post","link":"https:\/\/www.em.com.br\/emfoco\/2026\/03\/06\/diga-adeus-a-sua-cabeceira-sem-graca-as-ideias-criativas-para-decora-la-sem-gastar-uma-fortuna\/","title":{"rendered":"Diga adeus \u00e0 sua cabeceira sem gra\u00e7a: as ideias criativas para decor\u00e1-la sem gastar uma fortuna"},"content":{"rendered":"\n<p>Voc\u00ea j\u00e1 deitou na cama, olhou para a parede atr\u00e1s do colch\u00e3o e sentiu que faltava alguma coisa? Essa \u00e1rea, que antes passava despercebida, hoje virou protagonista na decora\u00e7\u00e3o e pode mudar totalmente o clima do quarto com solu\u00e7\u00f5es simples, como uma <strong>cabeceira de cama <\/strong>usando pintura, tecidos ou quadros, sem precisar de reforma grande ou gastos fora da realidade.<\/p>\n\n\n\n<h2 class=\"wp-block-heading\">Como a decora\u00e7\u00e3o da parede da cama muda o clima do quarto<\/h2>\n\n\n\n<p>A <strong>cabeceira de cama <\/strong>influencia diretamente na sensa\u00e7\u00e3o de conforto e acolhimento. Uma parede totalmente vazia atr\u00e1s da cama pode passar uma impress\u00e3o de frieza, enquanto um plano bem pensado cria um <strong>ponto focal<\/strong> que organiza o olhar e d\u00e1 mais destaque \u00e0 cama, mesmo se o resto da decora\u00e7\u00e3o for simples.<\/p>\n\n\n\n<p>A forma de decorar tamb\u00e9m altera a percep\u00e7\u00e3o de espa\u00e7o: cores escuras em faixas verticais podem fazer o p\u00e9-direito parecer mais <strong>alto e elegante<\/strong>, enquanto linhas horizontais ampliam a sensa\u00e7\u00e3o de largura. Texturas, tecidos e elementos afetivos, como fotos e lembran\u00e7as, ajudam a tornar o quarto mais <strong>pessoal e aconchegante<\/strong>, sem grandes interven\u00e7\u00f5es.<\/p>\n\n\n\n<figure class=\"wp-block-embed is-type-rich is-provider-pinterest wp-block-embed-pinterest\"><div class=\"wp-block-embed__wrapper\">\n<iframe loading=\"lazy\" title=\"\u0415\u0441\u043b\u0438 \u0430\u043a\u0442\u0438\u0432\u0438\u0437\u0438\u0440\u043e\u0432\u0430\u0442\u044c\u0441\u044f, \u0442\u043e \u0442\u043e\u043b\u044c\u043a\u043e \u0442\u0430\u043a, \u0434\u0435\u043b\u044e\u0441\u044c \u0441\u0432\u043e\u0438\u043c\u0438 \u0432\u0438\u0437\u0443\u0430\u043b\u0438\u0437\u0430\u0446\u0438\u044f\u043c\u0438  \u041a\u0443\u0445\u043d\u044f-\u0433\u043e\u0441\u0442\u0438\u043d\u0430\u044f \u0438 \u0441\u043f\u0430\u043b\u044c\u043d\u044f, \u0432\u043f\u0435\u0440\u0435\u0434\u0438 \u0435\u0449\u0435 \u043e\u0434\u043d\u0430 \u0441\u043f\u0430\u043b\u044c\u043d\u044f, \u0441\u0430\u043d\u0443\u0437\u0435\u043b \u0438 \u0432\u0445\u043e\u0434\u043d\u0430\u044f \u0433\u0440\u0443\u043f\u043f\u0430 \u0418 \u0432\u043e\u043e\u0431\u0449\u0435-\u0442\u043e \u0446\u0435\u043b\u044b\u0439 \u043f\u0435\u0440\u0432\u044b\u0439 \u044d\u0442\u0430\u0436, \u0442\u043a \u044d\u0442\u043e \u0447\u0430\u0441\u0442\u043d\u044b\u0439 \u0434\u0432\u0443\u0445\u0441\u043b\u043e\u0439\u043d\u044b\u0439 \u0434\u043e\u043c, \u0435\u0449\u0435 \u0441 \u043a\u0440\u0430\u0441\u0438\u0432\u0443\u0449\u0438\u043c \u0432\u0438\u0434\u043e\u043c \u043d\u0430 \u043f\u0430\u0440\u043a \ud83d\ude0d\" src=\"https:\/\/assets.pinterest.com\/ext\/embed.html?id=1407443630570297&#038;src=oembed\" height=\"550\" width=\"450\" frameborder=\"0\" scrolling=\"no\" ><\/iframe>\n<\/div><\/figure>\n\n\n\n<p>Leia tamb\u00e9m:&nbsp;<a href=\"https:\/\/www.em.com.br\/emfoco\/2026\/03\/05\/sem-cimento-e-sem-maquinas-a-casa-que-esta-chamando-a-atencao-de-engenheiros\/\" target=\"_blank\" rel=\"noopener\">Sem cimento e sem m\u00e1quinas: a casa que est\u00e1 chamando a aten\u00e7\u00e3o de engenheiros<\/a><\/p>\n\n\n\n<h2 class=\"wp-block-heading\">Quais formatos de pintura funcionam melhor no cabeceira de cama<\/h2>\n\n\n\n<p>Usar pintura para criar um <strong>efeito de cabeceira<\/strong> \u00e9 uma maneira pr\u00e1tica de transformar o quarto em poucas horas. Em vez de pintar todas as paredes, muita gente aposta em formas geom\u00e9tricas atr\u00e1s da cama, como arcos, c\u00edrculos ou ret\u00e2ngulos, que funcionam como um \u201cmarco\u201d visual e se adaptam bem a camas de solteiro, casal ou <strong>king size<\/strong>.<\/p>\n\n\n\n<p>Para evitar arrependimentos, vale medir bem a parede e testar as cores antes. Tons terrosos, verdes suaves, cinza quente e beiges continuam em alta em 2026, por criarem uma base <strong>neutra e acolhedora<\/strong>. Com fita crepe, rolo pequeno e um pouco de paci\u00eancia, \u00e9 poss\u00edvel conseguir um resultado bonito mesmo em quartos menores ou em ambientes de <strong>aluguel tempor\u00e1rio<\/strong>.<\/p>\n\n\n\n<figure class=\"wp-block-embed is-type-rich is-provider-pinterest wp-block-embed-pinterest\"><div class=\"wp-block-embed__wrapper\">\n<iframe loading=\"lazy\" title=\" \" src=\"https:\/\/assets.pinterest.com\/ext\/embed.html?id=2603712282474352&#038;src=oembed\" height=\"663\" width=\"450\" frameborder=\"0\" scrolling=\"no\" ><\/iframe>\n<\/div><\/figure>\n\n\n\n<h2 class=\"wp-block-heading\">Como usar texturas e tecidos na cabeceira de cama<\/h2>\n\n\n\n<p>Se a ideia \u00e9 deixar tudo mais macio e aconchegante, uma <strong>cabeceira de cama com textura<\/strong> usando tecidos pode ser uma \u00f3tima sa\u00edda. Tapetes de parede, mantas, pain\u00e9is de tecido ou at\u00e9 cortinas instaladas atr\u00e1s da cama aquecem visualmente o espa\u00e7o e podem trazer um estilo mais boho, moderno ou rom\u00e2ntico, dependendo da <strong>estampa escolhida<\/strong>.<\/p>\n\n\n\n<p>Essa solu\u00e7\u00e3o \u00e9 especialmente interessante para quem mora de aluguel, porque pode ser removida sem estragos grandes. Tecidos leves e lav\u00e1veis costumam ser mais pr\u00e1ticos no dia a dia, principalmente para quem tem alergias, j\u00e1 que permitem uma rotina de limpeza mais <strong>simples e frequente<\/strong>, sem abrir m\u00e3o da sensa\u00e7\u00e3o de conforto e de um toque mais <strong>artesanal no quarto<\/strong>.<\/p>\n\n\n\n<figure class=\"wp-block-embed is-type-rich is-provider-pinterest wp-block-embed-pinterest\"><div class=\"wp-block-embed__wrapper\">\n<iframe loading=\"lazy\" title=\" \" src=\"https:\/\/assets.pinterest.com\/ext\/embed.html?id=1548181186478878&#038;src=oembed\" height=\"907\" width=\"450\" frameborder=\"0\" scrolling=\"no\" ><\/iframe>\n<\/div><\/figure>\n\n\n\n<h2 class=\"wp-block-heading\">Como montar uma galeria de quadros segura e harm\u00f4nica sobre a cama<\/h2>\n\n\n\n<p>Quadros, gravuras e fotografias s\u00e3o \u00f3timos para criar uma <strong>cabeceira de cama com quadros<\/strong> cheio de personalidade. Em vez de uma pe\u00e7a \u00fanica, muita gente prefere pequenas galerias, misturando diferentes tamanhos de moldura, p\u00f4steres e lembran\u00e7as pessoais, o que ajuda a contar hist\u00f3rias e deixar o quarto com um ar mais <strong>\u00edntimo e afetivo<\/strong>.<\/p>\n\n\n\n<p>Para organizar melhor essa composi\u00e7\u00e3o, \u00e9 importante pensar na seguran\u00e7a e na harmonia visual, cuidando tanto da altura quanto do peso das pe\u00e7as escolhidas. Veja alguns cuidados simples que fazem diferen\u00e7a na hora de montar a sua galeria atr\u00e1s da <strong>cama de solteiro<\/strong> ou casal:<\/p>\n\n\n\n<ul class=\"wp-block-list\">\n<li><strong>Alinhar<\/strong> o centro do conjunto com o eixo da cama para evitar sensa\u00e7\u00e3o de desequil\u00edbrio.<\/li>\n\n\n\n<li>Manter uma dist\u00e2ncia confort\u00e1vel entre o topo da cabeceira e a <strong>primeira moldura<\/strong>.<\/li>\n\n\n\n<li>Preferir quadros mais leves e, se poss\u00edvel, sem vidro, para aumentar a <strong>seguran\u00e7a em quedas<\/strong>.<\/li>\n<\/ul>\n\n\n\n<p>Para voc\u00ea que gosta de decora\u00e7\u00e3o, separamos um v\u00eddeo do canal do <a href=\"https:\/\/www.youtube.com\/@PLANARQCAMPOS\" target=\"_blank\" rel=\"noreferrer noopener\">Ralph Dias<\/a> com dicas para decorar a parede da cama:<\/p>\n\n\n\n<figure class=\"wp-block-embed is-type-video is-provider-youtube wp-block-embed-youtube wp-embed-aspect-16-9 wp-has-aspect-ratio\"><div class=\"wp-block-embed__wrapper\">\n<div class=\"jeg_video_container jeg_video_content\"><iframe loading=\"lazy\" title=\"21 IDEIAS DE DECORA\u00c7\u00c3O PARA DECORAR PAREDE ATR\u00c1S DA CAMA \u2013 CABECEIRA DE CAMA, BOISERIE, PORCELANATO\" width=\"500\" height=\"281\" src=\"https:\/\/www.youtube.com\/embed\/FVhKNADc3vg?feature=oembed\" frameborder=\"0\" allow=\"accelerometer; autoplay; clipboard-write; encrypted-media; gyroscope; picture-in-picture; web-share\" referrerpolicy=\"strict-origin-when-cross-origin\" allowfullscreen><\/iframe><\/div>\n<\/div><\/figure>\n\n\n\n<h2 class=\"wp-block-heading\">Quais cuidados ajudam a escolher o melhor tipo de cabeceira decorada<\/h2>\n\n\n\n<p>Antes de decidir qual tipo de <strong>cabeceira de cama decorada<\/strong> usar, vale observar o tamanho do quarto, a luz natural, os h\u00e1bitos de quem dorme ali e o or\u00e7amento. Em espa\u00e7os pequenos, pinturas geom\u00e9tricas e composi\u00e7\u00f5es mais leves costumam funcionar melhor, enquanto quartos maiores suportam pain\u00e9is t\u00eaxteis amplos ou galerias de <strong>quadros mais extensos<\/strong>.<\/p>\n\n\n\n<p>Uma forma simples de organizar as ideias \u00e9 definir se o objetivo principal \u00e9 trazer cor, textura ou lembran\u00e7as afetivas, sempre optando por materiais f\u00e1ceis de manter no dia a dia. Com um pouco de planejamento, testes de cor e, se quiser, esbo\u00e7os em papel ou aplicativos, a parede da cabeceira deixa de ser apenas fundo neutro e vira o <strong>cora\u00e7\u00e3o visual<\/strong> do quarto, pronta para acompanhar mudan\u00e7as de gosto e de rotina ao longo do <strong>tempo<\/strong>.<\/p>\n","protected":false},"excerpt":{"rendered":"<p>Voc\u00ea j\u00e1 deitou na cama, olhou para a parede atr\u00e1s do colch\u00e3o e sentiu que faltava alguma coisa? Essa \u00e1rea, que antes passava despercebida, hoje virou protagonista na decora\u00e7\u00e3o e pode mudar totalmente o clima do quarto com solu\u00e7\u00f5es simples, como uma cabeceira de cama usando pintura, tecidos ou quadros, sem precisar de reforma grande [&hellip;]<\/p>\n","protected":false},"author":9,"featured_media":178059,"comment_status":"open","ping_status":"open","sticky":false,"template":"","format":"standard","meta":{"jnews-multi-image_gallery":[],"jnews_single_post":{"format":"standard"},"jnews_primary_category":[],"jnews_social_meta":[],"jnews_override_counter":[],"footnotes":""},"categories":[8819,1],"tags":[25753,2911,4687,13874],"class_list":["post-177908","post","type-post","status-publish","format-standard","has-post-thumbnail","hentry","category-curiosidades","category-noticias","tag-cabeceira-da-cama","tag-casa","tag-decoracao","tag-quarto"],"yoast_head":"<!-- This site is optimized with the Yoast SEO plugin v23.8 - https:\/\/yoast.com\/wordpress\/plugins\/seo\/ -->\n<title>Diga adeus \u00e0 sua cabeceira sem gra\u00e7a: as ideias criativas para decor\u00e1-la sem gastar uma fortuna - Estado de Minas - Em foco<\/title>\n<meta name=\"description\" content=\"Mude o clima do seu quarto com ideias de respaldo de cama usando pintura ou tecidos sem precisar de reformas\" \/>\n<meta name=\"robots\" content=\"index, follow, max-snippet:-1, max-image-preview:large, max-video-preview:-1\" \/>\n<link rel=\"canonical\" href=\"https:\/\/www.em.com.br\/emfoco\/2026\/03\/06\/diga-adeus-a-sua-cabeceira-sem-graca-as-ideias-criativas-para-decora-la-sem-gastar-uma-fortuna\/\" \/>\n<meta property=\"og:locale\" content=\"pt_BR\" \/>\n<meta property=\"og:type\" content=\"article\" \/>\n<meta property=\"og:title\" content=\"Diga adeus \u00e0 sua cabeceira sem gra\u00e7a: as ideias criativas para decor\u00e1-la sem gastar uma fortuna - Estado de Minas - Em foco\" \/>\n<meta property=\"og:description\" content=\"Mude o clima do seu quarto com ideias de respaldo de cama usando pintura ou tecidos sem precisar de reformas\" \/>\n<meta property=\"og:url\" content=\"https:\/\/www.em.com.br\/emfoco\/2026\/03\/06\/diga-adeus-a-sua-cabeceira-sem-graca-as-ideias-criativas-para-decora-la-sem-gastar-uma-fortuna\/\" \/>\n<meta property=\"og:site_name\" content=\"Estado de Minas - Em foco\" \/>\n<meta property=\"article:published_time\" content=\"2026-03-06T20:55:51+00:00\" \/>\n<meta property=\"article:modified_time\" content=\"2026-03-05T21:38:00+00:00\" \/>\n<meta property=\"og:image\" content=\"https:\/\/www.em.com.br\/emfoco\/wp-content\/uploads\/2026\/03\/Gemini_Generated_Image_ao9rhuao9rhuao9r-2.png\" \/>\n\t<meta property=\"og:image:width\" content=\"1280\" \/>\n\t<meta property=\"og:image:height\" content=\"720\" \/>\n\t<meta property=\"og:image:type\" content=\"image\/png\" \/>\n<meta name=\"author\" content=\"Daniely Cardoso\" \/>\n<meta name=\"twitter:card\" content=\"summary_large_image\" \/>\n<meta name=\"twitter:label1\" content=\"Escrito por\" \/>\n\t<meta name=\"twitter:data1\" content=\"Daniely Cardoso\" \/>\n\t<meta name=\"twitter:label2\" content=\"Est. tempo de leitura\" \/>\n\t<meta name=\"twitter:data2\" content=\"5 minutos\" \/>\n<!-- \/ Yoast SEO plugin. -->","yoast_head_json":{"title":"Diga adeus \u00e0 sua cabeceira sem gra\u00e7a: as ideias criativas para decor\u00e1-la sem gastar uma fortuna - Estado de Minas - Em foco","description":"Mude o clima do seu quarto com ideias de respaldo de cama usando pintura ou tecidos sem precisar de reformas","robots":{"index":"index","follow":"follow","max-snippet":"max-snippet:-1","max-image-preview":"max-image-preview:large","max-video-preview":"max-video-preview:-1"},"canonical":"https:\/\/www.em.com.br\/emfoco\/2026\/03\/06\/diga-adeus-a-sua-cabeceira-sem-graca-as-ideias-criativas-para-decora-la-sem-gastar-uma-fortuna\/","og_locale":"pt_BR","og_type":"article","og_title":"Diga adeus \u00e0 sua cabeceira sem gra\u00e7a: as ideias criativas para decor\u00e1-la sem gastar uma fortuna - Estado de Minas - Em foco","og_description":"Mude o clima do seu quarto com ideias de respaldo de cama usando pintura ou tecidos sem precisar de reformas","og_url":"https:\/\/www.em.com.br\/emfoco\/2026\/03\/06\/diga-adeus-a-sua-cabeceira-sem-graca-as-ideias-criativas-para-decora-la-sem-gastar-uma-fortuna\/","og_site_name":"Estado de Minas - Em foco","article_published_time":"2026-03-06T20:55:51+00:00","article_modified_time":"2026-03-05T21:38:00+00:00","og_image":[{"width":1280,"height":720,"url":"https:\/\/www.em.com.br\/emfoco\/wp-content\/uploads\/2026\/03\/Gemini_Generated_Image_ao9rhuao9rhuao9r-2.png","type":"image\/png"}],"author":"Daniely Cardoso","twitter_card":"summary_large_image","twitter_misc":{"Escrito por":"Daniely Cardoso","Est. tempo de leitura":"5 minutos"},"schema":{"@context":"https:\/\/schema.org","@graph":[{"@type":"WebPage","@id":"https:\/\/www.em.com.br\/emfoco\/2026\/03\/06\/diga-adeus-a-sua-cabeceira-sem-graca-as-ideias-criativas-para-decora-la-sem-gastar-uma-fortuna\/","url":"https:\/\/www.em.com.br\/emfoco\/2026\/03\/06\/diga-adeus-a-sua-cabeceira-sem-graca-as-ideias-criativas-para-decora-la-sem-gastar-uma-fortuna\/","name":"Diga adeus \u00e0 sua cabeceira sem gra\u00e7a: as ideias criativas para decor\u00e1-la sem gastar uma fortuna - Estado de Minas - Em foco","isPartOf":{"@id":"https:\/\/www.em.com.br\/emfoco\/#website"},"primaryImageOfPage":{"@id":"https:\/\/www.em.com.br\/emfoco\/2026\/03\/06\/diga-adeus-a-sua-cabeceira-sem-graca-as-ideias-criativas-para-decora-la-sem-gastar-uma-fortuna\/#primaryimage"},"image":{"@id":"https:\/\/www.em.com.br\/emfoco\/2026\/03\/06\/diga-adeus-a-sua-cabeceira-sem-graca-as-ideias-criativas-para-decora-la-sem-gastar-uma-fortuna\/#primaryimage"},"thumbnailUrl":"https:\/\/www.em.com.br\/emfoco\/wp-content\/uploads\/2026\/03\/Gemini_Generated_Image_ao9rhuao9rhuao9r-2.png","datePublished":"2026-03-06T20:55:51+00:00","dateModified":"2026-03-05T21:38:00+00:00","author":{"@id":"https:\/\/www.em.com.br\/emfoco\/#\/schema\/person\/0a8186d72f2c3a5c6276d90b41f271a0"},"description":"Mude o clima do seu quarto com ideias de respaldo de cama usando pintura ou tecidos sem precisar de reformas","breadcrumb":{"@id":"https:\/\/www.em.com.br\/emfoco\/2026\/03\/06\/diga-adeus-a-sua-cabeceira-sem-graca-as-ideias-criativas-para-decora-la-sem-gastar-uma-fortuna\/#breadcrumb"},"inLanguage":"pt-BR","potentialAction":[{"@type":"ReadAction","target":["https:\/\/www.em.com.br\/emfoco\/2026\/03\/06\/diga-adeus-a-sua-cabeceira-sem-graca-as-ideias-criativas-para-decora-la-sem-gastar-uma-fortuna\/"]}]},{"@type":"ImageObject","inLanguage":"pt-BR","@id":"https:\/\/www.em.com.br\/emfoco\/2026\/03\/06\/diga-adeus-a-sua-cabeceira-sem-graca-as-ideias-criativas-para-decora-la-sem-gastar-uma-fortuna\/#primaryimage","url":"https:\/\/www.em.com.br\/emfoco\/wp-content\/uploads\/2026\/03\/Gemini_Generated_Image_ao9rhuao9rhuao9r-2.png","contentUrl":"https:\/\/www.em.com.br\/emfoco\/wp-content\/uploads\/2026\/03\/Gemini_Generated_Image_ao9rhuao9rhuao9r-2.png","width":1280,"height":720,"caption":"O respaldo de cama decorado influencia diretamente na sensa\u00e7\u00e3o de conforto e acolhimento"},{"@type":"BreadcrumbList","@id":"https:\/\/www.em.com.br\/emfoco\/2026\/03\/06\/diga-adeus-a-sua-cabeceira-sem-graca-as-ideias-criativas-para-decora-la-sem-gastar-uma-fortuna\/#breadcrumb","itemListElement":[{"@type":"ListItem","position":1,"name":"In\u00edcio","item":"https:\/\/www.em.com.br\/emfoco\/"},{"@type":"ListItem","position":2,"name":"Diga adeus \u00e0 sua cabeceira sem gra\u00e7a: as ideias criativas para decor\u00e1-la sem gastar uma fortuna"}]},{"@type":"WebSite","@id":"https:\/\/www.em.com.br\/emfoco\/#website","url":"https:\/\/www.em.com.br\/emfoco\/","name":"Estado de Minas - Em foco","description":"Acompanhe as \u00faltimas not\u00edcias e fique bem informado sobre tudo o que acontece em Minas Gerais, Brasil e no mundo.","potentialAction":[{"@type":"SearchAction","target":{"@type":"EntryPoint","urlTemplate":"https:\/\/www.em.com.br\/emfoco\/?s={search_term_string}"},"query-input":{"@type":"PropertyValueSpecification","valueRequired":true,"valueName":"search_term_string"}}],"inLanguage":"pt-BR"},{"@type":"Person","@id":"https:\/\/www.em.com.br\/emfoco\/#\/schema\/person\/0a8186d72f2c3a5c6276d90b41f271a0","name":"Daniely Cardoso","image":{"@type":"ImageObject","inLanguage":"pt-BR","@id":"https:\/\/www.em.com.br\/emfoco\/#\/schema\/person\/image\/","url":"https:\/\/secure.gravatar.com\/avatar\/4b80ddbd124d1f071b626d52d62e5dff?s=96&d=mm&r=g","contentUrl":"https:\/\/secure.gravatar.com\/avatar\/4b80ddbd124d1f071b626d52d62e5dff?s=96&d=mm&r=g","caption":"Daniely Cardoso"},"url":"https:\/\/www.em.com.br\/emfoco\/author\/danielymyth\/"}]}},"_links":{"self":[{"href":"https:\/\/www.em.com.br\/emfoco\/wp-json\/wp\/v2\/posts\/177908","targetHints":{"allow":["GET"]}}],"collection":[{"href":"https:\/\/www.em.com.br\/emfoco\/wp-json\/wp\/v2\/posts"}],"about":[{"href":"https:\/\/www.em.com.br\/emfoco\/wp-json\/wp\/v2\/types\/post"}],"author":[{"embeddable":true,"href":"https:\/\/www.em.com.br\/emfoco\/wp-json\/wp\/v2\/users\/9"}],"replies":[{"embeddable":true,"href":"https:\/\/www.em.com.br\/emfoco\/wp-json\/wp\/v2\/comments?post=177908"}],"version-history":[{"count":3,"href":"https:\/\/www.em.com.br\/emfoco\/wp-json\/wp\/v2\/posts\/177908\/revisions"}],"predecessor-version":[{"id":178120,"href":"https:\/\/www.em.com.br\/emfoco\/wp-json\/wp\/v2\/posts\/177908\/revisions\/178120"}],"wp:featuredmedia":[{"embeddable":true,"href":"https:\/\/www.em.com.br\/emfoco\/wp-json\/wp\/v2\/media\/178059"}],"wp:attachment":[{"href":"https:\/\/www.em.com.br\/emfoco\/wp-json\/wp\/v2\/media?parent=177908"}],"wp:term":[{"taxonomy":"category","embeddable":true,"href":"https:\/\/www.em.com.br\/emfoco\/wp-json\/wp\/v2\/categories?post=177908"},{"taxonomy":"post_tag","embeddable":true,"href":"https:\/\/www.em.com.br\/emfoco\/wp-json\/wp\/v2\/tags?post=177908"}],"curies":[{"name":"wp","href":"https:\/\/api.w.org\/{rel}","templated":true}]}}