{"id":177907,"date":"2026-03-06T17:35:44","date_gmt":"2026-03-06T20:35:44","guid":{"rendered":"https:\/\/www.em.com.br\/emfoco\/?p=177907"},"modified":"2026-03-05T18:36:06","modified_gmt":"2026-03-05T21:36:06","slug":"a-alternativa-natural-ao-muro-que-deixa-o-jardim-mais-bonito-e-ainda-traz-privacidade-para-a-casa","status":"publish","type":"post","link":"https:\/\/www.em.com.br\/emfoco\/2026\/03\/06\/a-alternativa-natural-ao-muro-que-deixa-o-jardim-mais-bonito-e-ainda-traz-privacidade-para-a-casa\/","title":{"rendered":"A alternativa natural ao muro que deixa o jardim mais bonito e ainda traz privacidade para a casa"},"content":{"rendered":"\n<p>Imagine chegar em casa e, em vez de um muro cinza, encontrar um <strong>corredor verde<\/strong> cheio de vida, p\u00e1ssaros e flores. A <strong>cerca viva<\/strong> faz exatamente isso: delimita seu terreno, traz privacidade e ainda deixa o espa\u00e7o muito mais acolhedor, ajudando a reduzir ru\u00eddos, filtrar ventos e criar um visual agrad\u00e1vel sem parecer pesado ou artificial.<\/p>\n\n\n\n<h2 class=\"wp-block-heading\">Como fazer uma cerca viva passo a passo<\/h2>\n\n\n\n<p>A montagem de uma <strong>cerca viva<\/strong> come\u00e7a pela defini\u00e7\u00e3o do tra\u00e7ado, que pode seguir o limite do terreno ou apenas a \u00e1rea que voc\u00ea quer proteger. Em vez de complicar, pense em marcar a linha de plantio com estacas e corda, analisando se o <strong>solo est\u00e1<\/strong> muito compactado e precisa ser revolvido, receber mat\u00e9ria org\u00e2nica e corre\u00e7\u00e3o da acidez.<\/p>\n\n\n\n<p>O espa\u00e7amento entre as <strong>plantas vai<\/strong> depender da esp\u00e9cie escolhida e do quanto voc\u00ea quer a cerca fechada. Para barreiras mais densas, as mudas ficam de 30 a 80 cent\u00edmetros uma da outra, \u00e0s vezes em uma vala cont\u00ednua. Depois do plantio, uma boa <strong>irriga\u00e7\u00e3o inicial<\/strong> \u00e9 essencial para acomodar o solo nas ra\u00edzes, evitar bols\u00f5es de ar e ajudar as mudas a pegarem mais r\u00e1pido.<\/p>\n\n\n<div class=\"wp-block-image\">\n<figure class=\"aligncenter size-large\"><img loading=\"lazy\" decoding=\"async\" width=\"1024\" height=\"576\" src=\"https:\/\/www.em.com.br\/emfoco\/wp-content\/uploads\/2026\/03\/ixora_1772743932554-1024x576.jpg\" alt=\"\" class=\"wp-image-178056\" srcset=\"https:\/\/www.em.com.br\/emfoco\/wp-content\/uploads\/2026\/03\/ixora_1772743932554-1024x576.jpg 1024w, https:\/\/www.em.com.br\/emfoco\/wp-content\/uploads\/2026\/03\/ixora_1772743932554-300x169.jpg 300w, https:\/\/www.em.com.br\/emfoco\/wp-content\/uploads\/2026\/03\/ixora_1772743932554-768x432.jpg 768w, https:\/\/www.em.com.br\/emfoco\/wp-content\/uploads\/2026\/03\/ixora_1772743932554-750x422.jpg 750w, https:\/\/www.em.com.br\/emfoco\/wp-content\/uploads\/2026\/03\/ixora_1772743932554-1140x641.jpg 1140w, https:\/\/www.em.com.br\/emfoco\/wp-content\/uploads\/2026\/03\/ixora_1772743932554.jpg 1280w\" sizes=\"auto, (max-width: 1024px) 100vw, 1024px\" \/><figcaption class=\"wp-element-caption\">Depois de plantada, a forma da cerca depende muito de como voc\u00ea conduz o crescimento das plantas &#8211; Cr\u00e9ditos: depositphotos.com \/ AkuBest79 <\/figcaption><\/figure><\/div>\n\n\n<h2 class=\"wp-block-heading\">Como conduzir o crescimento da cerca viva<\/h2>\n\n\n\n<p>Depois de plantada, a <strong>forma da<\/strong> cerca depende muito de como voc\u00ea conduz o crescimento das plantas. Muitas esp\u00e9cies respondem bem a podas de forma\u00e7\u00e3o nos primeiros meses, o que estimula a ramifica\u00e7\u00e3o lateral, deixa a barreira mais fechada e ajuda a definir a altura e a largura desejadas.<\/p>\n\n\n\n<p>As podas devem ser <strong>leves e<\/strong> frequentes, evitando cortes muito dr\u00e1sticos que retirem muita folhagem de uma s\u00f3 vez. Com aduba\u00e7\u00f5es peri\u00f3dicas, regas na medida certa e um olhar atento para pragas, sua <strong>cerca viva<\/strong> tende a se manter bonita, saud\u00e1vel e funcional por muitos anos.<\/p>\n\n\n\n<figure class=\"wp-block-embed is-type-rich is-provider-pinterest wp-block-embed-pinterest\"><div class=\"wp-block-embed__wrapper\">\n<iframe loading=\"lazy\" title=\"Cerca Viva\" src=\"https:\/\/assets.pinterest.com\/ext\/embed.html?id=797559415277177213&#038;src=oembed\" height=\"899\" width=\"450\" frameborder=\"0\" scrolling=\"no\" ><\/iframe>\n<\/div><\/figure>\n\n\n\n<p>Leia tamb\u00e9m:&nbsp;<a href=\"https:\/\/www.em.com.br\/emfoco\/2026\/03\/05\/a-planta-que-sobrevive-ao-sol-forte-e-cria-um-tapete-de-flores-coloridas-no-seu-jardim-com-quase-zero-esforco\/\" target=\"_blank\" rel=\"noopener\">A planta que sobrevive ao sol forte e cria um tapete de flores coloridas no seu jardim com quase zero esfor\u00e7o<\/a><\/p>\n\n\n\n<h2 class=\"wp-block-heading\">Quais plantas usar em cerca viva<\/h2>\n\n\n\n<p>A escolha das <strong>plantas para<\/strong> cerca viva depende do objetivo principal: mais privacidade, seguran\u00e7a, cor ou tudo isso junto. Em climas tropicais e subtropicais, esp\u00e9cies como <strong>pingo-de-ouro<\/strong>, murta, cl\u00fasia e hibisco costumam se adaptar bem e formar barreiras fechadas em pouco tempo, desde que recebam sol e cuidados b\u00e1sicos.<\/p>\n\n\n\n<p>Se a ideia \u00e9 uma <strong>cerca defensiva<\/strong>, vale considerar esp\u00e9cies com espinhos ou folhagem mais r\u00edgida, como sansevieria cil\u00edndrica em composi\u00e7\u00f5es mistas, cr\u00f3ton com cercas auxiliares ou coroa-de-cristo em pontos estrat\u00e9gicos. Para um efeito mais ornamental, <strong>bougainville colorido<\/strong>, ixora e hibisco rosa-sinensis trazem flores ao longo do ano e deixam o jardim com cara de casa de praia ou s\u00edtio.<\/p>\n\n\n\n<figure class=\"wp-block-embed is-type-rich is-provider-pinterest wp-block-embed-pinterest\"><div class=\"wp-block-embed__wrapper\">\n<iframe loading=\"lazy\" title=\" \" src=\"https:\/\/assets.pinterest.com\/ext\/embed.html?id=5348093304057623&#038;src=oembed\" height=\"899\" width=\"450\" frameborder=\"0\" scrolling=\"no\" ><\/iframe>\n<\/div><\/figure>\n\n\n\n<h2 class=\"wp-block-heading\">Quais plantas usar em espa\u00e7os pequenos e cal\u00e7adas<\/h2>\n\n\n\n<p>Em \u00e1reas pequenas ou muito pr\u00f3ximas \u00e0 cal\u00e7ada, \u00e9 importante escolher esp\u00e9cies de <strong>porte mais<\/strong> contido e ra\u00edzes menos agressivas. Nesse caso, podocarpo, ligustro-an\u00e3o e duranta-repens s\u00e3o muito usados, porque permitem podas frequentes, n\u00e3o estouram cal\u00e7adas e mant\u00eam a fachada organizada sem pesar visualmente.<\/p>\n\n\n\n<p>Algumas pessoas gostam de <strong>misturar arbustos<\/strong> verdes com esp\u00e9cies flor\u00edferas para criar um efeito mais natural e din\u00e2mico. Antes de decidir, vale sempre conferir a altura adulta da planta, o comportamento das ra\u00edzes e se ela precisa de sol pleno ou meia-sombra para evitar problemas no futuro e garantir uma <strong>cerca equilibrada<\/strong>.<\/p>\n\n\n\n<p>Para voc\u00ea que gosta de plantar, separamos um v\u00eddeo do canal <a href=\"https:\/\/www.youtube.com\/@MinhasPlantas\" target=\"_blank\" rel=\"noreferrer noopener\">Minhas Plantas<\/a> com uma lista de plantas para cerca viva:<\/p>\n\n\n\n<figure class=\"wp-block-embed is-type-video is-provider-youtube wp-block-embed-youtube wp-embed-aspect-16-9 wp-has-aspect-ratio\"><div class=\"wp-block-embed__wrapper\">\n<div class=\"jeg_video_container jeg_video_content\"><iframe loading=\"lazy\" title=\"19 PLANTAS para CERCA VIVA\" width=\"500\" height=\"281\" src=\"https:\/\/www.youtube.com\/embed\/xpZEXmXygWw?feature=oembed\" frameborder=\"0\" allow=\"accelerometer; autoplay; clipboard-write; encrypted-media; gyroscope; picture-in-picture; web-share\" referrerpolicy=\"strict-origin-when-cross-origin\" allowfullscreen><\/iframe><\/div>\n<\/div><\/figure>\n\n\n\n<h2 class=\"wp-block-heading\">Quais cuidados manter com a cerca viva<\/h2>\n\n\n\n<p>Depois de instalada, a <strong>cerca precisa<\/strong> de um pouco de aten\u00e7\u00e3o para continuar bonita e funcionando bem. A irriga\u00e7\u00e3o regular \u00e9 essencial principalmente nos primeiros meses, quando as mudas ainda est\u00e3o se adaptando. Em per\u00edodos de estiagem, \u00e9 comum precisar aumentar a frequ\u00eancia das regas para evitar queda de folhas e falhas na barreira de <strong>vegeta\u00e7\u00e3o verde<\/strong>.<\/p>\n\n\n\n<p>A aduba\u00e7\u00e3o influencia diretamente no vigor da cerca e pode ser feita duas ou tr\u00eas vezes ao ano, com adubo org\u00e2nico ou formulado de libera\u00e7\u00e3o lenta. Para organizar melhor os cuidados, voc\u00ea pode usar um calend\u00e1rio simples e seguir estas tarefas:<\/p>\n\n\n\n<ul class=\"wp-block-list\">\n<li><strong>Podas de forma\u00e7\u00e3o:<\/strong> realizadas nos primeiros anos, para definir altura e largura da cerca;<\/li>\n\n\n\n<li><strong>Podas de manuten\u00e7\u00e3o:<\/strong> feitas regularmente para manter o desenho e evitar avan\u00e7o sobre cal\u00e7adas ou vizinhos;<\/li>\n\n\n\n<li><strong>Monitoramento de pragas:<\/strong> inspe\u00e7\u00f5es visuais para identificar manchas, furos nas folhas ou presen\u00e7a de insetos;<\/li>\n\n\n\n<li><strong>Reposi\u00e7\u00e3o de mudas:<\/strong> substitui\u00e7\u00e3o de plantas que n\u00e3o se desenvolverem bem, evitando buracos na barreira.<\/li>\n<\/ul>\n\n\n\n<figure class=\"wp-block-embed is-type-rich is-provider-pinterest wp-block-embed-pinterest\"><div class=\"wp-block-embed__wrapper\">\n<iframe loading=\"lazy\" title=\"Cerca viva ixoria  Toda florida.\" src=\"https:\/\/assets.pinterest.com\/ext\/embed.html?id=2533343537181763&#038;src=oembed\" height=\"899\" width=\"450\" frameborder=\"0\" scrolling=\"no\" ><\/iframe>\n<\/div><\/figure>\n\n\n\n<h2 class=\"wp-block-heading\">Como escolher a melhor cerca viva para cada tipo de espa\u00e7o<\/h2>\n\n\n\n<p>Antes de decidir o tipo de <strong>cerca ideal<\/strong>, vale pensar com calma no tamanho do terreno, na rotina da casa e no tempo dispon\u00edvel para manuten\u00e7\u00e3o. Em espa\u00e7os pequenos, \u00e9 melhor apostar em esp\u00e9cies de porte moderado, para n\u00e3o sombrear demais e n\u00e3o atrapalhar passagens, port\u00f5es e garagens.<\/p>\n\n\n\n<p>Para facilitar essa escolha e evitar erros comuns, voc\u00ea pode seguir alguns crit\u00e9rios simples que funcionam tanto em casas urbanas quanto em ch\u00e1caras e s\u00edtios, garantindo uma <strong>cerca viva<\/strong> bonita, pr\u00e1tica e adequada ao seu dia a dia.<\/p>\n","protected":false},"excerpt":{"rendered":"<p>Imagine chegar em casa e, em vez de um muro cinza, encontrar um corredor verde cheio de vida, p\u00e1ssaros e flores. A cerca viva faz exatamente isso: delimita seu terreno, traz privacidade e ainda deixa o espa\u00e7o muito mais acolhedor, ajudando a reduzir ru\u00eddos, filtrar ventos e criar um visual agrad\u00e1vel sem parecer pesado ou [&hellip;]<\/p>\n","protected":false},"author":9,"featured_media":178054,"comment_status":"open","ping_status":"open","sticky":false,"template":"","format":"standard","meta":{"jnews-multi-image_gallery":[],"jnews_single_post":{"format":"standard"},"jnews_primary_category":[],"jnews_social_meta":[],"jnews_override_counter":[],"footnotes":""},"categories":[8819,1],"tags":[11124,7701,4687,3325],"class_list":["post-177907","post","type-post","status-publish","format-standard","has-post-thumbnail","hentry","category-curiosidades","category-noticias","tag-cerca-viva","tag-como-plantar","tag-decoracao","tag-jardim"],"yoast_head":"<!-- This site is optimized with the Yoast SEO plugin v23.8 - https:\/\/yoast.com\/wordpress\/plugins\/seo\/ -->\n<title>A alternativa natural ao muro que deixa o jardim mais bonito e ainda traz privacidade para a casa - Estado de Minas - Em foco<\/title>\n<meta name=\"description\" content=\"Descubra como criar cercas vivas que garantem privacidade, reduzem ru\u00eddos e valorizam sua fachada ap\u00f3s os 40\" \/>\n<meta name=\"robots\" content=\"index, follow, max-snippet:-1, max-image-preview:large, max-video-preview:-1\" \/>\n<link rel=\"canonical\" href=\"https:\/\/www.em.com.br\/emfoco\/2026\/03\/06\/a-alternativa-natural-ao-muro-que-deixa-o-jardim-mais-bonito-e-ainda-traz-privacidade-para-a-casa\/\" \/>\n<meta property=\"og:locale\" content=\"pt_BR\" \/>\n<meta property=\"og:type\" content=\"article\" \/>\n<meta property=\"og:title\" content=\"A alternativa natural ao muro que deixa o jardim mais bonito e ainda traz privacidade para a casa - Estado de Minas - Em foco\" \/>\n<meta property=\"og:description\" content=\"Descubra como criar cercas vivas que garantem privacidade, reduzem ru\u00eddos e valorizam sua fachada ap\u00f3s os 40\" \/>\n<meta property=\"og:url\" content=\"https:\/\/www.em.com.br\/emfoco\/2026\/03\/06\/a-alternativa-natural-ao-muro-que-deixa-o-jardim-mais-bonito-e-ainda-traz-privacidade-para-a-casa\/\" \/>\n<meta property=\"og:site_name\" content=\"Estado de Minas - Em foco\" \/>\n<meta property=\"article:published_time\" content=\"2026-03-06T20:35:44+00:00\" \/>\n<meta property=\"article:modified_time\" content=\"2026-03-05T21:36:06+00:00\" \/>\n<meta property=\"og:image\" content=\"https:\/\/www.em.com.br\/emfoco\/wp-content\/uploads\/2026\/03\/Gemini_Generated_Image_6blhrq6blhrq6blh-2.png\" \/>\n\t<meta property=\"og:image:width\" content=\"1280\" \/>\n\t<meta property=\"og:image:height\" content=\"720\" \/>\n\t<meta property=\"og:image:type\" content=\"image\/png\" \/>\n<meta name=\"author\" content=\"Daniely Cardoso\" \/>\n<meta name=\"twitter:card\" content=\"summary_large_image\" \/>\n<meta name=\"twitter:label1\" content=\"Escrito por\" \/>\n\t<meta name=\"twitter:data1\" content=\"Daniely Cardoso\" \/>\n\t<meta name=\"twitter:label2\" content=\"Est. tempo de leitura\" \/>\n\t<meta name=\"twitter:data2\" content=\"6 minutos\" \/>\n<!-- \/ Yoast SEO plugin. -->","yoast_head_json":{"title":"A alternativa natural ao muro que deixa o jardim mais bonito e ainda traz privacidade para a casa - Estado de Minas - Em foco","description":"Descubra como criar cercas vivas que garantem privacidade, reduzem ru\u00eddos e valorizam sua fachada ap\u00f3s os 40","robots":{"index":"index","follow":"follow","max-snippet":"max-snippet:-1","max-image-preview":"max-image-preview:large","max-video-preview":"max-video-preview:-1"},"canonical":"https:\/\/www.em.com.br\/emfoco\/2026\/03\/06\/a-alternativa-natural-ao-muro-que-deixa-o-jardim-mais-bonito-e-ainda-traz-privacidade-para-a-casa\/","og_locale":"pt_BR","og_type":"article","og_title":"A alternativa natural ao muro que deixa o jardim mais bonito e ainda traz privacidade para a casa - Estado de Minas - Em foco","og_description":"Descubra como criar cercas vivas que garantem privacidade, reduzem ru\u00eddos e valorizam sua fachada ap\u00f3s os 40","og_url":"https:\/\/www.em.com.br\/emfoco\/2026\/03\/06\/a-alternativa-natural-ao-muro-que-deixa-o-jardim-mais-bonito-e-ainda-traz-privacidade-para-a-casa\/","og_site_name":"Estado de Minas - Em foco","article_published_time":"2026-03-06T20:35:44+00:00","article_modified_time":"2026-03-05T21:36:06+00:00","og_image":[{"width":1280,"height":720,"url":"https:\/\/www.em.com.br\/emfoco\/wp-content\/uploads\/2026\/03\/Gemini_Generated_Image_6blhrq6blhrq6blh-2.png","type":"image\/png"}],"author":"Daniely Cardoso","twitter_card":"summary_large_image","twitter_misc":{"Escrito por":"Daniely Cardoso","Est. tempo de leitura":"6 minutos"},"schema":{"@context":"https:\/\/schema.org","@graph":[{"@type":"WebPage","@id":"https:\/\/www.em.com.br\/emfoco\/2026\/03\/06\/a-alternativa-natural-ao-muro-que-deixa-o-jardim-mais-bonito-e-ainda-traz-privacidade-para-a-casa\/","url":"https:\/\/www.em.com.br\/emfoco\/2026\/03\/06\/a-alternativa-natural-ao-muro-que-deixa-o-jardim-mais-bonito-e-ainda-traz-privacidade-para-a-casa\/","name":"A alternativa natural ao muro que deixa o jardim mais bonito e ainda traz privacidade para a casa - Estado de Minas - Em foco","isPartOf":{"@id":"https:\/\/www.em.com.br\/emfoco\/#website"},"primaryImageOfPage":{"@id":"https:\/\/www.em.com.br\/emfoco\/2026\/03\/06\/a-alternativa-natural-ao-muro-que-deixa-o-jardim-mais-bonito-e-ainda-traz-privacidade-para-a-casa\/#primaryimage"},"image":{"@id":"https:\/\/www.em.com.br\/emfoco\/2026\/03\/06\/a-alternativa-natural-ao-muro-que-deixa-o-jardim-mais-bonito-e-ainda-traz-privacidade-para-a-casa\/#primaryimage"},"thumbnailUrl":"https:\/\/www.em.com.br\/emfoco\/wp-content\/uploads\/2026\/03\/Gemini_Generated_Image_6blhrq6blhrq6blh-2.png","datePublished":"2026-03-06T20:35:44+00:00","dateModified":"2026-03-05T21:36:06+00:00","author":{"@id":"https:\/\/www.em.com.br\/emfoco\/#\/schema\/person\/0a8186d72f2c3a5c6276d90b41f271a0"},"description":"Descubra como criar cercas vivas que garantem privacidade, reduzem ru\u00eddos e valorizam sua fachada ap\u00f3s os 40","breadcrumb":{"@id":"https:\/\/www.em.com.br\/emfoco\/2026\/03\/06\/a-alternativa-natural-ao-muro-que-deixa-o-jardim-mais-bonito-e-ainda-traz-privacidade-para-a-casa\/#breadcrumb"},"inLanguage":"pt-BR","potentialAction":[{"@type":"ReadAction","target":["https:\/\/www.em.com.br\/emfoco\/2026\/03\/06\/a-alternativa-natural-ao-muro-que-deixa-o-jardim-mais-bonito-e-ainda-traz-privacidade-para-a-casa\/"]}]},{"@type":"ImageObject","inLanguage":"pt-BR","@id":"https:\/\/www.em.com.br\/emfoco\/2026\/03\/06\/a-alternativa-natural-ao-muro-que-deixa-o-jardim-mais-bonito-e-ainda-traz-privacidade-para-a-casa\/#primaryimage","url":"https:\/\/www.em.com.br\/emfoco\/wp-content\/uploads\/2026\/03\/Gemini_Generated_Image_6blhrq6blhrq6blh-2.png","contentUrl":"https:\/\/www.em.com.br\/emfoco\/wp-content\/uploads\/2026\/03\/Gemini_Generated_Image_6blhrq6blhrq6blh-2.png","width":1280,"height":720,"caption":"O espa\u00e7amento entre as plantas vai depender da esp\u00e9cie escolhida e do quanto voc\u00ea quer a cerca fechada."},{"@type":"BreadcrumbList","@id":"https:\/\/www.em.com.br\/emfoco\/2026\/03\/06\/a-alternativa-natural-ao-muro-que-deixa-o-jardim-mais-bonito-e-ainda-traz-privacidade-para-a-casa\/#breadcrumb","itemListElement":[{"@type":"ListItem","position":1,"name":"In\u00edcio","item":"https:\/\/www.em.com.br\/emfoco\/"},{"@type":"ListItem","position":2,"name":"A alternativa natural ao muro que deixa o jardim mais bonito e ainda traz privacidade para a casa"}]},{"@type":"WebSite","@id":"https:\/\/www.em.com.br\/emfoco\/#website","url":"https:\/\/www.em.com.br\/emfoco\/","name":"Estado de Minas - Em foco","description":"Acompanhe as \u00faltimas not\u00edcias e fique bem informado sobre tudo o que acontece em Minas Gerais, Brasil e no mundo.","potentialAction":[{"@type":"SearchAction","target":{"@type":"EntryPoint","urlTemplate":"https:\/\/www.em.com.br\/emfoco\/?s={search_term_string}"},"query-input":{"@type":"PropertyValueSpecification","valueRequired":true,"valueName":"search_term_string"}}],"inLanguage":"pt-BR"},{"@type":"Person","@id":"https:\/\/www.em.com.br\/emfoco\/#\/schema\/person\/0a8186d72f2c3a5c6276d90b41f271a0","name":"Daniely Cardoso","image":{"@type":"ImageObject","inLanguage":"pt-BR","@id":"https:\/\/www.em.com.br\/emfoco\/#\/schema\/person\/image\/","url":"https:\/\/secure.gravatar.com\/avatar\/4b80ddbd124d1f071b626d52d62e5dff?s=96&d=mm&r=g","contentUrl":"https:\/\/secure.gravatar.com\/avatar\/4b80ddbd124d1f071b626d52d62e5dff?s=96&d=mm&r=g","caption":"Daniely Cardoso"},"url":"https:\/\/www.em.com.br\/emfoco\/author\/danielymyth\/"}]}},"_links":{"self":[{"href":"https:\/\/www.em.com.br\/emfoco\/wp-json\/wp\/v2\/posts\/177907","targetHints":{"allow":["GET"]}}],"collection":[{"href":"https:\/\/www.em.com.br\/emfoco\/wp-json\/wp\/v2\/posts"}],"about":[{"href":"https:\/\/www.em.com.br\/emfoco\/wp-json\/wp\/v2\/types\/post"}],"author":[{"embeddable":true,"href":"https:\/\/www.em.com.br\/emfoco\/wp-json\/wp\/v2\/users\/9"}],"replies":[{"embeddable":true,"href":"https:\/\/www.em.com.br\/emfoco\/wp-json\/wp\/v2\/comments?post=177907"}],"version-history":[{"count":3,"href":"https:\/\/www.em.com.br\/emfoco\/wp-json\/wp\/v2\/posts\/177907\/revisions"}],"predecessor-version":[{"id":178117,"href":"https:\/\/www.em.com.br\/emfoco\/wp-json\/wp\/v2\/posts\/177907\/revisions\/178117"}],"wp:featuredmedia":[{"embeddable":true,"href":"https:\/\/www.em.com.br\/emfoco\/wp-json\/wp\/v2\/media\/178054"}],"wp:attachment":[{"href":"https:\/\/www.em.com.br\/emfoco\/wp-json\/wp\/v2\/media?parent=177907"}],"wp:term":[{"taxonomy":"category","embeddable":true,"href":"https:\/\/www.em.com.br\/emfoco\/wp-json\/wp\/v2\/categories?post=177907"},{"taxonomy":"post_tag","embeddable":true,"href":"https:\/\/www.em.com.br\/emfoco\/wp-json\/wp\/v2\/tags?post=177907"}],"curies":[{"name":"wp","href":"https:\/\/api.w.org\/{rel}","templated":true}]}}