{"id":177894,"date":"2026-03-06T13:25:48","date_gmt":"2026-03-06T16:25:48","guid":{"rendered":"https:\/\/www.em.com.br\/emfoco\/?p=177894"},"modified":"2026-03-06T09:12:10","modified_gmt":"2026-03-06T12:12:10","slug":"a-trepadeira-que-atrai-beija-flores-e-cobre-muros-em-tempo-recorde-esta-conquistando-jardins","status":"publish","type":"post","link":"https:\/\/www.em.com.br\/emfoco\/2026\/03\/06\/a-trepadeira-que-atrai-beija-flores-e-cobre-muros-em-tempo-recorde-esta-conquistando-jardins\/","title":{"rendered":"A trepadeira que atrai beija-flores e cobre muros em tempo recorde est\u00e1 conquistando jardins"},"content":{"rendered":"\n<p>Imagine olhar pela janela e ver o muro coberto por uma cascata de flores laranjas bem vivas, em vez de um jardim sem gra\u00e7a e sem cor. \u00c9 exatamente isso que a <strong>bign\u00f4nia laranja<\/strong> faz: transforma estruturas simples em cen\u00e1rios cheios de vida, mesmo nos meses mais frios, com uma beleza que chama aten\u00e7\u00e3o de longe e exige poucos <strong>cuidados constantes<\/strong>.<\/p>\n\n\n\n<h2 class=\"wp-block-heading\">O que \u00e9 a bign\u00f4nia laranja e por que ela chama tanta aten\u00e7\u00e3o<\/h2>\n\n\n\n<p>A <strong>bign\u00f4nia laranja<\/strong> \u00e9 uma trepadeira de crescimento r\u00e1pido, com ramos longos que podem ultrapassar v\u00e1rios metros de extens\u00e3o quando encontram apoio adequado. Suas folhas ficam verde intenso boa parte do ano e criam um fundo perfeito para as flores que surgem do fim do outono ao come\u00e7o da primavera, tornando essa <strong>enredadeira florida<\/strong> a estrela do jardim em \u00e9pocas mais apagadas.<\/p>\n\n\n\n<p>Por ser uma planta resistente, depois de bem estabelecida costuma exigir apenas manuten\u00e7\u00e3o b\u00e1sica e alguns cuidados pontuais. Em regi\u00f5es sem frio extremo, permanece verde o ano todo; j\u00e1 em \u00e1reas com geadas fortes, pode perder folhagem, mas tende a rebrotar com o calor, algo importante para quem deseja um jardim sempre <strong>bonito e equilibrado<\/strong>.<\/p>\n\n\n\n<figure class=\"wp-block-embed is-type-rich is-provider-pinterest wp-block-embed-pinterest\"><div class=\"wp-block-embed__wrapper\">\n<iframe loading=\"lazy\" title=\" \" src=\"https:\/\/assets.pinterest.com\/ext\/embed.html?id=78039006029649112&#038;src=oembed\" height=\"699\" width=\"450\" frameborder=\"0\" scrolling=\"no\" ><\/iframe>\n<\/div><\/figure>\n\n\n\n<p>Leia tamb\u00e9m:&nbsp;<a href=\"https:\/\/www.em.com.br\/emfoco\/2026\/03\/03\/cultive-seu-proprio-ouro-liquido-como-plantar-curcuma-em-baldes-dentro-de-apartamentos-pequenos\/\" target=\"_blank\" rel=\"noopener\">Cultive seu pr\u00f3prio ouro l\u00edquido: como plantar c\u00farcuma em baldes dentro de apartamentos pequenos<\/a><\/p>\n\n\n\n<h2 class=\"wp-block-heading\">Como cuidar da bign\u00f4nia laranja que floresce no inverno<\/h2>\n\n\n\n<p>Os principais <strong>cuidados com a bign\u00f4nia<\/strong> s\u00e3o simples e podem ser feitos at\u00e9 por quem est\u00e1 come\u00e7ando agora no mundo das plantas. Ela precisa de sol, espa\u00e7o para se espalhar e um bom suporte para se agarrar, o que facilita muito o uso em muros altos, pergolados e varandas que pedem mais <strong>verde e sombra<\/strong>.<\/p>\n\n\n\n<p>A seguir, est\u00e3o os pontos essenciais para manter essa trepadeira saud\u00e1vel e cheia de flores, sem complicar a rotina de regas e manejo no dia a dia:<\/p>\n\n\n\n<ul class=\"wp-block-list\">\n<li><strong>Luz:<\/strong> prefere sol pleno, com v\u00e1rias horas de luz direta, produzindo mais flores quando bem iluminada.<\/li>\n\n\n\n<li><strong>Rega:<\/strong> gosta de regas moderadas, com o solo secando levemente entre uma irriga\u00e7\u00e3o e outra.<\/li>\n\n\n\n<li><strong>Solo:<\/strong> desenvolve-se melhor em substrato f\u00e9rtil e bem drenado, mas aceita solos comuns de jardim.<\/li>\n\n\n\n<li><strong>Poda:<\/strong> a poda ap\u00f3s a flora\u00e7\u00e3o ajuda a controlar o tamanho e estimular novos ramos vigorosos.<\/li>\n\n\n\n<li><strong>Apoio:<\/strong> cercas, grades, pergolados e arames firmes s\u00e3o ideais para conduzir seus ramos longos.<\/li>\n<\/ul>\n\n\n\n<p>Para voc\u00ea que gostou dessa planta, separamos um v\u00eddeo do canal <a href=\"https:\/\/www.youtube.com\/@ecologychannel4421\">Ecology Channel<\/a> com uma lsita de varia\u00e7\u00f5es da bign\u00f4nia:<\/p>\n\n\n\n<figure class=\"wp-block-embed is-type-video is-provider-youtube wp-block-embed-youtube wp-embed-aspect-16-9 wp-has-aspect-ratio\"><div class=\"wp-block-embed__wrapper\">\n<div class=\"jeg_video_container jeg_video_content\"><iframe loading=\"lazy\" title=\"7 Tipos de Bignonia\" width=\"500\" height=\"281\" src=\"https:\/\/www.youtube.com\/embed\/SDP5YNuuSsU?feature=oembed\" frameborder=\"0\" allow=\"accelerometer; autoplay; clipboard-write; encrypted-media; gyroscope; picture-in-picture; web-share\" referrerpolicy=\"strict-origin-when-cross-origin\" allowfullscreen><\/iframe><\/div>\n<\/div><\/figure>\n\n\n\n<h2 class=\"wp-block-heading\">Quais vantagens a bign\u00f4nia laranja oferece no jardim<\/h2>\n\n\n\n<p>Entre as trepadeiras flor\u00edferas, a <strong>Pyrostegia venusta<\/strong> se destaca por unir beleza, praticidade e crescimento r\u00e1pido, cobrindo superf\u00edcies em pouco tempo. Uma \u00fanica muda bem conduzida pode formar um painel denso, ajudando a disfar\u00e7ar \u00e1reas desgastadas e trazendo uma sensa\u00e7\u00e3o de frescor em projetos residenciais e em <strong>condom\u00ednios maiores<\/strong>.<\/p>\n\n\n\n<p>Al\u00e9m disso, sua florada intensa nos meses frios vira o ponto alto do jardim, atraindo olhares e coment\u00e1rios de visitantes. \u00c9 uma op\u00e7\u00e3o interessante para quem quer mais natureza no dia a dia, sem precisar investir em cuidados complexos ou em manuten\u00e7\u00f5es <strong>frequentes demais<\/strong>.<\/p>\n\n\n\n<figure class=\"wp-block-embed is-type-rich is-provider-pinterest wp-block-embed-pinterest\"><div class=\"wp-block-embed__wrapper\">\n<iframe loading=\"lazy\" title=\"Bignonia venusta \u2013 Flame Vine\" src=\"https:\/\/assets.pinterest.com\/ext\/embed.html?id=65091157108011717&#038;src=oembed\" height=\"699\" width=\"450\" frameborder=\"0\" scrolling=\"no\" ><\/iframe>\n<\/div><\/figure>\n\n\n\n<h2 class=\"wp-block-heading\">O que observar antes de plantar a bign\u00f4nia laranja em casa<\/h2>\n\n\n\n<p>Antes de incluir a <strong>bign\u00f4nia laranja<\/strong> no jardim, vale analisar com calma o local escolhido e a estrutura de apoio dispon\u00edvel. Com o tempo, a planta ganha volume, peso e pode for\u00e7ar cercas ou pergolados fr\u00e1geis, por isso \u00e9 importante garantir um suporte firme de metal, madeira tratada ou alvenaria bem <strong>constru\u00edda e segura<\/strong>.<\/p>\n\n\n\n<p>Tamb\u00e9m \u00e9 essencial considerar o clima da regi\u00e3o, j\u00e1 que em invernos muito rigorosos ela pode perder parte das folhas e deixar o suporte mais aparente. Mesmo assim, costuma se recuperar bem na primavera, voltando a crescer e florir, tornando-se um elemento de destaque visual o ano todo, com \u00eanfase no inverno e nas floradas mais <strong>intensas e duradouras<\/strong>.<\/p>\n\n\n\n<p><\/p>\n","protected":false},"excerpt":{"rendered":"<p>Imagine olhar pela janela e ver o muro coberto por uma cascata de flores laranjas bem vivas, em vez de um jardim sem gra\u00e7a e sem cor. \u00c9 exatamente isso que a bign\u00f4nia laranja faz: transforma estruturas simples em cen\u00e1rios cheios de vida, mesmo nos meses mais frios, com uma beleza que chama aten\u00e7\u00e3o de [&hellip;]<\/p>\n","protected":false},"author":9,"featured_media":178089,"comment_status":"open","ping_status":"open","sticky":false,"template":"","format":"standard","meta":{"jnews-multi-image_gallery":[],"jnews_single_post":{"format":"standard"},"jnews_primary_category":[],"jnews_social_meta":[],"jnews_override_counter":[],"footnotes":""},"categories":[8819,1],"tags":[25749,7701,4687,11239],"class_list":["post-177894","post","type-post","status-publish","format-standard","has-post-thumbnail","hentry","category-curiosidades","category-noticias","tag-bignonia-laranja","tag-como-plantar","tag-decoracao","tag-trepadeira"],"yoast_head":"<!-- This site is optimized with the Yoast SEO plugin v23.8 - https:\/\/yoast.com\/wordpress\/plugins\/seo\/ -->\n<title>A trepadeira que atrai beija-flores e cobre muros em tempo recorde est\u00e1 conquistando jardins - Estado de Minas - Em foco<\/title>\n<meta name=\"description\" content=\"Trepadeira resistente cria cascata de flores vibrantes no inverno e cobre muros com beleza, exigindo poucos cuidados no jardim.\" \/>\n<meta name=\"robots\" content=\"index, follow, max-snippet:-1, max-image-preview:large, max-video-preview:-1\" \/>\n<link rel=\"canonical\" href=\"https:\/\/www.em.com.br\/emfoco\/2026\/03\/06\/a-trepadeira-que-atrai-beija-flores-e-cobre-muros-em-tempo-recorde-esta-conquistando-jardins\/\" \/>\n<meta property=\"og:locale\" content=\"pt_BR\" \/>\n<meta property=\"og:type\" content=\"article\" \/>\n<meta property=\"og:title\" content=\"A trepadeira que atrai beija-flores e cobre muros em tempo recorde est\u00e1 conquistando jardins - Estado de Minas - Em foco\" \/>\n<meta property=\"og:description\" content=\"Trepadeira resistente cria cascata de flores vibrantes no inverno e cobre muros com beleza, exigindo poucos cuidados no jardim.\" \/>\n<meta property=\"og:url\" content=\"https:\/\/www.em.com.br\/emfoco\/2026\/03\/06\/a-trepadeira-que-atrai-beija-flores-e-cobre-muros-em-tempo-recorde-esta-conquistando-jardins\/\" \/>\n<meta property=\"og:site_name\" content=\"Estado de Minas - Em foco\" \/>\n<meta property=\"article:published_time\" content=\"2026-03-06T16:25:48+00:00\" \/>\n<meta property=\"article:modified_time\" content=\"2026-03-06T12:12:10+00:00\" \/>\n<meta property=\"og:image\" content=\"https:\/\/www.em.com.br\/emfoco\/wp-content\/uploads\/2026\/03\/Gemini_Generated_Image_a5lbx9a5lbx9a5lb-1.png\" \/>\n\t<meta property=\"og:image:width\" content=\"1280\" \/>\n\t<meta property=\"og:image:height\" content=\"720\" \/>\n\t<meta property=\"og:image:type\" content=\"image\/png\" \/>\n<meta name=\"author\" content=\"Daniely Cardoso\" \/>\n<meta name=\"twitter:card\" content=\"summary_large_image\" \/>\n<meta name=\"twitter:label1\" content=\"Escrito por\" \/>\n\t<meta name=\"twitter:data1\" content=\"Daniely Cardoso\" \/>\n\t<meta name=\"twitter:label2\" content=\"Est. tempo de leitura\" \/>\n\t<meta name=\"twitter:data2\" content=\"4 minutos\" \/>\n<!-- \/ Yoast SEO plugin. -->","yoast_head_json":{"title":"A trepadeira que atrai beija-flores e cobre muros em tempo recorde est\u00e1 conquistando jardins - Estado de Minas - Em foco","description":"Trepadeira resistente cria cascata de flores vibrantes no inverno e cobre muros com beleza, exigindo poucos cuidados no jardim.","robots":{"index":"index","follow":"follow","max-snippet":"max-snippet:-1","max-image-preview":"max-image-preview:large","max-video-preview":"max-video-preview:-1"},"canonical":"https:\/\/www.em.com.br\/emfoco\/2026\/03\/06\/a-trepadeira-que-atrai-beija-flores-e-cobre-muros-em-tempo-recorde-esta-conquistando-jardins\/","og_locale":"pt_BR","og_type":"article","og_title":"A trepadeira que atrai beija-flores e cobre muros em tempo recorde est\u00e1 conquistando jardins - Estado de Minas - Em foco","og_description":"Trepadeira resistente cria cascata de flores vibrantes no inverno e cobre muros com beleza, exigindo poucos cuidados no jardim.","og_url":"https:\/\/www.em.com.br\/emfoco\/2026\/03\/06\/a-trepadeira-que-atrai-beija-flores-e-cobre-muros-em-tempo-recorde-esta-conquistando-jardins\/","og_site_name":"Estado de Minas - Em foco","article_published_time":"2026-03-06T16:25:48+00:00","article_modified_time":"2026-03-06T12:12:10+00:00","og_image":[{"width":1280,"height":720,"url":"https:\/\/www.em.com.br\/emfoco\/wp-content\/uploads\/2026\/03\/Gemini_Generated_Image_a5lbx9a5lbx9a5lb-1.png","type":"image\/png"}],"author":"Daniely Cardoso","twitter_card":"summary_large_image","twitter_misc":{"Escrito por":"Daniely Cardoso","Est. tempo de leitura":"4 minutos"},"schema":{"@context":"https:\/\/schema.org","@graph":[{"@type":"WebPage","@id":"https:\/\/www.em.com.br\/emfoco\/2026\/03\/06\/a-trepadeira-que-atrai-beija-flores-e-cobre-muros-em-tempo-recorde-esta-conquistando-jardins\/","url":"https:\/\/www.em.com.br\/emfoco\/2026\/03\/06\/a-trepadeira-que-atrai-beija-flores-e-cobre-muros-em-tempo-recorde-esta-conquistando-jardins\/","name":"A trepadeira que atrai beija-flores e cobre muros em tempo recorde est\u00e1 conquistando jardins - Estado de Minas - Em foco","isPartOf":{"@id":"https:\/\/www.em.com.br\/emfoco\/#website"},"primaryImageOfPage":{"@id":"https:\/\/www.em.com.br\/emfoco\/2026\/03\/06\/a-trepadeira-que-atrai-beija-flores-e-cobre-muros-em-tempo-recorde-esta-conquistando-jardins\/#primaryimage"},"image":{"@id":"https:\/\/www.em.com.br\/emfoco\/2026\/03\/06\/a-trepadeira-que-atrai-beija-flores-e-cobre-muros-em-tempo-recorde-esta-conquistando-jardins\/#primaryimage"},"thumbnailUrl":"https:\/\/www.em.com.br\/emfoco\/wp-content\/uploads\/2026\/03\/Gemini_Generated_Image_a5lbx9a5lbx9a5lb-1.png","datePublished":"2026-03-06T16:25:48+00:00","dateModified":"2026-03-06T12:12:10+00:00","author":{"@id":"https:\/\/www.em.com.br\/emfoco\/#\/schema\/person\/0a8186d72f2c3a5c6276d90b41f271a0"},"description":"Trepadeira resistente cria cascata de flores vibrantes no inverno e cobre muros com beleza, exigindo poucos cuidados no jardim.","breadcrumb":{"@id":"https:\/\/www.em.com.br\/emfoco\/2026\/03\/06\/a-trepadeira-que-atrai-beija-flores-e-cobre-muros-em-tempo-recorde-esta-conquistando-jardins\/#breadcrumb"},"inLanguage":"pt-BR","potentialAction":[{"@type":"ReadAction","target":["https:\/\/www.em.com.br\/emfoco\/2026\/03\/06\/a-trepadeira-que-atrai-beija-flores-e-cobre-muros-em-tempo-recorde-esta-conquistando-jardins\/"]}]},{"@type":"ImageObject","inLanguage":"pt-BR","@id":"https:\/\/www.em.com.br\/emfoco\/2026\/03\/06\/a-trepadeira-que-atrai-beija-flores-e-cobre-muros-em-tempo-recorde-esta-conquistando-jardins\/#primaryimage","url":"https:\/\/www.em.com.br\/emfoco\/wp-content\/uploads\/2026\/03\/Gemini_Generated_Image_a5lbx9a5lbx9a5lb-1.png","contentUrl":"https:\/\/www.em.com.br\/emfoco\/wp-content\/uploads\/2026\/03\/Gemini_Generated_Image_a5lbx9a5lbx9a5lb-1.png","width":1280,"height":720,"caption":"Antes de incluir a bign\u00f4nia laranja no jardim, vale analisar com calma o local escolhido e a estrutura de apoio dispon\u00edvel"},{"@type":"BreadcrumbList","@id":"https:\/\/www.em.com.br\/emfoco\/2026\/03\/06\/a-trepadeira-que-atrai-beija-flores-e-cobre-muros-em-tempo-recorde-esta-conquistando-jardins\/#breadcrumb","itemListElement":[{"@type":"ListItem","position":1,"name":"In\u00edcio","item":"https:\/\/www.em.com.br\/emfoco\/"},{"@type":"ListItem","position":2,"name":"A trepadeira que atrai beija-flores e cobre muros em tempo recorde est\u00e1 conquistando jardins"}]},{"@type":"WebSite","@id":"https:\/\/www.em.com.br\/emfoco\/#website","url":"https:\/\/www.em.com.br\/emfoco\/","name":"Estado de Minas - Em foco","description":"Acompanhe as \u00faltimas not\u00edcias e fique bem informado sobre tudo o que acontece em Minas Gerais, Brasil e no mundo.","potentialAction":[{"@type":"SearchAction","target":{"@type":"EntryPoint","urlTemplate":"https:\/\/www.em.com.br\/emfoco\/?s={search_term_string}"},"query-input":{"@type":"PropertyValueSpecification","valueRequired":true,"valueName":"search_term_string"}}],"inLanguage":"pt-BR"},{"@type":"Person","@id":"https:\/\/www.em.com.br\/emfoco\/#\/schema\/person\/0a8186d72f2c3a5c6276d90b41f271a0","name":"Daniely Cardoso","image":{"@type":"ImageObject","inLanguage":"pt-BR","@id":"https:\/\/www.em.com.br\/emfoco\/#\/schema\/person\/image\/","url":"https:\/\/secure.gravatar.com\/avatar\/4b80ddbd124d1f071b626d52d62e5dff?s=96&d=mm&r=g","contentUrl":"https:\/\/secure.gravatar.com\/avatar\/4b80ddbd124d1f071b626d52d62e5dff?s=96&d=mm&r=g","caption":"Daniely Cardoso"},"url":"https:\/\/www.em.com.br\/emfoco\/author\/danielymyth\/"}]}},"_links":{"self":[{"href":"https:\/\/www.em.com.br\/emfoco\/wp-json\/wp\/v2\/posts\/177894","targetHints":{"allow":["GET"]}}],"collection":[{"href":"https:\/\/www.em.com.br\/emfoco\/wp-json\/wp\/v2\/posts"}],"about":[{"href":"https:\/\/www.em.com.br\/emfoco\/wp-json\/wp\/v2\/types\/post"}],"author":[{"embeddable":true,"href":"https:\/\/www.em.com.br\/emfoco\/wp-json\/wp\/v2\/users\/9"}],"replies":[{"embeddable":true,"href":"https:\/\/www.em.com.br\/emfoco\/wp-json\/wp\/v2\/comments?post=177894"}],"version-history":[{"count":4,"href":"https:\/\/www.em.com.br\/emfoco\/wp-json\/wp\/v2\/posts\/177894\/revisions"}],"predecessor-version":[{"id":178307,"href":"https:\/\/www.em.com.br\/emfoco\/wp-json\/wp\/v2\/posts\/177894\/revisions\/178307"}],"wp:featuredmedia":[{"embeddable":true,"href":"https:\/\/www.em.com.br\/emfoco\/wp-json\/wp\/v2\/media\/178089"}],"wp:attachment":[{"href":"https:\/\/www.em.com.br\/emfoco\/wp-json\/wp\/v2\/media?parent=177894"}],"wp:term":[{"taxonomy":"category","embeddable":true,"href":"https:\/\/www.em.com.br\/emfoco\/wp-json\/wp\/v2\/categories?post=177894"},{"taxonomy":"post_tag","embeddable":true,"href":"https:\/\/www.em.com.br\/emfoco\/wp-json\/wp\/v2\/tags?post=177894"}],"curies":[{"name":"wp","href":"https:\/\/api.w.org\/{rel}","templated":true}]}}