{"id":177891,"date":"2026-03-06T12:55:33","date_gmt":"2026-03-06T15:55:33","guid":{"rendered":"https:\/\/www.em.com.br\/emfoco\/?p=177891"},"modified":"2026-03-06T09:01:37","modified_gmt":"2026-03-06T12:01:37","slug":"chega-de-chapinha-a-franja-que-parece-baguncada-esta-dominando-os-saloes-em-2026","status":"publish","type":"post","link":"https:\/\/www.em.com.br\/emfoco\/2026\/03\/06\/chega-de-chapinha-a-franja-que-parece-baguncada-esta-dominando-os-saloes-em-2026\/","title":{"rendered":"A nova franja que est\u00e1 dominando os sal\u00f5es em 2026 e o motivo \u00e9 simples, ela \u00e9 leve, moderna e muito mais f\u00e1cil de arrumar"},"content":{"rendered":"\n<p>Voc\u00ea j\u00e1 tentou arrumar a <b>franja<\/b> na pressa, ela n\u00e3o colaborou de jeito nenhum e voc\u00ea pensou em desistir dela? A<strong> franja shattered<\/strong> chega justamente para resolver isso em 2026: \u00e9 <b>desfiada<\/b>, leve, com movimento natural e aquele ar de \u201cacordei assim\u201d, substituindo a franja cortininha com um visual mais moderno e descomplicado.<\/p>\n\n\n\n<h2 class=\"wp-block-heading\">Por que a franja shattered \u00e9 tend\u00eancia de cabelo em 2026<\/h2>\n\n\n\n<p>A tend\u00eancia de cabelo em 2026 valoriza fios com apar\u00eancia <b>natural<\/b>, textura real e movimento livre, sem neurose com cada fio no lugar. A franja shattered entra nesse clima, funcionando tanto em vers\u00f5es mais polidas quanto naquele estilo \u201cbagun\u00e7adinho <b>estiloso<\/b>\u201d.<\/p>\n\n\n\n<p>Outro motivo para o sucesso da franja estilha\u00e7ada \u00e9 a praticidade: ela combina com looks chiques ou casuais sem exigir escova, prancha ou babyliss todo dia. Muitas vezes, secar a raiz, bagun\u00e7ar com os dedos e ajustar algumas mechas j\u00e1 <b>resolve<\/b>, deixando o visual mais leve e <b>atual<\/b>.<\/p>\n\n\n\n<figure class=\"wp-block-embed is-type-rich is-provider-pinterest wp-block-embed-pinterest\"><div class=\"wp-block-embed__wrapper\">\n<iframe loading=\"lazy\" title=\"Como ter uma franja de diva #hairstyle #shorts #haircut #franja\" src=\"https:\/\/assets.pinterest.com\/ext\/embed.html?id=727120302376969513&#038;src=oembed\" height=\"899\" width=\"450\" frameborder=\"0\" scrolling=\"no\" ><\/iframe>\n<\/div><\/figure>\n\n\n\n<h2 class=\"wp-block-heading\">Como saber se a franja shattered combina com seu formato de rosto<\/h2>\n\n\n\n<p><strong>A escolha da franja shattered ideal<\/strong> passa pelo formato do rosto e pelo estilo que voc\u00ea quer transmitir. Em rostos ovais ou levemente alongados, ela pode ser mais cheia no centro e suave nas laterais, equilibrando o rosto sem encurtar demais a <b>face<\/b>, garantindo um ar mais <b>harm\u00f4nico<\/b>.<\/p>\n\n\n\n<p><strong>Para rostos redondos ou quadrados<\/strong>, a vers\u00e3o mais longa nas laterais, quase misturada ao comprimento, costuma afinar visualmente as bochechas e suavizar \u00e2ngulos fortes. Em rostos triangulares ou em cora\u00e7\u00e3o, pontas leves no centro e desfiadas nas laterais ajudam a n\u00e3o \u201cfechar\u201d a <b>testa<\/b>, mantendo o contorno mais <b>delicado<\/b>.<\/p>\n\n\n<div class=\"wp-block-image\">\n<figure class=\"aligncenter size-large\"><img loading=\"lazy\" decoding=\"async\" width=\"1024\" height=\"576\" src=\"https:\/\/www.em.com.br\/emfoco\/wp-content\/uploads\/2026\/03\/Gemini_Generated_Image_geapj9geapj9geap-1-1024x576.png\" alt=\"\" class=\"wp-image-177982\" srcset=\"https:\/\/www.em.com.br\/emfoco\/wp-content\/uploads\/2026\/03\/Gemini_Generated_Image_geapj9geapj9geap-1-1024x576.png 1024w, https:\/\/www.em.com.br\/emfoco\/wp-content\/uploads\/2026\/03\/Gemini_Generated_Image_geapj9geapj9geap-1-300x169.png 300w, https:\/\/www.em.com.br\/emfoco\/wp-content\/uploads\/2026\/03\/Gemini_Generated_Image_geapj9geapj9geap-1-768x432.png 768w, https:\/\/www.em.com.br\/emfoco\/wp-content\/uploads\/2026\/03\/Gemini_Generated_Image_geapj9geapj9geap-1-750x422.png 750w, https:\/\/www.em.com.br\/emfoco\/wp-content\/uploads\/2026\/03\/Gemini_Generated_Image_geapj9geapj9geap-1-1140x641.png 1140w, https:\/\/www.em.com.br\/emfoco\/wp-content\/uploads\/2026\/03\/Gemini_Generated_Image_geapj9geapj9geap-1.png 1280w\" sizes=\"auto, (max-width: 1024px) 100vw, 1024px\" \/><figcaption class=\"wp-element-caption\">Para rostos redondos ou quadrados, a vers\u00e3o mais longa nas laterais, quase misturada ao comprimento,<\/figcaption><\/figure><\/div>\n\n\n<p>Leia tamb\u00e9m:&nbsp;<a href=\"https:\/\/www.em.com.br\/emfoco\/2026\/03\/05\/o-bob-cowboy-e-o-corte-de-cabelo-mais-estiloso-atualmente-e-versatil-facil-de-cuidar-e-combina-com-todo-mundo\/\" target=\"_blank\" rel=\"noopener\">O &amp;#8220;bob cowboy&amp;#8221; \u00e9 o corte de cabelo mais estiloso atualmente! \u00c9 vers\u00e1til, f\u00e1cil de cuidar e combina com todo mundo<\/a><\/p>\n\n\n\n<h2 class=\"wp-block-heading\">A franja shattered funciona em cabelos lisos, ondulados e cacheados<\/h2>\n\n\n\n<p><strong>Adaptar a franja shattered ao tipo de cabelo<\/strong> \u00e9 essencial para que o resultado fique bonito fora do sal\u00e3o. Em fios lisos, o <b>desfiado<\/b> e a desconex\u00e3o criam volume suave e evitam aquele efeito chapado demais, entregando um movimento leve e <b>moderno<\/b>.<\/p>\n\n\n\n<p><strong>Nos cabelos ondulados e cacheados<\/strong>, a franja estilha\u00e7ada ganha ainda mais personalidade, j\u00e1 que ondas e cachos se misturam \u00e0s camadas. Aqui, o segredo \u00e9 cortar com o comprimento um pouco maior a seco, para n\u00e3o encolher demais sobre a <b>testa<\/b> depois, preservando a forma dos <b>cachos<\/b>.<\/p>\n\n\n\n<figure class=\"wp-block-embed is-type-rich is-provider-pinterest wp-block-embed-pinterest\"><div class=\"wp-block-embed__wrapper\">\n<iframe loading=\"lazy\" title=\"Cabelo Cacheado com Franja 2023 - Veja mais de 71 op\u00e7\u00f5es de franjas para cabelos cacheados\" src=\"https:\/\/assets.pinterest.com\/ext\/embed.html?id=77898268550640500&#038;src=oembed\" height=\"899\" width=\"450\" frameborder=\"0\" scrolling=\"no\" ><\/iframe>\n<\/div><\/figure>\n\n\n\n<h2 class=\"wp-block-heading\">Como \u00e9 feito o corte da franja shattered no sal\u00e3o<\/h2>\n\n\n\n<p><strong>O corte da franja shattered<\/strong> costuma ser feito em camadas irregulares, com t\u00e9cnicas de <b>desfiado<\/b> que criam pontas leves e espa\u00e7os de transpar\u00eancia. O profissional define onde a franja ser\u00e1 mais cheia, mais curta ou apenas de conex\u00e3o com o restante do <b>cabelo<\/b>.<\/p>\n\n\n\n<p><strong>Outro ponto importante<\/strong> \u00e9 observar como o cabelo cai naturalmente, redemoinhos e dire\u00e7\u00e3o de crescimento. Isso evita que a franja abra demais no meio ou fique dif\u00edcil de controlar, mantendo o efeito estilha\u00e7ado, por\u00e9m <b>harmonioso<\/b> e visualmente <b>equilibrado<\/b>.<\/p>\n\n\n\n<figure class=\"wp-block-embed is-type-rich is-provider-pinterest wp-block-embed-pinterest\"><div class=\"wp-block-embed__wrapper\">\n<iframe loading=\"lazy\" title=\" \" src=\"https:\/\/assets.pinterest.com\/ext\/embed.html?id=70437490965490&#038;src=oembed\" height=\"848\" width=\"450\" frameborder=\"0\" scrolling=\"no\" ><\/iframe>\n<\/div><\/figure>\n\n\n\n<h2 class=\"wp-block-heading\">Quais as diferen\u00e7as entre franja shattered franja cortininha e franja reta<\/h2>\n\n\n\n<p>A principal diferen\u00e7a entre franja shattered e franja cortininha est\u00e1 na estrutura das mechas. A cortininha abre como uma cortina, com linhas suaves, mas ainda marcadas; j\u00e1 a shattered quebra essa ordem, com pontas <b>desconexas<\/b> e um visual quase <b>irregular<\/b>.<\/p>\n\n\n\n<p><strong>Em rela\u00e7\u00e3o \u00e0 franja reta tradicional<\/strong>, a franja estilha\u00e7ada \u00e9 muito menos r\u00edgida e conversa melhor com cortes modernos, como shaggy hair, wolf cut ou long bob em camadas. A sensa\u00e7\u00e3o \u00e9 de cabelo em movimento constante, sem uma barra <b>horizontal<\/b> na testa e com efeito mais <b>org\u00e2nico<\/b>.<\/p>\n\n\n\n<p>Para voc\u00ea que ainda tem d\u00favida, separamos um v\u00eddeo do canal do <a href=\"https:\/\/www.youtube.com\/@RodrigoCintraoficial\" target=\"_blank\" rel=\"noreferrer noopener\">RODRIGO CINTRA<\/a> com dicas para escolher a sua franja:<\/p>\n\n\n\n<figure class=\"wp-block-embed is-type-video is-provider-youtube wp-block-embed-youtube wp-embed-aspect-16-9 wp-has-aspect-ratio\"><div class=\"wp-block-embed__wrapper\">\n<div class=\"jeg_video_container jeg_video_content\"><iframe loading=\"lazy\" title=\"QUAL A MELHOR FRANJA PARA VOC\u00ca? (Corte de cabelo )\" width=\"500\" height=\"281\" src=\"https:\/\/www.youtube.com\/embed\/bB5IU7w8CBc?feature=oembed\" frameborder=\"0\" allow=\"accelerometer; autoplay; clipboard-write; encrypted-media; gyroscope; picture-in-picture; web-share\" referrerpolicy=\"strict-origin-when-cross-origin\" allowfullscreen><\/iframe><\/div>\n<\/div><\/figure>\n\n\n\n<h2 class=\"wp-block-heading\">Como estilizar a franja shattered no dia a dia sem esfor\u00e7o<\/h2>\n\n\n\n<p>A manuten\u00e7\u00e3o di\u00e1ria da franja shattered tende a ser simples, desde que o corte esteja bem feito. Na maioria dos casos, basta secar a raiz na dire\u00e7\u00e3o desejada e usar os dedos para dar aquela <b>bagun\u00e7adinha<\/b> que deixa tudo com cara de <b>natural<\/b>.<\/p>\n\n\n\n<p>Para quem prefere um acabamento mais polido, uma escova r\u00e1pida ou chapinha leve nas pontas j\u00e1 define melhor as mechas, sem perder a irregularidade. Um pouco de pomada em creme ou spray de textura ajuda a <b>segurar<\/b> o visual sem pesar, garantindo durabilidade e <b>leveza<\/b>.<\/p>\n","protected":false},"excerpt":{"rendered":"<p>Voc\u00ea j\u00e1 tentou arrumar a franja na pressa, ela n\u00e3o colaborou de jeito nenhum e voc\u00ea pensou em desistir dela? A franja shattered chega justamente para resolver isso em 2026: \u00e9 desfiada, leve, com movimento natural e aquele ar de \u201cacordei assim\u201d, substituindo a franja cortininha com um visual mais moderno e descomplicado. Por que [&hellip;]<\/p>\n","protected":false},"author":9,"featured_media":177981,"comment_status":"open","ping_status":"open","sticky":false,"template":"","format":"standard","meta":{"jnews-multi-image_gallery":[],"jnews_single_post":{"format":"standard"},"jnews_primary_category":[],"jnews_social_meta":[],"jnews_override_counter":[],"footnotes":""},"categories":[8691,1],"tags":[22121,2616,4905,25747],"class_list":["post-177891","post","type-post","status-publish","format-standard","has-post-thumbnail","hentry","category-bem-estar","category-noticias","tag-auto-cuidado","tag-beleza","tag-cabelo","tag-franja-contininha"],"yoast_head":"<!-- This site is optimized with the Yoast SEO plugin v23.8 - https:\/\/yoast.com\/wordpress\/plugins\/seo\/ -->\n<title>A nova franja que est\u00e1 dominando os sal\u00f5es em 2026 e o motivo \u00e9 simples, ela \u00e9 leve, moderna e muito mais f\u00e1cil de arrumar - Estado de Minas - Em foco<\/title>\n<meta name=\"description\" content=\"Conhe\u00e7a a franja shattered, a tend\u00eancia de 2026 que traz leveza, movimento e praticidade para todos os rostos.\" \/>\n<meta name=\"robots\" content=\"index, follow, max-snippet:-1, max-image-preview:large, max-video-preview:-1\" \/>\n<link rel=\"canonical\" href=\"https:\/\/www.em.com.br\/emfoco\/2026\/03\/06\/chega-de-chapinha-a-franja-que-parece-baguncada-esta-dominando-os-saloes-em-2026\/\" \/>\n<meta property=\"og:locale\" content=\"pt_BR\" \/>\n<meta property=\"og:type\" content=\"article\" \/>\n<meta property=\"og:title\" content=\"A nova franja que est\u00e1 dominando os sal\u00f5es em 2026 e o motivo \u00e9 simples, ela \u00e9 leve, moderna e muito mais f\u00e1cil de arrumar - Estado de Minas - Em foco\" \/>\n<meta property=\"og:description\" content=\"Conhe\u00e7a a franja shattered, a tend\u00eancia de 2026 que traz leveza, movimento e praticidade para todos os rostos.\" \/>\n<meta property=\"og:url\" content=\"https:\/\/www.em.com.br\/emfoco\/2026\/03\/06\/chega-de-chapinha-a-franja-que-parece-baguncada-esta-dominando-os-saloes-em-2026\/\" \/>\n<meta property=\"og:site_name\" content=\"Estado de Minas - Em foco\" \/>\n<meta property=\"article:published_time\" content=\"2026-03-06T15:55:33+00:00\" \/>\n<meta property=\"article:modified_time\" content=\"2026-03-06T12:01:37+00:00\" \/>\n<meta property=\"og:image\" content=\"https:\/\/www.em.com.br\/emfoco\/wp-content\/uploads\/2026\/03\/Gemini_Generated_Image_18c53m18c53m18c5-1.png\" \/>\n\t<meta property=\"og:image:width\" content=\"1280\" \/>\n\t<meta property=\"og:image:height\" content=\"720\" \/>\n\t<meta property=\"og:image:type\" content=\"image\/png\" \/>\n<meta name=\"author\" content=\"Daniely Cardoso\" \/>\n<meta name=\"twitter:card\" content=\"summary_large_image\" \/>\n<meta name=\"twitter:label1\" content=\"Escrito por\" \/>\n\t<meta name=\"twitter:data1\" content=\"Daniely Cardoso\" \/>\n\t<meta name=\"twitter:label2\" content=\"Est. tempo de leitura\" \/>\n\t<meta name=\"twitter:data2\" content=\"5 minutos\" \/>\n<!-- \/ Yoast SEO plugin. -->","yoast_head_json":{"title":"A nova franja que est\u00e1 dominando os sal\u00f5es em 2026 e o motivo \u00e9 simples, ela \u00e9 leve, moderna e muito mais f\u00e1cil de arrumar - Estado de Minas - Em foco","description":"Conhe\u00e7a a franja shattered, a tend\u00eancia de 2026 que traz leveza, movimento e praticidade para todos os rostos.","robots":{"index":"index","follow":"follow","max-snippet":"max-snippet:-1","max-image-preview":"max-image-preview:large","max-video-preview":"max-video-preview:-1"},"canonical":"https:\/\/www.em.com.br\/emfoco\/2026\/03\/06\/chega-de-chapinha-a-franja-que-parece-baguncada-esta-dominando-os-saloes-em-2026\/","og_locale":"pt_BR","og_type":"article","og_title":"A nova franja que est\u00e1 dominando os sal\u00f5es em 2026 e o motivo \u00e9 simples, ela \u00e9 leve, moderna e muito mais f\u00e1cil de arrumar - Estado de Minas - Em foco","og_description":"Conhe\u00e7a a franja shattered, a tend\u00eancia de 2026 que traz leveza, movimento e praticidade para todos os rostos.","og_url":"https:\/\/www.em.com.br\/emfoco\/2026\/03\/06\/chega-de-chapinha-a-franja-que-parece-baguncada-esta-dominando-os-saloes-em-2026\/","og_site_name":"Estado de Minas - Em foco","article_published_time":"2026-03-06T15:55:33+00:00","article_modified_time":"2026-03-06T12:01:37+00:00","og_image":[{"width":1280,"height":720,"url":"https:\/\/www.em.com.br\/emfoco\/wp-content\/uploads\/2026\/03\/Gemini_Generated_Image_18c53m18c53m18c5-1.png","type":"image\/png"}],"author":"Daniely Cardoso","twitter_card":"summary_large_image","twitter_misc":{"Escrito por":"Daniely Cardoso","Est. tempo de leitura":"5 minutos"},"schema":{"@context":"https:\/\/schema.org","@graph":[{"@type":"WebPage","@id":"https:\/\/www.em.com.br\/emfoco\/2026\/03\/06\/chega-de-chapinha-a-franja-que-parece-baguncada-esta-dominando-os-saloes-em-2026\/","url":"https:\/\/www.em.com.br\/emfoco\/2026\/03\/06\/chega-de-chapinha-a-franja-que-parece-baguncada-esta-dominando-os-saloes-em-2026\/","name":"A nova franja que est\u00e1 dominando os sal\u00f5es em 2026 e o motivo \u00e9 simples, ela \u00e9 leve, moderna e muito mais f\u00e1cil de arrumar - Estado de Minas - Em foco","isPartOf":{"@id":"https:\/\/www.em.com.br\/emfoco\/#website"},"primaryImageOfPage":{"@id":"https:\/\/www.em.com.br\/emfoco\/2026\/03\/06\/chega-de-chapinha-a-franja-que-parece-baguncada-esta-dominando-os-saloes-em-2026\/#primaryimage"},"image":{"@id":"https:\/\/www.em.com.br\/emfoco\/2026\/03\/06\/chega-de-chapinha-a-franja-que-parece-baguncada-esta-dominando-os-saloes-em-2026\/#primaryimage"},"thumbnailUrl":"https:\/\/www.em.com.br\/emfoco\/wp-content\/uploads\/2026\/03\/Gemini_Generated_Image_18c53m18c53m18c5-1.png","datePublished":"2026-03-06T15:55:33+00:00","dateModified":"2026-03-06T12:01:37+00:00","author":{"@id":"https:\/\/www.em.com.br\/emfoco\/#\/schema\/person\/0a8186d72f2c3a5c6276d90b41f271a0"},"description":"Conhe\u00e7a a franja shattered, a tend\u00eancia de 2026 que traz leveza, movimento e praticidade para todos os rostos.","breadcrumb":{"@id":"https:\/\/www.em.com.br\/emfoco\/2026\/03\/06\/chega-de-chapinha-a-franja-que-parece-baguncada-esta-dominando-os-saloes-em-2026\/#breadcrumb"},"inLanguage":"pt-BR","potentialAction":[{"@type":"ReadAction","target":["https:\/\/www.em.com.br\/emfoco\/2026\/03\/06\/chega-de-chapinha-a-franja-que-parece-baguncada-esta-dominando-os-saloes-em-2026\/"]}]},{"@type":"ImageObject","inLanguage":"pt-BR","@id":"https:\/\/www.em.com.br\/emfoco\/2026\/03\/06\/chega-de-chapinha-a-franja-que-parece-baguncada-esta-dominando-os-saloes-em-2026\/#primaryimage","url":"https:\/\/www.em.com.br\/emfoco\/wp-content\/uploads\/2026\/03\/Gemini_Generated_Image_18c53m18c53m18c5-1.png","contentUrl":"https:\/\/www.em.com.br\/emfoco\/wp-content\/uploads\/2026\/03\/Gemini_Generated_Image_18c53m18c53m18c5-1.png","width":1280,"height":720,"caption":"O corte europeu feminino \u00e9 um estilo curto a m\u00e9dio-curto, geralmente na altura da mand\u00edbula ou um pouco abaixo"},{"@type":"BreadcrumbList","@id":"https:\/\/www.em.com.br\/emfoco\/2026\/03\/06\/chega-de-chapinha-a-franja-que-parece-baguncada-esta-dominando-os-saloes-em-2026\/#breadcrumb","itemListElement":[{"@type":"ListItem","position":1,"name":"In\u00edcio","item":"https:\/\/www.em.com.br\/emfoco\/"},{"@type":"ListItem","position":2,"name":"A nova franja que est\u00e1 dominando os sal\u00f5es em 2026 e o motivo \u00e9 simples, ela \u00e9 leve, moderna e muito mais f\u00e1cil de arrumar"}]},{"@type":"WebSite","@id":"https:\/\/www.em.com.br\/emfoco\/#website","url":"https:\/\/www.em.com.br\/emfoco\/","name":"Estado de Minas - Em foco","description":"Acompanhe as \u00faltimas not\u00edcias e fique bem informado sobre tudo o que acontece em Minas Gerais, Brasil e no mundo.","potentialAction":[{"@type":"SearchAction","target":{"@type":"EntryPoint","urlTemplate":"https:\/\/www.em.com.br\/emfoco\/?s={search_term_string}"},"query-input":{"@type":"PropertyValueSpecification","valueRequired":true,"valueName":"search_term_string"}}],"inLanguage":"pt-BR"},{"@type":"Person","@id":"https:\/\/www.em.com.br\/emfoco\/#\/schema\/person\/0a8186d72f2c3a5c6276d90b41f271a0","name":"Daniely Cardoso","image":{"@type":"ImageObject","inLanguage":"pt-BR","@id":"https:\/\/www.em.com.br\/emfoco\/#\/schema\/person\/image\/","url":"https:\/\/secure.gravatar.com\/avatar\/4b80ddbd124d1f071b626d52d62e5dff?s=96&d=mm&r=g","contentUrl":"https:\/\/secure.gravatar.com\/avatar\/4b80ddbd124d1f071b626d52d62e5dff?s=96&d=mm&r=g","caption":"Daniely Cardoso"},"url":"https:\/\/www.em.com.br\/emfoco\/author\/danielymyth\/"}]}},"_links":{"self":[{"href":"https:\/\/www.em.com.br\/emfoco\/wp-json\/wp\/v2\/posts\/177891","targetHints":{"allow":["GET"]}}],"collection":[{"href":"https:\/\/www.em.com.br\/emfoco\/wp-json\/wp\/v2\/posts"}],"about":[{"href":"https:\/\/www.em.com.br\/emfoco\/wp-json\/wp\/v2\/types\/post"}],"author":[{"embeddable":true,"href":"https:\/\/www.em.com.br\/emfoco\/wp-json\/wp\/v2\/users\/9"}],"replies":[{"embeddable":true,"href":"https:\/\/www.em.com.br\/emfoco\/wp-json\/wp\/v2\/comments?post=177891"}],"version-history":[{"count":4,"href":"https:\/\/www.em.com.br\/emfoco\/wp-json\/wp\/v2\/posts\/177891\/revisions"}],"predecessor-version":[{"id":178302,"href":"https:\/\/www.em.com.br\/emfoco\/wp-json\/wp\/v2\/posts\/177891\/revisions\/178302"}],"wp:featuredmedia":[{"embeddable":true,"href":"https:\/\/www.em.com.br\/emfoco\/wp-json\/wp\/v2\/media\/177981"}],"wp:attachment":[{"href":"https:\/\/www.em.com.br\/emfoco\/wp-json\/wp\/v2\/media?parent=177891"}],"wp:term":[{"taxonomy":"category","embeddable":true,"href":"https:\/\/www.em.com.br\/emfoco\/wp-json\/wp\/v2\/categories?post=177891"},{"taxonomy":"post_tag","embeddable":true,"href":"https:\/\/www.em.com.br\/emfoco\/wp-json\/wp\/v2\/tags?post=177891"}],"curies":[{"name":"wp","href":"https:\/\/api.w.org\/{rel}","templated":true}]}}