{"id":177874,"date":"2026-03-06T10:45:59","date_gmt":"2026-03-06T13:45:59","guid":{"rendered":"https:\/\/www.em.com.br\/emfoco\/?p=177874"},"modified":"2026-03-06T08:58:13","modified_gmt":"2026-03-06T11:58:13","slug":"a-tecnica-da-esponja-depois-dos-40-que-impede-a-maquiagem-de-acumular-no-bigode-chines-e-na-testa","status":"publish","type":"post","link":"https:\/\/www.em.com.br\/emfoco\/2026\/03\/06\/a-tecnica-da-esponja-depois-dos-40-que-impede-a-maquiagem-de-acumular-no-bigode-chines-e-na-testa\/","title":{"rendered":"A t\u00e9cnica da esponja depois dos 40 que evita maquiagem acumulada no bigode chin\u00eas e deixa a testa com apar\u00eancia mais lisa"},"content":{"rendered":"\n<p>Voc\u00ea j\u00e1 se olhou no espelho algumas horas depois de se maquiar e sentiu que as <b>rugas<\/b> estavam at\u00e9 mais aparentes? Isso \u00e9 muito comum, mas n\u00e3o \u00e9 \u201cculpa da idade\u201d e sim de alguns detalhes na <b>prepara\u00e7\u00e3o<\/b> da pele, nos produtos escolhidos e na forma de aplicar a base e o corretivo. Com pequenos ajustes, d\u00e1 para ter uma maquiagem bonita, confort\u00e1vel e que n\u00e3o evidencie tanto as linhas de <b>express\u00e3o<\/b>.<\/p>\n\n\n\n<h2 class=\"wp-block-heading\">Como preparar a pele madura antes da maquiagem do dia a dia<\/h2>\n\n\n\n<p>Uma boa <b>limpeza<\/b>, sem deixar a pele \u201cesticada\u201d, \u00e9 o ponto de partida para a maquiagem n\u00e3o marcar as rugas. Pele madura precisa de <b>suavidade<\/b>: nada de sabonete agressivo que rouba a hidrata\u00e7\u00e3o natural e agride a <b>barreira<\/b> de prote\u00e7\u00e3o.<\/p>\n\n\n\n<p>Na sequ\u00eancia, vem uma hidrata\u00e7\u00e3o generosa, por\u00e9m leve, com <b>s\u00e9rum<\/b> ou creme que traga \u00e1gua e vi\u00e7o, sem exagerar no \u00f3leo. Aplique o <b>hidratante<\/b>, espere alguns minutinhos para ele assentar e s\u00f3 depois venha com <b>primer<\/b> ou base.<\/p>\n\n\n\n<figure class=\"wp-block-embed is-type-rich is-provider-pinterest wp-block-embed-pinterest\"><div class=\"wp-block-embed__wrapper\">\n<iframe loading=\"lazy\" title=\"7 Dicas de Maquiagem que Toda Mulher Madura Precisa Saber \u203c\ufe0f\" src=\"https:\/\/assets.pinterest.com\/ext\/embed.html?id=140806233366248&#038;src=oembed\" height=\"899\" width=\"450\" frameborder=\"0\" scrolling=\"no\" ><\/iframe>\n<\/div><\/figure>\n\n\n\n<h2 class=\"wp-block-heading\">Como o primer pode ajudar a n\u00e3o marcar rugas<\/h2>\n\n\n\n<p>O <b>primer<\/b> certo pode fazer muita diferen\u00e7a, principalmente ao redor dos olhos, na testa e no bigode chin\u00eas. Os que t\u00eam textura <b>aveludada<\/b> costumam dar um efeito de \u201cblur\u201d, suavizando visualmente os <b>vincos<\/b>.<\/p>\n\n\n\n<p>Se sua queixa principal for ressecamento e craquelado, um primer mais <b>hidratante<\/b> cria uma camadinha confort\u00e1vel entre a pele e a base. Assim, o produto desliza melhor e tem menos chance de acumular nas <b>linhas<\/b> finas, mantendo o acabamento mais <b>natural<\/b>.<\/p>\n\n\n\n<p>Leia tamb\u00e9m:&nbsp;<a href=\"https:\/\/www.em.com.br\/emfoco\/2026\/03\/05\/nem-base-reboco-nem-cara-lavada-a-maquiagem-que-se-tornou-o-maior-simbolo-de-rejuvenescimento-de-2026\/\" target=\"_blank\" rel=\"noopener\">Nem base reboco, nem cara lavada: a maquiagem que se tornou o maior s\u00edmbolo de rejuvenescimento de 2026<\/a><\/p>\n\n\n\n<h2 class=\"wp-block-heading\">Qual \u00e9 a melhor base para n\u00e3o evidenciar rugas<\/h2>\n\n\n\n<p>Para pele madura, base leve ou m\u00e9dia, fluida e com acabamento <b>luminoso<\/b> ou semi-matte costuma funcionar melhor. Aquela base super grossa, de alt\u00edssima <b>cobertura<\/b> e totalmente seca, geralmente marca muito mais as <b>rugas<\/b>.<\/p>\n\n\n\n<p>Texturas <b>l\u00edquidas<\/b> e cremosas fininhas acompanham melhor o movimento do rosto ao longo do dia. Na d\u00favida entre dois tons, escolha o que \u201csome\u201d no <b>pesco\u00e7o<\/b>: cor errada tamb\u00e9m faz as rugas parecerem mais <b>profundas<\/b>.<\/p>\n\n\n<div class=\"wp-block-image\">\n<figure class=\"aligncenter size-large\"><img loading=\"lazy\" decoding=\"async\" width=\"1024\" height=\"576\" src=\"https:\/\/www.em.com.br\/emfoco\/wp-content\/uploads\/2026\/03\/Gemini_Generated_Image_yh7eclyh7eclyh7e-1-1024x576.png\" alt=\"\" class=\"wp-image-177975\" srcset=\"https:\/\/www.em.com.br\/emfoco\/wp-content\/uploads\/2026\/03\/Gemini_Generated_Image_yh7eclyh7eclyh7e-1-1024x576.png 1024w, https:\/\/www.em.com.br\/emfoco\/wp-content\/uploads\/2026\/03\/Gemini_Generated_Image_yh7eclyh7eclyh7e-1-300x169.png 300w, https:\/\/www.em.com.br\/emfoco\/wp-content\/uploads\/2026\/03\/Gemini_Generated_Image_yh7eclyh7eclyh7e-1-768x432.png 768w, https:\/\/www.em.com.br\/emfoco\/wp-content\/uploads\/2026\/03\/Gemini_Generated_Image_yh7eclyh7eclyh7e-1-750x422.png 750w, https:\/\/www.em.com.br\/emfoco\/wp-content\/uploads\/2026\/03\/Gemini_Generated_Image_yh7eclyh7eclyh7e-1-1140x641.png 1140w, https:\/\/www.em.com.br\/emfoco\/wp-content\/uploads\/2026\/03\/Gemini_Generated_Image_yh7eclyh7eclyh7e-1.png 1280w\" sizes=\"auto, (max-width: 1024px) 100vw, 1024px\" \/><figcaption class=\"wp-element-caption\">Para pele madura, base leve ou m\u00e9dia, fluida e com acabamento luminoso ou semi-matte costuma funcionar melhor<\/figcaption><\/figure><\/div>\n\n\n<h2 class=\"wp-block-heading\">Como usar corretivo sem marcar as linhas abaixo dos olhos<\/h2>\n\n\n\n<p>O <b>corretivo<\/b> \u00e9 um dos campe\u00f5es em evidenciar p\u00e9s de galinha quando usamos demais ou escolhemos uma textura muito seca. Em pele madura, menos corretivo quase sempre resulta em um visual mais <b>jovem<\/b> e <b>descansado<\/b>.<\/p>\n\n\n\n<p>Prefira um corretivo fluido e levemente <b>hidratante<\/b>, aplicando apenas alguns pontinhos na \u00e1rea mais escura e esfumando bem. Evite levar o <b>produto<\/b> at\u00e9 bem perto dos c\u00edlios inferiores para n\u00e3o acumular em todas as <b>linhas<\/b>.<\/p>\n\n\n\n<figure class=\"wp-block-embed is-type-rich is-provider-pinterest wp-block-embed-pinterest\"><div class=\"wp-block-embed__wrapper\">\n<iframe loading=\"lazy\" title=\" \" src=\"https:\/\/assets.pinterest.com\/ext\/embed.html?id=11470174047197233&#038;src=oembed\" height=\"774\" width=\"450\" frameborder=\"0\" scrolling=\"no\" ><\/iframe>\n<\/div><\/figure>\n\n\n\n<h2 class=\"wp-block-heading\">\u00c9 mesmo necess\u00e1rio usar p\u00f3 em pele madura<\/h2>\n\n\n\n<p>O <b>p\u00f3<\/b> n\u00e3o precisa desaparecer da sua rotina, mas deve ser usado com estrat\u00e9gia, s\u00f3 onde a pele realmente fica mais brilhosa. Em excesso, ele deixa a pele muito <b>opaca<\/b> e denuncia cada linha e <b>poro<\/b>.<\/p>\n\n\n\n<p>Uma forma simples de controlar isso \u00e9 aplicar p\u00f3 fino e solto apenas em alguns <b>pontos<\/b>-chave:<\/p>\n\n\n\n<ul class=\"wp-block-list\">\n<li>Use um pincel <b>pequeno<\/b> para selar apenas a zona T ou \u00e1reas espec\u00edficas de <b>brilho<\/b><\/li>\n\n\n\n<li>Evite concentrar p\u00f3 na regi\u00e3o dos olhos e no <b>bigode<\/b> chin\u00eas<\/li>\n\n\n\n<li>Sempre retire o <b>excesso<\/b> do pincel antes de encostar no <b>rosto<\/b><\/li>\n<\/ul>\n\n\n\n<p>Para voc\u00ea que gosta de se cuidar, separamos um v\u00eddeo do canal <a href=\"https:\/\/www.youtube.com\/@danigodoyoficial\" target=\"_blank\" rel=\"noreferrer noopener\">Dani Godoy<\/a> com dicas para fazer uma maquaigem leve e natural:<\/p>\n\n\n\n<figure class=\"wp-block-embed is-type-video is-provider-youtube wp-block-embed-youtube wp-embed-aspect-16-9 wp-has-aspect-ratio\"><div class=\"wp-block-embed__wrapper\">\n<div class=\"jeg_video_container jeg_video_content\"><iframe loading=\"lazy\" title=\"Maquiagem R\u00e1pida Para Pele Madura: F\u00e1cil, Natural e Elegante!\" width=\"500\" height=\"281\" src=\"https:\/\/www.youtube.com\/embed\/okBK0D3SzFo?start=1&#038;feature=oembed\" frameborder=\"0\" allow=\"accelerometer; autoplay; clipboard-write; encrypted-media; gyroscope; picture-in-picture; web-share\" referrerpolicy=\"strict-origin-when-cross-origin\" allowfullscreen><\/iframe><\/div>\n<\/div><\/figure>\n\n\n\n<h2 class=\"wp-block-heading\">Como escolher blush, bronzer e iluminador que n\u00e3o marcam<\/h2>\n\n\n\n<p>Blush em <b>creme<\/b> costuma ser um grande aliado da pele madura, porque se mistura \u00e0 base e deixa um rubor natural. Bem esfumado, n\u00e3o evidencia <b>poros<\/b> nem ruguinhas e ainda devolve aquele ar <b>saud\u00e1vel<\/b> ao rosto.<\/p>\n\n\n\n<p>Bronzer e contorno devem ser <b>suaves<\/b>, longe das \u00e1reas com muitas linhas para n\u00e3o aprofundar sombras desnecess\u00e1rias. J\u00e1 o <b>iluminador<\/b>, de brilho discreto, fica melhor aplicado acima das ma\u00e7\u00e3s e longe de p\u00e9s de galinha muito <b>marcados<\/b>.<\/p>\n\n\n\n<h2 class=\"wp-block-heading\">Quais cuidados di\u00e1rios ajudam a maquiagem a n\u00e3o marcar as rugas<\/h2>\n\n\n\n<p>Quanto mais cuidada e <b>hidratada<\/b> a pele est\u00e1 no dia a dia, menos a maquiagem precisa \u201cesconder\u201d e, consequentemente, menos ela marca as <b>rugas<\/b>. Uma rotina simples, mas constante, j\u00e1 transforma bastante o resultado da <b>make<\/b>.<\/p>\n\n\n\n<p>Inclua uma higieniza\u00e7\u00e3o suave, um bom <b>hidratante<\/b> e protetor solar todos os dias, al\u00e9m de antioxidantes como vitamina C ou <b>niacinamida<\/b>. Ativos com \u00e1cido <b>hialur\u00f4nico<\/b> ajudam a manter o vi\u00e7o e a apar\u00eancia mais preenchida.<\/p>\n","protected":false},"excerpt":{"rendered":"<p>Voc\u00ea j\u00e1 se olhou no espelho algumas horas depois de se maquiar e sentiu que as rugas estavam at\u00e9 mais aparentes? Isso \u00e9 muito comum, mas n\u00e3o \u00e9 \u201cculpa da idade\u201d e sim de alguns detalhes na prepara\u00e7\u00e3o da pele, nos produtos escolhidos e na forma de aplicar a base e o corretivo. Com pequenos [&hellip;]<\/p>\n","protected":false},"author":9,"featured_media":177971,"comment_status":"open","ping_status":"open","sticky":false,"template":"","format":"standard","meta":{"jnews-multi-image_gallery":[],"jnews_single_post":{"format":"standard"},"jnews_primary_category":[],"jnews_social_meta":[],"jnews_override_counter":[],"footnotes":""},"categories":[8691,1],"tags":[22121,25746,4914,5776],"class_list":["post-177874","post","type-post","status-publish","format-standard","has-post-thumbnail","hentry","category-bem-estar","category-noticias","tag-auto-cuidado","tag-jovialidade","tag-maquiagem","tag-rugas"],"yoast_head":"<!-- This site is optimized with the Yoast SEO plugin v23.8 - https:\/\/yoast.com\/wordpress\/plugins\/seo\/ -->\n<title>A t\u00e9cnica da esponja depois dos 40 que evita maquiagem acumulada no bigode chin\u00eas e deixa a testa com apar\u00eancia mais lisa - Estado de Minas - Em foco<\/title>\n<meta name=\"description\" content=\"Descubra como maquiar a pele madura sem marcar rugas usando texturas fluidas e t\u00e9cnicas de hidrata\u00e7\u00e3o\" \/>\n<meta name=\"robots\" content=\"index, follow, max-snippet:-1, max-image-preview:large, max-video-preview:-1\" \/>\n<link rel=\"canonical\" href=\"https:\/\/www.em.com.br\/emfoco\/2026\/03\/06\/a-tecnica-da-esponja-depois-dos-40-que-impede-a-maquiagem-de-acumular-no-bigode-chines-e-na-testa\/\" \/>\n<meta property=\"og:locale\" content=\"pt_BR\" \/>\n<meta property=\"og:type\" content=\"article\" \/>\n<meta property=\"og:title\" content=\"A t\u00e9cnica da esponja depois dos 40 que evita maquiagem acumulada no bigode chin\u00eas e deixa a testa com apar\u00eancia mais lisa - Estado de Minas - Em foco\" \/>\n<meta property=\"og:description\" content=\"Descubra como maquiar a pele madura sem marcar rugas usando texturas fluidas e t\u00e9cnicas de hidrata\u00e7\u00e3o\" \/>\n<meta property=\"og:url\" content=\"https:\/\/www.em.com.br\/emfoco\/2026\/03\/06\/a-tecnica-da-esponja-depois-dos-40-que-impede-a-maquiagem-de-acumular-no-bigode-chines-e-na-testa\/\" \/>\n<meta property=\"og:site_name\" content=\"Estado de Minas - Em foco\" \/>\n<meta property=\"article:published_time\" content=\"2026-03-06T13:45:59+00:00\" \/>\n<meta property=\"article:modified_time\" content=\"2026-03-06T11:58:13+00:00\" \/>\n<meta property=\"og:image\" content=\"https:\/\/www.em.com.br\/emfoco\/wp-content\/uploads\/2026\/03\/Gemini_Generated_Image_izot1vizot1vizot-1.png\" \/>\n\t<meta property=\"og:image:width\" content=\"1280\" \/>\n\t<meta property=\"og:image:height\" content=\"720\" \/>\n\t<meta property=\"og:image:type\" content=\"image\/png\" \/>\n<meta name=\"author\" content=\"Daniely Cardoso\" \/>\n<meta name=\"twitter:card\" content=\"summary_large_image\" \/>\n<meta name=\"twitter:label1\" content=\"Escrito por\" \/>\n\t<meta name=\"twitter:data1\" content=\"Daniely Cardoso\" \/>\n\t<meta name=\"twitter:label2\" content=\"Est. tempo de leitura\" \/>\n\t<meta name=\"twitter:data2\" content=\"5 minutos\" \/>\n<!-- \/ Yoast SEO plugin. -->","yoast_head_json":{"title":"A t\u00e9cnica da esponja depois dos 40 que evita maquiagem acumulada no bigode chin\u00eas e deixa a testa com apar\u00eancia mais lisa - Estado de Minas - Em foco","description":"Descubra como maquiar a pele madura sem marcar rugas usando texturas fluidas e t\u00e9cnicas de hidrata\u00e7\u00e3o","robots":{"index":"index","follow":"follow","max-snippet":"max-snippet:-1","max-image-preview":"max-image-preview:large","max-video-preview":"max-video-preview:-1"},"canonical":"https:\/\/www.em.com.br\/emfoco\/2026\/03\/06\/a-tecnica-da-esponja-depois-dos-40-que-impede-a-maquiagem-de-acumular-no-bigode-chines-e-na-testa\/","og_locale":"pt_BR","og_type":"article","og_title":"A t\u00e9cnica da esponja depois dos 40 que evita maquiagem acumulada no bigode chin\u00eas e deixa a testa com apar\u00eancia mais lisa - Estado de Minas - Em foco","og_description":"Descubra como maquiar a pele madura sem marcar rugas usando texturas fluidas e t\u00e9cnicas de hidrata\u00e7\u00e3o","og_url":"https:\/\/www.em.com.br\/emfoco\/2026\/03\/06\/a-tecnica-da-esponja-depois-dos-40-que-impede-a-maquiagem-de-acumular-no-bigode-chines-e-na-testa\/","og_site_name":"Estado de Minas - Em foco","article_published_time":"2026-03-06T13:45:59+00:00","article_modified_time":"2026-03-06T11:58:13+00:00","og_image":[{"width":1280,"height":720,"url":"https:\/\/www.em.com.br\/emfoco\/wp-content\/uploads\/2026\/03\/Gemini_Generated_Image_izot1vizot1vizot-1.png","type":"image\/png"}],"author":"Daniely Cardoso","twitter_card":"summary_large_image","twitter_misc":{"Escrito por":"Daniely Cardoso","Est. tempo de leitura":"5 minutos"},"schema":{"@context":"https:\/\/schema.org","@graph":[{"@type":"WebPage","@id":"https:\/\/www.em.com.br\/emfoco\/2026\/03\/06\/a-tecnica-da-esponja-depois-dos-40-que-impede-a-maquiagem-de-acumular-no-bigode-chines-e-na-testa\/","url":"https:\/\/www.em.com.br\/emfoco\/2026\/03\/06\/a-tecnica-da-esponja-depois-dos-40-que-impede-a-maquiagem-de-acumular-no-bigode-chines-e-na-testa\/","name":"A t\u00e9cnica da esponja depois dos 40 que evita maquiagem acumulada no bigode chin\u00eas e deixa a testa com apar\u00eancia mais lisa - Estado de Minas - Em foco","isPartOf":{"@id":"https:\/\/www.em.com.br\/emfoco\/#website"},"primaryImageOfPage":{"@id":"https:\/\/www.em.com.br\/emfoco\/2026\/03\/06\/a-tecnica-da-esponja-depois-dos-40-que-impede-a-maquiagem-de-acumular-no-bigode-chines-e-na-testa\/#primaryimage"},"image":{"@id":"https:\/\/www.em.com.br\/emfoco\/2026\/03\/06\/a-tecnica-da-esponja-depois-dos-40-que-impede-a-maquiagem-de-acumular-no-bigode-chines-e-na-testa\/#primaryimage"},"thumbnailUrl":"https:\/\/www.em.com.br\/emfoco\/wp-content\/uploads\/2026\/03\/Gemini_Generated_Image_izot1vizot1vizot-1.png","datePublished":"2026-03-06T13:45:59+00:00","dateModified":"2026-03-06T11:58:13+00:00","author":{"@id":"https:\/\/www.em.com.br\/emfoco\/#\/schema\/person\/0a8186d72f2c3a5c6276d90b41f271a0"},"description":"Descubra como maquiar a pele madura sem marcar rugas usando texturas fluidas e t\u00e9cnicas de hidrata\u00e7\u00e3o","breadcrumb":{"@id":"https:\/\/www.em.com.br\/emfoco\/2026\/03\/06\/a-tecnica-da-esponja-depois-dos-40-que-impede-a-maquiagem-de-acumular-no-bigode-chines-e-na-testa\/#breadcrumb"},"inLanguage":"pt-BR","potentialAction":[{"@type":"ReadAction","target":["https:\/\/www.em.com.br\/emfoco\/2026\/03\/06\/a-tecnica-da-esponja-depois-dos-40-que-impede-a-maquiagem-de-acumular-no-bigode-chines-e-na-testa\/"]}]},{"@type":"ImageObject","inLanguage":"pt-BR","@id":"https:\/\/www.em.com.br\/emfoco\/2026\/03\/06\/a-tecnica-da-esponja-depois-dos-40-que-impede-a-maquiagem-de-acumular-no-bigode-chines-e-na-testa\/#primaryimage","url":"https:\/\/www.em.com.br\/emfoco\/wp-content\/uploads\/2026\/03\/Gemini_Generated_Image_izot1vizot1vizot-1.png","contentUrl":"https:\/\/www.em.com.br\/emfoco\/wp-content\/uploads\/2026\/03\/Gemini_Generated_Image_izot1vizot1vizot-1.png","width":1280,"height":720,"caption":"Os cuidados n\u00e3o invasivos re\u00fanem tr\u00eas pilares: rotina di\u00e1ria, h\u00e1bitos saud\u00e1veis e tecnologias em consult\u00f3rio com pouca ou nenhuma"},{"@type":"BreadcrumbList","@id":"https:\/\/www.em.com.br\/emfoco\/2026\/03\/06\/a-tecnica-da-esponja-depois-dos-40-que-impede-a-maquiagem-de-acumular-no-bigode-chines-e-na-testa\/#breadcrumb","itemListElement":[{"@type":"ListItem","position":1,"name":"In\u00edcio","item":"https:\/\/www.em.com.br\/emfoco\/"},{"@type":"ListItem","position":2,"name":"A t\u00e9cnica da esponja depois dos 40 que evita maquiagem acumulada no bigode chin\u00eas e deixa a testa com apar\u00eancia mais lisa"}]},{"@type":"WebSite","@id":"https:\/\/www.em.com.br\/emfoco\/#website","url":"https:\/\/www.em.com.br\/emfoco\/","name":"Estado de Minas - Em foco","description":"Acompanhe as \u00faltimas not\u00edcias e fique bem informado sobre tudo o que acontece em Minas Gerais, Brasil e no mundo.","potentialAction":[{"@type":"SearchAction","target":{"@type":"EntryPoint","urlTemplate":"https:\/\/www.em.com.br\/emfoco\/?s={search_term_string}"},"query-input":{"@type":"PropertyValueSpecification","valueRequired":true,"valueName":"search_term_string"}}],"inLanguage":"pt-BR"},{"@type":"Person","@id":"https:\/\/www.em.com.br\/emfoco\/#\/schema\/person\/0a8186d72f2c3a5c6276d90b41f271a0","name":"Daniely Cardoso","image":{"@type":"ImageObject","inLanguage":"pt-BR","@id":"https:\/\/www.em.com.br\/emfoco\/#\/schema\/person\/image\/","url":"https:\/\/secure.gravatar.com\/avatar\/4b80ddbd124d1f071b626d52d62e5dff?s=96&d=mm&r=g","contentUrl":"https:\/\/secure.gravatar.com\/avatar\/4b80ddbd124d1f071b626d52d62e5dff?s=96&d=mm&r=g","caption":"Daniely Cardoso"},"url":"https:\/\/www.em.com.br\/emfoco\/author\/danielymyth\/"}]}},"_links":{"self":[{"href":"https:\/\/www.em.com.br\/emfoco\/wp-json\/wp\/v2\/posts\/177874","targetHints":{"allow":["GET"]}}],"collection":[{"href":"https:\/\/www.em.com.br\/emfoco\/wp-json\/wp\/v2\/posts"}],"about":[{"href":"https:\/\/www.em.com.br\/emfoco\/wp-json\/wp\/v2\/types\/post"}],"author":[{"embeddable":true,"href":"https:\/\/www.em.com.br\/emfoco\/wp-json\/wp\/v2\/users\/9"}],"replies":[{"embeddable":true,"href":"https:\/\/www.em.com.br\/emfoco\/wp-json\/wp\/v2\/comments?post=177874"}],"version-history":[{"count":3,"href":"https:\/\/www.em.com.br\/emfoco\/wp-json\/wp\/v2\/posts\/177874\/revisions"}],"predecessor-version":[{"id":178298,"href":"https:\/\/www.em.com.br\/emfoco\/wp-json\/wp\/v2\/posts\/177874\/revisions\/178298"}],"wp:featuredmedia":[{"embeddable":true,"href":"https:\/\/www.em.com.br\/emfoco\/wp-json\/wp\/v2\/media\/177971"}],"wp:attachment":[{"href":"https:\/\/www.em.com.br\/emfoco\/wp-json\/wp\/v2\/media?parent=177874"}],"wp:term":[{"taxonomy":"category","embeddable":true,"href":"https:\/\/www.em.com.br\/emfoco\/wp-json\/wp\/v2\/categories?post=177874"},{"taxonomy":"post_tag","embeddable":true,"href":"https:\/\/www.em.com.br\/emfoco\/wp-json\/wp\/v2\/tags?post=177874"}],"curies":[{"name":"wp","href":"https:\/\/api.w.org\/{rel}","templated":true}]}}