{"id":177873,"date":"2026-03-06T09:55:54","date_gmt":"2026-03-06T12:55:54","guid":{"rendered":"https:\/\/www.em.com.br\/emfoco\/?p=177873"},"modified":"2026-03-05T16:54:35","modified_gmt":"2026-03-05T19:54:35","slug":"as-melhores-combinacoes-de-vasos-e-cachepos-para-transformar-a-bromelia-em-uma-peca-de-luxo-na-sala","status":"publish","type":"post","link":"https:\/\/www.em.com.br\/emfoco\/2026\/03\/06\/as-melhores-combinacoes-de-vasos-e-cachepos-para-transformar-a-bromelia-em-uma-peca-de-luxo-na-sala\/","title":{"rendered":"As melhores combina\u00e7\u00f5es de vasos e cachep\u00f4s para transformar a Brom\u00e9lia em uma pe\u00e7a de luxo na sala"},"content":{"rendered":"\n<p>Imagine chegar em casa depois de um dia corrido e encontrar um cantinho colorido, com uma <b>Brom\u00e9lia<\/b> cheia de vida dando as boas-vindas. Plantar e cuidar dessa planta em vaso \u00e9 mais simples do que parece e, com algumas dicas <b>pr\u00e1ticas<\/b>, voc\u00ea consegue deixar qualquer ambiente mais tropical, aconchegante e bonito, mesmo em espa\u00e7os pequenos.<\/p>\n\n\n\n<h2 class=\"wp-block-heading\">Qual \u00e9 o melhor lugar da casa para cultivar Brom\u00e9lia<\/h2>\n\n\n\n<p>O melhor lugar para sua <b>Brom\u00e9lia<\/b> \u00e9 um ponto com bastante claridade, mas sem sol forte direto o dia todo. Pr\u00f3ximo a janelas com luz filtrada por <b>cortinas<\/b>, perto de varandas ou em \u00e1reas bem iluminadas da sala costuma funcionar muito bem.<\/p>\n\n\n\n<p>Elas gostam de ambientes <b>arejados<\/b>, mas sem vento em excesso batendo o tempo inteiro. Evite correntes de ar muito fortes, paredes quentes, \u00e1reas pr\u00f3ximas ao fog\u00e3o ou equipamentos que soltam <b>calor<\/b>, pois isso estressa a planta e encurta sua vida.<\/p>\n\n\n<div class=\"wp-block-image\">\n<figure class=\"aligncenter size-large\"><img loading=\"lazy\" decoding=\"async\" width=\"1024\" height=\"576\" src=\"https:\/\/www.em.com.br\/emfoco\/wp-content\/uploads\/2026\/03\/Bromelia-_1772740328122-1024x576.jpg\" alt=\"\" class=\"wp-image-177964\" srcset=\"https:\/\/www.em.com.br\/emfoco\/wp-content\/uploads\/2026\/03\/Bromelia-_1772740328122-1024x576.jpg 1024w, https:\/\/www.em.com.br\/emfoco\/wp-content\/uploads\/2026\/03\/Bromelia-_1772740328122-300x169.jpg 300w, https:\/\/www.em.com.br\/emfoco\/wp-content\/uploads\/2026\/03\/Bromelia-_1772740328122-768x432.jpg 768w, https:\/\/www.em.com.br\/emfoco\/wp-content\/uploads\/2026\/03\/Bromelia-_1772740328122-750x422.jpg 750w, https:\/\/www.em.com.br\/emfoco\/wp-content\/uploads\/2026\/03\/Bromelia-_1772740328122-1140x641.jpg 1140w, https:\/\/www.em.com.br\/emfoco\/wp-content\/uploads\/2026\/03\/Bromelia-_1772740328122.jpg 1280w\" sizes=\"auto, (max-width: 1024px) 100vw, 1024px\" \/><figcaption class=\"wp-element-caption\">Elas gostam de ambientes arejados, mas sem vento em excesso batendo o tempo inteiro &#8211; Cr\u00e9ditos: depositphotos.com \/ irisphoto11<\/figcaption><\/figure><\/div>\n\n\n<h2 class=\"wp-block-heading\">Como replantar Brom\u00e9lia e garantir que ela pegue bem<\/h2>\n\n\n\n<p>Ao replantar, retire a <b>Brom\u00e9lia<\/b> do vaso original com cuidado, preservando o m\u00e1ximo poss\u00edvel das ra\u00edzes, sem puxar com for\u00e7a. No novo vaso, coloque primeiro uma camada de pedrinhas ou <b>argila<\/b> expandida e, por cima, parte do substrato leve.<\/p>\n\n\n\n<p>Posicione a planta de forma que o <b>\u201ccopo\u201d<\/b> central fique acima da borda do vaso, sem enterrar demais a roseta. Depois, complete as laterais com o substrato, sem compactar muito, e fa\u00e7a uma rega <b>leve<\/b>, umedecendo a terra e enchendo suavemente o copo central com \u00e1gua limpa.<\/p>\n\n\n\n<figure class=\"wp-block-embed is-type-rich is-provider-pinterest wp-block-embed-pinterest\"><div class=\"wp-block-embed__wrapper\">\n<iframe loading=\"lazy\" title=\"\u2764\ufe0f\ud83e\udeb4Voc\u00ea ama o charme das brom\u00e9lias, mas teme n\u00e3o conseguir cuidar delas adequadamente? N\u00e3o se preocupe mais! Nosso v\u00eddeo exclusivo traz todas as dicas e truques para manter sua brom\u00e9lia saud\u00e1vel e deslumbrante.\ud83c\udf31 Deixe sua casa mais verde com a Plantei!!!\ud83c\udf33 #Bromelia #Cuidadoscomplantas #Lojaplantei #Jardim\" src=\"https:\/\/assets.pinterest.com\/ext\/embed.html?id=40532465391202121&#038;src=oembed\" height=\"899\" width=\"450\" frameborder=\"0\" scrolling=\"no\" ><\/iframe>\n<\/div><\/figure>\n\n\n\n<p>Leia tamb\u00e9m:&nbsp;<a href=\"https:\/\/www.em.com.br\/emfoco\/2026\/03\/05\/a-planta-que-sobrevive-ao-sol-forte-e-cria-um-tapete-de-flores-coloridas-no-seu-jardim-com-quase-zero-esforco\/\" target=\"_blank\" rel=\"noopener\">A planta que sobrevive ao sol forte e cria um tapete de flores coloridas no seu jardim com quase zero esfor\u00e7o<\/a><\/p>\n\n\n\n<h2 class=\"wp-block-heading\">Como regar Brom\u00e9lia corretamente dentro de casa<\/h2>\n\n\n\n<p>Regar <b>Brom\u00e9lia<\/b> da forma certa \u00e9 manter o substrato levemente \u00famido, nunca encharcado. Em ambientes internos, normalmente duas a tr\u00eas regas por semana s\u00e3o suficientes, sempre ajustando de acordo com o <b>clima<\/b> da sua regi\u00e3o e a sensa\u00e7\u00e3o de umidade da terra.<\/p>\n\n\n\n<p>O copo central pode ficar com um pouco de \u00e1gua <b>limpa<\/b>, mas sem acumular por muitos dias; troque essa \u00e1gua cerca de uma vez por semana. No frio, reduza a frequ\u00eancia de regas para evitar fungos e, no calor, toque o substrato com o dedo e s\u00f3 regue quando a superf\u00edcie come\u00e7ar a <b>secar<\/b>.<\/p>\n\n\n\n<figure class=\"wp-block-embed is-type-rich is-provider-pinterest wp-block-embed-pinterest\"><div class=\"wp-block-embed__wrapper\">\n<iframe loading=\"lazy\" title=\" \" src=\"https:\/\/assets.pinterest.com\/ext\/embed.html?id=3025924738568111&#038;src=oembed\" height=\"899\" width=\"450\" frameborder=\"0\" scrolling=\"no\" ><\/iframe>\n<\/div><\/figure>\n\n\n\n<h2 class=\"wp-block-heading\">Qual solo e adubo usar para ter uma Brom\u00e9lia saud\u00e1vel<\/h2>\n\n\n\n<p>O solo para <b>Brom\u00e9lia<\/b> em vaso n\u00e3o deve ser pesado nem compactado, pois isso dificulta a drenagem e sufoca as ra\u00edzes. Uma combina\u00e7\u00e3o leve com mat\u00e9ria org\u00e2nica, fibra de coco, casca de <b>pinus<\/b> e pedrinhas ajuda a manter o vaso arejado e a planta mais resistente.<\/p>\n\n\n\n<p>Para adubar, use fertilizante <b>suave<\/b> para plantas ornamentais, em pequenas quantidades, de prefer\u00eancia uma vez por m\u00eas. Exagerar no adubo pode queimar as pontas das folhas e atrapalhar a <b>flora\u00e7\u00e3o<\/b>, ent\u00e3o siga sempre as instru\u00e7\u00f5es da embalagem.<\/p>\n\n\n\n<p>Para voc\u00ea que gosta de plantar, separamos um v\u00eddeo do canal <a href=\"https:\/\/www.youtube.com\/@SpagnholPlantas1\" target=\"_blank\" rel=\"noreferrer noopener\">Spagnhol Plantas<\/a> com dicas para plantar e cuidar da sua brom\u00e9lia:<\/p>\n\n\n\n<figure class=\"wp-block-embed is-type-video is-provider-youtube wp-block-embed-youtube wp-embed-aspect-16-9 wp-has-aspect-ratio\"><div class=\"wp-block-embed__wrapper\">\n<div class=\"jeg_video_container jeg_video_content\"><iframe loading=\"lazy\" title=\"COMO PLANTAR BROM\u00c9LIAS CORRETAMENTE\" width=\"500\" height=\"281\" src=\"https:\/\/www.youtube.com\/embed\/L6FIdalrbuU?start=665&#038;feature=oembed\" frameborder=\"0\" allow=\"accelerometer; autoplay; clipboard-write; encrypted-media; gyroscope; picture-in-picture; web-share\" referrerpolicy=\"strict-origin-when-cross-origin\" allowfullscreen><\/iframe><\/div>\n<\/div><\/figure>\n\n\n\n<h2 class=\"wp-block-heading\">Como cuidar da Brom\u00e9lia depois de plantar e prolongar a flor<\/h2>\n\n\n\n<p>Depois de plantar, o cuidado di\u00e1rio \u00e9 simples: boa luz indireta, rega moderada, sem encharcar, e aten\u00e7\u00e3o ao copo central para n\u00e3o acumular \u00e1gua parada por muito <b>tempo<\/b>. De vez em quando, limpe as folhas com um pano \u00famido para tirar o <b>p\u00f3<\/b> e ajudar na respira\u00e7\u00e3o da planta.<\/p>\n\n\n\n<p>A <b>Brom\u00e9lia<\/b> costuma florescer uma vez, mas a flora\u00e7\u00e3o pode durar v\u00e1rios meses. Quando a flor secar, n\u00e3o jogue a planta fora: \u00e9 justamente nessa fase que nascem os brotos laterais, que podem ser separados e replantados quando estiverem com cerca de um ter\u00e7o do tamanho da planta-<b>m\u00e3e<\/b>.<\/p>\n\n\n\n<figure class=\"wp-block-embed is-type-rich is-provider-pinterest wp-block-embed-pinterest\"><div class=\"wp-block-embed__wrapper\">\n<iframe loading=\"lazy\" title=\"Arranjo com brom\u00e9lias - GUZMANIA e FIREBALL @CanalHenriqueButtler\" src=\"https:\/\/assets.pinterest.com\/ext\/embed.html?id=587297607667921860&#038;src=oembed\" height=\"899\" width=\"450\" frameborder=\"0\" scrolling=\"no\" ><\/iframe>\n<\/div><\/figure>\n\n\n\n<h2 class=\"wp-block-heading\">Como decorar a casa com Brom\u00e9lia de forma harmoniosa<\/h2>\n\n\n\n<p>Na decora\u00e7\u00e3o, a <b>Brom\u00e9lia<\/b> funciona quase como uma pe\u00e7a de design, trazendo cor e textura sem ocupar tanto espa\u00e7o. Em salas de estar, vasos m\u00e9dios sobre aparadores, mesas laterais ou no ch\u00e3o, ao lado do sof\u00e1, criam um ponto de destaque bonito e <b>acolhedor<\/b>.<\/p>\n\n\n\n<p>Se voc\u00ea quer variar o visual da casa sem grandes reformas, vale apostar em alguns truques simples com as <b>Brom\u00e9lias<\/b>:<\/p>\n\n\n\n<ul class=\"wp-block-list\">\n<li><b>Use<\/b> Brom\u00e9lias coloridas como ponto focal em mesas de centro, aparadores ou <b>prateleiras<\/b><\/li>\n\n\n\n<li><b>Combine<\/b> tamanhos diferentes para criar profundidade visual em cantos da sala ou da <b>varanda<\/b><\/li>\n\n\n\n<li><b>Aposte<\/b> em cachep\u00f4s decorativos para integrar a planta ao estilo da sua decora\u00e7\u00e3o, do r\u00fastico ao <b>moderno<\/b><\/li>\n<\/ul>\n\n\n\n<p>Ao comprar, veja se a etiqueta indica uso interno ou externo e pergunte sobre necessidade de <b>luz<\/b> e rega. Se sua casa for mais escura, priorize esp\u00e9cies de meia sombra e, se poss\u00edvel, use espelhos e paredes claras para refletir a <b>claridade<\/b> dispon\u00edvel.<\/p>\n","protected":false},"excerpt":{"rendered":"<p>Imagine chegar em casa depois de um dia corrido e encontrar um cantinho colorido, com uma Brom\u00e9lia cheia de vida dando as boas-vindas. Plantar e cuidar dessa planta em vaso \u00e9 mais simples do que parece e, com algumas dicas pr\u00e1ticas, voc\u00ea consegue deixar qualquer ambiente mais tropical, aconchegante e bonito, mesmo em espa\u00e7os pequenos. [&hellip;]<\/p>\n","protected":false},"author":9,"featured_media":177965,"comment_status":"open","ping_status":"open","sticky":false,"template":"","format":"standard","meta":{"jnews-multi-image_gallery":[],"jnews_single_post":{"format":"standard"},"jnews_primary_category":[],"jnews_social_meta":[],"jnews_override_counter":[],"footnotes":""},"categories":[8819,1],"tags":[9573,7701,4687],"class_list":["post-177873","post","type-post","status-publish","format-standard","has-post-thumbnail","hentry","category-curiosidades","category-noticias","tag-bromelia","tag-como-plantar","tag-decoracao"],"yoast_head":"<!-- This site is optimized with the Yoast SEO plugin v23.8 - https:\/\/yoast.com\/wordpress\/plugins\/seo\/ -->\n<title>As melhores combina\u00e7\u00f5es de vasos e cachep\u00f4s para transformar a Brom\u00e9lia em uma pe\u00e7a de luxo na sala - Estado de Minas - Em foco<\/title>\n<meta name=\"description\" content=\"Aprenda a plantar e cuidar de Brom\u00e9lias em vasos com dicas de rega, luz e substrato para decorar sua casa\" \/>\n<meta name=\"robots\" content=\"index, follow, max-snippet:-1, max-image-preview:large, max-video-preview:-1\" \/>\n<link rel=\"canonical\" href=\"https:\/\/www.em.com.br\/emfoco\/2026\/03\/06\/as-melhores-combinacoes-de-vasos-e-cachepos-para-transformar-a-bromelia-em-uma-peca-de-luxo-na-sala\/\" \/>\n<meta property=\"og:locale\" content=\"pt_BR\" \/>\n<meta property=\"og:type\" content=\"article\" \/>\n<meta property=\"og:title\" content=\"As melhores combina\u00e7\u00f5es de vasos e cachep\u00f4s para transformar a Brom\u00e9lia em uma pe\u00e7a de luxo na sala - Estado de Minas - Em foco\" \/>\n<meta property=\"og:description\" content=\"Aprenda a plantar e cuidar de Brom\u00e9lias em vasos com dicas de rega, luz e substrato para decorar sua casa\" \/>\n<meta property=\"og:url\" content=\"https:\/\/www.em.com.br\/emfoco\/2026\/03\/06\/as-melhores-combinacoes-de-vasos-e-cachepos-para-transformar-a-bromelia-em-uma-peca-de-luxo-na-sala\/\" \/>\n<meta property=\"og:site_name\" content=\"Estado de Minas - Em foco\" \/>\n<meta property=\"article:published_time\" content=\"2026-03-06T12:55:54+00:00\" \/>\n<meta property=\"article:modified_time\" content=\"2026-03-05T19:54:35+00:00\" \/>\n<meta property=\"og:image\" content=\"https:\/\/www.em.com.br\/emfoco\/wp-content\/uploads\/2026\/03\/Gemini_Generated_Image_rjamlbrjamlbrjam-1.png\" \/>\n\t<meta property=\"og:image:width\" content=\"1280\" \/>\n\t<meta property=\"og:image:height\" content=\"720\" \/>\n\t<meta property=\"og:image:type\" content=\"image\/png\" \/>\n<meta name=\"author\" content=\"Daniely Cardoso\" \/>\n<meta name=\"twitter:card\" content=\"summary_large_image\" \/>\n<meta name=\"twitter:label1\" content=\"Escrito por\" \/>\n\t<meta name=\"twitter:data1\" content=\"Daniely Cardoso\" \/>\n\t<meta name=\"twitter:label2\" content=\"Est. tempo de leitura\" \/>\n\t<meta name=\"twitter:data2\" content=\"5 minutos\" \/>\n<!-- \/ Yoast SEO plugin. -->","yoast_head_json":{"title":"As melhores combina\u00e7\u00f5es de vasos e cachep\u00f4s para transformar a Brom\u00e9lia em uma pe\u00e7a de luxo na sala - Estado de Minas - Em foco","description":"Aprenda a plantar e cuidar de Brom\u00e9lias em vasos com dicas de rega, luz e substrato para decorar sua casa","robots":{"index":"index","follow":"follow","max-snippet":"max-snippet:-1","max-image-preview":"max-image-preview:large","max-video-preview":"max-video-preview:-1"},"canonical":"https:\/\/www.em.com.br\/emfoco\/2026\/03\/06\/as-melhores-combinacoes-de-vasos-e-cachepos-para-transformar-a-bromelia-em-uma-peca-de-luxo-na-sala\/","og_locale":"pt_BR","og_type":"article","og_title":"As melhores combina\u00e7\u00f5es de vasos e cachep\u00f4s para transformar a Brom\u00e9lia em uma pe\u00e7a de luxo na sala - Estado de Minas - Em foco","og_description":"Aprenda a plantar e cuidar de Brom\u00e9lias em vasos com dicas de rega, luz e substrato para decorar sua casa","og_url":"https:\/\/www.em.com.br\/emfoco\/2026\/03\/06\/as-melhores-combinacoes-de-vasos-e-cachepos-para-transformar-a-bromelia-em-uma-peca-de-luxo-na-sala\/","og_site_name":"Estado de Minas - Em foco","article_published_time":"2026-03-06T12:55:54+00:00","article_modified_time":"2026-03-05T19:54:35+00:00","og_image":[{"width":1280,"height":720,"url":"https:\/\/www.em.com.br\/emfoco\/wp-content\/uploads\/2026\/03\/Gemini_Generated_Image_rjamlbrjamlbrjam-1.png","type":"image\/png"}],"author":"Daniely Cardoso","twitter_card":"summary_large_image","twitter_misc":{"Escrito por":"Daniely Cardoso","Est. tempo de leitura":"5 minutos"},"schema":{"@context":"https:\/\/schema.org","@graph":[{"@type":"WebPage","@id":"https:\/\/www.em.com.br\/emfoco\/2026\/03\/06\/as-melhores-combinacoes-de-vasos-e-cachepos-para-transformar-a-bromelia-em-uma-peca-de-luxo-na-sala\/","url":"https:\/\/www.em.com.br\/emfoco\/2026\/03\/06\/as-melhores-combinacoes-de-vasos-e-cachepos-para-transformar-a-bromelia-em-uma-peca-de-luxo-na-sala\/","name":"As melhores combina\u00e7\u00f5es de vasos e cachep\u00f4s para transformar a Brom\u00e9lia em uma pe\u00e7a de luxo na sala - Estado de Minas - Em foco","isPartOf":{"@id":"https:\/\/www.em.com.br\/emfoco\/#website"},"primaryImageOfPage":{"@id":"https:\/\/www.em.com.br\/emfoco\/2026\/03\/06\/as-melhores-combinacoes-de-vasos-e-cachepos-para-transformar-a-bromelia-em-uma-peca-de-luxo-na-sala\/#primaryimage"},"image":{"@id":"https:\/\/www.em.com.br\/emfoco\/2026\/03\/06\/as-melhores-combinacoes-de-vasos-e-cachepos-para-transformar-a-bromelia-em-uma-peca-de-luxo-na-sala\/#primaryimage"},"thumbnailUrl":"https:\/\/www.em.com.br\/emfoco\/wp-content\/uploads\/2026\/03\/Gemini_Generated_Image_rjamlbrjamlbrjam-1.png","datePublished":"2026-03-06T12:55:54+00:00","dateModified":"2026-03-05T19:54:35+00:00","author":{"@id":"https:\/\/www.em.com.br\/emfoco\/#\/schema\/person\/0a8186d72f2c3a5c6276d90b41f271a0"},"description":"Aprenda a plantar e cuidar de Brom\u00e9lias em vasos com dicas de rega, luz e substrato para decorar sua casa","breadcrumb":{"@id":"https:\/\/www.em.com.br\/emfoco\/2026\/03\/06\/as-melhores-combinacoes-de-vasos-e-cachepos-para-transformar-a-bromelia-em-uma-peca-de-luxo-na-sala\/#breadcrumb"},"inLanguage":"pt-BR","potentialAction":[{"@type":"ReadAction","target":["https:\/\/www.em.com.br\/emfoco\/2026\/03\/06\/as-melhores-combinacoes-de-vasos-e-cachepos-para-transformar-a-bromelia-em-uma-peca-de-luxo-na-sala\/"]}]},{"@type":"ImageObject","inLanguage":"pt-BR","@id":"https:\/\/www.em.com.br\/emfoco\/2026\/03\/06\/as-melhores-combinacoes-de-vasos-e-cachepos-para-transformar-a-bromelia-em-uma-peca-de-luxo-na-sala\/#primaryimage","url":"https:\/\/www.em.com.br\/emfoco\/wp-content\/uploads\/2026\/03\/Gemini_Generated_Image_rjamlbrjamlbrjam-1.png","contentUrl":"https:\/\/www.em.com.br\/emfoco\/wp-content\/uploads\/2026\/03\/Gemini_Generated_Image_rjamlbrjamlbrjam-1.png","width":1280,"height":720,"caption":"O melhor lugar para sua Brom\u00e9lia \u00e9 um ponto com bastante claridade, mas sem sol forte direto o dia todo"},{"@type":"BreadcrumbList","@id":"https:\/\/www.em.com.br\/emfoco\/2026\/03\/06\/as-melhores-combinacoes-de-vasos-e-cachepos-para-transformar-a-bromelia-em-uma-peca-de-luxo-na-sala\/#breadcrumb","itemListElement":[{"@type":"ListItem","position":1,"name":"In\u00edcio","item":"https:\/\/www.em.com.br\/emfoco\/"},{"@type":"ListItem","position":2,"name":"As melhores combina\u00e7\u00f5es de vasos e cachep\u00f4s para transformar a Brom\u00e9lia em uma pe\u00e7a de luxo na sala"}]},{"@type":"WebSite","@id":"https:\/\/www.em.com.br\/emfoco\/#website","url":"https:\/\/www.em.com.br\/emfoco\/","name":"Estado de Minas - Em foco","description":"Acompanhe as \u00faltimas not\u00edcias e fique bem informado sobre tudo o que acontece em Minas Gerais, Brasil e no mundo.","potentialAction":[{"@type":"SearchAction","target":{"@type":"EntryPoint","urlTemplate":"https:\/\/www.em.com.br\/emfoco\/?s={search_term_string}"},"query-input":{"@type":"PropertyValueSpecification","valueRequired":true,"valueName":"search_term_string"}}],"inLanguage":"pt-BR"},{"@type":"Person","@id":"https:\/\/www.em.com.br\/emfoco\/#\/schema\/person\/0a8186d72f2c3a5c6276d90b41f271a0","name":"Daniely Cardoso","image":{"@type":"ImageObject","inLanguage":"pt-BR","@id":"https:\/\/www.em.com.br\/emfoco\/#\/schema\/person\/image\/","url":"https:\/\/secure.gravatar.com\/avatar\/4b80ddbd124d1f071b626d52d62e5dff?s=96&d=mm&r=g","contentUrl":"https:\/\/secure.gravatar.com\/avatar\/4b80ddbd124d1f071b626d52d62e5dff?s=96&d=mm&r=g","caption":"Daniely Cardoso"},"url":"https:\/\/www.em.com.br\/emfoco\/author\/danielymyth\/"}]}},"_links":{"self":[{"href":"https:\/\/www.em.com.br\/emfoco\/wp-json\/wp\/v2\/posts\/177873","targetHints":{"allow":["GET"]}}],"collection":[{"href":"https:\/\/www.em.com.br\/emfoco\/wp-json\/wp\/v2\/posts"}],"about":[{"href":"https:\/\/www.em.com.br\/emfoco\/wp-json\/wp\/v2\/types\/post"}],"author":[{"embeddable":true,"href":"https:\/\/www.em.com.br\/emfoco\/wp-json\/wp\/v2\/users\/9"}],"replies":[{"embeddable":true,"href":"https:\/\/www.em.com.br\/emfoco\/wp-json\/wp\/v2\/comments?post=177873"}],"version-history":[{"count":2,"href":"https:\/\/www.em.com.br\/emfoco\/wp-json\/wp\/v2\/posts\/177873\/revisions"}],"predecessor-version":[{"id":177967,"href":"https:\/\/www.em.com.br\/emfoco\/wp-json\/wp\/v2\/posts\/177873\/revisions\/177967"}],"wp:featuredmedia":[{"embeddable":true,"href":"https:\/\/www.em.com.br\/emfoco\/wp-json\/wp\/v2\/media\/177965"}],"wp:attachment":[{"href":"https:\/\/www.em.com.br\/emfoco\/wp-json\/wp\/v2\/media?parent=177873"}],"wp:term":[{"taxonomy":"category","embeddable":true,"href":"https:\/\/www.em.com.br\/emfoco\/wp-json\/wp\/v2\/categories?post=177873"},{"taxonomy":"post_tag","embeddable":true,"href":"https:\/\/www.em.com.br\/emfoco\/wp-json\/wp\/v2\/tags?post=177873"}],"curies":[{"name":"wp","href":"https:\/\/api.w.org\/{rel}","templated":true}]}}