{"id":177839,"date":"2026-03-09T10:25:00","date_gmt":"2026-03-09T13:25:00","guid":{"rendered":"https:\/\/www.em.com.br\/emfoco\/?p=177839"},"modified":"2026-03-05T17:34:52","modified_gmt":"2026-03-05T20:34:52","slug":"por-que-a-caibra-muscular-surge-de-repente-entenda-as-causas-e-o-que-fazer-para-aliviar-na-hora","status":"publish","type":"post","link":"https:\/\/www.em.com.br\/emfoco\/2026\/03\/09\/por-que-a-caibra-muscular-surge-de-repente-entenda-as-causas-e-o-que-fazer-para-aliviar-na-hora\/","title":{"rendered":"Por que a c\u00e3ibra muscular surge de repente? Entenda as causas e o que fazer para aliviar na hora"},"content":{"rendered":"\n<p>As c\u00e3ibras musculares costumam surgir de repente, com dor intensa que interrompe qualquer movimento e pode assustar bastante, mesmo em quem n\u00e3o est\u00e1 fazendo esfor\u00e7o. Elas aparecem em repouso, durante o sono ou ap\u00f3s atividades do dia a dia, e entender por que acontecem \u00e9 essencial para saber como agir na hora e o que fazer para evit\u00e1-las.<\/p>\n\n\n\n<h2 class=\"wp-block-heading\">O que \u00e9 c\u00e3ibra muscular e como identific\u00e1-la com precis\u00e3o<\/h2>\n\n\n\n<p>A c\u00e3ibra muscular \u00e9 uma contra\u00e7\u00e3o involunt\u00e1ria, dolorosa e de curta dura\u00e7\u00e3o em um m\u00fasculo espec\u00edfico ou pequeno grupo muscular. Ela costuma ser t\u00e3o intensa que obriga a interromper qualquer atividade, como caminhar, se levantar da cama ou at\u00e9 mudar de posi\u00e7\u00e3o na cadeira.<\/p>\n\n\n\n<p>Geralmente acomete panturrilhas, p\u00e9s e coxas, mas tamb\u00e9m pode surgir em m\u00e3os, bra\u00e7os e abd\u00f4men. Diferente da dor muscular p\u00f3s-esfor\u00e7o, que \u00e9 mais difusa e prolongada, a c\u00e3ibra \u00e9 localizada, s\u00fabita e limita o movimento de imediato.<\/p>\n\n\n\n<p>Confira o v\u00eddeo compartilhado pela especialista do canal do YouTube <strong><a href=\"https:\/\/www.youtube.com\/@AngelaXavier\" target=\"_blank\" rel=\"noreferrer noopener\">Angela Xavier<\/a><\/strong> ensinando a aliviar dores de c\u00e3imbras na hora de forma simples.<\/p>\n\n\n\n<figure class=\"wp-block-embed is-type-video is-provider-youtube wp-block-embed-youtube wp-embed-aspect-16-9 wp-has-aspect-ratio\"><div class=\"wp-block-embed__wrapper\">\n<div class=\"jeg_video_container jeg_video_content\"><iframe loading=\"lazy\" title=\"C\u00e2imbras | Saiba como acabar com elas\" width=\"500\" height=\"281\" src=\"https:\/\/www.youtube.com\/embed\/kfxIGlidTzg?feature=oembed\" frameborder=\"0\" allow=\"accelerometer; autoplay; clipboard-write; encrypted-media; gyroscope; picture-in-picture; web-share\" referrerpolicy=\"strict-origin-when-cross-origin\" allowfullscreen><\/iframe><\/div>\n<\/div><\/figure>\n\n\n\n<h2 class=\"wp-block-heading\">Quais s\u00e3o as principais causas da c\u00e3ibra muscular<\/h2>\n\n\n\n<p>A contra\u00e7\u00e3o muscular depende de sinais el\u00e9tricos dos nervos e do equil\u00edbrio de minerais como c\u00e1lcio, magn\u00e9sio e pot\u00e1ssio. Quando h\u00e1 sobrecarga, desidrata\u00e7\u00e3o, altera\u00e7\u00e3o na circula\u00e7\u00e3o ou desequil\u00edbrios desses minerais, o m\u00fasculo pode contrair de forma desordenada e permanecer \u201cpreso\u201d por alguns segundos ou minutos.<\/p>\n\n\n\n<p>Al\u00e9m do esfor\u00e7o f\u00edsico, fatores como posturas inadequadas, permanecer muito tempo na mesma posi\u00e7\u00e3o, uso de certos medicamentos, altera\u00e7\u00f5es hormonais e maior sensibilidade dos nervos motores \u00e0 noite aumentam o risco, sobretudo em quem j\u00e1 tem epis\u00f3dios frequentes de c\u00e3ibra noturna.<\/p>\n\n\n\n<h2 class=\"wp-block-heading\">Como agir imediatamente quando ocorre uma c\u00e3ibra muscular<\/h2>\n\n\n\n<p>Ao sentir a c\u00e3ibra, o objetivo \u00e9 interromper o ciclo de contra\u00e7\u00e3o e aliviar a dor o mais r\u00e1pido poss\u00edvel. Algumas estrat\u00e9gias simples s\u00e3o eficazes na maioria das pessoas saud\u00e1veis e ajudam o m\u00fasculo a voltar ao estado normal com mais rapidez.<\/p>\n\n\n\n<ol class=\"wp-block-list\">\n<li><strong>Alongar o m\u00fasculo afetado<\/strong><br>Realize um alongamento suave na dire\u00e7\u00e3o oposta \u00e0 contra\u00e7\u00e3o. Na panturrilha, puxe a ponta do p\u00e9 em dire\u00e7\u00e3o ao corpo com o joelho estendido, mantendo a posi\u00e7\u00e3o por alguns segundos.<\/li>\n\n\n\n<li><strong>Massagear a regi\u00e3o<\/strong><br>Fa\u00e7a uma massagem leve e cont\u00ednua sobre o m\u00fasculo endurecido, evitando manobras bruscas. Isso melhora a circula\u00e7\u00e3o e favorece o relaxamento.<\/li>\n\n\n\n<li><strong>Aplicar calor local<\/strong><br>Use bolsas de \u00e1gua morna ou compressas quentes para ajudar a relaxar a musculatura e promover vasodilata\u00e7\u00e3o na \u00e1rea afetada.<\/li>\n\n\n\n<li><strong>Refor\u00e7ar a hidrata\u00e7\u00e3o<\/strong><br>Beba \u00e1gua ap\u00f3s o epis\u00f3dio, principalmente se a c\u00e3ibra estiver relacionada a esfor\u00e7o ou calor. Em treinos intensos, a reposi\u00e7\u00e3o de sais deve ser orientada por profissional.<\/li>\n\n\n\n<li><strong>Dar descanso ao m\u00fasculo<\/strong><br>Evite sobrecarregar a regi\u00e3o logo ap\u00f3s a crise, permitindo um per\u00edodo de repouso relativo para evitar nova contra\u00e7\u00e3o.<\/li>\n<\/ol>\n\n\n\n<figure class=\"wp-block-image size-large\"><img loading=\"lazy\" decoding=\"async\" width=\"1024\" height=\"576\" src=\"https:\/\/www.em.com.br\/emfoco\/wp-content\/uploads\/2026\/03\/7-15-1024x576.jpg\" alt=\"Por que a c\u00e3ibra muscular surge de repente? Entenda as causas e o que fazer para aliviar na hora \" class=\"wp-image-178019\" srcset=\"https:\/\/www.em.com.br\/emfoco\/wp-content\/uploads\/2026\/03\/7-15-1024x576.jpg 1024w, https:\/\/www.em.com.br\/emfoco\/wp-content\/uploads\/2026\/03\/7-15-300x169.jpg 300w, https:\/\/www.em.com.br\/emfoco\/wp-content\/uploads\/2026\/03\/7-15-768x432.jpg 768w, https:\/\/www.em.com.br\/emfoco\/wp-content\/uploads\/2026\/03\/7-15-750x422.jpg 750w, https:\/\/www.em.com.br\/emfoco\/wp-content\/uploads\/2026\/03\/7-15-1140x641.jpg 1140w, https:\/\/www.em.com.br\/emfoco\/wp-content\/uploads\/2026\/03\/7-15.jpg 1280w\" sizes=\"auto, (max-width: 1024px) 100vw, 1024px\" \/><figcaption class=\"wp-element-caption\">Alongar o m\u00fasculo afetado ajuda a interromper o ciclo da contra\u00e7\u00e3o dolorosa<\/figcaption><\/figure>\n\n\n\n<h2 class=\"wp-block-heading\">Como prevenir c\u00e3ibra muscular no dia a dia<\/h2>\n\n\n\n<p>A preven\u00e7\u00e3o envolve cuidar de alongamento, <strong><a href=\"https:\/\/www.em.com.br\/emfoco\/2026\/03\/04\/do-banho-a-hidratacao-passos-simples-para-salvar-a-pele-madura-do-ressecamento-diario\/\" target=\"_blank\" rel=\"noreferrer noopener\">hidrata\u00e7\u00e3o<\/a><\/strong>, alimenta\u00e7\u00e3o e intensidade dos esfor\u00e7os. Pequenas mudan\u00e7as de rotina podem reduzir bastante a frequ\u00eancia, sobretudo em quem sofre com c\u00e3ibras noturnas recorrentes.<\/p>\n\n\n\n<ul class=\"wp-block-list\">\n<li><strong>Alongar diariamente<\/strong>: fa\u00e7a de 10 a 15 minutos de alongamentos, principalmente das pernas, antes de dormir ou ap\u00f3s exerc\u00edcios.<\/li>\n\n\n\n<li><strong>Aquecer antes de treinar<\/strong>: comece com movimentos leves, evitando esfor\u00e7os intensos de forma abrupta.<\/li>\n\n\n\n<li><strong>Ajustar a carga de exerc\u00edcio<\/strong>: respeite seu n\u00edvel de condicionamento e aumente gradualmente a intensidade.<\/li>\n\n\n\n<li><strong>Cuidar da hidrata\u00e7\u00e3o<\/strong>: beba \u00e1gua ao longo do dia, redobrando a aten\u00e7\u00e3o em dias quentes ou atividades prolongadas.<\/li>\n\n\n\n<li><strong>Escolher bons cal\u00e7ados<\/strong>: opte por modelos confort\u00e1veis, que n\u00e3o comprometam a postura nem a pisada.<\/li>\n\n\n\n<li><strong>Priorizar alimentos ricos em minerais<\/strong>: inclua banana, laranja, abacate, folhas verdes, castanhas e sementes na alimenta\u00e7\u00e3o.<\/li>\n<\/ul>\n\n\n\n<h2 class=\"wp-block-heading\">C\u00e3ibra muscular \u00e9 sempre grave e quando procurar ajuda profissional<\/h2>\n\n\n\n<p>Na maioria dos casos, a c\u00e3ibra eventual, que melhora em poucos minutos, est\u00e1 mais ligada ao estilo de vida do que a doen\u00e7as graves. Por\u00e9m, epis\u00f3dios muito frequentes, prolongados, associados a fraqueza, dorm\u00eancia, incha\u00e7o ou mudan\u00e7a de cor da pele exigem investiga\u00e7\u00e3o mais detalhada.<\/p>\n\n\n\n<p>Se voc\u00ea est\u00e1 convivendo com c\u00e3ibras que atrapalham o sono, os treinos ou as tarefas di\u00e1rias, n\u00e3o espere piorar: procure um m\u00e9dico ou fisioterapeuta o quanto antes para avaliar causas metab\u00f3licas, neurol\u00f3gicas, vasculares ou hormonais e ajustar sua rotina. Agir agora pode evitar complica\u00e7\u00f5es, melhorar sua performance e devolver qualidade de vida com seguran\u00e7a.<\/p>\n","protected":false},"excerpt":{"rendered":"<p>As c\u00e3ibras musculares costumam surgir de repente, com dor intensa que interrompe qualquer movimento e pode assustar bastante, mesmo em quem n\u00e3o est\u00e1 fazendo esfor\u00e7o. Elas aparecem em repouso, durante o sono ou ap\u00f3s atividades do dia a dia, e entender por que acontecem \u00e9 essencial para saber como agir na hora e o que [&hellip;]<\/p>\n","protected":false},"author":13,"featured_media":178020,"comment_status":"open","ping_status":"open","sticky":false,"template":"","format":"standard","meta":{"jnews-multi-image_gallery":[],"jnews_single_post":{"format":"standard"},"jnews_primary_category":[],"jnews_social_meta":[],"jnews_override_counter":[],"footnotes":""},"categories":[9053],"tags":[25735,25736,16622],"class_list":["post-177839","post","type-post","status-publish","format-standard","has-post-thumbnail","hentry","category-saude","tag-caimbra-2","tag-causas-das-dores","tag-dores-musculares"],"yoast_head":"<!-- This site is optimized with the Yoast SEO plugin v23.8 - https:\/\/yoast.com\/wordpress\/plugins\/seo\/ -->\n<title>Por que a c\u00e3ibra muscular surge de repente? Entenda as causas e o que fazer para aliviar na hora - Estado de Minas - Em foco<\/title>\n<meta name=\"description\" content=\"C\u00e3ibras musculares podem surgir de repente e causar dor intensa. Veja por que acontecem e como aliviar rapidamente.\" \/>\n<meta name=\"robots\" content=\"index, follow, max-snippet:-1, max-image-preview:large, max-video-preview:-1\" \/>\n<link rel=\"canonical\" href=\"https:\/\/www.em.com.br\/emfoco\/2026\/03\/09\/por-que-a-caibra-muscular-surge-de-repente-entenda-as-causas-e-o-que-fazer-para-aliviar-na-hora\/\" \/>\n<meta property=\"og:locale\" content=\"pt_BR\" \/>\n<meta property=\"og:type\" content=\"article\" \/>\n<meta property=\"og:title\" content=\"Por que a c\u00e3ibra muscular surge de repente? Entenda as causas e o que fazer para aliviar na hora - Estado de Minas - Em foco\" \/>\n<meta property=\"og:description\" content=\"C\u00e3ibras musculares podem surgir de repente e causar dor intensa. Veja por que acontecem e como aliviar rapidamente.\" \/>\n<meta property=\"og:url\" content=\"https:\/\/www.em.com.br\/emfoco\/2026\/03\/09\/por-que-a-caibra-muscular-surge-de-repente-entenda-as-causas-e-o-que-fazer-para-aliviar-na-hora\/\" \/>\n<meta property=\"og:site_name\" content=\"Estado de Minas - Em foco\" \/>\n<meta property=\"article:published_time\" content=\"2026-03-09T13:25:00+00:00\" \/>\n<meta property=\"article:modified_time\" content=\"2026-03-05T20:34:52+00:00\" \/>\n<meta property=\"og:image\" content=\"https:\/\/www.em.com.br\/emfoco\/wp-content\/uploads\/2026\/03\/8-15.jpg\" \/>\n\t<meta property=\"og:image:width\" content=\"1280\" \/>\n\t<meta property=\"og:image:height\" content=\"720\" \/>\n\t<meta property=\"og:image:type\" content=\"image\/jpeg\" \/>\n<meta name=\"author\" content=\"Gabriel Martins\" \/>\n<meta name=\"twitter:card\" content=\"summary_large_image\" \/>\n<meta name=\"twitter:label1\" content=\"Escrito por\" \/>\n\t<meta name=\"twitter:data1\" content=\"Gabriel Martins\" \/>\n\t<meta name=\"twitter:label2\" content=\"Est. tempo de leitura\" \/>\n\t<meta name=\"twitter:data2\" content=\"5 minutos\" \/>\n<!-- \/ Yoast SEO plugin. -->","yoast_head_json":{"title":"Por que a c\u00e3ibra muscular surge de repente? Entenda as causas e o que fazer para aliviar na hora - Estado de Minas - Em foco","description":"C\u00e3ibras musculares podem surgir de repente e causar dor intensa. Veja por que acontecem e como aliviar rapidamente.","robots":{"index":"index","follow":"follow","max-snippet":"max-snippet:-1","max-image-preview":"max-image-preview:large","max-video-preview":"max-video-preview:-1"},"canonical":"https:\/\/www.em.com.br\/emfoco\/2026\/03\/09\/por-que-a-caibra-muscular-surge-de-repente-entenda-as-causas-e-o-que-fazer-para-aliviar-na-hora\/","og_locale":"pt_BR","og_type":"article","og_title":"Por que a c\u00e3ibra muscular surge de repente? Entenda as causas e o que fazer para aliviar na hora - Estado de Minas - Em foco","og_description":"C\u00e3ibras musculares podem surgir de repente e causar dor intensa. Veja por que acontecem e como aliviar rapidamente.","og_url":"https:\/\/www.em.com.br\/emfoco\/2026\/03\/09\/por-que-a-caibra-muscular-surge-de-repente-entenda-as-causas-e-o-que-fazer-para-aliviar-na-hora\/","og_site_name":"Estado de Minas - Em foco","article_published_time":"2026-03-09T13:25:00+00:00","article_modified_time":"2026-03-05T20:34:52+00:00","og_image":[{"width":1280,"height":720,"url":"https:\/\/www.em.com.br\/emfoco\/wp-content\/uploads\/2026\/03\/8-15.jpg","type":"image\/jpeg"}],"author":"Gabriel Martins","twitter_card":"summary_large_image","twitter_misc":{"Escrito por":"Gabriel Martins","Est. tempo de leitura":"5 minutos"},"schema":{"@context":"https:\/\/schema.org","@graph":[{"@type":"WebPage","@id":"https:\/\/www.em.com.br\/emfoco\/2026\/03\/09\/por-que-a-caibra-muscular-surge-de-repente-entenda-as-causas-e-o-que-fazer-para-aliviar-na-hora\/","url":"https:\/\/www.em.com.br\/emfoco\/2026\/03\/09\/por-que-a-caibra-muscular-surge-de-repente-entenda-as-causas-e-o-que-fazer-para-aliviar-na-hora\/","name":"Por que a c\u00e3ibra muscular surge de repente? Entenda as causas e o que fazer para aliviar na hora - Estado de Minas - Em foco","isPartOf":{"@id":"https:\/\/www.em.com.br\/emfoco\/#website"},"primaryImageOfPage":{"@id":"https:\/\/www.em.com.br\/emfoco\/2026\/03\/09\/por-que-a-caibra-muscular-surge-de-repente-entenda-as-causas-e-o-que-fazer-para-aliviar-na-hora\/#primaryimage"},"image":{"@id":"https:\/\/www.em.com.br\/emfoco\/2026\/03\/09\/por-que-a-caibra-muscular-surge-de-repente-entenda-as-causas-e-o-que-fazer-para-aliviar-na-hora\/#primaryimage"},"thumbnailUrl":"https:\/\/www.em.com.br\/emfoco\/wp-content\/uploads\/2026\/03\/8-15.jpg","datePublished":"2026-03-09T13:25:00+00:00","dateModified":"2026-03-05T20:34:52+00:00","author":{"@id":"https:\/\/www.em.com.br\/emfoco\/#\/schema\/person\/1c9ddeab18b98abeffef834667bcf08a"},"description":"C\u00e3ibras musculares podem surgir de repente e causar dor intensa. Veja por que acontecem e como aliviar rapidamente.","breadcrumb":{"@id":"https:\/\/www.em.com.br\/emfoco\/2026\/03\/09\/por-que-a-caibra-muscular-surge-de-repente-entenda-as-causas-e-o-que-fazer-para-aliviar-na-hora\/#breadcrumb"},"inLanguage":"pt-BR","potentialAction":[{"@type":"ReadAction","target":["https:\/\/www.em.com.br\/emfoco\/2026\/03\/09\/por-que-a-caibra-muscular-surge-de-repente-entenda-as-causas-e-o-que-fazer-para-aliviar-na-hora\/"]}]},{"@type":"ImageObject","inLanguage":"pt-BR","@id":"https:\/\/www.em.com.br\/emfoco\/2026\/03\/09\/por-que-a-caibra-muscular-surge-de-repente-entenda-as-causas-e-o-que-fazer-para-aliviar-na-hora\/#primaryimage","url":"https:\/\/www.em.com.br\/emfoco\/wp-content\/uploads\/2026\/03\/8-15.jpg","contentUrl":"https:\/\/www.em.com.br\/emfoco\/wp-content\/uploads\/2026\/03\/8-15.jpg","width":1280,"height":720,"caption":"C\u00e3ibras musculares surgem de forma s\u00fabita causando dores intensas e limita\u00e7\u00f5es f\u00edsicas"},{"@type":"BreadcrumbList","@id":"https:\/\/www.em.com.br\/emfoco\/2026\/03\/09\/por-que-a-caibra-muscular-surge-de-repente-entenda-as-causas-e-o-que-fazer-para-aliviar-na-hora\/#breadcrumb","itemListElement":[{"@type":"ListItem","position":1,"name":"In\u00edcio","item":"https:\/\/www.em.com.br\/emfoco\/"},{"@type":"ListItem","position":2,"name":"Por que a c\u00e3ibra muscular surge de repente? Entenda as causas e o que fazer para aliviar na hora"}]},{"@type":"WebSite","@id":"https:\/\/www.em.com.br\/emfoco\/#website","url":"https:\/\/www.em.com.br\/emfoco\/","name":"Estado de Minas - Em foco","description":"Acompanhe as \u00faltimas not\u00edcias e fique bem informado sobre tudo o que acontece em Minas Gerais, Brasil e no mundo.","potentialAction":[{"@type":"SearchAction","target":{"@type":"EntryPoint","urlTemplate":"https:\/\/www.em.com.br\/emfoco\/?s={search_term_string}"},"query-input":{"@type":"PropertyValueSpecification","valueRequired":true,"valueName":"search_term_string"}}],"inLanguage":"pt-BR"},{"@type":"Person","@id":"https:\/\/www.em.com.br\/emfoco\/#\/schema\/person\/1c9ddeab18b98abeffef834667bcf08a","name":"Gabriel Martins","image":{"@type":"ImageObject","inLanguage":"pt-BR","@id":"https:\/\/www.em.com.br\/emfoco\/#\/schema\/person\/image\/","url":"https:\/\/secure.gravatar.com\/avatar\/f0f1e2efdfd88f1ad2cb08c5c2731e50?s=96&d=mm&r=g","contentUrl":"https:\/\/secure.gravatar.com\/avatar\/f0f1e2efdfd88f1ad2cb08c5c2731e50?s=96&d=mm&r=g","caption":"Gabriel Martins"},"sameAs":["https:\/\/www.em.com.br\/emfoco\/"],"url":"https:\/\/www.em.com.br\/emfoco\/author\/gabrielmartinsmyth\/"}]}},"_links":{"self":[{"href":"https:\/\/www.em.com.br\/emfoco\/wp-json\/wp\/v2\/posts\/177839","targetHints":{"allow":["GET"]}}],"collection":[{"href":"https:\/\/www.em.com.br\/emfoco\/wp-json\/wp\/v2\/posts"}],"about":[{"href":"https:\/\/www.em.com.br\/emfoco\/wp-json\/wp\/v2\/types\/post"}],"author":[{"embeddable":true,"href":"https:\/\/www.em.com.br\/emfoco\/wp-json\/wp\/v2\/users\/13"}],"replies":[{"embeddable":true,"href":"https:\/\/www.em.com.br\/emfoco\/wp-json\/wp\/v2\/comments?post=177839"}],"version-history":[{"count":1,"href":"https:\/\/www.em.com.br\/emfoco\/wp-json\/wp\/v2\/posts\/177839\/revisions"}],"predecessor-version":[{"id":178031,"href":"https:\/\/www.em.com.br\/emfoco\/wp-json\/wp\/v2\/posts\/177839\/revisions\/178031"}],"wp:featuredmedia":[{"embeddable":true,"href":"https:\/\/www.em.com.br\/emfoco\/wp-json\/wp\/v2\/media\/178020"}],"wp:attachment":[{"href":"https:\/\/www.em.com.br\/emfoco\/wp-json\/wp\/v2\/media?parent=177839"}],"wp:term":[{"taxonomy":"category","embeddable":true,"href":"https:\/\/www.em.com.br\/emfoco\/wp-json\/wp\/v2\/categories?post=177839"},{"taxonomy":"post_tag","embeddable":true,"href":"https:\/\/www.em.com.br\/emfoco\/wp-json\/wp\/v2\/tags?post=177839"}],"curies":[{"name":"wp","href":"https:\/\/api.w.org\/{rel}","templated":true}]}}