{"id":177836,"date":"2026-03-09T17:45:00","date_gmt":"2026-03-09T20:45:00","guid":{"rendered":"https:\/\/www.em.com.br\/emfoco\/?p=177836"},"modified":"2026-03-05T17:26:11","modified_gmt":"2026-03-05T20:26:11","slug":"zoologico-celebra-nascimento-raro-de-anta-malaia-apos-anos-de-programa-de-reproducao","status":"publish","type":"post","link":"https:\/\/www.em.com.br\/emfoco\/2026\/03\/09\/zoologico-celebra-nascimento-raro-de-anta-malaia-apos-anos-de-programa-de-reproducao\/","title":{"rendered":"Zool\u00f3gico celebra nascimento raro de anta-malaia ap\u00f3s anos de programa de reprodu\u00e7\u00e3o"},"content":{"rendered":"\n<p>Um nascimento em cativeiro, ocorrido recentemente em um zool\u00f3gico do sul da Espanha, voltou a chamar aten\u00e7\u00e3o para a situa\u00e7\u00e3o da&nbsp;<strong>anta-malaia<\/strong>, uma das esp\u00e9cies de mam\u00edferos mais amea\u00e7adas do Sudeste Asi\u00e1tico. O filhote, resultado de um programa coordenado de reprodu\u00e7\u00e3o, virou s\u00edmbolo de um esfor\u00e7o que j\u00e1 dura cerca de duas d\u00e9cadas e envolve pesquisa, manejo rigoroso, tecnologia de monitoramento e coopera\u00e7\u00e3o internacional.<\/p>\n\n\n\n<h2 class=\"wp-block-heading\">Por que a anta-malaia est\u00e1 t\u00e3o amea\u00e7ada hoje?<\/h2>\n\n\n\n<p>A\u00a0<strong><a href=\"https:\/\/www.bioparcfuengirola.es\/pt\/animal\/anta-malaia\/\" target=\"_blank\" rel=\"noreferrer noopener\">anta-malaia<\/a><\/strong>, tamb\u00e9m chamada de\u00a0<em>tapir malaio<\/em>, \u00e9 o maior mam\u00edfero terrestre do Sudeste Asi\u00e1tico e se destaca pela colora\u00e7\u00e3o: parte anterior e posterior escuras e uma faixa branca central, que ajuda na camuflagem. Apesar da apar\u00eancia robusta, \u00e9 extremamente sens\u00edvel \u00e0s mudan\u00e7as em seu ambiente natural.<\/p>\n\n\n\n<p>A perda e fragmenta\u00e7\u00e3o de habitat, causada por desmatamento, agricultura intensiva e expans\u00e3o urbana, isola grupos e dificulta a reprodu\u00e7\u00e3o. A ca\u00e7a ilegal, atropelamentos em estradas e conflitos com atividades humanas aceleram o decl\u00ednio, tornando cada novo nascimento, na natureza ou em cativeiro, um ganho precioso para a esp\u00e9cie.<\/p>\n\n\n\n<figure class=\"wp-block-image size-large\"><img loading=\"lazy\" decoding=\"async\" width=\"1024\" height=\"576\" src=\"https:\/\/www.em.com.br\/emfoco\/wp-content\/uploads\/2026\/03\/4-23-1024x576.jpg\" alt=\"Zool\u00f3gico celebra nascimento raro de anta-malaia ap\u00f3s anos de programa de reprodu\u00e7\u00e3o\" class=\"wp-image-177993\" srcset=\"https:\/\/www.em.com.br\/emfoco\/wp-content\/uploads\/2026\/03\/4-23-1024x576.jpg 1024w, https:\/\/www.em.com.br\/emfoco\/wp-content\/uploads\/2026\/03\/4-23-300x169.jpg 300w, https:\/\/www.em.com.br\/emfoco\/wp-content\/uploads\/2026\/03\/4-23-768x432.jpg 768w, https:\/\/www.em.com.br\/emfoco\/wp-content\/uploads\/2026\/03\/4-23-750x422.jpg 750w, https:\/\/www.em.com.br\/emfoco\/wp-content\/uploads\/2026\/03\/4-23-1140x641.jpg 1140w, https:\/\/www.em.com.br\/emfoco\/wp-content\/uploads\/2026\/03\/4-23.jpg 1280w\" sizes=\"auto, (max-width: 1024px) 100vw, 1024px\" \/><figcaption class=\"wp-element-caption\">Perda de habitat natural no Sudeste Asi\u00e1tico dr\u00e1stica o decl\u00ednio populacional<\/figcaption><\/figure>\n\n\n\n<h2 class=\"wp-block-heading\">Por que o nascimento da anta-malaia na Espanha \u00e9 t\u00e3o relevante?<\/h2>\n\n\n\n<p>O nascimento de uma&nbsp;<strong>anta-malaia em cativeiro<\/strong>&nbsp;na Espanha \u00e9 considerado um avan\u00e7o estrat\u00e9gico para a conserva\u00e7\u00e3o global da esp\u00e9cie. Em zool\u00f3gicos credenciados, esses animais integram programas internacionais que definem cruzamentos para preservar a diversidade gen\u00e9tica e evitar consanguinidade.<\/p>\n\n\n\n<p>No caso espanhol, o filhote \u00e9 descendente de dois adultos de um programa europeu de esp\u00e9cies amea\u00e7adas. A transfer\u00eancia de um reprodutor de outro pa\u00eds permitiu formar um par compat\u00edvel, e o manejo incluiu observa\u00e7\u00e3o de <strong><a href=\"https:\/\/www.em.com.br\/emfoco\/2026\/03\/02\/por-que-seu-cachorro-enterra-comida-e-o-que-esse-habito-realmente-revela-sobre-o-comportamento-dele\/\" target=\"_blank\" rel=\"noreferrer noopener\">comportamento<\/a><\/strong>, planejamento do acasalamento, exames de imagem durante a gesta\u00e7\u00e3o e monitoramento pr\u00f3ximo do parto e das primeiras intera\u00e7\u00f5es entre m\u00e3e e filhote.<\/p>\n\n\n\n<h2 class=\"wp-block-heading\">Quais cuidados garantem o bem-estar da anta-malaia em cativeiro?<\/h2>\n\n\n\n<p>Ap\u00f3s o nascimento, o foco passa a ser o&nbsp;<strong>bem-estar do filhote<\/strong>&nbsp;e da m\u00e3e, com rotinas ajustadas para reduzir estresse e manter comportamentos naturais. Equipes de zoologia e veterin\u00e1ria adotam protocolos espec\u00edficos para esp\u00e9cies amea\u00e7adas, combinando presen\u00e7a humana m\u00ednima com uso intenso de tecnologia.<\/p>\n\n\n\n<p>Entre as a\u00e7\u00f5es mais frequentes em centros de conserva\u00e7\u00e3o que trabalham com a&nbsp;<strong>anta-malaia<\/strong>, destacam-se pr\u00e1ticas que equilibram sa\u00fade, seguran\u00e7a e est\u00edmulos ambientais:<\/p>\n\n\n\n<ul class=\"wp-block-list\">\n<li><strong>Supervis\u00e3o veterin\u00e1ria peri\u00f3dica<\/strong><br>Avalia\u00e7\u00e3o de peso, crescimento, alimenta\u00e7\u00e3o e sinais de doen\u00e7as, permitindo ajustes r\u00e1pidos na dieta, no ambiente e na rotina.<\/li>\n\n\n\n<li><strong>Monitoramento 24 horas<\/strong><br>C\u00e2meras no recinto acompanham intera\u00e7\u00f5es, amamenta\u00e7\u00e3o e descanso, reduzindo a necessidade de presen\u00e7a constante de pessoas.<\/li>\n\n\n\n<li><strong>Enriquecimento ambiental<\/strong><br>Troncos, piscinas, vegeta\u00e7\u00e3o e objetos estimulam explora\u00e7\u00e3o, busca de alimento e locomo\u00e7\u00e3o natural.<\/li>\n\n\n\n<li><strong>Planejamento de transfer\u00eancia<\/strong><br>Quando o filhote atinge idade adequada, avalia-se o envio a outro zool\u00f3gico participante do programa, mantendo a variabilidade gen\u00e9tica.<\/li>\n<\/ul>\n\n\n\n<h2 class=\"wp-block-heading\">Como a educa\u00e7\u00e3o ambiental contribui para salvar a anta-malaia?<\/h2>\n\n\n\n<p>A reprodu\u00e7\u00e3o em cativeiro \u00e9 apenas uma parte da estrat\u00e9gia de preserva\u00e7\u00e3o da&nbsp;<strong>anta-malaia<\/strong>. Muitos zool\u00f3gicos investem em&nbsp;<strong>programas de educa\u00e7\u00e3o ambiental<\/strong>, usando o contato direto do p\u00fablico com o animal para explicar as amea\u00e7as que enfrenta e como a prote\u00e7\u00e3o das florestas tropicais \u00e9 vital para sua sobreviv\u00eancia.<\/p>\n\n\n\n<p>Pain\u00e9is informativos, visitas guiadas e a\u00e7\u00f5es com escolas abordam desmatamento, tr\u00e1fico de animais, import\u00e2ncia de corredores ecol\u00f3gicos e consumo respons\u00e1vel. Em v\u00e1rios casos, parte da renda de ingressos e campanhas \u00e9 destinada a projetos de campo na \u00c1sia, focados em prote\u00e7\u00e3o de \u00e1reas naturais, fiscaliza\u00e7\u00e3o, pesquisa e apoio a comunidades locais.<\/p>\n\n\n\n<figure class=\"wp-block-image size-large\"><img loading=\"lazy\" decoding=\"async\" width=\"1024\" height=\"576\" src=\"https:\/\/www.em.com.br\/emfoco\/wp-content\/uploads\/2026\/03\/3-23-1024x576.jpg\" alt=\"Zool\u00f3gico celebra nascimento raro de anta-malaia ap\u00f3s anos de programa de reprodu\u00e7\u00e3o\" class=\"wp-image-177992\" srcset=\"https:\/\/www.em.com.br\/emfoco\/wp-content\/uploads\/2026\/03\/3-23-1024x576.jpg 1024w, https:\/\/www.em.com.br\/emfoco\/wp-content\/uploads\/2026\/03\/3-23-300x169.jpg 300w, https:\/\/www.em.com.br\/emfoco\/wp-content\/uploads\/2026\/03\/3-23-768x432.jpg 768w, https:\/\/www.em.com.br\/emfoco\/wp-content\/uploads\/2026\/03\/3-23-750x422.jpg 750w, https:\/\/www.em.com.br\/emfoco\/wp-content\/uploads\/2026\/03\/3-23-1140x641.jpg 1140w, https:\/\/www.em.com.br\/emfoco\/wp-content\/uploads\/2026\/03\/3-23.jpg 1280w\" sizes=\"auto, (max-width: 1024px) 100vw, 1024px\" \/><figcaption class=\"wp-element-caption\">A\u00e7\u00f5es educativas em zool\u00f3gicos conscientizam o p\u00fablico sobre riscos de extin\u00e7\u00e3o<\/figcaption><\/figure>\n\n\n\n<h2 class=\"wp-block-heading\">Qual \u00e9 o impacto desse nascimento e o que voc\u00ea pode fazer agora?<\/h2>\n\n\n\n<p>O nascimento de um filhote em territ\u00f3rio espanhol vai muito al\u00e9m dos muros do zool\u00f3gico: ele refor\u00e7a que a esp\u00e9cie continua em situa\u00e7\u00e3o cr\u00edtica e que ainda h\u00e1 tempo de agir. A combina\u00e7\u00e3o entre ci\u00eancia, coopera\u00e7\u00e3o internacional, tecnologia e conscientiza\u00e7\u00e3o p\u00fablica \u00e9 hoje uma das principais ferramentas para manter a&nbsp;<strong>anta-malaia<\/strong>&nbsp;presente nas florestas asi\u00e1ticas nas pr\u00f3ximas d\u00e9cadas.<\/p>\n\n\n\n<p>A a\u00e7\u00e3o precisa ser imediata: apoiar projetos s\u00e9rios de conserva\u00e7\u00e3o, cobrar pol\u00edticas ambientais mais r\u00edgidas, compartilhar informa\u00e7\u00e3o de qualidade e repensar h\u00e1bitos de consumo faz diferen\u00e7a real. Engaje-se agora \u2014 cada decis\u00e3o conta para que a anta-malaia n\u00e3o desapare\u00e7a em sil\u00eancio.<\/p>\n","protected":false},"excerpt":{"rendered":"<p>Um nascimento em cativeiro, ocorrido recentemente em um zool\u00f3gico do sul da Espanha, voltou a chamar aten\u00e7\u00e3o para a situa\u00e7\u00e3o da&nbsp;anta-malaia, uma das esp\u00e9cies de mam\u00edferos mais amea\u00e7adas do Sudeste Asi\u00e1tico. O filhote, resultado de um programa coordenado de reprodu\u00e7\u00e3o, virou s\u00edmbolo de um esfor\u00e7o que j\u00e1 dura cerca de duas d\u00e9cadas e envolve pesquisa, [&hellip;]<\/p>\n","protected":false},"author":13,"featured_media":177994,"comment_status":"open","ping_status":"open","sticky":false,"template":"","format":"standard","meta":{"jnews-multi-image_gallery":[],"jnews_single_post":{"format":"standard"},"jnews_primary_category":[],"jnews_social_meta":[],"jnews_override_counter":[],"footnotes":""},"categories":[8819],"tags":[25734,25733,2239,16833],"class_list":["post-177836","post","type-post","status-publish","format-standard","has-post-thumbnail","hentry","category-curiosidades","tag-animal-em-extincao","tag-anta-malaia","tag-espanha","tag-zoologico"],"yoast_head":"<!-- This site is optimized with the Yoast SEO plugin v23.8 - https:\/\/yoast.com\/wordpress\/plugins\/seo\/ -->\n<title>Zool\u00f3gico celebra nascimento raro de anta-malaia ap\u00f3s anos de programa de reprodu\u00e7\u00e3o - Estado de Minas - Em foco<\/title>\n<meta name=\"description\" content=\"Um filhote de anta-malaia nasceu em zool\u00f3gico da Espanha e virou s\u00edmbolo de um esfor\u00e7o global para salvar a esp\u00e9cie amea\u00e7ada.\" \/>\n<meta name=\"robots\" content=\"index, follow, max-snippet:-1, max-image-preview:large, max-video-preview:-1\" \/>\n<link rel=\"canonical\" href=\"https:\/\/www.em.com.br\/emfoco\/2026\/03\/09\/zoologico-celebra-nascimento-raro-de-anta-malaia-apos-anos-de-programa-de-reproducao\/\" \/>\n<meta property=\"og:locale\" content=\"pt_BR\" \/>\n<meta property=\"og:type\" content=\"article\" \/>\n<meta property=\"og:title\" content=\"Zool\u00f3gico celebra nascimento raro de anta-malaia ap\u00f3s anos de programa de reprodu\u00e7\u00e3o - Estado de Minas - Em foco\" \/>\n<meta property=\"og:description\" content=\"Um filhote de anta-malaia nasceu em zool\u00f3gico da Espanha e virou s\u00edmbolo de um esfor\u00e7o global para salvar a esp\u00e9cie amea\u00e7ada.\" \/>\n<meta property=\"og:url\" content=\"https:\/\/www.em.com.br\/emfoco\/2026\/03\/09\/zoologico-celebra-nascimento-raro-de-anta-malaia-apos-anos-de-programa-de-reproducao\/\" \/>\n<meta property=\"og:site_name\" content=\"Estado de Minas - Em foco\" \/>\n<meta property=\"article:published_time\" content=\"2026-03-09T20:45:00+00:00\" \/>\n<meta property=\"article:modified_time\" content=\"2026-03-05T20:26:11+00:00\" \/>\n<meta property=\"og:image\" content=\"https:\/\/www.em.com.br\/emfoco\/wp-content\/uploads\/2026\/03\/5-22.jpg\" \/>\n\t<meta property=\"og:image:width\" content=\"1280\" \/>\n\t<meta property=\"og:image:height\" content=\"720\" \/>\n\t<meta property=\"og:image:type\" content=\"image\/jpeg\" \/>\n<meta name=\"author\" content=\"Gabriel Martins\" \/>\n<meta name=\"twitter:card\" content=\"summary_large_image\" \/>\n<meta name=\"twitter:label1\" content=\"Escrito por\" \/>\n\t<meta name=\"twitter:data1\" content=\"Gabriel Martins\" \/>\n\t<meta name=\"twitter:label2\" content=\"Est. tempo de leitura\" \/>\n\t<meta name=\"twitter:data2\" content=\"5 minutos\" \/>\n<!-- \/ Yoast SEO plugin. -->","yoast_head_json":{"title":"Zool\u00f3gico celebra nascimento raro de anta-malaia ap\u00f3s anos de programa de reprodu\u00e7\u00e3o - Estado de Minas - Em foco","description":"Um filhote de anta-malaia nasceu em zool\u00f3gico da Espanha e virou s\u00edmbolo de um esfor\u00e7o global para salvar a esp\u00e9cie amea\u00e7ada.","robots":{"index":"index","follow":"follow","max-snippet":"max-snippet:-1","max-image-preview":"max-image-preview:large","max-video-preview":"max-video-preview:-1"},"canonical":"https:\/\/www.em.com.br\/emfoco\/2026\/03\/09\/zoologico-celebra-nascimento-raro-de-anta-malaia-apos-anos-de-programa-de-reproducao\/","og_locale":"pt_BR","og_type":"article","og_title":"Zool\u00f3gico celebra nascimento raro de anta-malaia ap\u00f3s anos de programa de reprodu\u00e7\u00e3o - Estado de Minas - Em foco","og_description":"Um filhote de anta-malaia nasceu em zool\u00f3gico da Espanha e virou s\u00edmbolo de um esfor\u00e7o global para salvar a esp\u00e9cie amea\u00e7ada.","og_url":"https:\/\/www.em.com.br\/emfoco\/2026\/03\/09\/zoologico-celebra-nascimento-raro-de-anta-malaia-apos-anos-de-programa-de-reproducao\/","og_site_name":"Estado de Minas - Em foco","article_published_time":"2026-03-09T20:45:00+00:00","article_modified_time":"2026-03-05T20:26:11+00:00","og_image":[{"width":1280,"height":720,"url":"https:\/\/www.em.com.br\/emfoco\/wp-content\/uploads\/2026\/03\/5-22.jpg","type":"image\/jpeg"}],"author":"Gabriel Martins","twitter_card":"summary_large_image","twitter_misc":{"Escrito por":"Gabriel Martins","Est. tempo de leitura":"5 minutos"},"schema":{"@context":"https:\/\/schema.org","@graph":[{"@type":"WebPage","@id":"https:\/\/www.em.com.br\/emfoco\/2026\/03\/09\/zoologico-celebra-nascimento-raro-de-anta-malaia-apos-anos-de-programa-de-reproducao\/","url":"https:\/\/www.em.com.br\/emfoco\/2026\/03\/09\/zoologico-celebra-nascimento-raro-de-anta-malaia-apos-anos-de-programa-de-reproducao\/","name":"Zool\u00f3gico celebra nascimento raro de anta-malaia ap\u00f3s anos de programa de reprodu\u00e7\u00e3o - Estado de Minas - Em foco","isPartOf":{"@id":"https:\/\/www.em.com.br\/emfoco\/#website"},"primaryImageOfPage":{"@id":"https:\/\/www.em.com.br\/emfoco\/2026\/03\/09\/zoologico-celebra-nascimento-raro-de-anta-malaia-apos-anos-de-programa-de-reproducao\/#primaryimage"},"image":{"@id":"https:\/\/www.em.com.br\/emfoco\/2026\/03\/09\/zoologico-celebra-nascimento-raro-de-anta-malaia-apos-anos-de-programa-de-reproducao\/#primaryimage"},"thumbnailUrl":"https:\/\/www.em.com.br\/emfoco\/wp-content\/uploads\/2026\/03\/5-22.jpg","datePublished":"2026-03-09T20:45:00+00:00","dateModified":"2026-03-05T20:26:11+00:00","author":{"@id":"https:\/\/www.em.com.br\/emfoco\/#\/schema\/person\/1c9ddeab18b98abeffef834667bcf08a"},"description":"Um filhote de anta-malaia nasceu em zool\u00f3gico da Espanha e virou s\u00edmbolo de um esfor\u00e7o global para salvar a esp\u00e9cie amea\u00e7ada.","breadcrumb":{"@id":"https:\/\/www.em.com.br\/emfoco\/2026\/03\/09\/zoologico-celebra-nascimento-raro-de-anta-malaia-apos-anos-de-programa-de-reproducao\/#breadcrumb"},"inLanguage":"pt-BR","potentialAction":[{"@type":"ReadAction","target":["https:\/\/www.em.com.br\/emfoco\/2026\/03\/09\/zoologico-celebra-nascimento-raro-de-anta-malaia-apos-anos-de-programa-de-reproducao\/"]}]},{"@type":"ImageObject","inLanguage":"pt-BR","@id":"https:\/\/www.em.com.br\/emfoco\/2026\/03\/09\/zoologico-celebra-nascimento-raro-de-anta-malaia-apos-anos-de-programa-de-reproducao\/#primaryimage","url":"https:\/\/www.em.com.br\/emfoco\/wp-content\/uploads\/2026\/03\/5-22.jpg","contentUrl":"https:\/\/www.em.com.br\/emfoco\/wp-content\/uploads\/2026\/03\/5-22.jpg","width":1280,"height":720,"caption":"Nascimento de anta-malaia na Espanha traz esperan\u00e7a para a esp\u00e9cie amea\u00e7ada"},{"@type":"BreadcrumbList","@id":"https:\/\/www.em.com.br\/emfoco\/2026\/03\/09\/zoologico-celebra-nascimento-raro-de-anta-malaia-apos-anos-de-programa-de-reproducao\/#breadcrumb","itemListElement":[{"@type":"ListItem","position":1,"name":"In\u00edcio","item":"https:\/\/www.em.com.br\/emfoco\/"},{"@type":"ListItem","position":2,"name":"Zool\u00f3gico celebra nascimento raro de anta-malaia ap\u00f3s anos de programa de reprodu\u00e7\u00e3o"}]},{"@type":"WebSite","@id":"https:\/\/www.em.com.br\/emfoco\/#website","url":"https:\/\/www.em.com.br\/emfoco\/","name":"Estado de Minas - Em foco","description":"Acompanhe as \u00faltimas not\u00edcias e fique bem informado sobre tudo o que acontece em Minas Gerais, Brasil e no mundo.","potentialAction":[{"@type":"SearchAction","target":{"@type":"EntryPoint","urlTemplate":"https:\/\/www.em.com.br\/emfoco\/?s={search_term_string}"},"query-input":{"@type":"PropertyValueSpecification","valueRequired":true,"valueName":"search_term_string"}}],"inLanguage":"pt-BR"},{"@type":"Person","@id":"https:\/\/www.em.com.br\/emfoco\/#\/schema\/person\/1c9ddeab18b98abeffef834667bcf08a","name":"Gabriel Martins","image":{"@type":"ImageObject","inLanguage":"pt-BR","@id":"https:\/\/www.em.com.br\/emfoco\/#\/schema\/person\/image\/","url":"https:\/\/secure.gravatar.com\/avatar\/f0f1e2efdfd88f1ad2cb08c5c2731e50?s=96&d=mm&r=g","contentUrl":"https:\/\/secure.gravatar.com\/avatar\/f0f1e2efdfd88f1ad2cb08c5c2731e50?s=96&d=mm&r=g","caption":"Gabriel Martins"},"sameAs":["https:\/\/www.em.com.br\/emfoco\/"],"url":"https:\/\/www.em.com.br\/emfoco\/author\/gabrielmartinsmyth\/"}]}},"_links":{"self":[{"href":"https:\/\/www.em.com.br\/emfoco\/wp-json\/wp\/v2\/posts\/177836","targetHints":{"allow":["GET"]}}],"collection":[{"href":"https:\/\/www.em.com.br\/emfoco\/wp-json\/wp\/v2\/posts"}],"about":[{"href":"https:\/\/www.em.com.br\/emfoco\/wp-json\/wp\/v2\/types\/post"}],"author":[{"embeddable":true,"href":"https:\/\/www.em.com.br\/emfoco\/wp-json\/wp\/v2\/users\/13"}],"replies":[{"embeddable":true,"href":"https:\/\/www.em.com.br\/emfoco\/wp-json\/wp\/v2\/comments?post=177836"}],"version-history":[{"count":2,"href":"https:\/\/www.em.com.br\/emfoco\/wp-json\/wp\/v2\/posts\/177836\/revisions"}],"predecessor-version":[{"id":178004,"href":"https:\/\/www.em.com.br\/emfoco\/wp-json\/wp\/v2\/posts\/177836\/revisions\/178004"}],"wp:featuredmedia":[{"embeddable":true,"href":"https:\/\/www.em.com.br\/emfoco\/wp-json\/wp\/v2\/media\/177994"}],"wp:attachment":[{"href":"https:\/\/www.em.com.br\/emfoco\/wp-json\/wp\/v2\/media?parent=177836"}],"wp:term":[{"taxonomy":"category","embeddable":true,"href":"https:\/\/www.em.com.br\/emfoco\/wp-json\/wp\/v2\/categories?post=177836"},{"taxonomy":"post_tag","embeddable":true,"href":"https:\/\/www.em.com.br\/emfoco\/wp-json\/wp\/v2\/tags?post=177836"}],"curies":[{"name":"wp","href":"https:\/\/api.w.org\/{rel}","templated":true}]}}