{"id":177820,"date":"2026-03-07T12:45:00","date_gmt":"2026-03-07T15:45:00","guid":{"rendered":"https:\/\/www.em.com.br\/emfoco\/?p=177820"},"modified":"2026-03-06T23:14:28","modified_gmt":"2026-03-07T02:14:28","slug":"adeus-esmalte-rosa-classico-unhas-cromadas-cor-agua-de-rosas-surgem-como-tendencia-forte-para-2026","status":"publish","type":"post","link":"https:\/\/www.em.com.br\/emfoco\/2026\/03\/07\/adeus-esmalte-rosa-classico-unhas-cromadas-cor-agua-de-rosas-surgem-como-tendencia-forte-para-2026\/","title":{"rendered":"Adeus esmalte rosa cl\u00e1ssico: unhas cromadas cor \u00e1gua de rosas surgem como tend\u00eancia forte para 2026"},"content":{"rendered":"\n<p>A nova febre de 2026 chegou para provar que \u00e9 poss\u00edvel ter m\u00e3os impec\u00e1veis, modernas e elegantes sem precisar passar horas exaustivas no sal\u00e3o. As <strong>Unhas Cromadas \u00c1gua de Rosas<\/strong> unem a delicadeza de um esmalte transl\u00facido com um reflexo espelhado deslumbrante, entregando um visual sofisticado que valoriza a sua beleza natural e otimiza o seu tempo corrido.<\/p>\n\n\n\n<h2 class=\"wp-block-heading\">O que torna as unhas cromadas \u00e1gua de rosas um sucesso<\/h2>\n\n\n\n<p>Essa tend\u00eancia inovadora substitui os <a href=\"https:\/\/www.em.com.br\/emfoco\/2026\/02\/24\/adeus-esmaltes-vibrantes-a-tendencia-minimalista-que-promete-dominar-as-unhas-em-2026\/\" target=\"_blank\" rel=\"noreferrer noopener\">esmaltes <\/a>escuros e dif\u00edceis de limpar por uma base rosada super leve que imita a suavidade de uma p\u00e9tala molhada pela manh\u00e3. O grande diferencial \u00e9 a aplica\u00e7\u00e3o de um p\u00f3 perolado extremamente fino, que reflete a luz de forma muito delicada e evita aquele aspecto met\u00e1lico exagerado.<\/p>\n\n\n\n<p>O visual acompanha o movimento de beleza mais limpa e discreta, sem abrir m\u00e3o do brilho. Em vez de texturas carregadas, a prefer\u00eancia \u00e9 por superf\u00edcies lisas, bem polidas e com aspecto hidratado, valorizando a unha natural com cor suave e reflexos que variam entre rosa caramelo, p\u00e9rola e toques sutis de violeta claro.<\/p>\n\n\n\n<iframe loading=\"lazy\" src=\"https:\/\/assets.pinterest.com\/ext\/embed.html?id=10696117859671065\" height=\"714\" width=\"345\" frameborder=\"0\" scrolling=\"no\" ><\/iframe>\n\n\n\n<h2 class=\"wp-block-heading\">Como fazer a t\u00e9cnica espelhada passo a passo<\/h2>\n\n\n\n<p>Conquistar esse efeito vitrificado perfeito exige uma prepara\u00e7\u00e3o bastante cuidadosa para garantir que o brilho n\u00e3o descasque r\u00e1pido enquanto voc\u00ea realiza as tarefas dom\u00e9sticas. O segredo de ouro est\u00e1 em nivelar muito bem a superf\u00edcie da unha natural antes de aplicar a cor, criando uma tela totalmente lisa e resistente.<br><br>Para que consiga reproduzir esse acabamento de sal\u00e3o na sua pr\u00f3pria casa ou orientar a sua manicure com precis\u00e3o, organizamos o passo a passo definitivo. Siga estas etapas fundamentais para garantir um resultado impec\u00e1vel, de alta durabilidade e totalmente \u00e0 prova da sua rotina agitada.<\/p>\n\n\n\n<ol class=\"wp-block-list\">\n<li><strong>Prepara\u00e7\u00e3o das unhas<\/strong>: higienizar m\u00e3os e unhas, retirar res\u00edduos de esmalte, empurrar cut\u00edculas com delicadeza e lixar no formato desejado (amendoado, oval ou arredondado costumam valorizar melhor o efeito cromado).<\/li>\n\n\n\n<li><strong>Aplica\u00e7\u00e3o da base<\/strong>: usar uma base fortalecedora ou niveladora para uniformizar a superf\u00edcie e reduzir ondula\u00e7\u00f5es que podem comprometer o brilho espelhado.<\/li>\n\n\n\n<li><strong>Escolha do esmalte rosa transl\u00facido<\/strong>: optar por um tom de rosa claro ou m\u00e9dio com acabamento geleia ou semitransparente; uma ou duas camadas costumam ser suficientes.<\/li>\n\n\n\n<li><strong>Uso do p\u00f3 cromado<\/strong>: ap\u00f3s a secagem em cabine (no caso de gel) ou quando estiver quase seco ao toque, esfregar suavemente o p\u00f3 cromado com aplicador pr\u00f3prio at\u00e9 obter brilho uniforme.<\/li>\n\n\n\n<li><strong>Selagem com finalizador<\/strong>: finalizar com top coat de alta durabilidade, preferencialmente em gel ou efeito vitrificado, para proteger o p\u00f3 e garantir acabamento \u201cmolhado\u201d.<\/li>\n<\/ol>\n\n\n\n<iframe loading=\"lazy\" src=\"https:\/\/assets.pinterest.com\/ext\/embed.html?id=6333255724808627\" height=\"618\" width=\"345\" frameborder=\"0\" scrolling=\"no\" ><\/iframe>\n\n\n\n<h2 class=\"wp-block-heading\">Quais tons e formatos valorizam o seu estilo pessoal<\/h2>\n\n\n\n<p>A grande vantagem pr\u00e1tica dessa esmalta\u00e7\u00e3o \u00e9 a sua incr\u00edvel versatilidade, permitindo que voc\u00ea adapte a intensidade do tom de acordo com a sua personalidade. Cores mais leitosas e transl\u00facidas entregam um brilho sutil e extremamente natural, perfeito para quem prefere uma est\u00e9tica minimalista e super discreta no ambiente profissional.<\/p>\n\n\n\n<p>O formato tamb\u00e9m influencia no efeito final, j\u00e1 que ele determina como a luz \u00e9 refletida na superf\u00edcie da unha. Para facilitar essa escolha, alguns caminhos se destacam entre as op\u00e7\u00f5es mais usadas e vers\u00e1teis:<\/p>\n\n\n\n<ul class=\"wp-block-list\">\n<li><strong>Rosa muito transl\u00facido<\/strong>: ideal para quem gosta de um efeito natural, quase como um tratamento de brilho.<\/li>\n\n\n\n<li><strong>Rosa m\u00e9dio com camada geleia<\/strong>: indicado para quem deseja cor vis\u00edvel, sem chegar ao neon ou ao f\u00facsia.<\/li>\n\n\n\n<li><strong>Misturas personalizadas<\/strong>: combinar rosa intenso com esmalte transparente ou rosa claro para ajustar o tom exato.<\/li>\n\n\n\n<li><strong>Formato amendoado m\u00e9dio ou longo<\/strong>: alonga os dedos e amplia a \u00e1rea de reflex\u00e3o da luz, intensificando o aspecto espelhado.]<\/li>\n<\/ul>\n\n\n\n<p>Selecionamos o v\u00eddeo da <a href=\"https:\/\/www.tiktok.com\/@anaelisamake\" target=\"_blank\" rel=\"noreferrer noopener\">Ana Elisa Corr\u00eaa<\/a> que faz sucesso no TikTok com seus 20 mil seguidores, e mostra como fazer essa t\u00e9cnica de unha cromada de um jeito super f\u00e1cil:<\/p>\n\n\n\n<figure class=\"wp-block-embed is-type-video is-provider-tiktok wp-block-embed-tiktok\"><div class=\"wp-block-embed__wrapper\">\n<blockquote class=\"tiktok-embed\" cite=\"https:\/\/www.tiktok.com\/@anaelisamake\/video\/7288139662303202565\" data-video-id=\"7288139662303202565\" data-embed-from=\"oembed\" style=\"max-width:605px; min-width:325px;\"> <section> <a target=\"_blank\" title=\"@anaelisamake\" href=\"https:\/\/www.tiktok.com\/@anaelisamake?refer=embed\">@anaelisamake<\/a> <p>Unhas cromadas usando p\u00f3 \u2728\u2728 eu ameiiiii o esse efeito! Comprei a paletinha na Shein e ela vem com 6 cores, querem que eu teste outras? <a title=\"esmalta\u00e7\u00e3o\" target=\"_blank\" href=\"https:\/\/www.tiktok.com\/tag\/esmalta%C3%A7%C3%A3o?refer=embed\">#esmalta\u00e7\u00e3o<\/a> <a title=\"esmalte\" target=\"_blank\" href=\"https:\/\/www.tiktok.com\/tag\/esmalte?refer=embed\">#esmalte<\/a> <a title=\"unhas\" target=\"_blank\" href=\"https:\/\/www.tiktok.com\/tag\/unhas?refer=embed\">#unhas<\/a> <a title=\"unhasdecoradas\" target=\"_blank\" href=\"https:\/\/www.tiktok.com\/tag\/unhasdecoradas?refer=embed\">#unhasdecoradas<\/a> <a title=\"SHEINcares\" target=\"_blank\" href=\"https:\/\/www.tiktok.com\/tag\/SHEINcares?refer=embed\">#sheincares<\/a> <a title=\"sheinhaul\" target=\"_blank\" href=\"https:\/\/www.tiktok.com\/tag\/sheinhaul?refer=embed\">#sheinhaul<\/a> <a title=\"sheglam\" target=\"_blank\" href=\"https:\/\/www.tiktok.com\/tag\/sheglam?refer=embed\">#sheglam<\/a> <a title=\"nailart\" target=\"_blank\" href=\"https:\/\/www.tiktok.com\/tag\/nailart?refer=embed\">#nailart<\/a> <a title=\"nailtutorial\" target=\"_blank\" href=\"https:\/\/www.tiktok.com\/tag\/nailtutorial?refer=embed\">#nailtutorial<\/a> <a title=\"tutorialunhas\" target=\"_blank\" href=\"https:\/\/www.tiktok.com\/tag\/tutorialunhas?refer=embed\">#tutorialunhas<\/a> <a title=\"unhacromada\" target=\"_blank\" href=\"https:\/\/www.tiktok.com\/tag\/unhacromada?refer=embed\">#unhacromada<\/a> <a title=\"esmaltecromado\" target=\"_blank\" href=\"https:\/\/www.tiktok.com\/tag\/esmaltecromado?refer=embed\">#esmaltecromado<\/a> <a title=\"nailsartvideos\" target=\"_blank\" href=\"https:\/\/www.tiktok.com\/tag\/nailsartvideos?refer=embed\">#nailsartvideos<\/a> <\/p> <a target=\"_blank\" title=\"\u266c Dj Payphone - Putra Fvnky\" href=\"https:\/\/www.tiktok.com\/music\/Dj-Payphone-7174263484752857090?refer=embed\">\u266c Dj Payphone &#8211; Putra Fvnky<\/a> <\/section> <\/blockquote> <script async src=\"https:\/\/www.tiktok.com\/embed.js\"><\/script>\n<\/div><\/figure>\n\n\n\n<h2 class=\"wp-block-heading\">Como inserir as Unhas Cromadas \u00c1gua de Rosas no dia a dia<\/h2>\n\n\n\n<p>Por unir uma base rosa suave ao brilho espelhado, essa t\u00e9cnica se adapta bem a contextos profissionais, festas e rotinas mais casuais. Em ambientes formais, funciona como uma vers\u00e3o atualizada do nude; em eventos, conversa com tecidos acetinados, metalizados e tons pastel.<\/p>\n\n\n\n<p>No cotidiano, a est\u00e9tica limpa e rom\u00e2ntica combina tanto com jeans e camiseta quanto com alfaiataria ou vestidos fluidos. Como o tom \u00e9 claro, pequenas lascas e o crescimento da raiz ficam menos evidentes, prolongando o intervalo entre retoques e facilitando a manuten\u00e7\u00e3o.<\/p>\n\n\n\n<h2 class=\"wp-block-heading\">Qual \u00e9 o momento ideal para renovar a beleza das suas m\u00e3os<\/h2>\n\n\n\n<p>Investir em pequenos detalhes que real\u00e7am a sua feminilidade \u00e9 um abra\u00e7o carinhoso na sua pr\u00f3pria autoestima, recarregando as suas energias para cuidar da fam\u00edlia com muito mais alegria. N\u00e3o deixe que a grande sobrecarga de responsabilidades fa\u00e7a voc\u00ea esquecer o quanto \u00e9 vital tirar uma horinha da semana exclusivamente para o seu pr\u00f3prio bem-estar.<\/p>\n\n\n\n<p>Essa tend\u00eancia j\u00e1 est\u00e1 colorindo as ruas e as suas m\u00e3os merecem refletir toda essa luz e renova\u00e7\u00e3o agora mesmo, pois voc\u00ea \u00e9 a grande estrela da sua vida! Separe as suas ferramentas de manicure ou ligue imediatamente para o seu sal\u00e3o favorito e experimente essa tend\u00eancia deslumbrante hoje mesmo antes que as vagas esgotem!<\/p>\n\n\n\n<p><\/p>\n","protected":false},"excerpt":{"rendered":"<p>A nova febre de 2026 chegou para provar que \u00e9 poss\u00edvel ter m\u00e3os impec\u00e1veis, modernas e elegantes sem precisar passar horas exaustivas no sal\u00e3o. As Unhas Cromadas \u00c1gua de Rosas unem a delicadeza de um esmalte transl\u00facido com um reflexo espelhado deslumbrante, entregando um visual sofisticado que valoriza a sua beleza natural e otimiza o [&hellip;]<\/p>\n","protected":false},"author":11,"featured_media":177854,"comment_status":"open","ping_status":"open","sticky":false,"template":"","format":"standard","meta":{"jnews-multi-image_gallery":[],"jnews_single_post":{"format":"standard"},"jnews_primary_category":[],"jnews_social_meta":[],"jnews_override_counter":[],"footnotes":""},"categories":[8819,1],"tags":[8887,25728,25727,1920,5354],"class_list":["post-177820","post","type-post","status-publish","format-standard","has-post-thumbnail","hentry","category-curiosidades","category-noticias","tag-esmalte","tag-nova-tendencia-de-unhas","tag-tecnica-de-unhas","tag-tendencia","tag-unhas"],"yoast_head":"<!-- This site is optimized with the Yoast SEO plugin v23.8 - https:\/\/yoast.com\/wordpress\/plugins\/seo\/ -->\n<title>Adeus esmalte rosa cl\u00e1ssico: unhas cromadas cor \u00e1gua de rosas surgem como tend\u00eancia forte para 2026 - Estado de Minas - Em foco<\/title>\n<meta name=\"description\" content=\"As unhas cromadas \u00e1gua de rosas s\u00e3o a nova tend\u00eancia de 2026. Veja como funciona a t\u00e9cnica espelhada e por que ela virou febre.\" \/>\n<meta name=\"robots\" content=\"index, follow, max-snippet:-1, max-image-preview:large, max-video-preview:-1\" \/>\n<link rel=\"canonical\" href=\"https:\/\/www.em.com.br\/emfoco\/2026\/03\/07\/adeus-esmalte-rosa-classico-unhas-cromadas-cor-agua-de-rosas-surgem-como-tendencia-forte-para-2026\/\" \/>\n<meta property=\"og:locale\" content=\"pt_BR\" \/>\n<meta property=\"og:type\" content=\"article\" \/>\n<meta property=\"og:title\" content=\"Adeus esmalte rosa cl\u00e1ssico: unhas cromadas cor \u00e1gua de rosas surgem como tend\u00eancia forte para 2026 - Estado de Minas - Em foco\" \/>\n<meta property=\"og:description\" content=\"As unhas cromadas \u00e1gua de rosas s\u00e3o a nova tend\u00eancia de 2026. Veja como funciona a t\u00e9cnica espelhada e por que ela virou febre.\" \/>\n<meta property=\"og:url\" content=\"https:\/\/www.em.com.br\/emfoco\/2026\/03\/07\/adeus-esmalte-rosa-classico-unhas-cromadas-cor-agua-de-rosas-surgem-como-tendencia-forte-para-2026\/\" \/>\n<meta property=\"og:site_name\" content=\"Estado de Minas - Em foco\" \/>\n<meta property=\"article:published_time\" content=\"2026-03-07T15:45:00+00:00\" \/>\n<meta property=\"article:modified_time\" content=\"2026-03-07T02:14:28+00:00\" \/>\n<meta property=\"og:image\" content=\"https:\/\/www.em.com.br\/emfoco\/wp-content\/uploads\/2026\/03\/ChatGPT-Image-5-de-mar.-de-2026-15_27_49-1.png\" \/>\n\t<meta property=\"og:image:width\" content=\"1280\" \/>\n\t<meta property=\"og:image:height\" content=\"720\" \/>\n\t<meta property=\"og:image:type\" content=\"image\/png\" \/>\n<meta name=\"author\" content=\"Andre\u0301 Rangel\u00a0\" \/>\n<meta name=\"twitter:card\" content=\"summary_large_image\" \/>\n<meta name=\"twitter:label1\" content=\"Escrito por\" \/>\n\t<meta name=\"twitter:data1\" content=\"Andre\u0301 Rangel\u00a0\" \/>\n\t<meta name=\"twitter:label2\" content=\"Est. tempo de leitura\" \/>\n\t<meta name=\"twitter:data2\" content=\"5 minutos\" \/>\n<!-- \/ Yoast SEO plugin. -->","yoast_head_json":{"title":"Adeus esmalte rosa cl\u00e1ssico: unhas cromadas cor \u00e1gua de rosas surgem como tend\u00eancia forte para 2026 - Estado de Minas - Em foco","description":"As unhas cromadas \u00e1gua de rosas s\u00e3o a nova tend\u00eancia de 2026. Veja como funciona a t\u00e9cnica espelhada e por que ela virou febre.","robots":{"index":"index","follow":"follow","max-snippet":"max-snippet:-1","max-image-preview":"max-image-preview:large","max-video-preview":"max-video-preview:-1"},"canonical":"https:\/\/www.em.com.br\/emfoco\/2026\/03\/07\/adeus-esmalte-rosa-classico-unhas-cromadas-cor-agua-de-rosas-surgem-como-tendencia-forte-para-2026\/","og_locale":"pt_BR","og_type":"article","og_title":"Adeus esmalte rosa cl\u00e1ssico: unhas cromadas cor \u00e1gua de rosas surgem como tend\u00eancia forte para 2026 - Estado de Minas - Em foco","og_description":"As unhas cromadas \u00e1gua de rosas s\u00e3o a nova tend\u00eancia de 2026. Veja como funciona a t\u00e9cnica espelhada e por que ela virou febre.","og_url":"https:\/\/www.em.com.br\/emfoco\/2026\/03\/07\/adeus-esmalte-rosa-classico-unhas-cromadas-cor-agua-de-rosas-surgem-como-tendencia-forte-para-2026\/","og_site_name":"Estado de Minas - Em foco","article_published_time":"2026-03-07T15:45:00+00:00","article_modified_time":"2026-03-07T02:14:28+00:00","og_image":[{"width":1280,"height":720,"url":"https:\/\/www.em.com.br\/emfoco\/wp-content\/uploads\/2026\/03\/ChatGPT-Image-5-de-mar.-de-2026-15_27_49-1.png","type":"image\/png"}],"author":"Andre\u0301 Rangel\u00a0","twitter_card":"summary_large_image","twitter_misc":{"Escrito por":"Andre\u0301 Rangel\u00a0","Est. tempo de leitura":"5 minutos"},"schema":{"@context":"https:\/\/schema.org","@graph":[{"@type":"WebPage","@id":"https:\/\/www.em.com.br\/emfoco\/2026\/03\/07\/adeus-esmalte-rosa-classico-unhas-cromadas-cor-agua-de-rosas-surgem-como-tendencia-forte-para-2026\/","url":"https:\/\/www.em.com.br\/emfoco\/2026\/03\/07\/adeus-esmalte-rosa-classico-unhas-cromadas-cor-agua-de-rosas-surgem-como-tendencia-forte-para-2026\/","name":"Adeus esmalte rosa cl\u00e1ssico: unhas cromadas cor \u00e1gua de rosas surgem como tend\u00eancia forte para 2026 - Estado de Minas - Em foco","isPartOf":{"@id":"https:\/\/www.em.com.br\/emfoco\/#website"},"primaryImageOfPage":{"@id":"https:\/\/www.em.com.br\/emfoco\/2026\/03\/07\/adeus-esmalte-rosa-classico-unhas-cromadas-cor-agua-de-rosas-surgem-como-tendencia-forte-para-2026\/#primaryimage"},"image":{"@id":"https:\/\/www.em.com.br\/emfoco\/2026\/03\/07\/adeus-esmalte-rosa-classico-unhas-cromadas-cor-agua-de-rosas-surgem-como-tendencia-forte-para-2026\/#primaryimage"},"thumbnailUrl":"https:\/\/www.em.com.br\/emfoco\/wp-content\/uploads\/2026\/03\/ChatGPT-Image-5-de-mar.-de-2026-15_27_49-1.png","datePublished":"2026-03-07T15:45:00+00:00","dateModified":"2026-03-07T02:14:28+00:00","author":{"@id":"https:\/\/www.em.com.br\/emfoco\/#\/schema\/person\/60eda09c1fedf0d6891f4cef4b60b8b8"},"description":"As unhas cromadas \u00e1gua de rosas s\u00e3o a nova tend\u00eancia de 2026. Veja como funciona a t\u00e9cnica espelhada e por que ela virou febre.","breadcrumb":{"@id":"https:\/\/www.em.com.br\/emfoco\/2026\/03\/07\/adeus-esmalte-rosa-classico-unhas-cromadas-cor-agua-de-rosas-surgem-como-tendencia-forte-para-2026\/#breadcrumb"},"inLanguage":"pt-BR","potentialAction":[{"@type":"ReadAction","target":["https:\/\/www.em.com.br\/emfoco\/2026\/03\/07\/adeus-esmalte-rosa-classico-unhas-cromadas-cor-agua-de-rosas-surgem-como-tendencia-forte-para-2026\/"]}]},{"@type":"ImageObject","inLanguage":"pt-BR","@id":"https:\/\/www.em.com.br\/emfoco\/2026\/03\/07\/adeus-esmalte-rosa-classico-unhas-cromadas-cor-agua-de-rosas-surgem-como-tendencia-forte-para-2026\/#primaryimage","url":"https:\/\/www.em.com.br\/emfoco\/wp-content\/uploads\/2026\/03\/ChatGPT-Image-5-de-mar.-de-2026-15_27_49-1.png","contentUrl":"https:\/\/www.em.com.br\/emfoco\/wp-content\/uploads\/2026\/03\/ChatGPT-Image-5-de-mar.-de-2026-15_27_49-1.png","width":1280,"height":720,"caption":"O estilo de unhas elegante que conquistou 2026"},{"@type":"BreadcrumbList","@id":"https:\/\/www.em.com.br\/emfoco\/2026\/03\/07\/adeus-esmalte-rosa-classico-unhas-cromadas-cor-agua-de-rosas-surgem-como-tendencia-forte-para-2026\/#breadcrumb","itemListElement":[{"@type":"ListItem","position":1,"name":"In\u00edcio","item":"https:\/\/www.em.com.br\/emfoco\/"},{"@type":"ListItem","position":2,"name":"Adeus esmalte rosa cl\u00e1ssico: unhas cromadas cor \u00e1gua de rosas surgem como tend\u00eancia forte para 2026"}]},{"@type":"WebSite","@id":"https:\/\/www.em.com.br\/emfoco\/#website","url":"https:\/\/www.em.com.br\/emfoco\/","name":"Estado de Minas - Em foco","description":"Acompanhe as \u00faltimas not\u00edcias e fique bem informado sobre tudo o que acontece em Minas Gerais, Brasil e no mundo.","potentialAction":[{"@type":"SearchAction","target":{"@type":"EntryPoint","urlTemplate":"https:\/\/www.em.com.br\/emfoco\/?s={search_term_string}"},"query-input":{"@type":"PropertyValueSpecification","valueRequired":true,"valueName":"search_term_string"}}],"inLanguage":"pt-BR"},{"@type":"Person","@id":"https:\/\/www.em.com.br\/emfoco\/#\/schema\/person\/60eda09c1fedf0d6891f4cef4b60b8b8","name":"Andre\u0301 Rangel\u00a0","image":{"@type":"ImageObject","inLanguage":"pt-BR","@id":"https:\/\/www.em.com.br\/emfoco\/#\/schema\/person\/image\/","url":"https:\/\/secure.gravatar.com\/avatar\/6234dc814c77c8ef6d8bba622c787efc?s=96&d=mm&r=g","contentUrl":"https:\/\/secure.gravatar.com\/avatar\/6234dc814c77c8ef6d8bba622c787efc?s=96&d=mm&r=g","caption":"Andre\u0301 Rangel\u00a0"},"url":"https:\/\/www.em.com.br\/emfoco\/author\/luizmyth\/"}]}},"_links":{"self":[{"href":"https:\/\/www.em.com.br\/emfoco\/wp-json\/wp\/v2\/posts\/177820","targetHints":{"allow":["GET"]}}],"collection":[{"href":"https:\/\/www.em.com.br\/emfoco\/wp-json\/wp\/v2\/posts"}],"about":[{"href":"https:\/\/www.em.com.br\/emfoco\/wp-json\/wp\/v2\/types\/post"}],"author":[{"embeddable":true,"href":"https:\/\/www.em.com.br\/emfoco\/wp-json\/wp\/v2\/users\/11"}],"replies":[{"embeddable":true,"href":"https:\/\/www.em.com.br\/emfoco\/wp-json\/wp\/v2\/comments?post=177820"}],"version-history":[{"count":4,"href":"https:\/\/www.em.com.br\/emfoco\/wp-json\/wp\/v2\/posts\/177820\/revisions"}],"predecessor-version":[{"id":177853,"href":"https:\/\/www.em.com.br\/emfoco\/wp-json\/wp\/v2\/posts\/177820\/revisions\/177853"}],"wp:featuredmedia":[{"embeddable":true,"href":"https:\/\/www.em.com.br\/emfoco\/wp-json\/wp\/v2\/media\/177854"}],"wp:attachment":[{"href":"https:\/\/www.em.com.br\/emfoco\/wp-json\/wp\/v2\/media?parent=177820"}],"wp:term":[{"taxonomy":"category","embeddable":true,"href":"https:\/\/www.em.com.br\/emfoco\/wp-json\/wp\/v2\/categories?post=177820"},{"taxonomy":"post_tag","embeddable":true,"href":"https:\/\/www.em.com.br\/emfoco\/wp-json\/wp\/v2\/tags?post=177820"}],"curies":[{"name":"wp","href":"https:\/\/api.w.org\/{rel}","templated":true}]}}