{"id":177785,"date":"2026-03-07T10:25:00","date_gmt":"2026-03-07T13:25:00","guid":{"rendered":"https:\/\/www.em.com.br\/emfoco\/?p=177785"},"modified":"2026-03-06T23:13:31","modified_gmt":"2026-03-07T02:13:31","slug":"o-corte-de-cabelo-frances-e-a-grande-estrela-de-2026-e-favorece-tanto-mulheres-de-40-quanto-de-60-anos","status":"publish","type":"post","link":"https:\/\/www.em.com.br\/emfoco\/2026\/03\/07\/o-corte-de-cabelo-frances-e-a-grande-estrela-de-2026-e-favorece-tanto-mulheres-de-40-quanto-de-60-anos\/","title":{"rendered":"O corte de cabelo franc\u00eas\u00a0\u00e9 a grande estrela de 2026 e favorece tanto mulheres de 40 quanto de 60 anos"},"content":{"rendered":"\n<p>O famoso <strong>corte borboleta <\/strong>tem muitas varia\u00e7\u00f5es, e uma delas \u00e9 este<strong> corte midi franc\u00eas<\/strong>, a solu\u00e7\u00e3o definitiva para aceitar as mudan\u00e7as naturais dos fios com muita praticidade. Essa tend\u00eancia europeia despojada abandona o peso das mechas extralongas para abra\u00e7ar um comprimento m\u00e9dio cheio de charme, ideal para otimizar o seu tempo e economizar no or\u00e7amento dom\u00e9stico. \u00c9 a escolha perfeita para a mulher moderna que busca um visual sofisticado e de baix\u00edssima manuten\u00e7\u00e3o para brilhar lindamente na sua rotina familiar.<\/p>\n\n\n\n<h2 class=\"wp-block-heading\">Como o corte franc\u00eas revoluciona o visual aos 40 e 60 anos<\/h2>\n\n\n\n<p>O ic\u00f4nico estilo<a href=\"https:\/\/br.pinterest.com\/vasconcelos4933\/corte-de-cabelo-franc%C3%AAs\/\" target=\"_blank\" rel=\"noreferrer noopener\"> <strong>midi franc\u00eas<\/strong> <\/a>com camadas sutis \u00e9 um verdadeiro milagre capilar que valoriza de forma democr\u00e1tica a beleza das mulheres, independentemente de estarem na faixa dos quarenta ou sessenta anos. Ele cria uma moldura delicada e rejuvenescedora para o rosto, respeitando a maturidade natural dos fios com extrema eleg\u00e2ncia e muito conforto di\u00e1rio.<\/p>\n\n\n\n<p>Especialistas confirmam que essa t\u00e9cnica europeia devolve a vida aos cabelos que come\u00e7am a afinar ou perder o volume com o passar do tempo e as flutua\u00e7\u00f5es hormonais. O segredo est\u00e1 na base s\u00f3lida combinada com pontas texturizadas, proporcionando uma densidade visual incr\u00edvel que eleva a autoconfian\u00e7a de quem gerencia as tarefas da casa.<\/p>\n\n\n\n<iframe loading=\"lazy\" src=\"https:\/\/assets.pinterest.com\/ext\/embed.html?id=612348880610366061\" height=\"352\" width=\"345\" frameborder=\"0\" scrolling=\"no\" ><\/iframe>\n\n\n\n<h2 class=\"wp-block-heading\">Por que a transi\u00e7\u00e3o capilar exige um estilo mais inteligente<\/h2>\n\n\n\n<p>Ap\u00f3s os trinta e cinco anos, o ritmo biol\u00f3gico de crescimento dos fios diminui drasticamente, tornando o sonho de manter um cabelo muito longo uma tarefa cara e exaustiva. Fios compridos tendem a ficar ralos e quebradi\u00e7os, exigindo tratamentos e produtos de reconstru\u00e7\u00e3o que acabam pesando de forma desnecess\u00e1ria no final do m\u00eas.<\/p>\n\n\n\n<p>Adotar o midi franc\u00eas resolve esse problema imediatamente ao eliminar as pontas duplas e criar uma ilus\u00e3o de \u00f3tica fant\u00e1stica de cabelo encorpado e super saud\u00e1vel. \u00c9 uma estrat\u00e9gia de autocuidado inteligente que substitui a preocupa\u00e7\u00e3o constante por um visual de sal\u00e3o que se mant\u00e9m impec\u00e1vel com o m\u00ednimo de esfor\u00e7o rotineiro.<\/p>\n\n\n\n<figure class=\"wp-block-image size-large\"><img loading=\"lazy\" decoding=\"async\" width=\"1024\" height=\"576\" src=\"https:\/\/www.em.com.br\/emfoco\/wp-content\/uploads\/2026\/03\/ChatGPT-Image-5-de-mar.-de-2026-14_46_03-1-1024x576.png\" alt=\"O corte franc\u00eas inspirado no borboleta que virou febre\" class=\"wp-image-177797\" srcset=\"https:\/\/www.em.com.br\/emfoco\/wp-content\/uploads\/2026\/03\/ChatGPT-Image-5-de-mar.-de-2026-14_46_03-1-1024x576.png 1024w, https:\/\/www.em.com.br\/emfoco\/wp-content\/uploads\/2026\/03\/ChatGPT-Image-5-de-mar.-de-2026-14_46_03-1-300x169.png 300w, https:\/\/www.em.com.br\/emfoco\/wp-content\/uploads\/2026\/03\/ChatGPT-Image-5-de-mar.-de-2026-14_46_03-1-768x432.png 768w, https:\/\/www.em.com.br\/emfoco\/wp-content\/uploads\/2026\/03\/ChatGPT-Image-5-de-mar.-de-2026-14_46_03-1-750x422.png 750w, https:\/\/www.em.com.br\/emfoco\/wp-content\/uploads\/2026\/03\/ChatGPT-Image-5-de-mar.-de-2026-14_46_03-1-1140x641.png 1140w, https:\/\/www.em.com.br\/emfoco\/wp-content\/uploads\/2026\/03\/ChatGPT-Image-5-de-mar.-de-2026-14_46_03-1.png 1280w\" sizes=\"auto, (max-width: 1024px) 100vw, 1024px\" \/><figcaption class=\"wp-element-caption\">O corte franc\u00eas inspirado no borboleta que virou febre<\/figcaption><\/figure>\n\n\n\n<h2 class=\"wp-block-heading\">Quais s\u00e3o os benef\u00edcios de adotar o corte franc\u00eas na sua rotina<\/h2>\n\n\n\n<p>A verdadeira magia dessa varia\u00e7\u00e3o luxuosa do corte borboleta est\u00e1 na liberdade que ele proporciona, aliviando o cansa\u00e7o matinal e devolvendo preciosos minutos de descanso para voc\u00ea. Para que entenda exatamente como essa transforma\u00e7\u00e3o francesa vai revolucionar a sua vida e a economia do lar, listamos as principais vantagens pr\u00e1ticas desse visual incr\u00edvel.<\/p>\n\n\n\n<ul class=\"wp-block-list\">\n<li>Dispensa totalmente o uso di\u00e1rio de secadores e escovas modeladoras que gastam energia el\u00e9trica.<\/li>\n\n\n\n<li>Permite uma secagem natural maravilhosa e um caimento despojado super chique e atual.<\/li>\n\n\n\n<li>Reduz os gastos excessivos com produtos finalizadores e idas frequentes ao sal\u00e3o de beleza.<\/li>\n\n\n\n<li>Otimiza o seu tempo pela manh\u00e3, facilitando imensamente a rotina de quem cuida da fam\u00edlia.<\/li>\n<\/ul>\n\n\n\n<p>Selecionamos o v\u00eddeo do <a href=\"https:\/\/www.instagram.com\/henriquearaujoofficial\/reels\/\" target=\"_blank\" rel=\"noreferrer noopener\">HENRIQUE ARAUJO<\/a> que faz sucesso no Instagram com seus mais de 456 mil seguidores e mostra alguns estilos de cortes que est\u00e3o dominando a Europa: <\/p>\n\n\n\n<blockquote class=\"instagram-media\" data-instgrm-captioned data-instgrm-permalink=\"https:\/\/www.instagram.com\/reel\/DLlTG2XMd1v\/?utm_source=ig_embed&amp;utm_campaign=loading\" data-instgrm-version=\"14\" style=\" background:#FFF; border:0; border-radius:3px; box-shadow:0 0 1px 0 rgba(0,0,0,0.5),0 1px 10px 0 rgba(0,0,0,0.15); margin: 1px; max-width:540px; min-width:326px; padding:0; width:99.375%; width:-webkit-calc(100% - 2px); width:calc(100% - 2px);\"><div style=\"padding:16px;\"> <a href=\"https:\/\/www.instagram.com\/reel\/DLlTG2XMd1v\/?utm_source=ig_embed&amp;utm_campaign=loading\" style=\" background:#FFFFFF; line-height:0; padding:0 0; text-align:center; text-decoration:none; width:100%;\" target=\"_blank\"> <div style=\" display: flex; flex-direction: row; align-items: center;\"> <div style=\"background-color: #F4F4F4; border-radius: 50%; flex-grow: 0; height: 40px; margin-right: 14px; width: 40px;\"><\/div> <div style=\"display: flex; flex-direction: column; flex-grow: 1; justify-content: center;\"> <div style=\" background-color: #F4F4F4; border-radius: 4px; flex-grow: 0; height: 14px; margin-bottom: 6px; width: 100px;\"><\/div> <div style=\" background-color: #F4F4F4; border-radius: 4px; flex-grow: 0; height: 14px; width: 60px;\"><\/div><\/div><\/div><div style=\"padding: 19% 0;\"><\/div> <div style=\"display:block; height:50px; margin:0 auto 12px; width:50px;\"><svg width=\"50px\" height=\"50px\" viewBox=\"0 0 60 60\" version=\"1.1\" xmlns=\"https:\/\/www.w3.org\/2000\/svg\" xmlns:xlink=\"https:\/\/www.w3.org\/1999\/xlink\"><g stroke=\"none\" stroke-width=\"1\" fill=\"none\" fill-rule=\"evenodd\"><g transform=\"translate(-511.000000, -20.000000)\" fill=\"#000000\"><g><path d=\"M556.869,30.41 C554.814,30.41 553.148,32.076 553.148,34.131 C553.148,36.186 554.814,37.852 556.869,37.852 C558.924,37.852 560.59,36.186 560.59,34.131 C560.59,32.076 558.924,30.41 556.869,30.41 M541,60.657 C535.114,60.657 530.342,55.887 530.342,50 C530.342,44.114 535.114,39.342 541,39.342 C546.887,39.342 551.658,44.114 551.658,50 C551.658,55.887 546.887,60.657 541,60.657 M541,33.886 C532.1,33.886 524.886,41.1 524.886,50 C524.886,58.899 532.1,66.113 541,66.113 C549.9,66.113 557.115,58.899 557.115,50 C557.115,41.1 549.9,33.886 541,33.886 M565.378,62.101 C565.244,65.022 564.756,66.606 564.346,67.663 C563.803,69.06 563.154,70.057 562.106,71.106 C561.058,72.155 560.06,72.803 558.662,73.347 C557.607,73.757 556.021,74.244 553.102,74.378 C549.944,74.521 548.997,74.552 541,74.552 C533.003,74.552 532.056,74.521 528.898,74.378 C525.979,74.244 524.393,73.757 523.338,73.347 C521.94,72.803 520.942,72.155 519.894,71.106 C518.846,70.057 518.197,69.06 517.654,67.663 C517.244,66.606 516.755,65.022 516.623,62.101 C516.479,58.943 516.448,57.996 516.448,50 C516.448,42.003 516.479,41.056 516.623,37.899 C516.755,34.978 517.244,33.391 517.654,32.338 C518.197,30.938 518.846,29.942 519.894,28.894 C520.942,27.846 521.94,27.196 523.338,26.654 C524.393,26.244 525.979,25.756 528.898,25.623 C532.057,25.479 533.004,25.448 541,25.448 C548.997,25.448 549.943,25.479 553.102,25.623 C556.021,25.756 557.607,26.244 558.662,26.654 C560.06,27.196 561.058,27.846 562.106,28.894 C563.154,29.942 563.803,30.938 564.346,32.338 C564.756,33.391 565.244,34.978 565.378,37.899 C565.522,41.056 565.552,42.003 565.552,50 C565.552,57.996 565.522,58.943 565.378,62.101 M570.82,37.631 C570.674,34.438 570.167,32.258 569.425,30.349 C568.659,28.377 567.633,26.702 565.965,25.035 C564.297,23.368 562.623,22.342 560.652,21.575 C558.743,20.834 556.562,20.326 553.369,20.18 C550.169,20.033 549.148,20 541,20 C532.853,20 531.831,20.033 528.631,20.18 C525.438,20.326 523.257,20.834 521.349,21.575 C519.376,22.342 517.703,23.368 516.035,25.035 C514.368,26.702 513.342,28.377 512.574,30.349 C511.834,32.258 511.326,34.438 511.181,37.631 C511.035,40.831 511,41.851 511,50 C511,58.147 511.035,59.17 511.181,62.369 C511.326,65.562 511.834,67.743 512.574,69.651 C513.342,71.625 514.368,73.296 516.035,74.965 C517.703,76.634 519.376,77.658 521.349,78.425 C523.257,79.167 525.438,79.673 528.631,79.82 C531.831,79.965 532.853,80.001 541,80.001 C549.148,80.001 550.169,79.965 553.369,79.82 C556.562,79.673 558.743,79.167 560.652,78.425 C562.623,77.658 564.297,76.634 565.965,74.965 C567.633,73.296 568.659,71.625 569.425,69.651 C570.167,67.743 570.674,65.562 570.82,62.369 C570.966,59.17 571,58.147 571,50 C571,41.851 570.966,40.831 570.82,37.631\"><\/path><\/g><\/g><\/g><\/svg><\/div><div style=\"padding-top: 8px;\"> <div style=\" color:#3897f0; font-family:Arial,sans-serif; font-size:14px; font-style:normal; font-weight:550; line-height:18px;\">Ver essa foto no Instagram<\/div><\/div><div style=\"padding: 12.5% 0;\"><\/div> <div style=\"display: flex; flex-direction: row; margin-bottom: 14px; align-items: center;\"><div> <div style=\"background-color: #F4F4F4; border-radius: 50%; height: 12.5px; width: 12.5px; transform: translateX(0px) translateY(7px);\"><\/div> <div style=\"background-color: #F4F4F4; height: 12.5px; transform: rotate(-45deg) translateX(3px) translateY(1px); width: 12.5px; flex-grow: 0; margin-right: 14px; margin-left: 2px;\"><\/div> <div style=\"background-color: #F4F4F4; border-radius: 50%; height: 12.5px; width: 12.5px; transform: translateX(9px) translateY(-18px);\"><\/div><\/div><div style=\"margin-left: 8px;\"> <div style=\" background-color: #F4F4F4; border-radius: 50%; flex-grow: 0; height: 20px; width: 20px;\"><\/div> <div style=\" width: 0; height: 0; border-top: 2px solid transparent; border-left: 6px solid #f4f4f4; border-bottom: 2px solid transparent; transform: translateX(16px) translateY(-4px) rotate(30deg)\"><\/div><\/div><div style=\"margin-left: auto;\"> <div style=\" width: 0px; border-top: 8px solid #F4F4F4; border-right: 8px solid transparent; transform: translateY(16px);\"><\/div> <div style=\" background-color: #F4F4F4; flex-grow: 0; height: 12px; width: 16px; transform: translateY(-4px);\"><\/div> <div style=\" width: 0; height: 0; border-top: 8px solid #F4F4F4; border-left: 8px solid transparent; transform: translateY(-4px) translateX(8px);\"><\/div><\/div><\/div> <div style=\"display: flex; flex-direction: column; flex-grow: 1; justify-content: center; margin-bottom: 24px;\"> <div style=\" background-color: #F4F4F4; border-radius: 4px; flex-grow: 0; height: 14px; margin-bottom: 6px; width: 224px;\"><\/div> <div style=\" background-color: #F4F4F4; border-radius: 4px; flex-grow: 0; height: 14px; width: 144px;\"><\/div><\/div><\/a><p style=\" color:#c9c8cd; font-family:Arial,sans-serif; font-size:14px; line-height:17px; margin-bottom:0; margin-top:8px; overflow:hidden; padding:8px 0 7px; text-align:center; text-overflow:ellipsis; white-space:nowrap;\"><a href=\"https:\/\/www.instagram.com\/reel\/DLlTG2XMd1v\/?utm_source=ig_embed&amp;utm_campaign=loading\" style=\" color:#c9c8cd; font-family:Arial,sans-serif; font-size:14px; font-style:normal; font-weight:normal; line-height:17px; text-decoration:none;\" target=\"_blank\">Um post compartilhado por HENRIQUE ARAUJO (@henriquearaujoofficial)<\/a><\/p><\/div><\/blockquote>\n<script async src=\"\/\/www.instagram.com\/embed.js\"><\/script>\n\n\n\n<h2 class=\"wp-block-heading\">A beleza da franja longa e a liberta\u00e7\u00e3o das fontes de calor<\/h2>\n\n\n\n<p>O grande diferencial do moderno corte franc\u00eas \u00e9 a integra\u00e7\u00e3o inteligente de uma franja longa e desconectada na altura das ma\u00e7\u00e3s do rosto, garantindo um balan\u00e7o irresist\u00edvel. Essa estrutura fluida faz com que o cabelo se acomode sozinho de forma perfeita, dispensando o uso de chapinhas que agridem a fibra capilar e consomem o seu tempo \u00fatil.<\/p>\n\n\n\n<p>Al\u00e9m de preservar a hidrata\u00e7\u00e3o natural e a sa\u00fade dos seus fios a longo prazo, essa praticidade fenomenal traduz o verdadeiro luxo contempor\u00e2neo focado no bem-estar pessoal. \u00c9 a uni\u00e3o exata entre uma est\u00e9tica parisiense sofisticada e o conforto essencial para quem precisa estar sempre linda, disposta e pronta para qualquer compromisso.<\/p>\n\n\n\n<h2 class=\"wp-block-heading\">Qual \u00e9 o momento exato para resgatar o seu brilho no sal\u00e3o<\/h2>\n\n\n\n<p>Adaptar o seu estilo e valorizar a sua ess\u00eancia madura \u00e9 um ato de puro amor-pr\u00f3prio que reverbera positivamente em toda a harmonia do seu lar e na sua for\u00e7a interior. N\u00e3o permita que o estresse dom\u00e9stico, a falta de tempo ou o medo de desapegar do comprimento antigo apaguem a sua vontade de se sentir uma mulher poderosa e renovada.<\/p>\n\n\n\n<p>A sua melhor vers\u00e3o europeia est\u00e1 a um simples corte de dist\u00e2ncia e voc\u00ea n\u00e3o pode adiar mais esse merecido encontro emocionante com a sua pr\u00f3pria autoestima! Pegue o telefone agora mesmo, garanta a sua vaga no sal\u00e3o de beleza e transforme a sua vida hoje com esse midi franc\u00eas espetacular antes que a semana vire e a chance passe!<\/p>\n","protected":false},"excerpt":{"rendered":"<p>O famoso corte borboleta tem muitas varia\u00e7\u00f5es, e uma delas \u00e9 este corte midi franc\u00eas, a solu\u00e7\u00e3o definitiva para aceitar as mudan\u00e7as naturais dos fios com muita praticidade. Essa tend\u00eancia europeia despojada abandona o peso das mechas extralongas para abra\u00e7ar um comprimento m\u00e9dio cheio de charme, ideal para otimizar o seu tempo e economizar no [&hellip;]<\/p>\n","protected":false},"author":11,"featured_media":177810,"comment_status":"open","ping_status":"open","sticky":false,"template":"","format":"standard","meta":{"jnews-multi-image_gallery":[],"jnews_single_post":{"format":"standard"},"jnews_primary_category":[],"jnews_social_meta":[],"jnews_override_counter":[],"footnotes":""},"categories":[8819,1],"tags":[4905,5257,23118,25720,25721],"class_list":["post-177785","post","type-post","status-publish","format-standard","has-post-thumbnail","hentry","category-curiosidades","category-noticias","tag-cabelo","tag-corte","tag-corte-borboleta","tag-corte-midi-frances","tag-rotina-capilar"],"yoast_head":"<!-- This site is optimized with the Yoast SEO plugin v23.8 - https:\/\/yoast.com\/wordpress\/plugins\/seo\/ -->\n<title>O corte de cabelo franc\u00eas\u00a0\u00e9 a grande estrela de 2026 e favorece tanto mulheres de 40 quanto de 60 anos - Estado de Minas - Em foco<\/title>\n<meta name=\"description\" content=\"O corte midi franc\u00eas inspirado no corte borboleta promete volume, leveza e praticidade. Veja por que ele virou tend\u00eancia.\" \/>\n<meta name=\"robots\" content=\"index, follow, max-snippet:-1, max-image-preview:large, max-video-preview:-1\" \/>\n<link rel=\"canonical\" href=\"https:\/\/www.em.com.br\/emfoco\/2026\/03\/07\/o-corte-de-cabelo-frances-e-a-grande-estrela-de-2026-e-favorece-tanto-mulheres-de-40-quanto-de-60-anos\/\" \/>\n<meta property=\"og:locale\" content=\"pt_BR\" \/>\n<meta property=\"og:type\" content=\"article\" \/>\n<meta property=\"og:title\" content=\"O corte de cabelo franc\u00eas\u00a0\u00e9 a grande estrela de 2026 e favorece tanto mulheres de 40 quanto de 60 anos - Estado de Minas - Em foco\" \/>\n<meta property=\"og:description\" content=\"O corte midi franc\u00eas inspirado no corte borboleta promete volume, leveza e praticidade. Veja por que ele virou tend\u00eancia.\" \/>\n<meta property=\"og:url\" content=\"https:\/\/www.em.com.br\/emfoco\/2026\/03\/07\/o-corte-de-cabelo-frances-e-a-grande-estrela-de-2026-e-favorece-tanto-mulheres-de-40-quanto-de-60-anos\/\" \/>\n<meta property=\"og:site_name\" content=\"Estado de Minas - Em foco\" \/>\n<meta property=\"article:published_time\" content=\"2026-03-07T13:25:00+00:00\" \/>\n<meta property=\"article:modified_time\" content=\"2026-03-07T02:13:31+00:00\" \/>\n<meta property=\"og:image\" content=\"https:\/\/www.em.com.br\/emfoco\/wp-content\/uploads\/2026\/03\/Gemini_Generated_Image_o02c3bo02c3bo02c-1.png\" \/>\n\t<meta property=\"og:image:width\" content=\"1280\" \/>\n\t<meta property=\"og:image:height\" content=\"720\" \/>\n\t<meta property=\"og:image:type\" content=\"image\/png\" \/>\n<meta name=\"author\" content=\"Andre\u0301 Rangel\u00a0\" \/>\n<meta name=\"twitter:card\" content=\"summary_large_image\" \/>\n<meta name=\"twitter:label1\" content=\"Escrito por\" \/>\n\t<meta name=\"twitter:data1\" content=\"Andre\u0301 Rangel\u00a0\" \/>\n\t<meta name=\"twitter:label2\" content=\"Est. tempo de leitura\" \/>\n\t<meta name=\"twitter:data2\" content=\"5 minutos\" \/>\n<!-- \/ Yoast SEO plugin. -->","yoast_head_json":{"title":"O corte de cabelo franc\u00eas\u00a0\u00e9 a grande estrela de 2026 e favorece tanto mulheres de 40 quanto de 60 anos - Estado de Minas - Em foco","description":"O corte midi franc\u00eas inspirado no corte borboleta promete volume, leveza e praticidade. Veja por que ele virou tend\u00eancia.","robots":{"index":"index","follow":"follow","max-snippet":"max-snippet:-1","max-image-preview":"max-image-preview:large","max-video-preview":"max-video-preview:-1"},"canonical":"https:\/\/www.em.com.br\/emfoco\/2026\/03\/07\/o-corte-de-cabelo-frances-e-a-grande-estrela-de-2026-e-favorece-tanto-mulheres-de-40-quanto-de-60-anos\/","og_locale":"pt_BR","og_type":"article","og_title":"O corte de cabelo franc\u00eas\u00a0\u00e9 a grande estrela de 2026 e favorece tanto mulheres de 40 quanto de 60 anos - Estado de Minas - Em foco","og_description":"O corte midi franc\u00eas inspirado no corte borboleta promete volume, leveza e praticidade. Veja por que ele virou tend\u00eancia.","og_url":"https:\/\/www.em.com.br\/emfoco\/2026\/03\/07\/o-corte-de-cabelo-frances-e-a-grande-estrela-de-2026-e-favorece-tanto-mulheres-de-40-quanto-de-60-anos\/","og_site_name":"Estado de Minas - Em foco","article_published_time":"2026-03-07T13:25:00+00:00","article_modified_time":"2026-03-07T02:13:31+00:00","og_image":[{"width":1280,"height":720,"url":"https:\/\/www.em.com.br\/emfoco\/wp-content\/uploads\/2026\/03\/Gemini_Generated_Image_o02c3bo02c3bo02c-1.png","type":"image\/png"}],"author":"Andre\u0301 Rangel\u00a0","twitter_card":"summary_large_image","twitter_misc":{"Escrito por":"Andre\u0301 Rangel\u00a0","Est. tempo de leitura":"5 minutos"},"schema":{"@context":"https:\/\/schema.org","@graph":[{"@type":"WebPage","@id":"https:\/\/www.em.com.br\/emfoco\/2026\/03\/07\/o-corte-de-cabelo-frances-e-a-grande-estrela-de-2026-e-favorece-tanto-mulheres-de-40-quanto-de-60-anos\/","url":"https:\/\/www.em.com.br\/emfoco\/2026\/03\/07\/o-corte-de-cabelo-frances-e-a-grande-estrela-de-2026-e-favorece-tanto-mulheres-de-40-quanto-de-60-anos\/","name":"O corte de cabelo franc\u00eas\u00a0\u00e9 a grande estrela de 2026 e favorece tanto mulheres de 40 quanto de 60 anos - Estado de Minas - Em foco","isPartOf":{"@id":"https:\/\/www.em.com.br\/emfoco\/#website"},"primaryImageOfPage":{"@id":"https:\/\/www.em.com.br\/emfoco\/2026\/03\/07\/o-corte-de-cabelo-frances-e-a-grande-estrela-de-2026-e-favorece-tanto-mulheres-de-40-quanto-de-60-anos\/#primaryimage"},"image":{"@id":"https:\/\/www.em.com.br\/emfoco\/2026\/03\/07\/o-corte-de-cabelo-frances-e-a-grande-estrela-de-2026-e-favorece-tanto-mulheres-de-40-quanto-de-60-anos\/#primaryimage"},"thumbnailUrl":"https:\/\/www.em.com.br\/emfoco\/wp-content\/uploads\/2026\/03\/Gemini_Generated_Image_o02c3bo02c3bo02c-1.png","datePublished":"2026-03-07T13:25:00+00:00","dateModified":"2026-03-07T02:13:31+00:00","author":{"@id":"https:\/\/www.em.com.br\/emfoco\/#\/schema\/person\/60eda09c1fedf0d6891f4cef4b60b8b8"},"description":"O corte midi franc\u00eas inspirado no corte borboleta promete volume, leveza e praticidade. Veja por que ele virou tend\u00eancia.","breadcrumb":{"@id":"https:\/\/www.em.com.br\/emfoco\/2026\/03\/07\/o-corte-de-cabelo-frances-e-a-grande-estrela-de-2026-e-favorece-tanto-mulheres-de-40-quanto-de-60-anos\/#breadcrumb"},"inLanguage":"pt-BR","potentialAction":[{"@type":"ReadAction","target":["https:\/\/www.em.com.br\/emfoco\/2026\/03\/07\/o-corte-de-cabelo-frances-e-a-grande-estrela-de-2026-e-favorece-tanto-mulheres-de-40-quanto-de-60-anos\/"]}]},{"@type":"ImageObject","inLanguage":"pt-BR","@id":"https:\/\/www.em.com.br\/emfoco\/2026\/03\/07\/o-corte-de-cabelo-frances-e-a-grande-estrela-de-2026-e-favorece-tanto-mulheres-de-40-quanto-de-60-anos\/#primaryimage","url":"https:\/\/www.em.com.br\/emfoco\/wp-content\/uploads\/2026\/03\/Gemini_Generated_Image_o02c3bo02c3bo02c-1.png","contentUrl":"https:\/\/www.em.com.br\/emfoco\/wp-content\/uploads\/2026\/03\/Gemini_Generated_Image_o02c3bo02c3bo02c-1.png","width":1280,"height":720,"caption":"O corte franc\u00eas inspirado no borboleta que virou febre"},{"@type":"BreadcrumbList","@id":"https:\/\/www.em.com.br\/emfoco\/2026\/03\/07\/o-corte-de-cabelo-frances-e-a-grande-estrela-de-2026-e-favorece-tanto-mulheres-de-40-quanto-de-60-anos\/#breadcrumb","itemListElement":[{"@type":"ListItem","position":1,"name":"In\u00edcio","item":"https:\/\/www.em.com.br\/emfoco\/"},{"@type":"ListItem","position":2,"name":"O corte de cabelo franc\u00eas\u00a0\u00e9 a grande estrela de 2026 e favorece tanto mulheres de 40 quanto de 60 anos"}]},{"@type":"WebSite","@id":"https:\/\/www.em.com.br\/emfoco\/#website","url":"https:\/\/www.em.com.br\/emfoco\/","name":"Estado de Minas - Em foco","description":"Acompanhe as \u00faltimas not\u00edcias e fique bem informado sobre tudo o que acontece em Minas Gerais, Brasil e no mundo.","potentialAction":[{"@type":"SearchAction","target":{"@type":"EntryPoint","urlTemplate":"https:\/\/www.em.com.br\/emfoco\/?s={search_term_string}"},"query-input":{"@type":"PropertyValueSpecification","valueRequired":true,"valueName":"search_term_string"}}],"inLanguage":"pt-BR"},{"@type":"Person","@id":"https:\/\/www.em.com.br\/emfoco\/#\/schema\/person\/60eda09c1fedf0d6891f4cef4b60b8b8","name":"Andre\u0301 Rangel\u00a0","image":{"@type":"ImageObject","inLanguage":"pt-BR","@id":"https:\/\/www.em.com.br\/emfoco\/#\/schema\/person\/image\/","url":"https:\/\/secure.gravatar.com\/avatar\/6234dc814c77c8ef6d8bba622c787efc?s=96&d=mm&r=g","contentUrl":"https:\/\/secure.gravatar.com\/avatar\/6234dc814c77c8ef6d8bba622c787efc?s=96&d=mm&r=g","caption":"Andre\u0301 Rangel\u00a0"},"url":"https:\/\/www.em.com.br\/emfoco\/author\/luizmyth\/"}]}},"_links":{"self":[{"href":"https:\/\/www.em.com.br\/emfoco\/wp-json\/wp\/v2\/posts\/177785","targetHints":{"allow":["GET"]}}],"collection":[{"href":"https:\/\/www.em.com.br\/emfoco\/wp-json\/wp\/v2\/posts"}],"about":[{"href":"https:\/\/www.em.com.br\/emfoco\/wp-json\/wp\/v2\/types\/post"}],"author":[{"embeddable":true,"href":"https:\/\/www.em.com.br\/emfoco\/wp-json\/wp\/v2\/users\/11"}],"replies":[{"embeddable":true,"href":"https:\/\/www.em.com.br\/emfoco\/wp-json\/wp\/v2\/comments?post=177785"}],"version-history":[{"count":3,"href":"https:\/\/www.em.com.br\/emfoco\/wp-json\/wp\/v2\/posts\/177785\/revisions"}],"predecessor-version":[{"id":177814,"href":"https:\/\/www.em.com.br\/emfoco\/wp-json\/wp\/v2\/posts\/177785\/revisions\/177814"}],"wp:featuredmedia":[{"embeddable":true,"href":"https:\/\/www.em.com.br\/emfoco\/wp-json\/wp\/v2\/media\/177810"}],"wp:attachment":[{"href":"https:\/\/www.em.com.br\/emfoco\/wp-json\/wp\/v2\/media?parent=177785"}],"wp:term":[{"taxonomy":"category","embeddable":true,"href":"https:\/\/www.em.com.br\/emfoco\/wp-json\/wp\/v2\/categories?post=177785"},{"taxonomy":"post_tag","embeddable":true,"href":"https:\/\/www.em.com.br\/emfoco\/wp-json\/wp\/v2\/tags?post=177785"}],"curies":[{"name":"wp","href":"https:\/\/api.w.org\/{rel}","templated":true}]}}