{"id":177779,"date":"2026-03-09T10:45:00","date_gmt":"2026-03-09T13:45:00","guid":{"rendered":"https:\/\/www.em.com.br\/emfoco\/?p=177779"},"modified":"2026-03-05T15:04:10","modified_gmt":"2026-03-05T18:04:10","slug":"o-truque-de-2-minutos-no-banho-que-deixa-a-pele-tao-macia-que-muita-gente-repete-toda-semana","status":"publish","type":"post","link":"https:\/\/www.em.com.br\/emfoco\/2026\/03\/09\/o-truque-de-2-minutos-no-banho-que-deixa-a-pele-tao-macia-que-muita-gente-repete-toda-semana\/","title":{"rendered":"O truque de 2 minutos no banho que deixa a pele t\u00e3o macia que muita gente repete toda semana"},"content":{"rendered":"\n<p>A esfolia\u00e7\u00e3o caseira com a\u00e7\u00facar e \u00f3leo de coco virou um truque de beleza popular para renovar a pele de forma simples, barata e personalizada. Quando preparada e aplicada com cuidado, essa mistura ajuda a remover c\u00e9lulas mortas, melhorar a textura e deixar a superf\u00edcie cut\u00e2nea mais uniforme, podendo ser ajustada para diferentes \u00e1reas do corpo e tipos de pele.<\/p>\n\n\n\n<h2 class=\"wp-block-heading\">O que \u00e9 a esfolia\u00e7\u00e3o com a\u00e7\u00facar e \u00f3leo de coco<\/h2>\n\n\n\n<p>A esfolia\u00e7\u00e3o com a\u00e7\u00facar e \u00f3leo de coco usa o a\u00e7\u00facar como agente f\u00edsico para remover c\u00e9lulas mortas e o \u00f3leo de coco como elemento emoliente, que ajuda a hidratar e deixar a pele macia. Em geral, a propor\u00e7\u00e3o mais usada para o corpo \u00e9 de 2 partes de a\u00e7\u00facar para 1 parte de \u00f3leo de coco, formando uma pasta firme e f\u00e1cil de espalhar.<\/p>\n\n\n\n<p>Para um preparo padr\u00e3o de uso corporal, \u00e9 poss\u00edvel adaptar a textura conforme a necessidade, deixando a mistura mais fluida ou densa. Uma medida pr\u00e1tica \u00e9:<\/p>\n\n\n\n<ul class=\"wp-block-list\">\n<li><strong>4 colheres de sopa de a\u00e7\u00facar<\/strong>\u00a0(cristal ou demerara para o corpo);<\/li>\n\n\n\n<li><strong>2 colheres de sopa de \u00f3leo de coco<\/strong>\u00a0em textura l\u00edquida ou pastosa;<\/li>\n\n\n\n<li>Opcional: 3 a 5 gotas de \u00f3leo vegetal suave (como \u00f3leo de semente de uva) para deixar a mistura mais fluida.<\/li>\n<\/ul>\n\n\n\n<figure class=\"wp-block-image size-large\"><img loading=\"lazy\" decoding=\"async\" width=\"1024\" height=\"576\" src=\"https:\/\/www.em.com.br\/emfoco\/wp-content\/uploads\/2026\/03\/1-25-1024x576.jpg\" alt=\"O truque de 2 minutos no banho que deixa a pele t\u00e3o macia que muita gente repete toda semana\" class=\"wp-image-177825\" srcset=\"https:\/\/www.em.com.br\/emfoco\/wp-content\/uploads\/2026\/03\/1-25-1024x576.jpg 1024w, https:\/\/www.em.com.br\/emfoco\/wp-content\/uploads\/2026\/03\/1-25-300x169.jpg 300w, https:\/\/www.em.com.br\/emfoco\/wp-content\/uploads\/2026\/03\/1-25-768x432.jpg 768w, https:\/\/www.em.com.br\/emfoco\/wp-content\/uploads\/2026\/03\/1-25-750x422.jpg 750w, https:\/\/www.em.com.br\/emfoco\/wp-content\/uploads\/2026\/03\/1-25-1140x641.jpg 1140w, https:\/\/www.em.com.br\/emfoco\/wp-content\/uploads\/2026\/03\/1-25.jpg 1280w\" sizes=\"auto, (max-width: 1024px) 100vw, 1024px\" \/><figcaption class=\"wp-element-caption\">Ingredientes simples removem c\u00e9lulas mortas e promovem maciez ao toque corporal<\/figcaption><\/figure>\n\n\n\n<h2 class=\"wp-block-heading\">Como preparar a esfolia\u00e7\u00e3o para corpo e rosto<\/h2>\n\n\n\n<p>Para o rosto, a f\u00f3rmula deve ser mais delicada, com gr\u00e2nulos menores e textura menos abrasiva. Assim, diminui-se o risco de microles\u00f5es e irrita\u00e7\u00f5es, especialmente em peles sens\u00edveis ou com tend\u00eancia \u00e0 vermelhid\u00e3o.<\/p>\n\n\n\n<p>Nesse caso, recomenda-se usar a\u00e7\u00facar mais fino e incluir \u00e1gua ou hidrolatos suaves. Uma sugest\u00e3o de preparo facial \u00e9:<\/p>\n\n\n\n<ul class=\"wp-block-list\">\n<li><strong>2 colheres de ch\u00e1 de a\u00e7\u00facar<\/strong>\u00a0refinado ou mascavo bem fino;<\/li>\n\n\n\n<li><strong>1 colher de ch\u00e1 de \u00f3leo de coco<\/strong>;<\/li>\n\n\n\n<li>Algumas gotas de \u00e1gua filtrada ou hidrolato suave para deixar a textura menos abrasiva.<\/li>\n<\/ul>\n\n\n\n<h2 class=\"wp-block-heading\">Como aplicar o esfoliante no corpo e no rosto<\/h2>\n\n\n\n<p>O modo de uso interfere diretamente no resultado da esfolia\u00e7\u00e3o com a\u00e7\u00facar e <strong><a href=\"https:\/\/www.em.com.br\/emfoco\/2026\/02\/24\/o-segredo-do-oleo-de-coco-no-cabelo-como-recuperar-pontas-espigadas-e-devolver-brilho-ja-na-primeira-aplicacao\/\" target=\"_blank\" rel=\"noreferrer noopener\">\u00f3leo de coco<\/a><\/strong>. A aplica\u00e7\u00e3o deve ser feita sempre sobre a pele limpa e levemente \u00famida, de prefer\u00eancia no banho com \u00e1gua morna, para reduzir o atrito e facilitar a distribui\u00e7\u00e3o do produto.<\/p>\n\n\n\n<p>No corpo, o passo a passo pode seguir esta ordem:<\/p>\n\n\n\n<ol class=\"wp-block-list\">\n<li>Lavar o corpo com sabonete neutro e enxaguar bem.<\/li>\n\n\n\n<li>Com a pele ainda \u00famida, pegar pequenas por\u00e7\u00f5es da mistura nas m\u00e3os.<\/li>\n\n\n\n<li>Aplicar em movimentos circulares suaves, come\u00e7ando pelas pernas e subindo em dire\u00e7\u00e3o ao tronco.<\/li>\n\n\n\n<li>Dar aten\u00e7\u00e3o extra a joelhos, cotovelos e calcanhares, onde a pele tende a ficar mais \u00e1spera.<\/li>\n\n\n\n<li>Evitar esfregar com for\u00e7a para n\u00e3o agredir a barreira cut\u00e2nea.<\/li>\n\n\n\n<li>Enxaguar com \u00e1gua morna at\u00e9 remover todos os gr\u00e2nulos de a\u00e7\u00facar.<\/li>\n\n\n\n<li>Secar a pele com toalha macia, sem fric\u00e7\u00e3o intensa, e aplicar um hidratante leve, se necess\u00e1rio.<\/li>\n<\/ol>\n\n\n\n<p>No rosto, os movimentos devem ser ainda mais suaves, evitando a \u00e1rea dos olhos e regi\u00f5es com acne inflamada. Ap\u00f3s massagear por 30 segundos a 1 minuto, enx\u00e1gue com \u00e1gua fria ou levemente fria e finalize com t\u00f4nico e hidratante adequados ao seu tipo de pele.<\/p>\n\n\n\n<figure class=\"wp-block-image size-large\"><img loading=\"lazy\" decoding=\"async\" width=\"1024\" height=\"576\" src=\"https:\/\/www.em.com.br\/emfoco\/wp-content\/uploads\/2026\/03\/6-19-1024x576.jpg\" alt=\"O truque de 2 minutos no banho que deixa a pele t\u00e3o macia que muita gente repete toda semana\" class=\"wp-image-177830\" srcset=\"https:\/\/www.em.com.br\/emfoco\/wp-content\/uploads\/2026\/03\/6-19-1024x576.jpg 1024w, https:\/\/www.em.com.br\/emfoco\/wp-content\/uploads\/2026\/03\/6-19-300x169.jpg 300w, https:\/\/www.em.com.br\/emfoco\/wp-content\/uploads\/2026\/03\/6-19-768x432.jpg 768w, https:\/\/www.em.com.br\/emfoco\/wp-content\/uploads\/2026\/03\/6-19-750x422.jpg 750w, https:\/\/www.em.com.br\/emfoco\/wp-content\/uploads\/2026\/03\/6-19-1140x641.jpg 1140w, https:\/\/www.em.com.br\/emfoco\/wp-content\/uploads\/2026\/03\/6-19.jpg 1280w\" sizes=\"auto, (max-width: 1024px) 100vw, 1024px\" \/><figcaption class=\"wp-element-caption\">Aplica\u00e7\u00e3o deve ocorrer com movimentos circulares sobre a pele levemente \u00famida<\/figcaption><\/figure>\n\n\n\n<h2 class=\"wp-block-heading\">Qual \u00e9 a frequ\u00eancia ideal e quais resultados esperar<\/h2>\n\n\n\n<p>A frequ\u00eancia de uso varia conforme o tipo de pele, pois o <strong><a href=\"https:\/\/www.sallve.com.br\/blogs\/sallve\/o-que-fazer-quando-a-gente-esfolia-demais-a-pele\" target=\"_blank\" rel=\"noreferrer noopener\">excesso de esfolia\u00e7\u00e3o<\/a><\/strong> pode causar sensibilidade, ressecamento ou at\u00e9 aumento da oleosidade. Sempre fa\u00e7a um teste em pequena \u00e1rea antes de aplicar em regi\u00f5es maiores.<\/p>\n\n\n\n<p>De forma geral, costuma-se orientar:<\/p>\n\n\n\n<ul class=\"wp-block-list\">\n<li><strong>Pele normal:<\/strong>\u00a0corpo 1 a 2 vezes por semana; rosto 1 vez por semana.<\/li>\n\n\n\n<li><strong>Pele seca:<\/strong>\u00a0corpo 1 vez por semana; rosto a cada 10 a 15 dias, com mais \u00f3leo na mistura.<\/li>\n\n\n\n<li><strong>Pele oleosa:<\/strong>\u00a0corpo 1 a 2 vezes por semana; rosto a cada 10 dias, com pouco \u00f3leo de coco e enx\u00e1gue cuidadoso.<\/li>\n\n\n\n<li><strong>Pele sens\u00edvel:<\/strong>\u00a0no m\u00e1ximo 1 vez a cada 15 dias em \u00e1reas menos delicadas; no rosto, apenas com libera\u00e7\u00e3o profissional.<\/li>\n<\/ul>\n\n\n\n<p>Entre os resultados mais comuns est\u00e3o pele mais macia, textura mais uniforme em \u00e1reas \u00e1speras e melhor absor\u00e7\u00e3o de hidratantes ap\u00f3s o banho. Em peles oleosas ou acneicas, o \u00f3leo de coco pode ser comedog\u00eanico, por isso muitas pessoas preferem substituir parte dele por \u00f3leos n\u00e3o comedog\u00eanicos.<\/p>\n\n\n\n<h2 class=\"wp-block-heading\">Quais cuidados extras e ajustes garantem uma esfolia\u00e7\u00e3o segura<\/h2>\n\n\n\n<p>Alguns cuidados simples tornam a esfolia\u00e7\u00e3o com a\u00e7\u00facar e \u00f3leo de coco mais segura, como armazenar a mistura em recipiente limpo, bem fechado e em local seco, preparando quantidades pequenas para evitar contamina\u00e7\u00f5es. Nunca use o esfoliante sobre pele lesionada, queimada de sol, com cortes ou irrita\u00e7\u00f5es vis\u00edveis.<\/p>\n\n\n\n<p>Personalizar a receita com mel, \u00f3leo de am\u00eandoas doces ou hidrolatos suaves pode aumentar a sensa\u00e7\u00e3o de maciez, desde que voc\u00ea observe poss\u00edveis sinais de alergia. Se notar ard\u00eancia intensa, coceira persistente ou vermelhid\u00e3o prolongada, suspenda o uso imediatamente e procure orienta\u00e7\u00e3o profissional. Comece ainda hoje a ajustar sua rotina de cuidados: teste a receita em uma pequena \u00e1rea, observe a rea\u00e7\u00e3o da sua pele e, se estiver tudo bem, inclua essa esfolia\u00e7\u00e3o regularmente para transformar a textura e o brilho da sua pele enquanto h\u00e1 tempo de prevenir danos futuros.<\/p>\n","protected":false},"excerpt":{"rendered":"<p>A esfolia\u00e7\u00e3o caseira com a\u00e7\u00facar e \u00f3leo de coco virou um truque de beleza popular para renovar a pele de forma simples, barata e personalizada. Quando preparada e aplicada com cuidado, essa mistura ajuda a remover c\u00e9lulas mortas, melhorar a textura e deixar a superf\u00edcie cut\u00e2nea mais uniforme, podendo ser ajustada para diferentes \u00e1reas do [&hellip;]<\/p>\n","protected":false},"author":13,"featured_media":177826,"comment_status":"open","ping_status":"open","sticky":false,"template":"","format":"standard","meta":{"jnews-multi-image_gallery":[],"jnews_single_post":{"format":"standard"},"jnews_primary_category":[],"jnews_social_meta":[],"jnews_override_counter":[],"footnotes":""},"categories":[8819],"tags":[712,6394,18318],"class_list":["post-177779","post","type-post","status-publish","format-standard","has-post-thumbnail","hentry","category-curiosidades","tag-autocuidado","tag-cuidado-com-a-pele","tag-esfoliacao-caseira"],"yoast_head":"<!-- This site is optimized with the Yoast SEO plugin v23.8 - https:\/\/yoast.com\/wordpress\/plugins\/seo\/ -->\n<title>O truque de 2 minutos no banho que deixa a pele t\u00e3o macia que muita gente repete toda semana - Estado de Minas - Em foco<\/title>\n<meta name=\"description\" content=\"Algumas pessoas est\u00e3o adotando um pequeno ritual no banho que ajuda a melhorar a textura da pele. Veja qual \u00e9.\" \/>\n<meta name=\"robots\" content=\"index, follow, max-snippet:-1, max-image-preview:large, max-video-preview:-1\" \/>\n<link rel=\"canonical\" href=\"https:\/\/www.em.com.br\/emfoco\/2026\/03\/09\/o-truque-de-2-minutos-no-banho-que-deixa-a-pele-tao-macia-que-muita-gente-repete-toda-semana\/\" \/>\n<meta property=\"og:locale\" content=\"pt_BR\" \/>\n<meta property=\"og:type\" content=\"article\" \/>\n<meta property=\"og:title\" content=\"O truque de 2 minutos no banho que deixa a pele t\u00e3o macia que muita gente repete toda semana - Estado de Minas - Em foco\" \/>\n<meta property=\"og:description\" content=\"Algumas pessoas est\u00e3o adotando um pequeno ritual no banho que ajuda a melhorar a textura da pele. Veja qual \u00e9.\" \/>\n<meta property=\"og:url\" content=\"https:\/\/www.em.com.br\/emfoco\/2026\/03\/09\/o-truque-de-2-minutos-no-banho-que-deixa-a-pele-tao-macia-que-muita-gente-repete-toda-semana\/\" \/>\n<meta property=\"og:site_name\" content=\"Estado de Minas - Em foco\" \/>\n<meta property=\"article:published_time\" content=\"2026-03-09T13:45:00+00:00\" \/>\n<meta property=\"article:modified_time\" content=\"2026-03-05T18:04:10+00:00\" \/>\n<meta property=\"og:image\" content=\"https:\/\/www.em.com.br\/emfoco\/wp-content\/uploads\/2026\/03\/2-22.jpg\" \/>\n\t<meta property=\"og:image:width\" content=\"1280\" \/>\n\t<meta property=\"og:image:height\" content=\"720\" \/>\n\t<meta property=\"og:image:type\" content=\"image\/jpeg\" \/>\n<meta name=\"author\" content=\"Gabriel Martins\" \/>\n<meta name=\"twitter:card\" content=\"summary_large_image\" \/>\n<meta name=\"twitter:label1\" content=\"Escrito por\" \/>\n\t<meta name=\"twitter:data1\" content=\"Gabriel Martins\" \/>\n\t<meta name=\"twitter:label2\" content=\"Est. tempo de leitura\" \/>\n\t<meta name=\"twitter:data2\" content=\"6 minutos\" \/>\n<!-- \/ Yoast SEO plugin. -->","yoast_head_json":{"title":"O truque de 2 minutos no banho que deixa a pele t\u00e3o macia que muita gente repete toda semana - Estado de Minas - Em foco","description":"Algumas pessoas est\u00e3o adotando um pequeno ritual no banho que ajuda a melhorar a textura da pele. Veja qual \u00e9.","robots":{"index":"index","follow":"follow","max-snippet":"max-snippet:-1","max-image-preview":"max-image-preview:large","max-video-preview":"max-video-preview:-1"},"canonical":"https:\/\/www.em.com.br\/emfoco\/2026\/03\/09\/o-truque-de-2-minutos-no-banho-que-deixa-a-pele-tao-macia-que-muita-gente-repete-toda-semana\/","og_locale":"pt_BR","og_type":"article","og_title":"O truque de 2 minutos no banho que deixa a pele t\u00e3o macia que muita gente repete toda semana - Estado de Minas - Em foco","og_description":"Algumas pessoas est\u00e3o adotando um pequeno ritual no banho que ajuda a melhorar a textura da pele. Veja qual \u00e9.","og_url":"https:\/\/www.em.com.br\/emfoco\/2026\/03\/09\/o-truque-de-2-minutos-no-banho-que-deixa-a-pele-tao-macia-que-muita-gente-repete-toda-semana\/","og_site_name":"Estado de Minas - Em foco","article_published_time":"2026-03-09T13:45:00+00:00","article_modified_time":"2026-03-05T18:04:10+00:00","og_image":[{"width":1280,"height":720,"url":"https:\/\/www.em.com.br\/emfoco\/wp-content\/uploads\/2026\/03\/2-22.jpg","type":"image\/jpeg"}],"author":"Gabriel Martins","twitter_card":"summary_large_image","twitter_misc":{"Escrito por":"Gabriel Martins","Est. tempo de leitura":"6 minutos"},"schema":{"@context":"https:\/\/schema.org","@graph":[{"@type":"WebPage","@id":"https:\/\/www.em.com.br\/emfoco\/2026\/03\/09\/o-truque-de-2-minutos-no-banho-que-deixa-a-pele-tao-macia-que-muita-gente-repete-toda-semana\/","url":"https:\/\/www.em.com.br\/emfoco\/2026\/03\/09\/o-truque-de-2-minutos-no-banho-que-deixa-a-pele-tao-macia-que-muita-gente-repete-toda-semana\/","name":"O truque de 2 minutos no banho que deixa a pele t\u00e3o macia que muita gente repete toda semana - Estado de Minas - Em foco","isPartOf":{"@id":"https:\/\/www.em.com.br\/emfoco\/#website"},"primaryImageOfPage":{"@id":"https:\/\/www.em.com.br\/emfoco\/2026\/03\/09\/o-truque-de-2-minutos-no-banho-que-deixa-a-pele-tao-macia-que-muita-gente-repete-toda-semana\/#primaryimage"},"image":{"@id":"https:\/\/www.em.com.br\/emfoco\/2026\/03\/09\/o-truque-de-2-minutos-no-banho-que-deixa-a-pele-tao-macia-que-muita-gente-repete-toda-semana\/#primaryimage"},"thumbnailUrl":"https:\/\/www.em.com.br\/emfoco\/wp-content\/uploads\/2026\/03\/2-22.jpg","datePublished":"2026-03-09T13:45:00+00:00","dateModified":"2026-03-05T18:04:10+00:00","author":{"@id":"https:\/\/www.em.com.br\/emfoco\/#\/schema\/person\/1c9ddeab18b98abeffef834667bcf08a"},"description":"Algumas pessoas est\u00e3o adotando um pequeno ritual no banho que ajuda a melhorar a textura da pele. Veja qual \u00e9.","breadcrumb":{"@id":"https:\/\/www.em.com.br\/emfoco\/2026\/03\/09\/o-truque-de-2-minutos-no-banho-que-deixa-a-pele-tao-macia-que-muita-gente-repete-toda-semana\/#breadcrumb"},"inLanguage":"pt-BR","potentialAction":[{"@type":"ReadAction","target":["https:\/\/www.em.com.br\/emfoco\/2026\/03\/09\/o-truque-de-2-minutos-no-banho-que-deixa-a-pele-tao-macia-que-muita-gente-repete-toda-semana\/"]}]},{"@type":"ImageObject","inLanguage":"pt-BR","@id":"https:\/\/www.em.com.br\/emfoco\/2026\/03\/09\/o-truque-de-2-minutos-no-banho-que-deixa-a-pele-tao-macia-que-muita-gente-repete-toda-semana\/#primaryimage","url":"https:\/\/www.em.com.br\/emfoco\/wp-content\/uploads\/2026\/03\/2-22.jpg","contentUrl":"https:\/\/www.em.com.br\/emfoco\/wp-content\/uploads\/2026\/03\/2-22.jpg","width":1280,"height":720,"caption":"Mistura caseira de a\u00e7\u00facar e \u00f3leo renova a textura da pele"},{"@type":"BreadcrumbList","@id":"https:\/\/www.em.com.br\/emfoco\/2026\/03\/09\/o-truque-de-2-minutos-no-banho-que-deixa-a-pele-tao-macia-que-muita-gente-repete-toda-semana\/#breadcrumb","itemListElement":[{"@type":"ListItem","position":1,"name":"In\u00edcio","item":"https:\/\/www.em.com.br\/emfoco\/"},{"@type":"ListItem","position":2,"name":"O truque de 2 minutos no banho que deixa a pele t\u00e3o macia que muita gente repete toda semana"}]},{"@type":"WebSite","@id":"https:\/\/www.em.com.br\/emfoco\/#website","url":"https:\/\/www.em.com.br\/emfoco\/","name":"Estado de Minas - Em foco","description":"Acompanhe as \u00faltimas not\u00edcias e fique bem informado sobre tudo o que acontece em Minas Gerais, Brasil e no mundo.","potentialAction":[{"@type":"SearchAction","target":{"@type":"EntryPoint","urlTemplate":"https:\/\/www.em.com.br\/emfoco\/?s={search_term_string}"},"query-input":{"@type":"PropertyValueSpecification","valueRequired":true,"valueName":"search_term_string"}}],"inLanguage":"pt-BR"},{"@type":"Person","@id":"https:\/\/www.em.com.br\/emfoco\/#\/schema\/person\/1c9ddeab18b98abeffef834667bcf08a","name":"Gabriel Martins","image":{"@type":"ImageObject","inLanguage":"pt-BR","@id":"https:\/\/www.em.com.br\/emfoco\/#\/schema\/person\/image\/","url":"https:\/\/secure.gravatar.com\/avatar\/f0f1e2efdfd88f1ad2cb08c5c2731e50?s=96&d=mm&r=g","contentUrl":"https:\/\/secure.gravatar.com\/avatar\/f0f1e2efdfd88f1ad2cb08c5c2731e50?s=96&d=mm&r=g","caption":"Gabriel Martins"},"sameAs":["https:\/\/www.em.com.br\/emfoco\/"],"url":"https:\/\/www.em.com.br\/emfoco\/author\/gabrielmartinsmyth\/"}]}},"_links":{"self":[{"href":"https:\/\/www.em.com.br\/emfoco\/wp-json\/wp\/v2\/posts\/177779","targetHints":{"allow":["GET"]}}],"collection":[{"href":"https:\/\/www.em.com.br\/emfoco\/wp-json\/wp\/v2\/posts"}],"about":[{"href":"https:\/\/www.em.com.br\/emfoco\/wp-json\/wp\/v2\/types\/post"}],"author":[{"embeddable":true,"href":"https:\/\/www.em.com.br\/emfoco\/wp-json\/wp\/v2\/users\/13"}],"replies":[{"embeddable":true,"href":"https:\/\/www.em.com.br\/emfoco\/wp-json\/wp\/v2\/comments?post=177779"}],"version-history":[{"count":3,"href":"https:\/\/www.em.com.br\/emfoco\/wp-json\/wp\/v2\/posts\/177779\/revisions"}],"predecessor-version":[{"id":177833,"href":"https:\/\/www.em.com.br\/emfoco\/wp-json\/wp\/v2\/posts\/177779\/revisions\/177833"}],"wp:featuredmedia":[{"embeddable":true,"href":"https:\/\/www.em.com.br\/emfoco\/wp-json\/wp\/v2\/media\/177826"}],"wp:attachment":[{"href":"https:\/\/www.em.com.br\/emfoco\/wp-json\/wp\/v2\/media?parent=177779"}],"wp:term":[{"taxonomy":"category","embeddable":true,"href":"https:\/\/www.em.com.br\/emfoco\/wp-json\/wp\/v2\/categories?post=177779"},{"taxonomy":"post_tag","embeddable":true,"href":"https:\/\/www.em.com.br\/emfoco\/wp-json\/wp\/v2\/tags?post=177779"}],"curies":[{"name":"wp","href":"https:\/\/api.w.org\/{rel}","templated":true}]}}