{"id":177773,"date":"2026-03-09T20:45:00","date_gmt":"2026-03-09T23:45:00","guid":{"rendered":"https:\/\/www.em.com.br\/emfoco\/?p=177773"},"modified":"2026-03-05T14:48:58","modified_gmt":"2026-03-05T17:48:58","slug":"mascaras-faciais-de-tecido-parecem-inofensivas-mas-esse-erro-comum-pode-causar-irritacao-na-pele","status":"publish","type":"post","link":"https:\/\/www.em.com.br\/emfoco\/2026\/03\/09\/mascaras-faciais-de-tecido-parecem-inofensivas-mas-esse-erro-comum-pode-causar-irritacao-na-pele\/","title":{"rendered":"M\u00e1scaras faciais de tecido parecem inofensivas, mas esse erro comum pode causar irrita\u00e7\u00e3o na pele"},"content":{"rendered":"\n<p>As m\u00e1scaras faciais de tecido se tornaram queridinhas nas rotinas de skincare por serem pr\u00e1ticas, r\u00e1pidas e acess\u00edveis, mas o uso sem orienta\u00e7\u00e3o pode causar irrita\u00e7\u00f5es, desconfortos e at\u00e9 prejudicar a sa\u00fade da pele, por isso \u00e9 fundamental entender seus limites, riscos e a melhor forma de inclu\u00ed-las como um complemento \u2013 e n\u00e3o como solu\u00e7\u00e3o milagrosa \u2013 nos cuidados di\u00e1rios.<\/p>\n\n\n\n<h2 class=\"wp-block-heading\">Quais s\u00e3o os riscos das m\u00e1scaras de tecido para a pele<\/h2>\n\n\n\n<p>A sensibilidade cut\u00e2nea \u00e9 um dos principais riscos ligados \u00e0s m\u00e1scaras de tecido. F\u00f3rmulas com fragr\u00e2ncias intensas, conservantes ou extratos muito concentrados podem causar <strong><a href=\"https:\/\/www.em.com.br\/emfoco\/2026\/03\/05\/tratamento-para-cabelos-brancos-usando-apenas-uma-cebola-roxa-fios-com-mais-forca-e-brilho\/\" target=\"_blank\" rel=\"noreferrer noopener\">vermelhid\u00e3o<\/a><\/strong>, ard\u00eancia ou coceira, sobretudo em peles j\u00e1 sensibilizadas por \u00e1cidos, esfoliantes ou procedimentos est\u00e9ticos.<\/p>\n\n\n\n<p>Tamb\u00e9m \u00e9 preciso aten\u00e7\u00e3o ao tempo de contato com o tecido \u00famido, que pode irritar \u00e1reas como laterais do nariz e queixo. M\u00e1scaras importadas, com r\u00f3tulos em outros idiomas, dificultam a leitura da composi\u00e7\u00e3o e aumentam a chance de usar ingredientes incompat\u00edveis com seu tipo de pele ou com tratamentos em andamento.<\/p>\n\n\n\n<figure class=\"wp-block-image size-large\"><img loading=\"lazy\" decoding=\"async\" width=\"1024\" height=\"576\" src=\"https:\/\/www.em.com.br\/emfoco\/wp-content\/uploads\/2026\/03\/11-10-1024x576.jpg\" alt=\"M\u00e1scaras faciais de tecido parecem inofensivas, mas esse erro comum pode causar irrita\u00e7\u00e3o na pele\" class=\"wp-image-177808\" srcset=\"https:\/\/www.em.com.br\/emfoco\/wp-content\/uploads\/2026\/03\/11-10-1024x576.jpg 1024w, https:\/\/www.em.com.br\/emfoco\/wp-content\/uploads\/2026\/03\/11-10-300x169.jpg 300w, https:\/\/www.em.com.br\/emfoco\/wp-content\/uploads\/2026\/03\/11-10-768x432.jpg 768w, https:\/\/www.em.com.br\/emfoco\/wp-content\/uploads\/2026\/03\/11-10-750x422.jpg 750w, https:\/\/www.em.com.br\/emfoco\/wp-content\/uploads\/2026\/03\/11-10-1140x641.jpg 1140w, https:\/\/www.em.com.br\/emfoco\/wp-content\/uploads\/2026\/03\/11-10.jpg 1280w\" sizes=\"auto, (max-width: 1024px) 100vw, 1024px\" \/><figcaption class=\"wp-element-caption\">Ingredientes concentrados podem causar vermelhid\u00e3o e coceira em peles sens\u00edveis<\/figcaption><\/figure>\n\n\n\n<h2 class=\"wp-block-heading\">Como usar m\u00e1scaras de tecido de forma segura e eficiente<\/h2>\n\n\n\n<p>Para minimizar riscos, o rosto deve estar sempre limpo antes da aplica\u00e7\u00e3o, livre de maquiagem, protetor solar, polui\u00e7\u00e3o e suor. Sem essa etapa, os poros podem ser obstru\u00eddos, reduzindo a penetra\u00e7\u00e3o dos ativos e favorecendo o surgimento de cravos e espinhas, especialmente em peles oleosas e acneicas.<\/p>\n\n\n\n<p>Tamb\u00e9m \u00e9 essencial respeitar o tempo de uso indicado na embalagem, pois exceder esse per\u00edodo n\u00e3o aumenta a efic\u00e1cia e ainda pode ressecar a pele, j\u00e1 que o tecido passa a puxar \u00e1gua da superf\u00edcie. O contato com olhos e boca deve ser evitado, pois s\u00e3o regi\u00f5es mais delicadas e propensas \u00e0 irrita\u00e7\u00e3o.<\/p>\n\n\n\n<ul class=\"wp-block-list\">\n<li><strong>Limpar<\/strong>\u00a0o rosto com sabonete adequado ao tipo de pele.<\/li>\n\n\n\n<li><strong>Secar<\/strong>\u00a0suavemente, sem esfregar a toalha.<\/li>\n\n\n\n<li><strong>Ajustar<\/strong>\u00a0a m\u00e1scara alinhando olhos, nariz e boca.<\/li>\n\n\n\n<li><strong>Retirar<\/strong>\u00a0ap\u00f3s o tempo indicado e massagear o excesso de s\u00e9rum.<\/li>\n\n\n\n<li><strong>Finalizar<\/strong>\u00a0com um hidratante compat\u00edvel com a pele.<\/li>\n<\/ul>\n\n\n\n<h2 class=\"wp-block-heading\">Quais cuidados ter com a escolha e a frequ\u00eancia de uso<\/h2>\n\n\n\n<p>As m\u00e1scaras de tecido devem ser escolhidas de acordo com o tipo e o momento da pele, evitando f\u00f3rmulas muito oclusivas em peles oleosas ou acneicas. J\u00e1 as peles secas podem se beneficiar de vers\u00f5es mais hidratantes, desde que n\u00e3o haja irrita\u00e7\u00e3o pr\u00e9via ou uso recente de tratamentos agressivos.<\/p>\n\n\n\n<p>A proced\u00eancia e o <strong><a href=\"https:\/\/www.froedtert.com\/stories\/how-to-wear-face-mask-right-way\" target=\"_blank\" rel=\"noreferrer noopener\">armazenamento <\/a><\/strong>tamb\u00e9m fazem diferen\u00e7a: produtos guardados em lugares muito quentes ou expostos ao sol podem ter o s\u00e9rum alterado e causar rea\u00e7\u00f5es. Ler o r\u00f3tulo, verificar ingredientes e testar em uma pequena \u00e1rea s\u00e3o atitudes simples que reduzem bastante o risco de alergias.<\/p>\n\n\n\n<figure class=\"wp-block-image size-large\"><img loading=\"lazy\" decoding=\"async\" width=\"1024\" height=\"576\" src=\"https:\/\/www.em.com.br\/emfoco\/wp-content\/uploads\/2026\/03\/10-12-1024x576.jpg\" alt=\"M\u00e1scaras faciais de tecido parecem inofensivas, mas esse erro comum pode causar irrita\u00e7\u00e3o na pele\" class=\"wp-image-177807\" srcset=\"https:\/\/www.em.com.br\/emfoco\/wp-content\/uploads\/2026\/03\/10-12-1024x576.jpg 1024w, https:\/\/www.em.com.br\/emfoco\/wp-content\/uploads\/2026\/03\/10-12-300x169.jpg 300w, https:\/\/www.em.com.br\/emfoco\/wp-content\/uploads\/2026\/03\/10-12-768x432.jpg 768w, https:\/\/www.em.com.br\/emfoco\/wp-content\/uploads\/2026\/03\/10-12-750x422.jpg 750w, https:\/\/www.em.com.br\/emfoco\/wp-content\/uploads\/2026\/03\/10-12-1140x641.jpg 1140w, https:\/\/www.em.com.br\/emfoco\/wp-content\/uploads\/2026\/03\/10-12.jpg 1280w\" sizes=\"auto, (max-width: 1024px) 100vw, 1024px\" \/><figcaption class=\"wp-element-caption\">Escolha do produto deve respeitar o tipo de pele de cada pessoa<\/figcaption><\/figure>\n\n\n\n<h2 class=\"wp-block-heading\">Como aproveitar melhor o s\u00e9rum e combinar com a rotina di\u00e1ria<\/h2>\n\n\n\n<p>O s\u00e9rum que sobra na embalagem pode ser aproveitado em regi\u00f5es como pesco\u00e7o e colo, mas sem exageros e sem misturar com muitos outros ativos fortes na mesma aplica\u00e7\u00e3o. Isso ajuda a evitar sobrecarga na barreira cut\u00e2nea e reduz a chance de sensibilidade ou descama\u00e7\u00e3o excessiva.<\/p>\n\n\n\n<p>Para integrar as m\u00e1scaras \u00e0 rotina de skincare, \u00e9 importante encar\u00e1-las como um plus de conforto e hidrata\u00e7\u00e3o, e n\u00e3o como tratamento isolado para manchas, acne ou envelhecimento. A combina\u00e7\u00e3o ideal inclui limpeza, hidrata\u00e7\u00e3o, uso di\u00e1rio de protetor solar e, quando necess\u00e1rio, produtos prescritos por profissionais de sa\u00fade da pele.<\/p>\n\n\n\n<ol class=\"wp-block-list\">\n<li><strong>Ler o r\u00f3tulo<\/strong>: conferir ingredientes, modo de uso e tempo de a\u00e7\u00e3o.<\/li>\n\n\n\n<li><strong>Testar antes<\/strong>: aplicar em pequena \u00e1rea em peles sens\u00edveis.<\/li>\n\n\n\n<li><strong>Evitar<\/strong>\u00a0uso em pele lesionada, com feridas ou muito irritada.<\/li>\n\n\n\n<li><strong>Combinar<\/strong>\u00a0sempre com limpeza, hidrata\u00e7\u00e3o e fotoprote\u00e7\u00e3o di\u00e1ria.<\/li>\n\n\n\n<li><strong>Armazenar<\/strong>\u00a0em local fresco, protegido da luz direta.<\/li>\n<\/ol>\n\n\n\n<h2 class=\"wp-block-heading\">Vale a pena incluir m\u00e1scaras de tecido na rotina de cuidados<\/h2>\n\n\n\n<p>As m\u00e1scaras de tecido podem ser grandes aliadas de hidrata\u00e7\u00e3o e bem-estar, desde que usadas com crit\u00e9rio, aten\u00e7\u00e3o ao r\u00f3tulo e respeito ao limite da pele. Elas funcionam melhor como complemento a uma rotina bem estruturada do que como promessa de solu\u00e7\u00e3o r\u00e1pida para todos os problemas.<\/p>\n\n\n\n<p>Se voc\u00ea quer resultados reais e seguros, n\u00e3o espere mais: observe as rea\u00e7\u00f5es da sua pele, ajuste o uso imediatamente diante de qualquer sinal de irrita\u00e7\u00e3o e busque orienta\u00e7\u00e3o profissional para personalizar sua rotina. Comece hoje a usar suas m\u00e1scaras de tecido de forma consciente e respons\u00e1vel, antes que pequenos erros se tornem grandes problemas.<\/p>\n","protected":false},"excerpt":{"rendered":"<p>As m\u00e1scaras faciais de tecido se tornaram queridinhas nas rotinas de skincare por serem pr\u00e1ticas, r\u00e1pidas e acess\u00edveis, mas o uso sem orienta\u00e7\u00e3o pode causar irrita\u00e7\u00f5es, desconfortos e at\u00e9 prejudicar a sa\u00fade da pele, por isso \u00e9 fundamental entender seus limites, riscos e a melhor forma de inclu\u00ed-las como um complemento \u2013 e n\u00e3o como [&hellip;]<\/p>\n","protected":false},"author":13,"featured_media":177809,"comment_status":"open","ping_status":"open","sticky":false,"template":"","format":"standard","meta":{"jnews-multi-image_gallery":[],"jnews_single_post":{"format":"standard"},"jnews_primary_category":[],"jnews_social_meta":[],"jnews_override_counter":[],"footnotes":""},"categories":[8819],"tags":[712,11280,4948],"class_list":["post-177773","post","type-post","status-publish","format-standard","has-post-thumbnail","hentry","category-curiosidades","tag-autocuidado","tag-mascara-facial","tag-skincare"],"yoast_head":"<!-- This site is optimized with the Yoast SEO plugin v23.8 - https:\/\/yoast.com\/wordpress\/plugins\/seo\/ -->\n<title>M\u00e1scaras faciais de tecido parecem inofensivas, mas esse erro comum pode causar irrita\u00e7\u00e3o na pele - Estado de Minas - Em foco<\/title>\n<meta name=\"description\" content=\"M\u00e1scaras faciais de tecido s\u00e3o populares no skincare, mas o uso errado pode irritar a pele. Veja erros comuns e como usar com seguran\u00e7a.\" \/>\n<meta name=\"robots\" content=\"index, follow, max-snippet:-1, max-image-preview:large, max-video-preview:-1\" \/>\n<link rel=\"canonical\" href=\"https:\/\/www.em.com.br\/emfoco\/2026\/03\/09\/mascaras-faciais-de-tecido-parecem-inofensivas-mas-esse-erro-comum-pode-causar-irritacao-na-pele\/\" \/>\n<meta property=\"og:locale\" content=\"pt_BR\" \/>\n<meta property=\"og:type\" content=\"article\" \/>\n<meta property=\"og:title\" content=\"M\u00e1scaras faciais de tecido parecem inofensivas, mas esse erro comum pode causar irrita\u00e7\u00e3o na pele - Estado de Minas - Em foco\" \/>\n<meta property=\"og:description\" content=\"M\u00e1scaras faciais de tecido s\u00e3o populares no skincare, mas o uso errado pode irritar a pele. Veja erros comuns e como usar com seguran\u00e7a.\" \/>\n<meta property=\"og:url\" content=\"https:\/\/www.em.com.br\/emfoco\/2026\/03\/09\/mascaras-faciais-de-tecido-parecem-inofensivas-mas-esse-erro-comum-pode-causar-irritacao-na-pele\/\" \/>\n<meta property=\"og:site_name\" content=\"Estado de Minas - Em foco\" \/>\n<meta property=\"article:published_time\" content=\"2026-03-09T23:45:00+00:00\" \/>\n<meta property=\"article:modified_time\" content=\"2026-03-05T17:48:58+00:00\" \/>\n<meta property=\"og:image\" content=\"https:\/\/www.em.com.br\/emfoco\/wp-content\/uploads\/2026\/03\/12-6.jpg\" \/>\n\t<meta property=\"og:image:width\" content=\"1280\" \/>\n\t<meta property=\"og:image:height\" content=\"720\" \/>\n\t<meta property=\"og:image:type\" content=\"image\/jpeg\" \/>\n<meta name=\"author\" content=\"Gabriel Martins\" \/>\n<meta name=\"twitter:card\" content=\"summary_large_image\" \/>\n<meta name=\"twitter:label1\" content=\"Escrito por\" \/>\n\t<meta name=\"twitter:data1\" content=\"Gabriel Martins\" \/>\n\t<meta name=\"twitter:label2\" content=\"Est. tempo de leitura\" \/>\n\t<meta name=\"twitter:data2\" content=\"5 minutos\" \/>\n<!-- \/ Yoast SEO plugin. -->","yoast_head_json":{"title":"M\u00e1scaras faciais de tecido parecem inofensivas, mas esse erro comum pode causar irrita\u00e7\u00e3o na pele - Estado de Minas - Em foco","description":"M\u00e1scaras faciais de tecido s\u00e3o populares no skincare, mas o uso errado pode irritar a pele. Veja erros comuns e como usar com seguran\u00e7a.","robots":{"index":"index","follow":"follow","max-snippet":"max-snippet:-1","max-image-preview":"max-image-preview:large","max-video-preview":"max-video-preview:-1"},"canonical":"https:\/\/www.em.com.br\/emfoco\/2026\/03\/09\/mascaras-faciais-de-tecido-parecem-inofensivas-mas-esse-erro-comum-pode-causar-irritacao-na-pele\/","og_locale":"pt_BR","og_type":"article","og_title":"M\u00e1scaras faciais de tecido parecem inofensivas, mas esse erro comum pode causar irrita\u00e7\u00e3o na pele - Estado de Minas - Em foco","og_description":"M\u00e1scaras faciais de tecido s\u00e3o populares no skincare, mas o uso errado pode irritar a pele. Veja erros comuns e como usar com seguran\u00e7a.","og_url":"https:\/\/www.em.com.br\/emfoco\/2026\/03\/09\/mascaras-faciais-de-tecido-parecem-inofensivas-mas-esse-erro-comum-pode-causar-irritacao-na-pele\/","og_site_name":"Estado de Minas - Em foco","article_published_time":"2026-03-09T23:45:00+00:00","article_modified_time":"2026-03-05T17:48:58+00:00","og_image":[{"width":1280,"height":720,"url":"https:\/\/www.em.com.br\/emfoco\/wp-content\/uploads\/2026\/03\/12-6.jpg","type":"image\/jpeg"}],"author":"Gabriel Martins","twitter_card":"summary_large_image","twitter_misc":{"Escrito por":"Gabriel Martins","Est. tempo de leitura":"5 minutos"},"schema":{"@context":"https:\/\/schema.org","@graph":[{"@type":"WebPage","@id":"https:\/\/www.em.com.br\/emfoco\/2026\/03\/09\/mascaras-faciais-de-tecido-parecem-inofensivas-mas-esse-erro-comum-pode-causar-irritacao-na-pele\/","url":"https:\/\/www.em.com.br\/emfoco\/2026\/03\/09\/mascaras-faciais-de-tecido-parecem-inofensivas-mas-esse-erro-comum-pode-causar-irritacao-na-pele\/","name":"M\u00e1scaras faciais de tecido parecem inofensivas, mas esse erro comum pode causar irrita\u00e7\u00e3o na pele - Estado de Minas - Em foco","isPartOf":{"@id":"https:\/\/www.em.com.br\/emfoco\/#website"},"primaryImageOfPage":{"@id":"https:\/\/www.em.com.br\/emfoco\/2026\/03\/09\/mascaras-faciais-de-tecido-parecem-inofensivas-mas-esse-erro-comum-pode-causar-irritacao-na-pele\/#primaryimage"},"image":{"@id":"https:\/\/www.em.com.br\/emfoco\/2026\/03\/09\/mascaras-faciais-de-tecido-parecem-inofensivas-mas-esse-erro-comum-pode-causar-irritacao-na-pele\/#primaryimage"},"thumbnailUrl":"https:\/\/www.em.com.br\/emfoco\/wp-content\/uploads\/2026\/03\/12-6.jpg","datePublished":"2026-03-09T23:45:00+00:00","dateModified":"2026-03-05T17:48:58+00:00","author":{"@id":"https:\/\/www.em.com.br\/emfoco\/#\/schema\/person\/1c9ddeab18b98abeffef834667bcf08a"},"description":"M\u00e1scaras faciais de tecido s\u00e3o populares no skincare, mas o uso errado pode irritar a pele. Veja erros comuns e como usar com seguran\u00e7a.","breadcrumb":{"@id":"https:\/\/www.em.com.br\/emfoco\/2026\/03\/09\/mascaras-faciais-de-tecido-parecem-inofensivas-mas-esse-erro-comum-pode-causar-irritacao-na-pele\/#breadcrumb"},"inLanguage":"pt-BR","potentialAction":[{"@type":"ReadAction","target":["https:\/\/www.em.com.br\/emfoco\/2026\/03\/09\/mascaras-faciais-de-tecido-parecem-inofensivas-mas-esse-erro-comum-pode-causar-irritacao-na-pele\/"]}]},{"@type":"ImageObject","inLanguage":"pt-BR","@id":"https:\/\/www.em.com.br\/emfoco\/2026\/03\/09\/mascaras-faciais-de-tecido-parecem-inofensivas-mas-esse-erro-comum-pode-causar-irritacao-na-pele\/#primaryimage","url":"https:\/\/www.em.com.br\/emfoco\/wp-content\/uploads\/2026\/03\/12-6.jpg","contentUrl":"https:\/\/www.em.com.br\/emfoco\/wp-content\/uploads\/2026\/03\/12-6.jpg","width":1280,"height":720,"caption":"M\u00e1scaras de tecido exigem uso consciente para evitar irrita\u00e7\u00f5es na pele"},{"@type":"BreadcrumbList","@id":"https:\/\/www.em.com.br\/emfoco\/2026\/03\/09\/mascaras-faciais-de-tecido-parecem-inofensivas-mas-esse-erro-comum-pode-causar-irritacao-na-pele\/#breadcrumb","itemListElement":[{"@type":"ListItem","position":1,"name":"In\u00edcio","item":"https:\/\/www.em.com.br\/emfoco\/"},{"@type":"ListItem","position":2,"name":"M\u00e1scaras faciais de tecido parecem inofensivas, mas esse erro comum pode causar irrita\u00e7\u00e3o na pele"}]},{"@type":"WebSite","@id":"https:\/\/www.em.com.br\/emfoco\/#website","url":"https:\/\/www.em.com.br\/emfoco\/","name":"Estado de Minas - Em foco","description":"Acompanhe as \u00faltimas not\u00edcias e fique bem informado sobre tudo o que acontece em Minas Gerais, Brasil e no mundo.","potentialAction":[{"@type":"SearchAction","target":{"@type":"EntryPoint","urlTemplate":"https:\/\/www.em.com.br\/emfoco\/?s={search_term_string}"},"query-input":{"@type":"PropertyValueSpecification","valueRequired":true,"valueName":"search_term_string"}}],"inLanguage":"pt-BR"},{"@type":"Person","@id":"https:\/\/www.em.com.br\/emfoco\/#\/schema\/person\/1c9ddeab18b98abeffef834667bcf08a","name":"Gabriel Martins","image":{"@type":"ImageObject","inLanguage":"pt-BR","@id":"https:\/\/www.em.com.br\/emfoco\/#\/schema\/person\/image\/","url":"https:\/\/secure.gravatar.com\/avatar\/f0f1e2efdfd88f1ad2cb08c5c2731e50?s=96&d=mm&r=g","contentUrl":"https:\/\/secure.gravatar.com\/avatar\/f0f1e2efdfd88f1ad2cb08c5c2731e50?s=96&d=mm&r=g","caption":"Gabriel Martins"},"sameAs":["https:\/\/www.em.com.br\/emfoco\/"],"url":"https:\/\/www.em.com.br\/emfoco\/author\/gabrielmartinsmyth\/"}]}},"_links":{"self":[{"href":"https:\/\/www.em.com.br\/emfoco\/wp-json\/wp\/v2\/posts\/177773","targetHints":{"allow":["GET"]}}],"collection":[{"href":"https:\/\/www.em.com.br\/emfoco\/wp-json\/wp\/v2\/posts"}],"about":[{"href":"https:\/\/www.em.com.br\/emfoco\/wp-json\/wp\/v2\/types\/post"}],"author":[{"embeddable":true,"href":"https:\/\/www.em.com.br\/emfoco\/wp-json\/wp\/v2\/users\/13"}],"replies":[{"embeddable":true,"href":"https:\/\/www.em.com.br\/emfoco\/wp-json\/wp\/v2\/comments?post=177773"}],"version-history":[{"count":1,"href":"https:\/\/www.em.com.br\/emfoco\/wp-json\/wp\/v2\/posts\/177773\/revisions"}],"predecessor-version":[{"id":177812,"href":"https:\/\/www.em.com.br\/emfoco\/wp-json\/wp\/v2\/posts\/177773\/revisions\/177812"}],"wp:featuredmedia":[{"embeddable":true,"href":"https:\/\/www.em.com.br\/emfoco\/wp-json\/wp\/v2\/media\/177809"}],"wp:attachment":[{"href":"https:\/\/www.em.com.br\/emfoco\/wp-json\/wp\/v2\/media?parent=177773"}],"wp:term":[{"taxonomy":"category","embeddable":true,"href":"https:\/\/www.em.com.br\/emfoco\/wp-json\/wp\/v2\/categories?post=177773"},{"taxonomy":"post_tag","embeddable":true,"href":"https:\/\/www.em.com.br\/emfoco\/wp-json\/wp\/v2\/tags?post=177773"}],"curies":[{"name":"wp","href":"https:\/\/api.w.org\/{rel}","templated":true}]}}