{"id":177719,"date":"2026-03-09T17:35:00","date_gmt":"2026-03-09T20:35:00","guid":{"rendered":"https:\/\/www.em.com.br\/emfoco\/?p=177719"},"modified":"2026-03-05T13:50:34","modified_gmt":"2026-03-05T16:50:34","slug":"saiba-como-comecar-um-cantinho-de-chas-em-casa-com-5-plantas-medicinais-faceis-de-cultivar","status":"publish","type":"post","link":"https:\/\/www.em.com.br\/emfoco\/2026\/03\/09\/saiba-como-comecar-um-cantinho-de-chas-em-casa-com-5-plantas-medicinais-faceis-de-cultivar\/","title":{"rendered":"Saiba como come\u00e7ar um cantinho de ch\u00e1s em casa com 5 plantas medicinais f\u00e1ceis de cultivar"},"content":{"rendered":"\n<p>Ter plantas medicinais em casa se tornou um h\u00e1bito cada vez mais comum, especialmente entre quem busca alternativas simples e naturais para aliviar pequenos desconfortos, criar um cantinho verde em espa\u00e7os pequenos e viver uma rotina mais leve, cheirosa e organizada, sem abrir m\u00e3o do cuidado respons\u00e1vel com a sa\u00fade.<\/p>\n\n\n\n<h2 class=\"wp-block-heading\">Por que vale a pena cultivar um cantinho de ch\u00e1s naturais em casa<\/h2>\n\n\n\n<p>Manter&nbsp;<strong>plantas medicinais em casa<\/strong>&nbsp;garante folhas frescas para ch\u00e1s r\u00e1pidos, principalmente diante de inc\u00f4modos digestivos leves ou momentos de tens\u00e3o. Em vez de depender s\u00f3 de produtos industrializados, muitas pessoas recorrem ao pr\u00f3prio vaso na varanda para preparar uma infus\u00e3o simples e bem dosada, refor\u00e7ando o autocuidado sem substituir orienta\u00e7\u00f5es m\u00e9dicas.<\/p>\n\n\n\n<p>Tamb\u00e9m h\u00e1 benef\u00edcios financeiros e de conhecimento: um \u00fanico vaso de hortel\u00e3 ou capim-cidreira, bem cuidado, rende v\u00e1rias colheitas ao longo do ano. Ao acompanhar o crescimento das plantas, voc\u00ea aprende a reconhecer aromas, texturas e particularidades de cada esp\u00e9cie, usando as ervas de forma mais consciente em noites agitadas, resfriados sazonais e sensa\u00e7\u00e3o de est\u00f4mago pesado.<\/p>\n\n\n\n<figure class=\"wp-block-image size-large\"><img loading=\"lazy\" decoding=\"async\" width=\"1024\" height=\"576\" src=\"https:\/\/www.em.com.br\/emfoco\/wp-content\/uploads\/2026\/03\/4-19-1024x576.jpg\" alt=\"Saiba como come\u00e7ar um cantinho de ch\u00e1s em casa com 5 plantas medicinais f\u00e1ceis de cultivar\" class=\"wp-image-177738\" srcset=\"https:\/\/www.em.com.br\/emfoco\/wp-content\/uploads\/2026\/03\/4-19-1024x576.jpg 1024w, https:\/\/www.em.com.br\/emfoco\/wp-content\/uploads\/2026\/03\/4-19-300x169.jpg 300w, https:\/\/www.em.com.br\/emfoco\/wp-content\/uploads\/2026\/03\/4-19-768x432.jpg 768w, https:\/\/www.em.com.br\/emfoco\/wp-content\/uploads\/2026\/03\/4-19-750x422.jpg 750w, https:\/\/www.em.com.br\/emfoco\/wp-content\/uploads\/2026\/03\/4-19-1140x641.jpg 1140w, https:\/\/www.em.com.br\/emfoco\/wp-content\/uploads\/2026\/03\/4-19.jpg 1280w\" sizes=\"auto, (max-width: 1024px) 100vw, 1024px\" \/><figcaption class=\"wp-element-caption\">Cantinho verde proporciona al\u00edvio natural para desconfortos leves do dia a dia<\/figcaption><\/figure>\n\n\n\n<h2 class=\"wp-block-heading\">Quais ervas medicinais s\u00e3o mais f\u00e1ceis de come\u00e7ar a cultivar<\/h2>\n\n\n\n<p>Para montar um pequeno jardim de\u00a0<strong>ervas medicinais em casa<\/strong>, vale come\u00e7ar por esp\u00e9cies <strong><a href=\"https:\/\/www.em.com.br\/emfoco\/2026\/02\/24\/plantas-que-nao-morrem-facilmente-7-opcoes-resistentes-e-faceis-de-cuidar\/\" target=\"_blank\" rel=\"noreferrer noopener\">resistentes <\/a><\/strong>e adapt\u00e1veis a vasos. Elas se desenvolvem bem em varandas, janelas e cozinhas, desde que recebam boa ilumina\u00e7\u00e3o e manejo simples no dia a dia, mesmo em apartamentos pequenos.<\/p>\n\n\n\n<p>Entre as op\u00e7\u00f5es mais indicadas para iniciantes, estas costumam ter crescimento vigoroso e usos medicinais e culin\u00e1rios variados:<\/p>\n\n\n\n<ul class=\"wp-block-list\">\n<li><strong>Alecrim:<\/strong>\u00a0associado ao apoio digestivo leve e ao uso culin\u00e1rio, gosta de sol direto e solo bem drenado, tolerando breves per\u00edodos sem rega.<\/li>\n\n\n\n<li><strong>Boldo:<\/strong>\u00a0tradicionalmente usado em desconfortos digestivos leves, precisa de bastante luz e deve ser irrigado apenas quando o solo estiver seco ao toque.<\/li>\n\n\n\n<li><strong>Capim-cidreira (capim-santo ou capim-lim\u00e3o):<\/strong>\u00a0conhecido pelo potencial calmante, prefere sol pleno e regas moderadas, sem encharcar o substrato.<\/li>\n\n\n\n<li><strong>Hortel\u00e3:<\/strong>\u00a0muito usada em infus\u00f5es para auxiliar respira\u00e7\u00e3o e digest\u00e3o, gosta de solo \u00famido, por\u00e9m bem drenado, em locais iluminados.<\/li>\n\n\n\n<li><strong>Ora-pro-n\u00f3bis:<\/strong>\u00a0rica em fibras e minerais, pode ser consumida em preparos culin\u00e1rios diversos e se adapta a vasos maiores, com boa incid\u00eancia de luz.<\/li>\n<\/ul>\n\n\n\n<h2 class=\"wp-block-heading\">Como cuidar das plantas medicinais no dia a dia<\/h2>\n\n\n\n<p>Para que as&nbsp;<strong>plantas medicinais em casa<\/strong>&nbsp;se mantenham produtivas, a escolha do vaso e do substrato \u00e9 essencial. Vasos com furos de drenagem evitam o ac\u00famulo de \u00e1gua e protegem as ra\u00edzes, especialmente quando recebem, no fundo, uma camada de brita, cacos de cer\u00e2mica ou argila expandida para favorecer o escoamento.<\/p>\n\n\n\n<p>O solo ideal \u00e9 leve, f\u00e9rtil e bem aerado, geralmente composto por terra vegetal, composto org\u00e2nico e areia grossa. A rega deve ser feita pela manh\u00e3 ou no fim da tarde, sempre observando se o substrato ainda est\u00e1 \u00famido para evitar fungos. Aduba\u00e7\u00f5es a cada 20 a 40 dias, com fertilizantes espec\u00edficos para hortas, mant\u00eam as plantas vigorosas sem excesso de nutrientes.<\/p>\n\n\n\n<p>Confira o v\u00eddeo compartilhado pelo canal do YouTube <strong><a href=\"https:\/\/www.youtube.com\/@SpagnholPlantas1\" target=\"_blank\" rel=\"noreferrer noopener\">Spagnhol Plantas<\/a><\/strong> dando dicas de 5 plantas medicinais f\u00e1ceis de se cultivar em casa.<\/p>\n\n\n\n<figure class=\"wp-block-embed is-type-video is-provider-youtube wp-block-embed-youtube wp-embed-aspect-16-9 wp-has-aspect-ratio\"><div class=\"wp-block-embed__wrapper\">\n<div class=\"jeg_video_container jeg_video_content\"><iframe loading=\"lazy\" title=\"5 Plantas Medicinais Que Voc\u00ea Precisa Ter em Casa F\u00e1ceis de Cultivar!\" width=\"500\" height=\"281\" src=\"https:\/\/www.youtube.com\/embed\/Y5K5eNlhMJs?feature=oembed\" frameborder=\"0\" allow=\"accelerometer; autoplay; clipboard-write; encrypted-media; gyroscope; picture-in-picture; web-share\" referrerpolicy=\"strict-origin-when-cross-origin\" allowfullscreen><\/iframe><\/div>\n<\/div><\/figure>\n\n\n\n<h2 class=\"wp-block-heading\">Como colher e usar as ervas medicinais com seguran\u00e7a<\/h2>\n\n\n\n<p>A colheita das&nbsp;<strong>ervas medicinais<\/strong>&nbsp;deve ser gradual, retirando apenas parte das folhas e preservando a estrutura da planta. Use tesoura limpa para cortar os ramos acima de um n\u00f3, estimulando novos brotos, de prefer\u00eancia no in\u00edcio da manh\u00e3, quando as folhas est\u00e3o mais firmes e arom\u00e1ticas.<\/p>\n\n\n\n<p>Para preparar ch\u00e1s naturais com seguran\u00e7a, siga um passo a passo simples, mantendo a infus\u00e3o em concentra\u00e7\u00f5es moderadas e com aten\u00e7\u00e3o especial em casos de uso frequente ou em pessoas com condi\u00e7\u00f5es de sa\u00fade espec\u00edficas:<\/p>\n\n\n\n<ol class=\"wp-block-list\">\n<li>Lavar rapidamente as folhas em \u00e1gua corrente.<\/li>\n\n\n\n<li>Ferver a \u00e1gua separadamente e desligar o fogo.<\/li>\n\n\n\n<li>Adicionar as ervas, tampar o recipiente e aguardar o tempo de infus\u00e3o recomendado.<\/li>\n\n\n\n<li>Coar antes de consumir, evitando res\u00edduos vegetais na x\u00edcara.<\/li>\n<\/ol>\n\n\n\n<h2 class=\"wp-block-heading\">Como transformar seu cultivo medicinal em um h\u00e1bito di\u00e1rio de autocuidado<\/h2>\n\n\n\n<p>Com alguns vasos bem posicionados, regas regulares e aten\u00e7\u00e3o \u00e0 luz, o cultivo de plantas medicinais em casa se torna um h\u00e1bito simples e prazeroso, integrando ch\u00e1s naturais \u00e0 rotina sem abrir m\u00e3o do acompanhamento profissional quando necess\u00e1rio. Esse pequeno jardim funcional aproxima voc\u00ea dos ciclos da natureza e ajuda a perceber com mais clareza as necessidades do pr\u00f3prio corpo.<\/p>\n\n\n\n<p>N\u00e3o adie esse cuidado: comece hoje com duas ou tr\u00eas ervas f\u00e1ceis, como hortel\u00e3, alecrim e capim-cidreira, e sinta na pr\u00e1tica a diferen\u00e7a de ter ch\u00e1s frescos sempre \u00e0 m\u00e3o. Monte seu cantinho verde agora, experimente suas primeiras infus\u00f5es e d\u00ea o primeiro passo para uma rotina mais consciente, equilibrada e conectada com voc\u00ea mesmo.<\/p>\n","protected":false},"excerpt":{"rendered":"<p>Ter plantas medicinais em casa se tornou um h\u00e1bito cada vez mais comum, especialmente entre quem busca alternativas simples e naturais para aliviar pequenos desconfortos, criar um cantinho verde em espa\u00e7os pequenos e viver uma rotina mais leve, cheirosa e organizada, sem abrir m\u00e3o do cuidado respons\u00e1vel com a sa\u00fade. Por que vale a pena [&hellip;]<\/p>\n","protected":false},"author":13,"featured_media":177739,"comment_status":"open","ping_status":"open","sticky":false,"template":"","format":"standard","meta":{"jnews-multi-image_gallery":[],"jnews_single_post":{"format":"standard"},"jnews_primary_category":[],"jnews_social_meta":[],"jnews_override_counter":[],"footnotes":""},"categories":[8819],"tags":[7989,3358,5508],"class_list":["post-177719","post","type-post","status-publish","format-standard","has-post-thumbnail","hentry","category-curiosidades","tag-ervas-medicinais","tag-jardinagem","tag-plantas-medicinais"],"yoast_head":"<!-- This site is optimized with the Yoast SEO plugin v23.8 - https:\/\/yoast.com\/wordpress\/plugins\/seo\/ -->\n<title>Saiba como come\u00e7ar um cantinho de ch\u00e1s em casa com 5 plantas medicinais f\u00e1ceis de cultivar - Estado de Minas - Em foco<\/title>\n<meta name=\"description\" content=\"Veja 5 plantas medicinais f\u00e1ceis de cultivar em vasos e tenha folhas frescas para ch\u00e1s naturais em casa com cuidados simples no dia a dia.\" \/>\n<meta name=\"robots\" content=\"index, follow, max-snippet:-1, max-image-preview:large, max-video-preview:-1\" \/>\n<link rel=\"canonical\" href=\"https:\/\/www.em.com.br\/emfoco\/2026\/03\/09\/saiba-como-comecar-um-cantinho-de-chas-em-casa-com-5-plantas-medicinais-faceis-de-cultivar\/\" \/>\n<meta property=\"og:locale\" content=\"pt_BR\" \/>\n<meta property=\"og:type\" content=\"article\" \/>\n<meta property=\"og:title\" content=\"Saiba como come\u00e7ar um cantinho de ch\u00e1s em casa com 5 plantas medicinais f\u00e1ceis de cultivar - Estado de Minas - Em foco\" \/>\n<meta property=\"og:description\" content=\"Veja 5 plantas medicinais f\u00e1ceis de cultivar em vasos e tenha folhas frescas para ch\u00e1s naturais em casa com cuidados simples no dia a dia.\" \/>\n<meta property=\"og:url\" content=\"https:\/\/www.em.com.br\/emfoco\/2026\/03\/09\/saiba-como-comecar-um-cantinho-de-chas-em-casa-com-5-plantas-medicinais-faceis-de-cultivar\/\" \/>\n<meta property=\"og:site_name\" content=\"Estado de Minas - Em foco\" \/>\n<meta property=\"article:published_time\" content=\"2026-03-09T20:35:00+00:00\" \/>\n<meta property=\"article:modified_time\" content=\"2026-03-05T16:50:34+00:00\" \/>\n<meta property=\"og:image\" content=\"https:\/\/www.em.com.br\/emfoco\/wp-content\/uploads\/2026\/03\/5-18.jpg\" \/>\n\t<meta property=\"og:image:width\" content=\"1280\" \/>\n\t<meta property=\"og:image:height\" content=\"720\" \/>\n\t<meta property=\"og:image:type\" content=\"image\/jpeg\" \/>\n<meta name=\"author\" content=\"Gabriel Martins\" \/>\n<meta name=\"twitter:card\" content=\"summary_large_image\" \/>\n<meta name=\"twitter:label1\" content=\"Escrito por\" \/>\n\t<meta name=\"twitter:data1\" content=\"Gabriel Martins\" \/>\n\t<meta name=\"twitter:label2\" content=\"Est. tempo de leitura\" \/>\n\t<meta name=\"twitter:data2\" content=\"5 minutos\" \/>\n<!-- \/ Yoast SEO plugin. -->","yoast_head_json":{"title":"Saiba como come\u00e7ar um cantinho de ch\u00e1s em casa com 5 plantas medicinais f\u00e1ceis de cultivar - Estado de Minas - Em foco","description":"Veja 5 plantas medicinais f\u00e1ceis de cultivar em vasos e tenha folhas frescas para ch\u00e1s naturais em casa com cuidados simples no dia a dia.","robots":{"index":"index","follow":"follow","max-snippet":"max-snippet:-1","max-image-preview":"max-image-preview:large","max-video-preview":"max-video-preview:-1"},"canonical":"https:\/\/www.em.com.br\/emfoco\/2026\/03\/09\/saiba-como-comecar-um-cantinho-de-chas-em-casa-com-5-plantas-medicinais-faceis-de-cultivar\/","og_locale":"pt_BR","og_type":"article","og_title":"Saiba como come\u00e7ar um cantinho de ch\u00e1s em casa com 5 plantas medicinais f\u00e1ceis de cultivar - Estado de Minas - Em foco","og_description":"Veja 5 plantas medicinais f\u00e1ceis de cultivar em vasos e tenha folhas frescas para ch\u00e1s naturais em casa com cuidados simples no dia a dia.","og_url":"https:\/\/www.em.com.br\/emfoco\/2026\/03\/09\/saiba-como-comecar-um-cantinho-de-chas-em-casa-com-5-plantas-medicinais-faceis-de-cultivar\/","og_site_name":"Estado de Minas - Em foco","article_published_time":"2026-03-09T20:35:00+00:00","article_modified_time":"2026-03-05T16:50:34+00:00","og_image":[{"width":1280,"height":720,"url":"https:\/\/www.em.com.br\/emfoco\/wp-content\/uploads\/2026\/03\/5-18.jpg","type":"image\/jpeg"}],"author":"Gabriel Martins","twitter_card":"summary_large_image","twitter_misc":{"Escrito por":"Gabriel Martins","Est. tempo de leitura":"5 minutos"},"schema":{"@context":"https:\/\/schema.org","@graph":[{"@type":"WebPage","@id":"https:\/\/www.em.com.br\/emfoco\/2026\/03\/09\/saiba-como-comecar-um-cantinho-de-chas-em-casa-com-5-plantas-medicinais-faceis-de-cultivar\/","url":"https:\/\/www.em.com.br\/emfoco\/2026\/03\/09\/saiba-como-comecar-um-cantinho-de-chas-em-casa-com-5-plantas-medicinais-faceis-de-cultivar\/","name":"Saiba como come\u00e7ar um cantinho de ch\u00e1s em casa com 5 plantas medicinais f\u00e1ceis de cultivar - Estado de Minas - Em foco","isPartOf":{"@id":"https:\/\/www.em.com.br\/emfoco\/#website"},"primaryImageOfPage":{"@id":"https:\/\/www.em.com.br\/emfoco\/2026\/03\/09\/saiba-como-comecar-um-cantinho-de-chas-em-casa-com-5-plantas-medicinais-faceis-de-cultivar\/#primaryimage"},"image":{"@id":"https:\/\/www.em.com.br\/emfoco\/2026\/03\/09\/saiba-como-comecar-um-cantinho-de-chas-em-casa-com-5-plantas-medicinais-faceis-de-cultivar\/#primaryimage"},"thumbnailUrl":"https:\/\/www.em.com.br\/emfoco\/wp-content\/uploads\/2026\/03\/5-18.jpg","datePublished":"2026-03-09T20:35:00+00:00","dateModified":"2026-03-05T16:50:34+00:00","author":{"@id":"https:\/\/www.em.com.br\/emfoco\/#\/schema\/person\/1c9ddeab18b98abeffef834667bcf08a"},"description":"Veja 5 plantas medicinais f\u00e1ceis de cultivar em vasos e tenha folhas frescas para ch\u00e1s naturais em casa com cuidados simples no dia a dia.","breadcrumb":{"@id":"https:\/\/www.em.com.br\/emfoco\/2026\/03\/09\/saiba-como-comecar-um-cantinho-de-chas-em-casa-com-5-plantas-medicinais-faceis-de-cultivar\/#breadcrumb"},"inLanguage":"pt-BR","potentialAction":[{"@type":"ReadAction","target":["https:\/\/www.em.com.br\/emfoco\/2026\/03\/09\/saiba-como-comecar-um-cantinho-de-chas-em-casa-com-5-plantas-medicinais-faceis-de-cultivar\/"]}]},{"@type":"ImageObject","inLanguage":"pt-BR","@id":"https:\/\/www.em.com.br\/emfoco\/2026\/03\/09\/saiba-como-comecar-um-cantinho-de-chas-em-casa-com-5-plantas-medicinais-faceis-de-cultivar\/#primaryimage","url":"https:\/\/www.em.com.br\/emfoco\/wp-content\/uploads\/2026\/03\/5-18.jpg","contentUrl":"https:\/\/www.em.com.br\/emfoco\/wp-content\/uploads\/2026\/03\/5-18.jpg","width":1280,"height":720,"caption":"Ter ervas medicinais em casa facilita o preparo de ch\u00e1s frescos"},{"@type":"BreadcrumbList","@id":"https:\/\/www.em.com.br\/emfoco\/2026\/03\/09\/saiba-como-comecar-um-cantinho-de-chas-em-casa-com-5-plantas-medicinais-faceis-de-cultivar\/#breadcrumb","itemListElement":[{"@type":"ListItem","position":1,"name":"In\u00edcio","item":"https:\/\/www.em.com.br\/emfoco\/"},{"@type":"ListItem","position":2,"name":"Saiba como come\u00e7ar um cantinho de ch\u00e1s em casa com 5 plantas medicinais f\u00e1ceis de cultivar"}]},{"@type":"WebSite","@id":"https:\/\/www.em.com.br\/emfoco\/#website","url":"https:\/\/www.em.com.br\/emfoco\/","name":"Estado de Minas - Em foco","description":"Acompanhe as \u00faltimas not\u00edcias e fique bem informado sobre tudo o que acontece em Minas Gerais, Brasil e no mundo.","potentialAction":[{"@type":"SearchAction","target":{"@type":"EntryPoint","urlTemplate":"https:\/\/www.em.com.br\/emfoco\/?s={search_term_string}"},"query-input":{"@type":"PropertyValueSpecification","valueRequired":true,"valueName":"search_term_string"}}],"inLanguage":"pt-BR"},{"@type":"Person","@id":"https:\/\/www.em.com.br\/emfoco\/#\/schema\/person\/1c9ddeab18b98abeffef834667bcf08a","name":"Gabriel Martins","image":{"@type":"ImageObject","inLanguage":"pt-BR","@id":"https:\/\/www.em.com.br\/emfoco\/#\/schema\/person\/image\/","url":"https:\/\/secure.gravatar.com\/avatar\/f0f1e2efdfd88f1ad2cb08c5c2731e50?s=96&d=mm&r=g","contentUrl":"https:\/\/secure.gravatar.com\/avatar\/f0f1e2efdfd88f1ad2cb08c5c2731e50?s=96&d=mm&r=g","caption":"Gabriel Martins"},"sameAs":["https:\/\/www.em.com.br\/emfoco\/"],"url":"https:\/\/www.em.com.br\/emfoco\/author\/gabrielmartinsmyth\/"}]}},"_links":{"self":[{"href":"https:\/\/www.em.com.br\/emfoco\/wp-json\/wp\/v2\/posts\/177719","targetHints":{"allow":["GET"]}}],"collection":[{"href":"https:\/\/www.em.com.br\/emfoco\/wp-json\/wp\/v2\/posts"}],"about":[{"href":"https:\/\/www.em.com.br\/emfoco\/wp-json\/wp\/v2\/types\/post"}],"author":[{"embeddable":true,"href":"https:\/\/www.em.com.br\/emfoco\/wp-json\/wp\/v2\/users\/13"}],"replies":[{"embeddable":true,"href":"https:\/\/www.em.com.br\/emfoco\/wp-json\/wp\/v2\/comments?post=177719"}],"version-history":[{"count":1,"href":"https:\/\/www.em.com.br\/emfoco\/wp-json\/wp\/v2\/posts\/177719\/revisions"}],"predecessor-version":[{"id":177750,"href":"https:\/\/www.em.com.br\/emfoco\/wp-json\/wp\/v2\/posts\/177719\/revisions\/177750"}],"wp:featuredmedia":[{"embeddable":true,"href":"https:\/\/www.em.com.br\/emfoco\/wp-json\/wp\/v2\/media\/177739"}],"wp:attachment":[{"href":"https:\/\/www.em.com.br\/emfoco\/wp-json\/wp\/v2\/media?parent=177719"}],"wp:term":[{"taxonomy":"category","embeddable":true,"href":"https:\/\/www.em.com.br\/emfoco\/wp-json\/wp\/v2\/categories?post=177719"},{"taxonomy":"post_tag","embeddable":true,"href":"https:\/\/www.em.com.br\/emfoco\/wp-json\/wp\/v2\/tags?post=177719"}],"curies":[{"name":"wp","href":"https:\/\/api.w.org\/{rel}","templated":true}]}}