{"id":177702,"date":"2026-03-05T12:25:00","date_gmt":"2026-03-05T15:25:00","guid":{"rendered":"https:\/\/www.em.com.br\/emfoco\/?p=177702"},"modified":"2026-03-05T12:02:08","modified_gmt":"2026-03-05T15:02:08","slug":"cinco-formas-de-pintar-o-cabelo-branco-sem-danificar-os-fios-opcoes-que-cuidam-da-fibra-capilar","status":"publish","type":"post","link":"https:\/\/www.em.com.br\/emfoco\/2026\/03\/05\/cinco-formas-de-pintar-o-cabelo-branco-sem-danificar-os-fios-opcoes-que-cuidam-da-fibra-capilar\/","title":{"rendered":"Cinco formas de pintar o cabelo branco sem danificar os fios: op\u00e7\u00f5es que cuidam da fibra capilar"},"content":{"rendered":"\n<p>Quando os fios brancos come\u00e7am a aparecer, a vontade de cobrir tudo de uma vez \u00e9 grande, mas ningu\u00e9m quer pagar o pre\u00e7o com ressecamento, quebra e aspereza no toque. A boa not\u00edcia \u00e9 que d\u00e1, sim, para apostar em uma <strong>pigmenta\u00e7\u00e3o capilar<\/strong> mais gentil, desde que voc\u00ea escolha a f\u00f3rmula certa e trate o cabelo como ele merece. Com alguns ajustes na rotina e nos <strong>cosm\u00e9ticos capilares<\/strong>, a cor fica bonita, os brancos somem e a <strong>fibra capilar<\/strong> permanece com movimento e brilho.<\/p>\n\n\n\n<h2 class=\"wp-block-heading\">Por que algumas tinturas ressecam tanto os fios?<\/h2>\n\n\n\n<p>O que costuma pesar n\u00e3o \u00e9 \u201ctingir\u201d em si, e sim como a colora\u00e7\u00e3o \u00e9 feita para depositar ou clarear pigmentos. F\u00f3rmulas mais agressivas usam agentes alcalinizantes e oxidantes em n\u00edveis mais altos, o que pode deixar a cut\u00edcula mais aberta e aumentar a perda de \u00e1gua, afetando a <strong><a href=\"https:\/\/www.em.com.br\/saude\/2024\/11\/6993875-saude-capilar-os-tres-principais-problemas-que-atingem-as-mulheres.html\" target=\"_blank\" rel=\"noreferrer noopener\">sa\u00fade capilar<\/a><\/strong>. Em cabelos j\u00e1 sensibilizados por qu\u00edmicas, calor e sol, isso aparece como pontas espigadas, frizz e toque \u00e1spero.<\/p>\n\n\n\n<p>Quando o objetivo \u00e9 <strong>cobertura de<\/strong><a href=\"https:\/\/cejam.org.br\/noticias\/qual-a-idade-certa-para-o-aparecimento-dos-cabelos-brancos\" target=\"_blank\" rel=\"noreferrer noopener\"><strong> fios brancos<\/strong> <\/a>com menos impacto, vale priorizar tecnologias de dep\u00f3sito de cor, ativos condicionantes e um bom equil\u00edbrio entre cor e <strong>tratamento capilar<\/strong>. A <strong>colora\u00e7\u00e3o sem am\u00f4nia<\/strong>, por exemplo, pode ser uma aliada para quem busca menor odor e um resultado mais confort\u00e1vel no couro cabeludo, embora ainda exija rotina de <strong>hidrata\u00e7\u00e3o dos fios<\/strong> para manter maciez e elasticidade.<\/p>\n\n\n\n<h2 class=\"wp-block-heading\">Quais s\u00e3o cinco op\u00e7\u00f5es de colora\u00e7\u00e3o mais gentis para cobrir os brancos?<\/h2>\n\n\n\n<p>Para cobrir brancos sem comprometer a estrutura, a estrat\u00e9gia \u00e9 escolher op\u00e7\u00f5es que minimizem o estresse na cut\u00edcula e reforcem o condicionamento durante o processo. Isso n\u00e3o significa abrir m\u00e3o do resultado, e sim alinhar expectativa, porcentagem de brancos e efeito desejado, como cobertura total, disfarce natural ou brilho tonalizante.<\/p>\n\n\n\n<p>As alternativas abaixo costumam ser mais amig\u00e1veis para a <strong>fibra capilar<\/strong> e, quando bem aplicadas, entregam cobertura e acabamento bonito. A escolha ideal depende do seu hist\u00f3rico qu\u00edmico e do quanto voc\u00ea precisa de cobertura em \u00e1reas espec\u00edficas, como topo e laterais.<\/p>\n\n\n\n<ul class=\"wp-block-list\">\n<li><strong>Tonalizante demi-permanente<\/strong>: deposita cor e uniformiza o tom, costuma ser \u00f3timo para disfar\u00e7ar brancos e dar brilho, com menor agress\u00e3o.<\/li>\n\n\n\n<li><strong>Colora\u00e7\u00e3o sem am\u00f4nia<\/strong>: indicada para quem quer reduzir desconforto e ressecamento, pode oferecer cobertura consistente, especialmente em tons m\u00e9dios e escuros.<\/li>\n\n\n\n<li><strong>M\u00e1scara pigmentante<\/strong>: refor\u00e7a cor entre aplica\u00e7\u00f5es, ajuda a camuflar brancos mais finos e mant\u00e9m o aspecto tratado, ideal para manuten\u00e7\u00e3o.<\/li>\n\n\n\n<li><strong>Colora\u00e7\u00e3o com base oleosa<\/strong>: f\u00f3rmulas com \u00f3leos e agentes emolientes tendem a melhorar o toque e a reduzir a sensa\u00e7\u00e3o de fio \u00e1spero ap\u00f3s a aplica\u00e7\u00e3o.<\/li>\n\n\n\n<li><strong>Op\u00e7\u00f5es com extratos bot\u00e2nicos e ativos condicionantes<\/strong>: n\u00e3o s\u00e3o \u201cmilagrosas\u201d, mas podem apoiar o cuidado da cut\u00edcula e favorecer um resultado mais sedoso.<\/li>\n<\/ul>\n\n\n\n<figure class=\"wp-block-image size-large\"><img loading=\"lazy\" decoding=\"async\" width=\"1024\" height=\"576\" src=\"https:\/\/www.em.com.br\/emfoco\/wp-content\/uploads\/2026\/03\/X-44-1024x576.jpg\" alt=\"Cinco formas de pintar o cabelo branco sem danificar os fios: op\u00e7\u00f5es que cuidam da fibra capilar\" class=\"wp-image-177705\" srcset=\"https:\/\/www.em.com.br\/emfoco\/wp-content\/uploads\/2026\/03\/X-44-1024x576.jpg 1024w, https:\/\/www.em.com.br\/emfoco\/wp-content\/uploads\/2026\/03\/X-44-300x169.jpg 300w, https:\/\/www.em.com.br\/emfoco\/wp-content\/uploads\/2026\/03\/X-44-768x432.jpg 768w, https:\/\/www.em.com.br\/emfoco\/wp-content\/uploads\/2026\/03\/X-44-1536x864.jpg 1536w, https:\/\/www.em.com.br\/emfoco\/wp-content\/uploads\/2026\/03\/X-44-2048x1152.jpg 2048w, https:\/\/www.em.com.br\/emfoco\/wp-content\/uploads\/2026\/03\/X-44-750x422.jpg 750w, https:\/\/www.em.com.br\/emfoco\/wp-content\/uploads\/2026\/03\/X-44-1140x641.jpg 1140w\" sizes=\"auto, (max-width: 1024px) 100vw, 1024px\" \/><figcaption class=\"wp-element-caption\">Colora\u00e7\u00e3o sem am\u00f4nia reduz odor e agress\u00e3o aos fios<\/figcaption><\/figure>\n\n\n\n<h2 class=\"wp-block-heading\">Como escolher a melhor f\u00f3rmula para o seu tipo de cabelo?<\/h2>\n\n\n\n<p>A escolha come\u00e7a pela leitura do seu cabelo hoje, e n\u00e3o do que ele j\u00e1 foi. Se h\u00e1 alisamento, descolora\u00e7\u00e3o, progressiva ou muito uso de chapinha, a prioridade \u00e9 preservar a <strong>fibra capilar<\/strong> e ir com calma, mesmo que isso pe\u00e7a mais sess\u00f5es de manuten\u00e7\u00e3o. J\u00e1 em cabelos virgens e resistentes, voc\u00ea consegue chegar a uma <strong>cobertura de fios brancos<\/strong> mais intensa com menos risco, desde que siga tempos e volumes corretamente.<\/p>\n\n\n\n<p>Para acertar na decis\u00e3o sem sofrimento, pense em cobertura, sensibilidade e manuten\u00e7\u00e3o, tudo junto. Quando esses tr\u00eas pontos caminham alinhados, a <strong>pigmenta\u00e7\u00e3o capilar<\/strong> dura mais, a cor desbota de forma bonita e o toque permanece macio.<\/p>\n\n\n\n<ul class=\"wp-block-list\">\n<li><strong>Se voc\u00ea tem muitos brancos<\/strong>: prefira f\u00f3rmulas de maior cobertura e mantenha um cronograma de <strong>hidrata\u00e7\u00e3o dos fios<\/strong> para evitar aspereza.<\/li>\n\n\n\n<li><strong>Se o cabelo \u00e9 fino e fr\u00e1gil<\/strong>: tonalizantes e bases mais condicionantes costumam ser mais seguros para reduzir quebra.<\/li>\n\n\n\n<li><strong>Se h\u00e1 ressecamento nas pontas<\/strong>: escolha colora\u00e7\u00e3o com foco em <strong>tratamento capilar<\/strong> e finalize com produtos selantes e protetores t\u00e9rmicos.<\/li>\n\n\n\n<li><strong>Se o couro cabeludo \u00e9 sens\u00edvel<\/strong>: vers\u00f5es de <strong>colora\u00e7\u00e3o sem am\u00f4nia<\/strong> podem trazer mais conforto, e testes de sensibilidade s\u00e3o indispens\u00e1veis.<\/li>\n<\/ul>\n\n\n\n<h2 class=\"wp-block-heading\">Quais cuidados p\u00f3s-colora\u00e7\u00e3o mant\u00eam a cor e a maciez?<\/h2>\n\n\n\n<p>O resultado mais bonito aparece quando os <strong>cuidados p\u00f3s-colora\u00e7\u00e3o<\/strong> viram h\u00e1bito, n\u00e3o exce\u00e7\u00e3o. Shampoo suave, \u00e1gua morna e menos atrito no banho ajudam a segurar a cor e evitam que a cut\u00edcula fique \u00e1spera. Tamb\u00e9m vale intercalar m\u00e1scaras hidratantes e nutritivas, porque a <strong>hidrata\u00e7\u00e3o dos fios<\/strong> devolve flexibilidade e deixa o brilho mais uniforme.<\/p>\n\n\n\n<p>No dia a dia, pequenos ajustes fazem diferen\u00e7a, como reduzir fontes de calor sem prote\u00e7\u00e3o e finalizar com leave-in que ajude a selar e alinhar. Se voc\u00ea usa ferramentas t\u00e9rmicas, o protetor \u00e9 obrigat\u00f3rio para n\u00e3o acelerar o desbotamento e a perda de maciez. Com bons <strong>cosm\u00e9ticos capilares<\/strong> e uma rotina consistente, d\u00e1 para manter cobertura, luminosidade e um toque sedoso por muito mais tempo.<\/p>\n\n\n\n<p><\/p>\n","protected":false},"excerpt":{"rendered":"<p>Quando os fios brancos come\u00e7am a aparecer, a vontade de cobrir tudo de uma vez \u00e9 grande, mas ningu\u00e9m quer pagar o pre\u00e7o com ressecamento, quebra e aspereza no toque. A boa not\u00edcia \u00e9 que d\u00e1, sim, para apostar em uma pigmenta\u00e7\u00e3o capilar mais gentil, desde que voc\u00ea escolha a f\u00f3rmula certa e trate o [&hellip;]<\/p>\n","protected":false},"author":28,"featured_media":177706,"comment_status":"open","ping_status":"open","sticky":false,"template":"","format":"standard","meta":{"jnews-multi-image_gallery":[],"jnews_single_post":{"format":"standard"},"jnews_primary_category":[],"jnews_social_meta":[],"jnews_override_counter":[],"footnotes":""},"categories":[8691],"tags":[25700,25701,25699,25702],"class_list":["post-177702","post","type-post","status-publish","format-standard","has-post-thumbnail","hentry","category-bem-estar","tag-cobrir-fios-brancos","tag-coloracao-sem-amonia","tag-tintura-de-cabelo","tag-tonalizante-capilar"],"yoast_head":"<!-- This site is optimized with the Yoast SEO plugin v23.8 - https:\/\/yoast.com\/wordpress\/plugins\/seo\/ -->\n<title>Cinco formas de pintar o cabelo branco sem danificar os fios: op\u00e7\u00f5es que cuidam da fibra capilar - Estado de Minas - Em foco<\/title>\n<meta name=\"description\" content=\"Tinturas de cabelo mais gentis cobrem fios brancos sem ressecar a fibra capilar, preservando brilho, maciez e sa\u00fade dos fios.\" \/>\n<meta name=\"robots\" content=\"index, follow, max-snippet:-1, max-image-preview:large, max-video-preview:-1\" \/>\n<link rel=\"canonical\" href=\"https:\/\/www.em.com.br\/emfoco\/2026\/03\/05\/cinco-formas-de-pintar-o-cabelo-branco-sem-danificar-os-fios-opcoes-que-cuidam-da-fibra-capilar\/\" \/>\n<meta property=\"og:locale\" content=\"pt_BR\" \/>\n<meta property=\"og:type\" content=\"article\" \/>\n<meta property=\"og:title\" content=\"Cinco formas de pintar o cabelo branco sem danificar os fios: op\u00e7\u00f5es que cuidam da fibra capilar - Estado de Minas - Em foco\" \/>\n<meta property=\"og:description\" content=\"Tinturas de cabelo mais gentis cobrem fios brancos sem ressecar a fibra capilar, preservando brilho, maciez e sa\u00fade dos fios.\" \/>\n<meta property=\"og:url\" content=\"https:\/\/www.em.com.br\/emfoco\/2026\/03\/05\/cinco-formas-de-pintar-o-cabelo-branco-sem-danificar-os-fios-opcoes-que-cuidam-da-fibra-capilar\/\" \/>\n<meta property=\"og:site_name\" content=\"Estado de Minas - Em foco\" \/>\n<meta property=\"article:published_time\" content=\"2026-03-05T15:25:00+00:00\" \/>\n<meta property=\"article:modified_time\" content=\"2026-03-05T15:02:08+00:00\" \/>\n<meta property=\"og:image\" content=\"https:\/\/www.em.com.br\/emfoco\/wp-content\/uploads\/2026\/03\/X-43.jpg\" \/>\n\t<meta property=\"og:image:width\" content=\"2560\" \/>\n\t<meta property=\"og:image:height\" content=\"1440\" \/>\n\t<meta property=\"og:image:type\" content=\"image\/jpeg\" \/>\n<meta name=\"author\" content=\"Elis Gabrielle Santos Souza\" \/>\n<meta name=\"twitter:card\" content=\"summary_large_image\" \/>\n<meta name=\"twitter:label1\" content=\"Escrito por\" \/>\n\t<meta name=\"twitter:data1\" content=\"Elis Gabrielle Santos Souza\" \/>\n\t<meta name=\"twitter:label2\" content=\"Est. tempo de leitura\" \/>\n\t<meta name=\"twitter:data2\" content=\"5 minutos\" \/>\n<!-- \/ Yoast SEO plugin. -->","yoast_head_json":{"title":"Cinco formas de pintar o cabelo branco sem danificar os fios: op\u00e7\u00f5es que cuidam da fibra capilar - Estado de Minas - Em foco","description":"Tinturas de cabelo mais gentis cobrem fios brancos sem ressecar a fibra capilar, preservando brilho, maciez e sa\u00fade dos fios.","robots":{"index":"index","follow":"follow","max-snippet":"max-snippet:-1","max-image-preview":"max-image-preview:large","max-video-preview":"max-video-preview:-1"},"canonical":"https:\/\/www.em.com.br\/emfoco\/2026\/03\/05\/cinco-formas-de-pintar-o-cabelo-branco-sem-danificar-os-fios-opcoes-que-cuidam-da-fibra-capilar\/","og_locale":"pt_BR","og_type":"article","og_title":"Cinco formas de pintar o cabelo branco sem danificar os fios: op\u00e7\u00f5es que cuidam da fibra capilar - Estado de Minas - Em foco","og_description":"Tinturas de cabelo mais gentis cobrem fios brancos sem ressecar a fibra capilar, preservando brilho, maciez e sa\u00fade dos fios.","og_url":"https:\/\/www.em.com.br\/emfoco\/2026\/03\/05\/cinco-formas-de-pintar-o-cabelo-branco-sem-danificar-os-fios-opcoes-que-cuidam-da-fibra-capilar\/","og_site_name":"Estado de Minas - Em foco","article_published_time":"2026-03-05T15:25:00+00:00","article_modified_time":"2026-03-05T15:02:08+00:00","og_image":[{"width":2560,"height":1440,"url":"https:\/\/www.em.com.br\/emfoco\/wp-content\/uploads\/2026\/03\/X-43.jpg","type":"image\/jpeg"}],"author":"Elis Gabrielle Santos Souza","twitter_card":"summary_large_image","twitter_misc":{"Escrito por":"Elis Gabrielle Santos Souza","Est. tempo de leitura":"5 minutos"},"schema":{"@context":"https:\/\/schema.org","@graph":[{"@type":"WebPage","@id":"https:\/\/www.em.com.br\/emfoco\/2026\/03\/05\/cinco-formas-de-pintar-o-cabelo-branco-sem-danificar-os-fios-opcoes-que-cuidam-da-fibra-capilar\/","url":"https:\/\/www.em.com.br\/emfoco\/2026\/03\/05\/cinco-formas-de-pintar-o-cabelo-branco-sem-danificar-os-fios-opcoes-que-cuidam-da-fibra-capilar\/","name":"Cinco formas de pintar o cabelo branco sem danificar os fios: op\u00e7\u00f5es que cuidam da fibra capilar - Estado de Minas - Em foco","isPartOf":{"@id":"https:\/\/www.em.com.br\/emfoco\/#website"},"primaryImageOfPage":{"@id":"https:\/\/www.em.com.br\/emfoco\/2026\/03\/05\/cinco-formas-de-pintar-o-cabelo-branco-sem-danificar-os-fios-opcoes-que-cuidam-da-fibra-capilar\/#primaryimage"},"image":{"@id":"https:\/\/www.em.com.br\/emfoco\/2026\/03\/05\/cinco-formas-de-pintar-o-cabelo-branco-sem-danificar-os-fios-opcoes-que-cuidam-da-fibra-capilar\/#primaryimage"},"thumbnailUrl":"https:\/\/www.em.com.br\/emfoco\/wp-content\/uploads\/2026\/03\/X-43.jpg","datePublished":"2026-03-05T15:25:00+00:00","dateModified":"2026-03-05T15:02:08+00:00","author":{"@id":"https:\/\/www.em.com.br\/emfoco\/#\/schema\/person\/0c545bffa944f9caa147d776b5f6f1f5"},"description":"Tinturas de cabelo mais gentis cobrem fios brancos sem ressecar a fibra capilar, preservando brilho, maciez e sa\u00fade dos fios.","breadcrumb":{"@id":"https:\/\/www.em.com.br\/emfoco\/2026\/03\/05\/cinco-formas-de-pintar-o-cabelo-branco-sem-danificar-os-fios-opcoes-que-cuidam-da-fibra-capilar\/#breadcrumb"},"inLanguage":"pt-BR","potentialAction":[{"@type":"ReadAction","target":["https:\/\/www.em.com.br\/emfoco\/2026\/03\/05\/cinco-formas-de-pintar-o-cabelo-branco-sem-danificar-os-fios-opcoes-que-cuidam-da-fibra-capilar\/"]}]},{"@type":"ImageObject","inLanguage":"pt-BR","@id":"https:\/\/www.em.com.br\/emfoco\/2026\/03\/05\/cinco-formas-de-pintar-o-cabelo-branco-sem-danificar-os-fios-opcoes-que-cuidam-da-fibra-capilar\/#primaryimage","url":"https:\/\/www.em.com.br\/emfoco\/wp-content\/uploads\/2026\/03\/X-43.jpg","contentUrl":"https:\/\/www.em.com.br\/emfoco\/wp-content\/uploads\/2026\/03\/X-43.jpg","width":2560,"height":1440,"caption":"Tonalizante demi-permanente pode disfar\u00e7ar fios brancos"},{"@type":"BreadcrumbList","@id":"https:\/\/www.em.com.br\/emfoco\/2026\/03\/05\/cinco-formas-de-pintar-o-cabelo-branco-sem-danificar-os-fios-opcoes-que-cuidam-da-fibra-capilar\/#breadcrumb","itemListElement":[{"@type":"ListItem","position":1,"name":"In\u00edcio","item":"https:\/\/www.em.com.br\/emfoco\/"},{"@type":"ListItem","position":2,"name":"Cinco formas de pintar o cabelo branco sem danificar os fios: op\u00e7\u00f5es que cuidam da fibra capilar"}]},{"@type":"WebSite","@id":"https:\/\/www.em.com.br\/emfoco\/#website","url":"https:\/\/www.em.com.br\/emfoco\/","name":"Estado de Minas - Em foco","description":"Acompanhe as \u00faltimas not\u00edcias e fique bem informado sobre tudo o que acontece em Minas Gerais, Brasil e no mundo.","potentialAction":[{"@type":"SearchAction","target":{"@type":"EntryPoint","urlTemplate":"https:\/\/www.em.com.br\/emfoco\/?s={search_term_string}"},"query-input":{"@type":"PropertyValueSpecification","valueRequired":true,"valueName":"search_term_string"}}],"inLanguage":"pt-BR"},{"@type":"Person","@id":"https:\/\/www.em.com.br\/emfoco\/#\/schema\/person\/0c545bffa944f9caa147d776b5f6f1f5","name":"Elis Gabrielle Santos Souza","image":{"@type":"ImageObject","inLanguage":"pt-BR","@id":"https:\/\/www.em.com.br\/emfoco\/#\/schema\/person\/image\/","url":"https:\/\/secure.gravatar.com\/avatar\/1dc86c254cebb74d9c8a14da612c52db?s=96&d=mm&r=g","contentUrl":"https:\/\/secure.gravatar.com\/avatar\/1dc86c254cebb74d9c8a14da612c52db?s=96&d=mm&r=g","caption":"Elis Gabrielle Santos Souza"},"sameAs":["https:\/\/www.em.com.br\/emfoco"],"url":"https:\/\/www.em.com.br\/emfoco\/author\/elis-myth\/"}]}},"_links":{"self":[{"href":"https:\/\/www.em.com.br\/emfoco\/wp-json\/wp\/v2\/posts\/177702","targetHints":{"allow":["GET"]}}],"collection":[{"href":"https:\/\/www.em.com.br\/emfoco\/wp-json\/wp\/v2\/posts"}],"about":[{"href":"https:\/\/www.em.com.br\/emfoco\/wp-json\/wp\/v2\/types\/post"}],"author":[{"embeddable":true,"href":"https:\/\/www.em.com.br\/emfoco\/wp-json\/wp\/v2\/users\/28"}],"replies":[{"embeddable":true,"href":"https:\/\/www.em.com.br\/emfoco\/wp-json\/wp\/v2\/comments?post=177702"}],"version-history":[{"count":2,"href":"https:\/\/www.em.com.br\/emfoco\/wp-json\/wp\/v2\/posts\/177702\/revisions"}],"predecessor-version":[{"id":177708,"href":"https:\/\/www.em.com.br\/emfoco\/wp-json\/wp\/v2\/posts\/177702\/revisions\/177708"}],"wp:featuredmedia":[{"embeddable":true,"href":"https:\/\/www.em.com.br\/emfoco\/wp-json\/wp\/v2\/media\/177706"}],"wp:attachment":[{"href":"https:\/\/www.em.com.br\/emfoco\/wp-json\/wp\/v2\/media?parent=177702"}],"wp:term":[{"taxonomy":"category","embeddable":true,"href":"https:\/\/www.em.com.br\/emfoco\/wp-json\/wp\/v2\/categories?post=177702"},{"taxonomy":"post_tag","embeddable":true,"href":"https:\/\/www.em.com.br\/emfoco\/wp-json\/wp\/v2\/tags?post=177702"}],"curies":[{"name":"wp","href":"https:\/\/api.w.org\/{rel}","templated":true}]}}